{"id":26287,"date":"2022-08-14T10:13:41","date_gmt":"2022-08-14T08:13:41","guid":{"rendered":"https:\/\/www.altercampagne.net\/?p=26287"},"modified":"2022-08-14T10:13:42","modified_gmt":"2022-08-14T08:13:42","slug":"chateau-darvieu-un-tiers-lieu-villageois","status":"publish","type":"post","link":"https:\/\/www.altercampagne.net\/?p=26287","title":{"rendered":"Ch\u00e2teau d&rsquo;Arvieu, un tiers lieu villageois"},"content":{"rendered":"\n<p>Vladimir, Vincent et Thomas ont choisi de vivre dans une coloc ind\u00e9pendante, sur le <a href=\"https:\/\/www.chateau-arvieu.fr\/\">tiers lieu<\/a> qu&rsquo;ils ont cr\u00e9\u00e9, il y a environ deux ans. <br>Une structure est propri\u00e9taire du lieu et une association le g\u00e8re. Sur les trois magnifiques b\u00e2timents, construits fin XVIIIe, un est <strong>un gite, un autre un atelier et le dernier un lieu de stockage<\/strong> dont la destination pourra \u00e9voluer au fil du temps. <\/p>\n\n\n\n<p>Ici \u201c<strong>on peut tester en local des modes de vie durable<\/strong>s\u201d et participer \u00e0 la \u201cpromotion de ces modes de vie \u00e0 la campagne\u201dselon Thomas , notre guide, qui poursuit la pr\u00e9sentation par la visite du jardin partag\u00e9: les tournesols se sont sem\u00e9s tous seuls depuis l&rsquo;an dernier, belle image de la relation dynamique et vivante de la prise en compte de la biodiversit\u00e9 et \u201cdes tas d&rsquo;autres \u00eatres vivants qui sont sur ce lieu\u201d.<\/p>\n\n\n\n<p>Dans le village, des \u00e9quipements qui laissent les altercyclistes pantois : <strong>une station service municipale, des espaces de co working, de cr\u00e9ativit\u00e9, du mat\u00e9riel mutualis\u00e9, une m\u00e9diath\u00e8que<\/strong> o\u00f9 sera projet\u00e9 le film<em> Secrets toxiques<\/em> en pr\u00e9sence du r\u00e9alisateur. <\/p>\n\n\n\n<p>Ce n&rsquo;est pas la ville \u00e0 la campagne, ni la pays de cocagne, mais une super exp\u00e9rience qui donne envie de rester plus longtemps.<\/p>\n\n\n\n<p class=\"has-text-align-right\"><em>Danielle \u00e0 la r\u00e9daction et Thibault \u00e0 la photo<\/em><\/p>\n\n\n\n<figure class=\"wp-block-image size-large\"><a href=\"https:\/\/www.altercampagne.net\/wp-content\/uploads\/2022\/08\/thomas-au-moment-du-depart-darvieu-scaled.jpeg\"><img loading=\"lazy\" decoding=\"async\" width=\"1024\" height=\"683\" src=\"https:\/\/www.altercampagne.net\/wp-content\/uploads\/2022\/08\/thomas-au-moment-du-depart-darvieu-1024x683.jpeg\" alt=\"\" class=\"wp-image-26288\" srcset=\"https:\/\/www.altercampagne.net\/wp-content\/uploads\/2022\/08\/thomas-au-moment-du-depart-darvieu-1024x683.jpeg 1024w, https:\/\/www.altercampagne.net\/wp-content\/uploads\/2022\/08\/thomas-au-moment-du-depart-darvieu-300x200.jpeg 300w, https:\/\/www.altercampagne.net\/wp-content\/uploads\/2022\/08\/thomas-au-moment-du-depart-darvieu-768x512.jpeg 768w, https:\/\/www.altercampagne.net\/wp-content\/uploads\/2022\/08\/thomas-au-moment-du-depart-darvieu-1536x1024.jpeg 1536w, https:\/\/www.altercampagne.net\/wp-content\/uploads\/2022\/08\/thomas-au-moment-du-depart-darvieu-2048x1365.jpeg 2048w, https:\/\/www.altercampagne.net\/wp-content\/uploads\/2022\/08\/thomas-au-moment-du-depart-darvieu-610x407.jpeg 610w, https:\/\/www.altercampagne.net\/wp-content\/uploads\/2022\/08\/thomas-au-moment-du-depart-darvieu-100x67.jpeg 100w, https:\/\/www.altercampagne.net\/wp-content\/uploads\/2022\/08\/thomas-au-moment-du-depart-darvieu-862x575.jpeg 862w, https:\/\/www.altercampagne.net\/wp-content\/uploads\/2022\/08\/thomas-au-moment-du-depart-darvieu-1140x760.jpeg 1140w\" sizes=\"auto, (max-width: 1024px) 100vw, 1024px\" \/><\/a><figcaption>Thomas, notre guide, au moment du d\u00e9part.<\/figcaption><\/figure>\n","protected":false},"excerpt":{"rendered":"<p>Vladimir, Vincent et Thomas ont choisi de vivre dans une coloc ind\u00e9pendante, sur le tiers lieu qu&rsquo;ils ont cr\u00e9\u00e9, il y a environ deux ans. Une structure est propri\u00e9taire du lieu et une association le g\u00e8re. Sur les trois magnifiques b\u00e2timents, construits fin XVIIIe, un est un gite, un autre &#8230; <\/p>\n<div><a href=\"https:\/\/www.altercampagne.net\/?p=26287\" class=\"more-link\">Read More<\/a><\/div>\n","protected":false},"author":316,"featured_media":26289,"comment_status":"closed","ping_status":"closed","sticky":false,"template":"","format":"standard","meta":{"footnotes":""},"categories":[4357,3490,3480,3540],"tags":[],"class_list":["post-26287","post","type-post","status-publish","format-standard","has-post-thumbnail","hentry","category-edition-2022","category-culture","category-occitanie","category-transverse"],"yoast_head":"<!-- This site is optimized with the Yoast SEO plugin v27.3 - https:\/\/yoast.com\/product\/yoast-seo-wordpress\/ -->\n<title>Ch\u00e2teau d&#039;Arvieu, un tiers lieu villageois - AlterTour<\/title>\n<meta name=\"robots\" content=\"index, follow, max-snippet:-1, max-image-preview:large, max-video-preview:-1\" \/>\n<link rel=\"canonical\" href=\"https:\/\/www.altercampagne.net\/?p=26287\" \/>\n<meta property=\"og:locale\" content=\"fr_FR\" \/>\n<meta property=\"og:type\" content=\"article\" \/>\n<meta property=\"og:title\" content=\"Ch\u00e2teau d&#039;Arvieu, un tiers lieu villageois - AlterTour\" \/>\n<meta property=\"og:description\" content=\"Vladimir, Vincent et Thomas ont choisi de vivre dans une coloc ind\u00e9pendante, sur le tiers lieu qu&rsquo;ils ont cr\u00e9\u00e9, il y a environ deux ans. Une structure est propri\u00e9taire du lieu et une association le g\u00e8re. Sur les trois magnifiques b\u00e2timents, construits fin XVIIIe, un est un gite, un autre ... Read More\" \/>\n<meta property=\"og:url\" content=\"https:\/\/www.altercampagne.net\/?p=26287\" \/>\n<meta property=\"og:site_name\" content=\"AlterTour\" \/>\n<meta property=\"article:published_time\" content=\"2022-08-14T08:13:41+00:00\" \/>\n<meta property=\"article:modified_time\" content=\"2022-08-14T08:13:42+00:00\" \/>\n<meta property=\"og:image\" content=\"https:\/\/www.altercampagne.net\/wp-content\/uploads\/2022\/08\/arvieu-scaled.jpg\" \/>\n\t<meta property=\"og:image:width\" content=\"2560\" \/>\n\t<meta property=\"og:image:height\" content=\"1701\" \/>\n\t<meta property=\"og:image:type\" content=\"image\/jpeg\" \/>\n<meta name=\"author\" content=\"Jonas\" \/>\n<meta name=\"twitter:card\" content=\"summary_large_image\" \/>\n<meta name=\"twitter:label1\" content=\"\u00c9crit par\" \/>\n\t<meta name=\"twitter:data1\" content=\"Jonas\" \/>\n\t<meta name=\"twitter:label2\" content=\"Dur\u00e9e de lecture estim\u00e9e\" \/>\n\t<meta name=\"twitter:data2\" content=\"2 minutes\" \/>\n<script type=\"application\/ld+json\" class=\"yoast-schema-graph\">{\"@context\":\"https:\\\/\\\/schema.org\",\"@graph\":[{\"@type\":\"Article\",\"@id\":\"https:\\\/\\\/www.altercampagne.net\\\/?p=26287#article\",\"isPartOf\":{\"@id\":\"https:\\\/\\\/www.altercampagne.net\\\/?p=26287\"},\"author\":{\"name\":\"Jonas\",\"@id\":\"https:\\\/\\\/www.altercampagne.net\\\/#\\\/schema\\\/person\\\/308dc295a67929d58321ff6b59820daa\"},\"headline\":\"Ch\u00e2teau d&rsquo;Arvieu, un tiers lieu villageois\",\"datePublished\":\"2022-08-14T08:13:41+00:00\",\"dateModified\":\"2022-08-14T08:13:42+00:00\",\"mainEntityOfPage\":{\"@id\":\"https:\\\/\\\/www.altercampagne.net\\\/?p=26287\"},\"wordCount\":242,\"image\":{\"@id\":\"https:\\\/\\\/www.altercampagne.net\\\/?p=26287#primaryimage\"},\"thumbnailUrl\":\"https:\\\/\\\/www.altercampagne.net\\\/wp-content\\\/uploads\\\/2022\\\/08\\\/arvieu-scaled.jpg\",\"articleSection\":[\"Edition 2022\",\"Culture\",\"Occitanie\",\"Transverse\"],\"inLanguage\":\"fr-FR\"},{\"@type\":\"WebPage\",\"@id\":\"https:\\\/\\\/www.altercampagne.net\\\/?p=26287\",\"url\":\"https:\\\/\\\/www.altercampagne.net\\\/?p=26287\",\"name\":\"Ch\u00e2teau d'Arvieu, un tiers lieu villageois - AlterTour\",\"isPartOf\":{\"@id\":\"https:\\\/\\\/www.altercampagne.net\\\/#website\"},\"primaryImageOfPage\":{\"@id\":\"https:\\\/\\\/www.altercampagne.net\\\/?p=26287#primaryimage\"},\"image\":{\"@id\":\"https:\\\/\\\/www.altercampagne.net\\\/?p=26287#primaryimage\"},\"thumbnailUrl\":\"https:\\\/\\\/www.altercampagne.net\\\/wp-content\\\/uploads\\\/2022\\\/08\\\/arvieu-scaled.jpg\",\"datePublished\":\"2022-08-14T08:13:41+00:00\",\"dateModified\":\"2022-08-14T08:13:42+00:00\",\"author\":{\"@id\":\"https:\\\/\\\/www.altercampagne.net\\\/#\\\/schema\\\/person\\\/308dc295a67929d58321ff6b59820daa\"},\"breadcrumb\":{\"@id\":\"https:\\\/\\\/www.altercampagne.net\\\/?p=26287#breadcrumb\"},\"inLanguage\":\"fr-FR\",\"potentialAction\":[{\"@type\":\"ReadAction\",\"target\":[\"https:\\\/\\\/www.altercampagne.net\\\/?p=26287\"]}]},{\"@type\":\"ImageObject\",\"inLanguage\":\"fr-FR\",\"@id\":\"https:\\\/\\\/www.altercampagne.net\\\/?p=26287#primaryimage\",\"url\":\"https:\\\/\\\/www.altercampagne.net\\\/wp-content\\\/uploads\\\/2022\\\/08\\\/arvieu-scaled.jpg\",\"contentUrl\":\"https:\\\/\\\/www.altercampagne.net\\\/wp-content\\\/uploads\\\/2022\\\/08\\\/arvieu-scaled.jpg\",\"width\":2560,\"height\":1701},{\"@type\":\"BreadcrumbList\",\"@id\":\"https:\\\/\\\/www.altercampagne.net\\\/?p=26287#breadcrumb\",\"itemListElement\":[{\"@type\":\"ListItem\",\"position\":1,\"name\":\"Accueil\",\"item\":\"https:\\\/\\\/www.altercampagne.net\\\/\"},{\"@type\":\"ListItem\",\"position\":2,\"name\":\"Ch\u00e2teau d&rsquo;Arvieu, un tiers lieu villageois\"}]},{\"@type\":\"WebSite\",\"@id\":\"https:\\\/\\\/www.altercampagne.net\\\/#website\",\"url\":\"https:\\\/\\\/www.altercampagne.net\\\/\",\"name\":\"AlterTour\",\"description\":\"Reliez les Alternatives \u00e0 v\u00e9lo\",\"potentialAction\":[{\"@type\":\"SearchAction\",\"target\":{\"@type\":\"EntryPoint\",\"urlTemplate\":\"https:\\\/\\\/www.altercampagne.net\\\/?s={search_term_string}\"},\"query-input\":{\"@type\":\"PropertyValueSpecification\",\"valueRequired\":true,\"valueName\":\"search_term_string\"}}],\"inLanguage\":\"fr-FR\"},{\"@type\":\"Person\",\"@id\":\"https:\\\/\\\/www.altercampagne.net\\\/#\\\/schema\\\/person\\\/308dc295a67929d58321ff6b59820daa\",\"name\":\"Jonas\",\"image\":{\"@type\":\"ImageObject\",\"inLanguage\":\"fr-FR\",\"@id\":\"https:\\\/\\\/secure.gravatar.com\\\/avatar\\\/ade7b451791545d463915f445a8aee91b58c48cdcbc1ab2b8583fa2f30e159e4?s=96&d=mm&r=g\",\"url\":\"https:\\\/\\\/secure.gravatar.com\\\/avatar\\\/ade7b451791545d463915f445a8aee91b58c48cdcbc1ab2b8583fa2f30e159e4?s=96&d=mm&r=g\",\"contentUrl\":\"https:\\\/\\\/secure.gravatar.com\\\/avatar\\\/ade7b451791545d463915f445a8aee91b58c48cdcbc1ab2b8583fa2f30e159e4?s=96&d=mm&r=g\",\"caption\":\"Jonas\"},\"url\":\"https:\\\/\\\/www.altercampagne.net\\\/?author=316\"}]}<\/script>\n<!-- \/ Yoast SEO plugin. -->","yoast_head_json":{"title":"Ch\u00e2teau d'Arvieu, un tiers lieu villageois - AlterTour","robots":{"index":"index","follow":"follow","max-snippet":"max-snippet:-1","max-image-preview":"max-image-preview:large","max-video-preview":"max-video-preview:-1"},"canonical":"https:\/\/www.altercampagne.net\/?p=26287","og_locale":"fr_FR","og_type":"article","og_title":"Ch\u00e2teau d'Arvieu, un tiers lieu villageois - AlterTour","og_description":"Vladimir, Vincent et Thomas ont choisi de vivre dans une coloc ind\u00e9pendante, sur le tiers lieu qu&rsquo;ils ont cr\u00e9\u00e9, il y a environ deux ans. Une structure est propri\u00e9taire du lieu et une association le g\u00e8re. Sur les trois magnifiques b\u00e2timents, construits fin XVIIIe, un est un gite, un autre ... Read More","og_url":"https:\/\/www.altercampagne.net\/?p=26287","og_site_name":"AlterTour","article_published_time":"2022-08-14T08:13:41+00:00","article_modified_time":"2022-08-14T08:13:42+00:00","og_image":[{"width":2560,"height":1701,"url":"https:\/\/www.altercampagne.net\/wp-content\/uploads\/2022\/08\/arvieu-scaled.jpg","type":"image\/jpeg"}],"author":"Jonas","twitter_card":"summary_large_image","twitter_misc":{"\u00c9crit par":"Jonas","Dur\u00e9e de lecture estim\u00e9e":"2 minutes"},"schema":{"@context":"https:\/\/schema.org","@graph":[{"@type":"Article","@id":"https:\/\/www.altercampagne.net\/?p=26287#article","isPartOf":{"@id":"https:\/\/www.altercampagne.net\/?p=26287"},"author":{"name":"Jonas","@id":"https:\/\/www.altercampagne.net\/#\/schema\/person\/308dc295a67929d58321ff6b59820daa"},"headline":"Ch\u00e2teau d&rsquo;Arvieu, un tiers lieu villageois","datePublished":"2022-08-14T08:13:41+00:00","dateModified":"2022-08-14T08:13:42+00:00","mainEntityOfPage":{"@id":"https:\/\/www.altercampagne.net\/?p=26287"},"wordCount":242,"image":{"@id":"https:\/\/www.altercampagne.net\/?p=26287#primaryimage"},"thumbnailUrl":"https:\/\/www.altercampagne.net\/wp-content\/uploads\/2022\/08\/arvieu-scaled.jpg","articleSection":["Edition 2022","Culture","Occitanie","Transverse"],"inLanguage":"fr-FR"},{"@type":"WebPage","@id":"https:\/\/www.altercampagne.net\/?p=26287","url":"https:\/\/www.altercampagne.net\/?p=26287","name":"Ch\u00e2teau d'Arvieu, un tiers lieu villageois - AlterTour","isPartOf":{"@id":"https:\/\/www.altercampagne.net\/#website"},"primaryImageOfPage":{"@id":"https:\/\/www.altercampagne.net\/?p=26287#primaryimage"},"image":{"@id":"https:\/\/www.altercampagne.net\/?p=26287#primaryimage"},"thumbnailUrl":"https:\/\/www.altercampagne.net\/wp-content\/uploads\/2022\/08\/arvieu-scaled.jpg","datePublished":"2022-08-14T08:13:41+00:00","dateModified":"2022-08-14T08:13:42+00:00","author":{"@id":"https:\/\/www.altercampagne.net\/#\/schema\/person\/308dc295a67929d58321ff6b59820daa"},"breadcrumb":{"@id":"https:\/\/www.altercampagne.net\/?p=26287#breadcrumb"},"inLanguage":"fr-FR","potentialAction":[{"@type":"ReadAction","target":["https:\/\/www.altercampagne.net\/?p=26287"]}]},{"@type":"ImageObject","inLanguage":"fr-FR","@id":"https:\/\/www.altercampagne.net\/?p=26287#primaryimage","url":"https:\/\/www.altercampagne.net\/wp-content\/uploads\/2022\/08\/arvieu-scaled.jpg","contentUrl":"https:\/\/www.altercampagne.net\/wp-content\/uploads\/2022\/08\/arvieu-scaled.jpg","width":2560,"height":1701},{"@type":"BreadcrumbList","@id":"https:\/\/www.altercampagne.net\/?p=26287#breadcrumb","itemListElement":[{"@type":"ListItem","position":1,"name":"Accueil","item":"https:\/\/www.altercampagne.net\/"},{"@type":"ListItem","position":2,"name":"Ch\u00e2teau d&rsquo;Arvieu, un tiers lieu villageois"}]},{"@type":"WebSite","@id":"https:\/\/www.altercampagne.net\/#website","url":"https:\/\/www.altercampagne.net\/","name":"AlterTour","description":"Reliez les Alternatives \u00e0 v\u00e9lo","potentialAction":[{"@type":"SearchAction","target":{"@type":"EntryPoint","urlTemplate":"https:\/\/www.altercampagne.net\/?s={search_term_string}"},"query-input":{"@type":"PropertyValueSpecification","valueRequired":true,"valueName":"search_term_string"}}],"inLanguage":"fr-FR"},{"@type":"Person","@id":"https:\/\/www.altercampagne.net\/#\/schema\/person\/308dc295a67929d58321ff6b59820daa","name":"Jonas","image":{"@type":"ImageObject","inLanguage":"fr-FR","@id":"https:\/\/secure.gravatar.com\/avatar\/ade7b451791545d463915f445a8aee91b58c48cdcbc1ab2b8583fa2f30e159e4?s=96&d=mm&r=g","url":"https:\/\/secure.gravatar.com\/avatar\/ade7b451791545d463915f445a8aee91b58c48cdcbc1ab2b8583fa2f30e159e4?s=96&d=mm&r=g","contentUrl":"https:\/\/secure.gravatar.com\/avatar\/ade7b451791545d463915f445a8aee91b58c48cdcbc1ab2b8583fa2f30e159e4?s=96&d=mm&r=g","caption":"Jonas"},"url":"https:\/\/www.altercampagne.net\/?author=316"}]}},"_links":{"self":[{"href":"https:\/\/www.altercampagne.net\/index.php?rest_route=\/wp\/v2\/posts\/26287","targetHints":{"allow":["GET"]}}],"collection":[{"href":"https:\/\/www.altercampagne.net\/index.php?rest_route=\/wp\/v2\/posts"}],"about":[{"href":"https:\/\/www.altercampagne.net\/index.php?rest_route=\/wp\/v2\/types\/post"}],"author":[{"embeddable":true,"href":"https:\/\/www.altercampagne.net\/index.php?rest_route=\/wp\/v2\/users\/316"}],"replies":[{"embeddable":true,"href":"https:\/\/www.altercampagne.net\/index.php?rest_route=%2Fwp%2Fv2%2Fcomments&post=26287"}],"version-history":[{"count":1,"href":"https:\/\/www.altercampagne.net\/index.php?rest_route=\/wp\/v2\/posts\/26287\/revisions"}],"predecessor-version":[{"id":26290,"href":"https:\/\/www.altercampagne.net\/index.php?rest_route=\/wp\/v2\/posts\/26287\/revisions\/26290"}],"wp:featuredmedia":[{"embeddable":true,"href":"https:\/\/www.altercampagne.net\/index.php?rest_route=\/wp\/v2\/media\/26289"}],"wp:attachment":[{"href":"https:\/\/www.altercampagne.net\/index.php?rest_route=%2Fwp%2Fv2%2Fmedia&parent=26287"}],"wp:term":[{"taxonomy":"category","embeddable":true,"href":"https:\/\/www.altercampagne.net\/index.php?rest_route=%2Fwp%2Fv2%2Fcategories&post=26287"},{"taxonomy":"post_tag","embeddable":true,"href":"https:\/\/www.altercampagne.net\/index.php?rest_route=%2Fwp%2Fv2%2Ftags&post=26287"}],"curies":[{"name":"wp","href":"https:\/\/api.w.org\/{rel}","templated":true}]}}