{"id":26291,"date":"2022-08-14T10:27:42","date_gmt":"2022-08-14T08:27:42","guid":{"rendered":"https:\/\/www.altercampagne.net\/?p=26291"},"modified":"2022-08-14T10:27:46","modified_gmt":"2022-08-14T08:27:46","slug":"laltertour-a-hauteur-denfants","status":"publish","type":"post","link":"https:\/\/www.altercampagne.net\/?p=26291","title":{"rendered":"L&rsquo;Altertour \u00e0 hauteur d&rsquo;enfants"},"content":{"rendered":"\n<p><strong>Des enfants, des familles, des enfants de tous \u00e2ges, qui ont des habitudes de vie diff\u00e9rentes, dix-sept enfants sur soixante altercyclistes, aie aie aie\u00a0ou hourra\u00a0???<\/strong><\/p>\n\n\n\n<p>C&rsquo;est probablement la premi\u00e8re fois que l&rsquo;Altertour, tourn\u00e9 vers les adultes, prend cette physionomie. Alors, comment g\u00e9rer\u00a0? Inventer, s&rsquo;inspirer des m\u00e9thodes Freinet, imaginer sans trop cadrer? Babeth et Antoine prennent l&rsquo;initiative d&rsquo;une r\u00e9union, pour trouver des solutions \u00e0 cette situation in\u00e9dite. Le but , \u00ab<em>\u00a0<strong>savoir ce dont les enfants ont envie, s&rsquo;il y a besoin de temps pour eux, dans la journ\u00e9e et surtout pendant les moments s\u00e9rieux (les conf\u00e9rences, le briefing<\/strong>\u00a0<\/em>\u00bb.<\/p>\n\n\n\n<figure class=\"wp-block-image size-large\"><a href=\"https:\/\/www.altercampagne.net\/wp-content\/uploads\/2022\/08\/conseil-2-scaled.jpg\"><img loading=\"lazy\" decoding=\"async\" width=\"1024\" height=\"680\" src=\"https:\/\/www.altercampagne.net\/wp-content\/uploads\/2022\/08\/conseil-2-1024x680.jpg\" alt=\"\" class=\"wp-image-26293\" srcset=\"https:\/\/www.altercampagne.net\/wp-content\/uploads\/2022\/08\/conseil-2-1024x680.jpg 1024w, https:\/\/www.altercampagne.net\/wp-content\/uploads\/2022\/08\/conseil-2-300x199.jpg 300w, https:\/\/www.altercampagne.net\/wp-content\/uploads\/2022\/08\/conseil-2-768x510.jpg 768w, https:\/\/www.altercampagne.net\/wp-content\/uploads\/2022\/08\/conseil-2-1536x1020.jpg 1536w, https:\/\/www.altercampagne.net\/wp-content\/uploads\/2022\/08\/conseil-2-2048x1361.jpg 2048w, https:\/\/www.altercampagne.net\/wp-content\/uploads\/2022\/08\/conseil-2-610x405.jpg 610w, https:\/\/www.altercampagne.net\/wp-content\/uploads\/2022\/08\/conseil-2-100x66.jpg 100w, https:\/\/www.altercampagne.net\/wp-content\/uploads\/2022\/08\/conseil-2-862x573.jpg 862w, https:\/\/www.altercampagne.net\/wp-content\/uploads\/2022\/08\/conseil-2-1140x757.jpg 1140w\" sizes=\"auto, (max-width: 1024px) 100vw, 1024px\" \/><\/a><figcaption>Belle ambiance au conseil des enfants.<\/figcaption><\/figure>\n\n\n\n<p>\u00ab<em>\u00a0Trouver un endroit o\u00f9 ils se r\u00e9unissent avec la pr\u00e9sence d&rsquo;un adulte<\/em>\u00a0\u00bb et o\u00f9 ils seront impliqu\u00e9s dans la prise de d\u00e9cision, avec les r\u00e8gles de la discussion raisonn\u00e9e&#8230; L&rsquo;id\u00e9e est de \u00ab\u00a0<em>\u00a0mettre \u00e0 plat, apaiser, s\u2019int\u00e9resser aux besoins des enfants<\/em>\u00a0\u00bb, les prendre au s\u00e9rieux, avec des moments de calme, d&rsquo;activit\u00e9s sp\u00e9cifiques. Plusieurs id\u00e9es sont n\u00e9es\u00a0: <strong>int\u00e9grer les enfants dans les taches quotidiennes<\/strong>, et d\u00e8s le lendemain il y avait la cuisine des enfants qui cassaient joyeusement les \u0153ufs pour l&rsquo;omelette g\u00e9ante, <strong>un atelier de cr\u00e9ation de dragons et autres bestioles \u00e0 partir des boites d\u2019\u0153ufs<\/strong>, <strong>une soir\u00e9e contes<\/strong> \u00e0 l&rsquo;initiative de Sofia\u2026 <\/p>\n\n\n\n<p>Alors, vive les enfants! C&rsquo;est parti pour un AT encore plus inclusif\u00a0!<\/p>\n\n\n\n<p class=\"has-text-align-right\"><em>Danielle et Maya pour l&rsquo;<em>interview<\/em><\/em> et <em>la r\u00e9daction et Thibault pour les photos<\/em><\/p>\n","protected":false},"excerpt":{"rendered":"<p>Des enfants, des familles, des enfants de tous \u00e2ges, qui ont des habitudes de vie diff\u00e9rentes, dix-sept enfants sur soixante altercyclistes, aie aie aie\u00a0ou hourra\u00a0??? C&rsquo;est probablement la premi\u00e8re fois que l&rsquo;Altertour, tourn\u00e9 vers les adultes, prend cette physionomie. Alors, comment g\u00e9rer\u00a0? Inventer, s&rsquo;inspirer des m\u00e9thodes Freinet, imaginer sans trop &#8230; <\/p>\n<div><a href=\"https:\/\/www.altercampagne.net\/?p=26291\" class=\"more-link\">Read More<\/a><\/div>\n","protected":false},"author":316,"featured_media":26294,"comment_status":"closed","ping_status":"closed","sticky":false,"template":"","format":"standard","meta":{"footnotes":""},"categories":[4357,3938,3480],"tags":[],"class_list":["post-26291","post","type-post","status-publish","format-standard","has-post-thumbnail","hentry","category-edition-2022","category-education","category-occitanie"],"yoast_head":"<!-- This site is optimized with the Yoast SEO plugin v27.3 - https:\/\/yoast.com\/product\/yoast-seo-wordpress\/ -->\n<title>L&#039;Altertour \u00e0 hauteur d&#039;enfants - AlterTour<\/title>\n<meta name=\"robots\" content=\"index, follow, max-snippet:-1, max-image-preview:large, max-video-preview:-1\" \/>\n<link rel=\"canonical\" href=\"https:\/\/www.altercampagne.net\/?p=26291\" \/>\n<meta property=\"og:locale\" content=\"fr_FR\" \/>\n<meta property=\"og:type\" content=\"article\" \/>\n<meta property=\"og:title\" content=\"L&#039;Altertour \u00e0 hauteur d&#039;enfants - AlterTour\" \/>\n<meta property=\"og:description\" content=\"Des enfants, des familles, des enfants de tous \u00e2ges, qui ont des habitudes de vie diff\u00e9rentes, dix-sept enfants sur soixante altercyclistes, aie aie aie\u00a0ou hourra\u00a0??? C&rsquo;est probablement la premi\u00e8re fois que l&rsquo;Altertour, tourn\u00e9 vers les adultes, prend cette physionomie. Alors, comment g\u00e9rer\u00a0? Inventer, s&rsquo;inspirer des m\u00e9thodes Freinet, imaginer sans trop ... Read More\" \/>\n<meta property=\"og:url\" content=\"https:\/\/www.altercampagne.net\/?p=26291\" \/>\n<meta property=\"og:site_name\" content=\"AlterTour\" \/>\n<meta property=\"article:published_time\" content=\"2022-08-14T08:27:42+00:00\" \/>\n<meta property=\"article:modified_time\" content=\"2022-08-14T08:27:46+00:00\" \/>\n<meta property=\"og:image\" content=\"https:\/\/www.altercampagne.net\/wp-content\/uploads\/2022\/08\/conseil-des-enfants-scaled.jpg\" \/>\n\t<meta property=\"og:image:width\" content=\"2560\" \/>\n\t<meta property=\"og:image:height\" content=\"1701\" \/>\n\t<meta property=\"og:image:type\" content=\"image\/jpeg\" \/>\n<meta name=\"author\" content=\"Jonas\" \/>\n<meta name=\"twitter:card\" content=\"summary_large_image\" \/>\n<meta name=\"twitter:label1\" content=\"\u00c9crit par\" \/>\n\t<meta name=\"twitter:data1\" content=\"Jonas\" \/>\n\t<meta name=\"twitter:label2\" content=\"Dur\u00e9e de lecture estim\u00e9e\" \/>\n\t<meta name=\"twitter:data2\" content=\"2 minutes\" \/>\n<script type=\"application\/ld+json\" class=\"yoast-schema-graph\">{\"@context\":\"https:\\\/\\\/schema.org\",\"@graph\":[{\"@type\":\"Article\",\"@id\":\"https:\\\/\\\/www.altercampagne.net\\\/?p=26291#article\",\"isPartOf\":{\"@id\":\"https:\\\/\\\/www.altercampagne.net\\\/?p=26291\"},\"author\":{\"name\":\"Jonas\",\"@id\":\"https:\\\/\\\/www.altercampagne.net\\\/#\\\/schema\\\/person\\\/308dc295a67929d58321ff6b59820daa\"},\"headline\":\"L&rsquo;Altertour \u00e0 hauteur d&rsquo;enfants\",\"datePublished\":\"2022-08-14T08:27:42+00:00\",\"dateModified\":\"2022-08-14T08:27:46+00:00\",\"mainEntityOfPage\":{\"@id\":\"https:\\\/\\\/www.altercampagne.net\\\/?p=26291\"},\"wordCount\":275,\"image\":{\"@id\":\"https:\\\/\\\/www.altercampagne.net\\\/?p=26291#primaryimage\"},\"thumbnailUrl\":\"https:\\\/\\\/www.altercampagne.net\\\/wp-content\\\/uploads\\\/2022\\\/08\\\/conseil-des-enfants-scaled.jpg\",\"articleSection\":[\"Edition 2022\",\"Education\",\"Occitanie\"],\"inLanguage\":\"fr-FR\"},{\"@type\":\"WebPage\",\"@id\":\"https:\\\/\\\/www.altercampagne.net\\\/?p=26291\",\"url\":\"https:\\\/\\\/www.altercampagne.net\\\/?p=26291\",\"name\":\"L'Altertour \u00e0 hauteur d'enfants - AlterTour\",\"isPartOf\":{\"@id\":\"https:\\\/\\\/www.altercampagne.net\\\/#website\"},\"primaryImageOfPage\":{\"@id\":\"https:\\\/\\\/www.altercampagne.net\\\/?p=26291#primaryimage\"},\"image\":{\"@id\":\"https:\\\/\\\/www.altercampagne.net\\\/?p=26291#primaryimage\"},\"thumbnailUrl\":\"https:\\\/\\\/www.altercampagne.net\\\/wp-content\\\/uploads\\\/2022\\\/08\\\/conseil-des-enfants-scaled.jpg\",\"datePublished\":\"2022-08-14T08:27:42+00:00\",\"dateModified\":\"2022-08-14T08:27:46+00:00\",\"author\":{\"@id\":\"https:\\\/\\\/www.altercampagne.net\\\/#\\\/schema\\\/person\\\/308dc295a67929d58321ff6b59820daa\"},\"breadcrumb\":{\"@id\":\"https:\\\/\\\/www.altercampagne.net\\\/?p=26291#breadcrumb\"},\"inLanguage\":\"fr-FR\",\"potentialAction\":[{\"@type\":\"ReadAction\",\"target\":[\"https:\\\/\\\/www.altercampagne.net\\\/?p=26291\"]}]},{\"@type\":\"ImageObject\",\"inLanguage\":\"fr-FR\",\"@id\":\"https:\\\/\\\/www.altercampagne.net\\\/?p=26291#primaryimage\",\"url\":\"https:\\\/\\\/www.altercampagne.net\\\/wp-content\\\/uploads\\\/2022\\\/08\\\/conseil-des-enfants-scaled.jpg\",\"contentUrl\":\"https:\\\/\\\/www.altercampagne.net\\\/wp-content\\\/uploads\\\/2022\\\/08\\\/conseil-des-enfants-scaled.jpg\",\"width\":2560,\"height\":1701},{\"@type\":\"BreadcrumbList\",\"@id\":\"https:\\\/\\\/www.altercampagne.net\\\/?p=26291#breadcrumb\",\"itemListElement\":[{\"@type\":\"ListItem\",\"position\":1,\"name\":\"Accueil\",\"item\":\"https:\\\/\\\/www.altercampagne.net\\\/\"},{\"@type\":\"ListItem\",\"position\":2,\"name\":\"L&rsquo;Altertour \u00e0 hauteur d&rsquo;enfants\"}]},{\"@type\":\"WebSite\",\"@id\":\"https:\\\/\\\/www.altercampagne.net\\\/#website\",\"url\":\"https:\\\/\\\/www.altercampagne.net\\\/\",\"name\":\"AlterTour\",\"description\":\"Reliez les Alternatives \u00e0 v\u00e9lo\",\"potentialAction\":[{\"@type\":\"SearchAction\",\"target\":{\"@type\":\"EntryPoint\",\"urlTemplate\":\"https:\\\/\\\/www.altercampagne.net\\\/?s={search_term_string}\"},\"query-input\":{\"@type\":\"PropertyValueSpecification\",\"valueRequired\":true,\"valueName\":\"search_term_string\"}}],\"inLanguage\":\"fr-FR\"},{\"@type\":\"Person\",\"@id\":\"https:\\\/\\\/www.altercampagne.net\\\/#\\\/schema\\\/person\\\/308dc295a67929d58321ff6b59820daa\",\"name\":\"Jonas\",\"image\":{\"@type\":\"ImageObject\",\"inLanguage\":\"fr-FR\",\"@id\":\"https:\\\/\\\/secure.gravatar.com\\\/avatar\\\/ade7b451791545d463915f445a8aee91b58c48cdcbc1ab2b8583fa2f30e159e4?s=96&d=mm&r=g\",\"url\":\"https:\\\/\\\/secure.gravatar.com\\\/avatar\\\/ade7b451791545d463915f445a8aee91b58c48cdcbc1ab2b8583fa2f30e159e4?s=96&d=mm&r=g\",\"contentUrl\":\"https:\\\/\\\/secure.gravatar.com\\\/avatar\\\/ade7b451791545d463915f445a8aee91b58c48cdcbc1ab2b8583fa2f30e159e4?s=96&d=mm&r=g\",\"caption\":\"Jonas\"},\"url\":\"https:\\\/\\\/www.altercampagne.net\\\/?author=316\"}]}<\/script>\n<!-- \/ Yoast SEO plugin. -->","yoast_head_json":{"title":"L'Altertour \u00e0 hauteur d'enfants - AlterTour","robots":{"index":"index","follow":"follow","max-snippet":"max-snippet:-1","max-image-preview":"max-image-preview:large","max-video-preview":"max-video-preview:-1"},"canonical":"https:\/\/www.altercampagne.net\/?p=26291","og_locale":"fr_FR","og_type":"article","og_title":"L'Altertour \u00e0 hauteur d'enfants - AlterTour","og_description":"Des enfants, des familles, des enfants de tous \u00e2ges, qui ont des habitudes de vie diff\u00e9rentes, dix-sept enfants sur soixante altercyclistes, aie aie aie\u00a0ou hourra\u00a0??? C&rsquo;est probablement la premi\u00e8re fois que l&rsquo;Altertour, tourn\u00e9 vers les adultes, prend cette physionomie. Alors, comment g\u00e9rer\u00a0? Inventer, s&rsquo;inspirer des m\u00e9thodes Freinet, imaginer sans trop ... Read More","og_url":"https:\/\/www.altercampagne.net\/?p=26291","og_site_name":"AlterTour","article_published_time":"2022-08-14T08:27:42+00:00","article_modified_time":"2022-08-14T08:27:46+00:00","og_image":[{"width":2560,"height":1701,"url":"https:\/\/www.altercampagne.net\/wp-content\/uploads\/2022\/08\/conseil-des-enfants-scaled.jpg","type":"image\/jpeg"}],"author":"Jonas","twitter_card":"summary_large_image","twitter_misc":{"\u00c9crit par":"Jonas","Dur\u00e9e de lecture estim\u00e9e":"2 minutes"},"schema":{"@context":"https:\/\/schema.org","@graph":[{"@type":"Article","@id":"https:\/\/www.altercampagne.net\/?p=26291#article","isPartOf":{"@id":"https:\/\/www.altercampagne.net\/?p=26291"},"author":{"name":"Jonas","@id":"https:\/\/www.altercampagne.net\/#\/schema\/person\/308dc295a67929d58321ff6b59820daa"},"headline":"L&rsquo;Altertour \u00e0 hauteur d&rsquo;enfants","datePublished":"2022-08-14T08:27:42+00:00","dateModified":"2022-08-14T08:27:46+00:00","mainEntityOfPage":{"@id":"https:\/\/www.altercampagne.net\/?p=26291"},"wordCount":275,"image":{"@id":"https:\/\/www.altercampagne.net\/?p=26291#primaryimage"},"thumbnailUrl":"https:\/\/www.altercampagne.net\/wp-content\/uploads\/2022\/08\/conseil-des-enfants-scaled.jpg","articleSection":["Edition 2022","Education","Occitanie"],"inLanguage":"fr-FR"},{"@type":"WebPage","@id":"https:\/\/www.altercampagne.net\/?p=26291","url":"https:\/\/www.altercampagne.net\/?p=26291","name":"L'Altertour \u00e0 hauteur d'enfants - AlterTour","isPartOf":{"@id":"https:\/\/www.altercampagne.net\/#website"},"primaryImageOfPage":{"@id":"https:\/\/www.altercampagne.net\/?p=26291#primaryimage"},"image":{"@id":"https:\/\/www.altercampagne.net\/?p=26291#primaryimage"},"thumbnailUrl":"https:\/\/www.altercampagne.net\/wp-content\/uploads\/2022\/08\/conseil-des-enfants-scaled.jpg","datePublished":"2022-08-14T08:27:42+00:00","dateModified":"2022-08-14T08:27:46+00:00","author":{"@id":"https:\/\/www.altercampagne.net\/#\/schema\/person\/308dc295a67929d58321ff6b59820daa"},"breadcrumb":{"@id":"https:\/\/www.altercampagne.net\/?p=26291#breadcrumb"},"inLanguage":"fr-FR","potentialAction":[{"@type":"ReadAction","target":["https:\/\/www.altercampagne.net\/?p=26291"]}]},{"@type":"ImageObject","inLanguage":"fr-FR","@id":"https:\/\/www.altercampagne.net\/?p=26291#primaryimage","url":"https:\/\/www.altercampagne.net\/wp-content\/uploads\/2022\/08\/conseil-des-enfants-scaled.jpg","contentUrl":"https:\/\/www.altercampagne.net\/wp-content\/uploads\/2022\/08\/conseil-des-enfants-scaled.jpg","width":2560,"height":1701},{"@type":"BreadcrumbList","@id":"https:\/\/www.altercampagne.net\/?p=26291#breadcrumb","itemListElement":[{"@type":"ListItem","position":1,"name":"Accueil","item":"https:\/\/www.altercampagne.net\/"},{"@type":"ListItem","position":2,"name":"L&rsquo;Altertour \u00e0 hauteur d&rsquo;enfants"}]},{"@type":"WebSite","@id":"https:\/\/www.altercampagne.net\/#website","url":"https:\/\/www.altercampagne.net\/","name":"AlterTour","description":"Reliez les Alternatives \u00e0 v\u00e9lo","potentialAction":[{"@type":"SearchAction","target":{"@type":"EntryPoint","urlTemplate":"https:\/\/www.altercampagne.net\/?s={search_term_string}"},"query-input":{"@type":"PropertyValueSpecification","valueRequired":true,"valueName":"search_term_string"}}],"inLanguage":"fr-FR"},{"@type":"Person","@id":"https:\/\/www.altercampagne.net\/#\/schema\/person\/308dc295a67929d58321ff6b59820daa","name":"Jonas","image":{"@type":"ImageObject","inLanguage":"fr-FR","@id":"https:\/\/secure.gravatar.com\/avatar\/ade7b451791545d463915f445a8aee91b58c48cdcbc1ab2b8583fa2f30e159e4?s=96&d=mm&r=g","url":"https:\/\/secure.gravatar.com\/avatar\/ade7b451791545d463915f445a8aee91b58c48cdcbc1ab2b8583fa2f30e159e4?s=96&d=mm&r=g","contentUrl":"https:\/\/secure.gravatar.com\/avatar\/ade7b451791545d463915f445a8aee91b58c48cdcbc1ab2b8583fa2f30e159e4?s=96&d=mm&r=g","caption":"Jonas"},"url":"https:\/\/www.altercampagne.net\/?author=316"}]}},"_links":{"self":[{"href":"https:\/\/www.altercampagne.net\/index.php?rest_route=\/wp\/v2\/posts\/26291","targetHints":{"allow":["GET"]}}],"collection":[{"href":"https:\/\/www.altercampagne.net\/index.php?rest_route=\/wp\/v2\/posts"}],"about":[{"href":"https:\/\/www.altercampagne.net\/index.php?rest_route=\/wp\/v2\/types\/post"}],"author":[{"embeddable":true,"href":"https:\/\/www.altercampagne.net\/index.php?rest_route=\/wp\/v2\/users\/316"}],"replies":[{"embeddable":true,"href":"https:\/\/www.altercampagne.net\/index.php?rest_route=%2Fwp%2Fv2%2Fcomments&post=26291"}],"version-history":[{"count":1,"href":"https:\/\/www.altercampagne.net\/index.php?rest_route=\/wp\/v2\/posts\/26291\/revisions"}],"predecessor-version":[{"id":26296,"href":"https:\/\/www.altercampagne.net\/index.php?rest_route=\/wp\/v2\/posts\/26291\/revisions\/26296"}],"wp:featuredmedia":[{"embeddable":true,"href":"https:\/\/www.altercampagne.net\/index.php?rest_route=\/wp\/v2\/media\/26294"}],"wp:attachment":[{"href":"https:\/\/www.altercampagne.net\/index.php?rest_route=%2Fwp%2Fv2%2Fmedia&parent=26291"}],"wp:term":[{"taxonomy":"category","embeddable":true,"href":"https:\/\/www.altercampagne.net\/index.php?rest_route=%2Fwp%2Fv2%2Fcategories&post=26291"},{"taxonomy":"post_tag","embeddable":true,"href":"https:\/\/www.altercampagne.net\/index.php?rest_route=%2Fwp%2Fv2%2Ftags&post=26291"}],"curies":[{"name":"wp","href":"https:\/\/api.w.org\/{rel}","templated":true}]}}