{"id":26292,"date":"2022-08-16T12:07:12","date_gmt":"2022-08-16T10:07:12","guid":{"rendered":"https:\/\/www.altercampagne.net\/?p=26292"},"modified":"2022-08-16T12:07:14","modified_gmt":"2022-08-16T10:07:14","slug":"laltertour-a-loasis-de-lentiourel","status":"publish","type":"post","link":"https:\/\/www.altercampagne.net\/?p=26292","title":{"rendered":"L&rsquo;Altertour \u00e0 l&rsquo;Oasis de Lentiourel"},"content":{"rendered":"\n<p>Rouge. C&rsquo;est la couleur qui d\u00e9note quand on arrive \u00e0 l&rsquo;<a href=\"https:\/\/lentiourel.com\/\">Oasis de Lentiourel <\/a>depuis les routes vallonn\u00e9es des Causses surchauff\u00e9es par le soleil plombant. <br>Vert \u00e9galement, ce qui \u00e9tonne au vu de la s\u00e9cheresse qui s\u00e9vit sur ce mois d\u2019ao\u00fbt. Nous sommes accueillies par Jacques, un sexag\u00e9naire \u00e0 la longue chevelure qui a mont\u00e9 le lieu en 2011. A l&rsquo;\u00e9poque, <strong>c&rsquo;est le 13\u00e8me \u00ab&nbsp;Oasis en tout lieu&nbsp;\u00bb ouvert en France<\/strong>. Aujourd&rsquo;hui, apr\u00e8s que ce mouvement d&rsquo;\u00e9colieux soit repris par <a href=\"https:\/\/www.colibris-lemouvement.org\/\">Les Colibris<\/a>, on compte plus de 1200 Oasis. Le projet initial consiste \u00e0 <strong>cr\u00e9er un lien harmonieux avec l&rsquo;\u00e9cosyst\u00e8me d&rsquo;un territoire tout en d\u00e9veloppant la singularit\u00e9 des participants<\/strong>.<\/p>\n\n\n\n<figure class=\"wp-block-image size-large\"><a href=\"https:\/\/www.altercampagne.net\/wp-content\/uploads\/2022\/08\/IMGP1953-scaled.jpg\"><img loading=\"lazy\" decoding=\"async\" width=\"1024\" height=\"680\" src=\"https:\/\/www.altercampagne.net\/wp-content\/uploads\/2022\/08\/IMGP1953-1024x680.jpg\" alt=\"\" class=\"wp-image-26295\" srcset=\"https:\/\/www.altercampagne.net\/wp-content\/uploads\/2022\/08\/IMGP1953-1024x680.jpg 1024w, https:\/\/www.altercampagne.net\/wp-content\/uploads\/2022\/08\/IMGP1953-300x199.jpg 300w, https:\/\/www.altercampagne.net\/wp-content\/uploads\/2022\/08\/IMGP1953-768x510.jpg 768w, https:\/\/www.altercampagne.net\/wp-content\/uploads\/2022\/08\/IMGP1953-1536x1020.jpg 1536w, https:\/\/www.altercampagne.net\/wp-content\/uploads\/2022\/08\/IMGP1953-2048x1361.jpg 2048w, https:\/\/www.altercampagne.net\/wp-content\/uploads\/2022\/08\/IMGP1953-610x405.jpg 610w, https:\/\/www.altercampagne.net\/wp-content\/uploads\/2022\/08\/IMGP1953-100x66.jpg 100w, https:\/\/www.altercampagne.net\/wp-content\/uploads\/2022\/08\/IMGP1953-862x573.jpg 862w, https:\/\/www.altercampagne.net\/wp-content\/uploads\/2022\/08\/IMGP1953-1140x757.jpg 1140w\" sizes=\"auto, (max-width: 1024px) 100vw, 1024px\" \/><\/a><figcaption>Une partie des magnifiques b\u00e2timents de l&rsquo;Oasis.<\/figcaption><\/figure>\n\n\n\n<p>C\u00f4t\u00e9 nature, l&rsquo;Oasis est un <strong>beau domaine vallonn\u00e9 de 35 hectares de terres<\/strong> rouges, de champs herbac\u00e9s et de nombreux arbres, travers\u00e9 par une rivi\u00e8re et domin\u00e9 par un grand b\u00e2timent entourant une cours centrale. <strong>L&rsquo;eau est ici une ressource pr\u00e9cieuse<\/strong>, le pompage de l&rsquo;eau de la rivi\u00e8re, trop en contre-bas, n\u00e9cessitant trop d&rsquo;\u00e9nergie pour \u00eatre envisag\u00e9. Plusieurs actions ont \u00e9t\u00e9 entreprises pour tenter de garder toute l&rsquo;eau qui se trouve ou tombe sur le domaine. <strong>Une citerne de 70 m\u00e8tres cubes<\/strong> avait \u00e9t\u00e9 install\u00e9 par les anciens propri\u00e9taires. <strong>Des canaux d&rsquo;irrigation<\/strong> permette de contr\u00f4ler et diriger l&rsquo;\u00e9coulement de l&rsquo;eau. <strong>Une source<\/strong> a \u00e9t\u00e9 creus\u00e9e en remontant une veine de jonc qui t\u00e9moigne de la pr\u00e9sence d&rsquo;une terre humide. <strong>Une mare temporaire<\/strong> de 500m2 a \u00e9t\u00e9 construite en contre-bas de la maison pour recueillir l&rsquo;eau de pluie et de source.<strong> Cette gestion a permis le d\u00e9veloppement d&rsquo;une v\u00e9g\u00e9tation importante et d&rsquo;une activit\u00e9 naissante de mara\u00eechage<\/strong> (encore loin de permettre l&rsquo;autonomie alimentaire), le tout en adoptant des techniques de permaculture. <strong>Malgr\u00e9 tout, l&rsquo;Oasis rencontre des probl\u00e8mes de s\u00e9cheresse <\/strong>qui remettent en question les dispositifs mis en place jusqu&rsquo;ici et imposeront des actions plus importantes. Nous l&rsquo;avons senti d\u00e8s notre arriv\u00e9e, les douches devant \u00eatre substitu\u00e9es par une baignade dans la rivi\u00e8re fra\u00eeche coulant \u00e0 quelques centaines de m\u00e8tres en contre-bas de l&rsquo;espace camping.<\/p>\n\n\n\n<figure class=\"wp-block-image size-large\"><a href=\"https:\/\/www.altercampagne.net\/wp-content\/uploads\/2022\/08\/IMGP1946-scaled.jpg\"><img loading=\"lazy\" decoding=\"async\" width=\"680\" height=\"1024\" src=\"https:\/\/www.altercampagne.net\/wp-content\/uploads\/2022\/08\/IMGP1946-680x1024.jpg\" alt=\"\" class=\"wp-image-26298\" srcset=\"https:\/\/www.altercampagne.net\/wp-content\/uploads\/2022\/08\/IMGP1946-680x1024.jpg 680w, https:\/\/www.altercampagne.net\/wp-content\/uploads\/2022\/08\/IMGP1946-199x300.jpg 199w, https:\/\/www.altercampagne.net\/wp-content\/uploads\/2022\/08\/IMGP1946-768x1156.jpg 768w, https:\/\/www.altercampagne.net\/wp-content\/uploads\/2022\/08\/IMGP1946-1020x1536.jpg 1020w, https:\/\/www.altercampagne.net\/wp-content\/uploads\/2022\/08\/IMGP1946-1361x2048.jpg 1361w, https:\/\/www.altercampagne.net\/wp-content\/uploads\/2022\/08\/IMGP1946-610x918.jpg 610w, https:\/\/www.altercampagne.net\/wp-content\/uploads\/2022\/08\/IMGP1946-100x151.jpg 100w, https:\/\/www.altercampagne.net\/wp-content\/uploads\/2022\/08\/IMGP1946-862x1297.jpg 862w, https:\/\/www.altercampagne.net\/wp-content\/uploads\/2022\/08\/IMGP1946-1140x1716.jpg 1140w, https:\/\/www.altercampagne.net\/wp-content\/uploads\/2022\/08\/IMGP1946-scaled.jpg 1701w\" sizes=\"auto, (max-width: 680px) 100vw, 680px\" \/><\/a><figcaption>Jacques guide le groupe sur le terrain.<\/figcaption><\/figure>\n\n\n\n<p>C\u00f4t\u00e9 collectif, <strong>le projet a \u00e9t\u00e9 lanc\u00e9 en 2011 par 30 personnes<\/strong>, principalement du Var, qui voulaient lancer un Oasis en tout lieu. Ils ont r\u00e9unit plusieurs centaines de milliers d&rsquo;euros (aujourd&rsquo;hui le lieu est valoris\u00e9 \u00e0 710 000\u20ac) \u00e0 travers un pr\u00eat solidaire. Mais au fil des ann\u00e9es, le collectif a subit une perte importante d&rsquo;effectifs et<strong> moins d&rsquo;une dizaine de membres habitent de mani\u00e8re permanente sur le lieu<\/strong>. Nous n&rsquo;avons pas vraiment r\u00e9ussi \u00e0 saisir les raisons de ce d\u00e9sinvestissement dont on aurait aim\u00e9 entendre un retour r\u00e9flexif et critique. Ce qui est s\u00fbr, c&rsquo;est que cela provoque des probl\u00e8mes de financement important, les pr\u00eats solidaires devant \u00eatre rembours\u00e9s. Les actuels occupants de lieux cherchent \u00e0 relancer une dynamique collective pour redonner vie \u00e0 cet Oasis. Lorsque Jacques nous a pr\u00e9sent\u00e9 le lieu,<strong> il a lanc\u00e9 un appel aux Altertourien.ne.s qui souhaitaient rejoindre l&rsquo;aventure<\/strong>. <\/p>\n\n\n\n<figure class=\"wp-block-image size-large\"><a href=\"https:\/\/www.altercampagne.net\/wp-content\/uploads\/2022\/08\/IMGP1909-scaled.jpg\"><img loading=\"lazy\" decoding=\"async\" width=\"1024\" height=\"680\" src=\"https:\/\/www.altercampagne.net\/wp-content\/uploads\/2022\/08\/IMGP1909-1024x680.jpg\" alt=\"\" class=\"wp-image-26317\" srcset=\"https:\/\/www.altercampagne.net\/wp-content\/uploads\/2022\/08\/IMGP1909-1024x680.jpg 1024w, https:\/\/www.altercampagne.net\/wp-content\/uploads\/2022\/08\/IMGP1909-300x199.jpg 300w, https:\/\/www.altercampagne.net\/wp-content\/uploads\/2022\/08\/IMGP1909-768x510.jpg 768w, https:\/\/www.altercampagne.net\/wp-content\/uploads\/2022\/08\/IMGP1909-1536x1020.jpg 1536w, https:\/\/www.altercampagne.net\/wp-content\/uploads\/2022\/08\/IMGP1909-2048x1361.jpg 2048w, https:\/\/www.altercampagne.net\/wp-content\/uploads\/2022\/08\/IMGP1909-610x405.jpg 610w, https:\/\/www.altercampagne.net\/wp-content\/uploads\/2022\/08\/IMGP1909-100x66.jpg 100w, https:\/\/www.altercampagne.net\/wp-content\/uploads\/2022\/08\/IMGP1909-862x573.jpg 862w, https:\/\/www.altercampagne.net\/wp-content\/uploads\/2022\/08\/IMGP1909-1140x757.jpg 1140w\" sizes=\"auto, (max-width: 1024px) 100vw, 1024px\" \/><\/a><figcaption>La construction d&rsquo;un <em>Zome<\/em>.<\/figcaption><\/figure>\n\n\n\n<p>Car au del\u00e0 de l\u2019\u00e9nergie humaine qu&rsquo;il apporte avec lui et sur laquelle Jacques a insist\u00e9, tout nouvel entrant doit pouvoir abonder le projet avec un pr\u00eat solidaire, permettant de rembourser les pr\u00eats pr\u00e9c\u00e9dents. Les autres sources de revenus proviennent des <strong>activit\u00e9s d\u2019accueil<\/strong>, <strong>de formation<\/strong> (par exemple des stages de polyrythmie ou de construction de structures appel\u00e9s \u00ab\u00a0<a href=\"https:\/\/fr.wikipedia.org\/wiki\/Zome\">Zome\u00a0<\/a>\u00bb anim\u00e9s par Jacques), ou <strong>de vente de glaces<\/strong>, permettant de g\u00e9n\u00e9rer 30 000\u20ac de b\u00e9n\u00e9fices par ans. En parlant d\u2019accueil, Jacques nous a gratifi\u00e9 d&rsquo;un tr\u00e8s bon concert folk avec un autre musicien pour cl\u00f4turer la visite par une belle soir\u00e9e festive qui s&rsquo;est termin\u00e9e par des danses folles et des chants harmonieux.<\/p>\n\n\n\n<figure class=\"wp-block-image size-large\"><a href=\"https:\/\/www.altercampagne.net\/wp-content\/uploads\/2022\/08\/IMGP2087-scaled.jpg\"><img loading=\"lazy\" decoding=\"async\" width=\"680\" height=\"1024\" src=\"https:\/\/www.altercampagne.net\/wp-content\/uploads\/2022\/08\/IMGP2087-680x1024.jpg\" alt=\"\" class=\"wp-image-26297\" srcset=\"https:\/\/www.altercampagne.net\/wp-content\/uploads\/2022\/08\/IMGP2087-680x1024.jpg 680w, https:\/\/www.altercampagne.net\/wp-content\/uploads\/2022\/08\/IMGP2087-199x300.jpg 199w, https:\/\/www.altercampagne.net\/wp-content\/uploads\/2022\/08\/IMGP2087-768x1156.jpg 768w, https:\/\/www.altercampagne.net\/wp-content\/uploads\/2022\/08\/IMGP2087-1020x1536.jpg 1020w, https:\/\/www.altercampagne.net\/wp-content\/uploads\/2022\/08\/IMGP2087-1361x2048.jpg 1361w, https:\/\/www.altercampagne.net\/wp-content\/uploads\/2022\/08\/IMGP2087-610x918.jpg 610w, https:\/\/www.altercampagne.net\/wp-content\/uploads\/2022\/08\/IMGP2087-100x151.jpg 100w, https:\/\/www.altercampagne.net\/wp-content\/uploads\/2022\/08\/IMGP2087-862x1297.jpg 862w, https:\/\/www.altercampagne.net\/wp-content\/uploads\/2022\/08\/IMGP2087-1140x1716.jpg 1140w, https:\/\/www.altercampagne.net\/wp-content\/uploads\/2022\/08\/IMGP2087-scaled.jpg 1701w\" sizes=\"auto, (max-width: 680px) 100vw, 680px\" \/><\/a><figcaption>Le musicien pr\u00e9sent sur sc\u00e8ne avec notre accueillant Jacques<\/figcaption><\/figure>\n\n\n\n<p>Nous sommes repartis le lendemain pour une des plus dures journ\u00e9es du circuit, avec 41km et surtout 1100m de d\u00e9nivel\u00e9 dont une c\u00f4te de l&rsquo;enfer que, malgr\u00e9 la chaleur, nous avons vaincu pour arriver \u00e0 Arvieu.<br>Mais cela est une autre histoire.<\/p>\n","protected":false},"excerpt":{"rendered":"<p>Rouge. C&rsquo;est la couleur qui d\u00e9note quand on arrive \u00e0 l&rsquo;Oasis de Lentiourel depuis les routes vallonn\u00e9es des Causses surchauff\u00e9es par le soleil plombant. Vert \u00e9galement, ce qui \u00e9tonne au vu de la s\u00e9cheresse qui s\u00e9vit sur ce mois d\u2019ao\u00fbt. Nous sommes accueillies par Jacques, un sexag\u00e9naire \u00e0 la longue &#8230; <\/p>\n<div><a href=\"https:\/\/www.altercampagne.net\/?p=26292\" class=\"more-link\">Read More<\/a><\/div>\n","protected":false},"author":316,"featured_media":26315,"comment_status":"closed","ping_status":"closed","sticky":false,"template":"","format":"standard","meta":{"footnotes":""},"categories":[4357,3485,3480],"tags":[],"class_list":["post-26292","post","type-post","status-publish","format-standard","has-post-thumbnail","hentry","category-edition-2022","category-habitat","category-occitanie"],"yoast_head":"<!-- This site is optimized with the Yoast SEO plugin v27.3 - https:\/\/yoast.com\/product\/yoast-seo-wordpress\/ -->\n<title>L&#039;Altertour \u00e0 l&#039;Oasis de Lentiourel - AlterTour<\/title>\n<meta name=\"robots\" content=\"index, follow, max-snippet:-1, max-image-preview:large, max-video-preview:-1\" \/>\n<link rel=\"canonical\" href=\"https:\/\/www.altercampagne.net\/?p=26292\" \/>\n<meta property=\"og:locale\" content=\"fr_FR\" \/>\n<meta property=\"og:type\" content=\"article\" \/>\n<meta property=\"og:title\" content=\"L&#039;Altertour \u00e0 l&#039;Oasis de Lentiourel - AlterTour\" \/>\n<meta property=\"og:description\" content=\"Rouge. C&rsquo;est la couleur qui d\u00e9note quand on arrive \u00e0 l&rsquo;Oasis de Lentiourel depuis les routes vallonn\u00e9es des Causses surchauff\u00e9es par le soleil plombant. Vert \u00e9galement, ce qui \u00e9tonne au vu de la s\u00e9cheresse qui s\u00e9vit sur ce mois d\u2019ao\u00fbt. Nous sommes accueillies par Jacques, un sexag\u00e9naire \u00e0 la longue ... Read More\" \/>\n<meta property=\"og:url\" content=\"https:\/\/www.altercampagne.net\/?p=26292\" \/>\n<meta property=\"og:site_name\" content=\"AlterTour\" \/>\n<meta property=\"article:published_time\" content=\"2022-08-16T10:07:12+00:00\" \/>\n<meta property=\"article:modified_time\" content=\"2022-08-16T10:07:14+00:00\" \/>\n<meta property=\"og:image\" content=\"https:\/\/www.altercampagne.net\/wp-content\/uploads\/2022\/08\/IMGP1941-scaled.jpg\" \/>\n\t<meta property=\"og:image:width\" content=\"2560\" \/>\n\t<meta property=\"og:image:height\" content=\"1701\" \/>\n\t<meta property=\"og:image:type\" content=\"image\/jpeg\" \/>\n<meta name=\"author\" content=\"Jonas\" \/>\n<meta name=\"twitter:card\" content=\"summary_large_image\" \/>\n<meta name=\"twitter:label1\" content=\"\u00c9crit par\" \/>\n\t<meta name=\"twitter:data1\" content=\"Jonas\" \/>\n\t<meta name=\"twitter:label2\" content=\"Dur\u00e9e de lecture estim\u00e9e\" \/>\n\t<meta name=\"twitter:data2\" content=\"5 minutes\" \/>\n<script type=\"application\/ld+json\" class=\"yoast-schema-graph\">{\"@context\":\"https:\\\/\\\/schema.org\",\"@graph\":[{\"@type\":\"Article\",\"@id\":\"https:\\\/\\\/www.altercampagne.net\\\/?p=26292#article\",\"isPartOf\":{\"@id\":\"https:\\\/\\\/www.altercampagne.net\\\/?p=26292\"},\"author\":{\"name\":\"Jonas\",\"@id\":\"https:\\\/\\\/www.altercampagne.net\\\/#\\\/schema\\\/person\\\/308dc295a67929d58321ff6b59820daa\"},\"headline\":\"L&rsquo;Altertour \u00e0 l&rsquo;Oasis de Lentiourel\",\"datePublished\":\"2022-08-16T10:07:12+00:00\",\"dateModified\":\"2022-08-16T10:07:14+00:00\",\"mainEntityOfPage\":{\"@id\":\"https:\\\/\\\/www.altercampagne.net\\\/?p=26292\"},\"wordCount\":757,\"image\":{\"@id\":\"https:\\\/\\\/www.altercampagne.net\\\/?p=26292#primaryimage\"},\"thumbnailUrl\":\"https:\\\/\\\/www.altercampagne.net\\\/wp-content\\\/uploads\\\/2022\\\/08\\\/IMGP1941-scaled.jpg\",\"articleSection\":[\"Edition 2022\",\"Habitat\",\"Occitanie\"],\"inLanguage\":\"fr-FR\"},{\"@type\":\"WebPage\",\"@id\":\"https:\\\/\\\/www.altercampagne.net\\\/?p=26292\",\"url\":\"https:\\\/\\\/www.altercampagne.net\\\/?p=26292\",\"name\":\"L'Altertour \u00e0 l'Oasis de Lentiourel - AlterTour\",\"isPartOf\":{\"@id\":\"https:\\\/\\\/www.altercampagne.net\\\/#website\"},\"primaryImageOfPage\":{\"@id\":\"https:\\\/\\\/www.altercampagne.net\\\/?p=26292#primaryimage\"},\"image\":{\"@id\":\"https:\\\/\\\/www.altercampagne.net\\\/?p=26292#primaryimage\"},\"thumbnailUrl\":\"https:\\\/\\\/www.altercampagne.net\\\/wp-content\\\/uploads\\\/2022\\\/08\\\/IMGP1941-scaled.jpg\",\"datePublished\":\"2022-08-16T10:07:12+00:00\",\"dateModified\":\"2022-08-16T10:07:14+00:00\",\"author\":{\"@id\":\"https:\\\/\\\/www.altercampagne.net\\\/#\\\/schema\\\/person\\\/308dc295a67929d58321ff6b59820daa\"},\"breadcrumb\":{\"@id\":\"https:\\\/\\\/www.altercampagne.net\\\/?p=26292#breadcrumb\"},\"inLanguage\":\"fr-FR\",\"potentialAction\":[{\"@type\":\"ReadAction\",\"target\":[\"https:\\\/\\\/www.altercampagne.net\\\/?p=26292\"]}]},{\"@type\":\"ImageObject\",\"inLanguage\":\"fr-FR\",\"@id\":\"https:\\\/\\\/www.altercampagne.net\\\/?p=26292#primaryimage\",\"url\":\"https:\\\/\\\/www.altercampagne.net\\\/wp-content\\\/uploads\\\/2022\\\/08\\\/IMGP1941-scaled.jpg\",\"contentUrl\":\"https:\\\/\\\/www.altercampagne.net\\\/wp-content\\\/uploads\\\/2022\\\/08\\\/IMGP1941-scaled.jpg\",\"width\":2560,\"height\":1701},{\"@type\":\"BreadcrumbList\",\"@id\":\"https:\\\/\\\/www.altercampagne.net\\\/?p=26292#breadcrumb\",\"itemListElement\":[{\"@type\":\"ListItem\",\"position\":1,\"name\":\"Accueil\",\"item\":\"https:\\\/\\\/www.altercampagne.net\\\/\"},{\"@type\":\"ListItem\",\"position\":2,\"name\":\"L&rsquo;Altertour \u00e0 l&rsquo;Oasis de Lentiourel\"}]},{\"@type\":\"WebSite\",\"@id\":\"https:\\\/\\\/www.altercampagne.net\\\/#website\",\"url\":\"https:\\\/\\\/www.altercampagne.net\\\/\",\"name\":\"AlterTour\",\"description\":\"Reliez les Alternatives \u00e0 v\u00e9lo\",\"potentialAction\":[{\"@type\":\"SearchAction\",\"target\":{\"@type\":\"EntryPoint\",\"urlTemplate\":\"https:\\\/\\\/www.altercampagne.net\\\/?s={search_term_string}\"},\"query-input\":{\"@type\":\"PropertyValueSpecification\",\"valueRequired\":true,\"valueName\":\"search_term_string\"}}],\"inLanguage\":\"fr-FR\"},{\"@type\":\"Person\",\"@id\":\"https:\\\/\\\/www.altercampagne.net\\\/#\\\/schema\\\/person\\\/308dc295a67929d58321ff6b59820daa\",\"name\":\"Jonas\",\"image\":{\"@type\":\"ImageObject\",\"inLanguage\":\"fr-FR\",\"@id\":\"https:\\\/\\\/secure.gravatar.com\\\/avatar\\\/ade7b451791545d463915f445a8aee91b58c48cdcbc1ab2b8583fa2f30e159e4?s=96&d=mm&r=g\",\"url\":\"https:\\\/\\\/secure.gravatar.com\\\/avatar\\\/ade7b451791545d463915f445a8aee91b58c48cdcbc1ab2b8583fa2f30e159e4?s=96&d=mm&r=g\",\"contentUrl\":\"https:\\\/\\\/secure.gravatar.com\\\/avatar\\\/ade7b451791545d463915f445a8aee91b58c48cdcbc1ab2b8583fa2f30e159e4?s=96&d=mm&r=g\",\"caption\":\"Jonas\"},\"url\":\"https:\\\/\\\/www.altercampagne.net\\\/?author=316\"}]}<\/script>\n<!-- \/ Yoast SEO plugin. -->","yoast_head_json":{"title":"L'Altertour \u00e0 l'Oasis de Lentiourel - AlterTour","robots":{"index":"index","follow":"follow","max-snippet":"max-snippet:-1","max-image-preview":"max-image-preview:large","max-video-preview":"max-video-preview:-1"},"canonical":"https:\/\/www.altercampagne.net\/?p=26292","og_locale":"fr_FR","og_type":"article","og_title":"L'Altertour \u00e0 l'Oasis de Lentiourel - AlterTour","og_description":"Rouge. C&rsquo;est la couleur qui d\u00e9note quand on arrive \u00e0 l&rsquo;Oasis de Lentiourel depuis les routes vallonn\u00e9es des Causses surchauff\u00e9es par le soleil plombant. Vert \u00e9galement, ce qui \u00e9tonne au vu de la s\u00e9cheresse qui s\u00e9vit sur ce mois d\u2019ao\u00fbt. Nous sommes accueillies par Jacques, un sexag\u00e9naire \u00e0 la longue ... Read More","og_url":"https:\/\/www.altercampagne.net\/?p=26292","og_site_name":"AlterTour","article_published_time":"2022-08-16T10:07:12+00:00","article_modified_time":"2022-08-16T10:07:14+00:00","og_image":[{"width":2560,"height":1701,"url":"https:\/\/www.altercampagne.net\/wp-content\/uploads\/2022\/08\/IMGP1941-scaled.jpg","type":"image\/jpeg"}],"author":"Jonas","twitter_card":"summary_large_image","twitter_misc":{"\u00c9crit par":"Jonas","Dur\u00e9e de lecture estim\u00e9e":"5 minutes"},"schema":{"@context":"https:\/\/schema.org","@graph":[{"@type":"Article","@id":"https:\/\/www.altercampagne.net\/?p=26292#article","isPartOf":{"@id":"https:\/\/www.altercampagne.net\/?p=26292"},"author":{"name":"Jonas","@id":"https:\/\/www.altercampagne.net\/#\/schema\/person\/308dc295a67929d58321ff6b59820daa"},"headline":"L&rsquo;Altertour \u00e0 l&rsquo;Oasis de Lentiourel","datePublished":"2022-08-16T10:07:12+00:00","dateModified":"2022-08-16T10:07:14+00:00","mainEntityOfPage":{"@id":"https:\/\/www.altercampagne.net\/?p=26292"},"wordCount":757,"image":{"@id":"https:\/\/www.altercampagne.net\/?p=26292#primaryimage"},"thumbnailUrl":"https:\/\/www.altercampagne.net\/wp-content\/uploads\/2022\/08\/IMGP1941-scaled.jpg","articleSection":["Edition 2022","Habitat","Occitanie"],"inLanguage":"fr-FR"},{"@type":"WebPage","@id":"https:\/\/www.altercampagne.net\/?p=26292","url":"https:\/\/www.altercampagne.net\/?p=26292","name":"L'Altertour \u00e0 l'Oasis de Lentiourel - AlterTour","isPartOf":{"@id":"https:\/\/www.altercampagne.net\/#website"},"primaryImageOfPage":{"@id":"https:\/\/www.altercampagne.net\/?p=26292#primaryimage"},"image":{"@id":"https:\/\/www.altercampagne.net\/?p=26292#primaryimage"},"thumbnailUrl":"https:\/\/www.altercampagne.net\/wp-content\/uploads\/2022\/08\/IMGP1941-scaled.jpg","datePublished":"2022-08-16T10:07:12+00:00","dateModified":"2022-08-16T10:07:14+00:00","author":{"@id":"https:\/\/www.altercampagne.net\/#\/schema\/person\/308dc295a67929d58321ff6b59820daa"},"breadcrumb":{"@id":"https:\/\/www.altercampagne.net\/?p=26292#breadcrumb"},"inLanguage":"fr-FR","potentialAction":[{"@type":"ReadAction","target":["https:\/\/www.altercampagne.net\/?p=26292"]}]},{"@type":"ImageObject","inLanguage":"fr-FR","@id":"https:\/\/www.altercampagne.net\/?p=26292#primaryimage","url":"https:\/\/www.altercampagne.net\/wp-content\/uploads\/2022\/08\/IMGP1941-scaled.jpg","contentUrl":"https:\/\/www.altercampagne.net\/wp-content\/uploads\/2022\/08\/IMGP1941-scaled.jpg","width":2560,"height":1701},{"@type":"BreadcrumbList","@id":"https:\/\/www.altercampagne.net\/?p=26292#breadcrumb","itemListElement":[{"@type":"ListItem","position":1,"name":"Accueil","item":"https:\/\/www.altercampagne.net\/"},{"@type":"ListItem","position":2,"name":"L&rsquo;Altertour \u00e0 l&rsquo;Oasis de Lentiourel"}]},{"@type":"WebSite","@id":"https:\/\/www.altercampagne.net\/#website","url":"https:\/\/www.altercampagne.net\/","name":"AlterTour","description":"Reliez les Alternatives \u00e0 v\u00e9lo","potentialAction":[{"@type":"SearchAction","target":{"@type":"EntryPoint","urlTemplate":"https:\/\/www.altercampagne.net\/?s={search_term_string}"},"query-input":{"@type":"PropertyValueSpecification","valueRequired":true,"valueName":"search_term_string"}}],"inLanguage":"fr-FR"},{"@type":"Person","@id":"https:\/\/www.altercampagne.net\/#\/schema\/person\/308dc295a67929d58321ff6b59820daa","name":"Jonas","image":{"@type":"ImageObject","inLanguage":"fr-FR","@id":"https:\/\/secure.gravatar.com\/avatar\/ade7b451791545d463915f445a8aee91b58c48cdcbc1ab2b8583fa2f30e159e4?s=96&d=mm&r=g","url":"https:\/\/secure.gravatar.com\/avatar\/ade7b451791545d463915f445a8aee91b58c48cdcbc1ab2b8583fa2f30e159e4?s=96&d=mm&r=g","contentUrl":"https:\/\/secure.gravatar.com\/avatar\/ade7b451791545d463915f445a8aee91b58c48cdcbc1ab2b8583fa2f30e159e4?s=96&d=mm&r=g","caption":"Jonas"},"url":"https:\/\/www.altercampagne.net\/?author=316"}]}},"_links":{"self":[{"href":"https:\/\/www.altercampagne.net\/index.php?rest_route=\/wp\/v2\/posts\/26292","targetHints":{"allow":["GET"]}}],"collection":[{"href":"https:\/\/www.altercampagne.net\/index.php?rest_route=\/wp\/v2\/posts"}],"about":[{"href":"https:\/\/www.altercampagne.net\/index.php?rest_route=\/wp\/v2\/types\/post"}],"author":[{"embeddable":true,"href":"https:\/\/www.altercampagne.net\/index.php?rest_route=\/wp\/v2\/users\/316"}],"replies":[{"embeddable":true,"href":"https:\/\/www.altercampagne.net\/index.php?rest_route=%2Fwp%2Fv2%2Fcomments&post=26292"}],"version-history":[{"count":3,"href":"https:\/\/www.altercampagne.net\/index.php?rest_route=\/wp\/v2\/posts\/26292\/revisions"}],"predecessor-version":[{"id":26318,"href":"https:\/\/www.altercampagne.net\/index.php?rest_route=\/wp\/v2\/posts\/26292\/revisions\/26318"}],"wp:featuredmedia":[{"embeddable":true,"href":"https:\/\/www.altercampagne.net\/index.php?rest_route=\/wp\/v2\/media\/26315"}],"wp:attachment":[{"href":"https:\/\/www.altercampagne.net\/index.php?rest_route=%2Fwp%2Fv2%2Fmedia&parent=26292"}],"wp:term":[{"taxonomy":"category","embeddable":true,"href":"https:\/\/www.altercampagne.net\/index.php?rest_route=%2Fwp%2Fv2%2Fcategories&post=26292"},{"taxonomy":"post_tag","embeddable":true,"href":"https:\/\/www.altercampagne.net\/index.php?rest_route=%2Fwp%2Fv2%2Ftags&post=26292"}],"curies":[{"name":"wp","href":"https:\/\/api.w.org\/{rel}","templated":true}]}}