{"id":26301,"date":"2022-08-16T11:59:14","date_gmt":"2022-08-16T09:59:14","guid":{"rendered":"https:\/\/www.altercampagne.net\/?p=26301"},"modified":"2022-08-16T12:01:55","modified_gmt":"2022-08-16T10:01:55","slug":"les-bons-macdo-et-les-truels","status":"publish","type":"post","link":"https:\/\/www.altercampagne.net\/?p=26301","title":{"rendered":"Les Bons, MacDo et Les Truels"},"content":{"rendered":"\n<p>Deuxi\u00e8me et dernier r\u00e9veil \u00e0 <a href=\"https:\/\/www.facebook.com\/gaecdestruelsdularzac\/\">la ferme des Truels<\/a> sur le plateau du Larzac, <strong>haut lieu de la r\u00e9sistance paysanne<\/strong> de 1971 \u00e0 1981, o\u00f9 nous avons dormi en r\u00eavant de lutte, de solidarit\u00e9 et aussi de b\u00e9b\u00e9s ch\u00e8vres trop mignons. <br>D\u00e9part matinal de toute la troupe par les magnifiques routes au milieu des champs de brebis qui n&rsquo;ont pas manqu\u00e9 de nous manifester leur soutien en b\u00ealant quelques petits coups \u00e0 notre passage.<\/p>\n\n\n\n<p>A midi, nous avons eu la chance de rencontrer les militants de Roquefort qui nous ont racont\u00e9 <strong>le d\u00e9mant\u00e8lement du MacDonald&rsquo;s de Millau en 1999<\/strong> pour protester contre la taxe am\u00e9ricaine sur le fromage fran\u00e7ais. 20 ans plus tard, le Roquefort se vend toujours outre atlantique et le MacDo de Millau est le plus c\u00e9l\u00e8bre de France.<\/p>\n\n\n\n<p>L&rsquo;Altertour continue son chemin dans l&rsquo;Aveyron et apr\u00e8s une tr\u00e8s chaude journ\u00e9e de mont\u00e9es, de descentes, et de mont\u00e9es encore, nous sommes arriv\u00e9s \u00e0 <a href=\"https:\/\/lentiourel.com\/\">l&rsquo;Oasis de Lentiourel<\/a>, magnifique hameau de pierre perch\u00e9 au dessus de la vall\u00e9e o\u00f9 Jacques, l&rsquo;un des 7 habitants du lieu, nous a accueilli et racont\u00e9 l&rsquo;histoire de ce<strong> lieu auto-g\u00e9r\u00e9, pionnier des Oasis<\/strong> (la 13\u00e8me Oasis cr\u00e9\u00e9e en France).<\/p>\n\n\n\n<p>Mention sp\u00e9ciale pour la sublime cabane des toilettes s\u00e8ches accessible par une petite passerelle de bois, fen\u00eatre panoramique vue sur vall\u00e9e et syst\u00e8me sans contact avec r\u00e9cup\u00e9ration dissoci\u00e9e du pipi et du caca&#8230; on n&rsquo;arr\u00eate pas le progr\u00e8s&nbsp;!<\/p>\n\n\n\n<p>Au programme de demain, journ\u00e9e sans v\u00e9lo, ateliers de polyrythmie, de danse en synchronicit\u00e9, de vaisselle \u00e0 la cendre et de fabrication d&rsquo;un zome f\u00e9minin&#8230; Tout le monde a tellement h\u00e2te que nous partons nous coucher en courant sous un tr\u00e8s beau ciel \u00e9toil\u00e9.<\/p>\n\n\n\n<p class=\"has-text-align-right\"><em>Alice \u00e0 la r\u00e9daction et Thibault \u00e0 la photo<\/em><\/p>\n","protected":false},"excerpt":{"rendered":"<p>Deuxi\u00e8me et dernier r\u00e9veil \u00e0 la ferme des Truels sur le plateau du Larzac, haut lieu de la r\u00e9sistance paysanne de 1971 \u00e0 1981, o\u00f9 nous avons dormi en r\u00eavant de lutte, de solidarit\u00e9 et aussi de b\u00e9b\u00e9s ch\u00e8vres trop mignons. D\u00e9part matinal de toute la troupe par les magnifiques &#8230; <\/p>\n<div><a href=\"https:\/\/www.altercampagne.net\/?p=26301\" class=\"more-link\">Read More<\/a><\/div>\n","protected":false},"author":316,"featured_media":26312,"comment_status":"closed","ping_status":"closed","sticky":false,"template":"","format":"standard","meta":{"footnotes":""},"categories":[4357,3490,3542,3480,1],"tags":[],"class_list":["post-26301","post","type-post","status-publish","format-standard","has-post-thumbnail","hentry","category-edition-2022","category-culture","category-lutte","category-occitanie","category-non-classe"],"yoast_head":"<!-- This site is optimized with the Yoast SEO plugin v27.3 - https:\/\/yoast.com\/product\/yoast-seo-wordpress\/ -->\n<title>Les Bons, MacDo et Les Truels - AlterTour<\/title>\n<meta name=\"robots\" content=\"index, follow, max-snippet:-1, max-image-preview:large, max-video-preview:-1\" \/>\n<link rel=\"canonical\" href=\"https:\/\/www.altercampagne.net\/?p=26301\" \/>\n<meta property=\"og:locale\" content=\"fr_FR\" \/>\n<meta property=\"og:type\" content=\"article\" \/>\n<meta property=\"og:title\" content=\"Les Bons, MacDo et Les Truels - AlterTour\" \/>\n<meta property=\"og:description\" content=\"Deuxi\u00e8me et dernier r\u00e9veil \u00e0 la ferme des Truels sur le plateau du Larzac, haut lieu de la r\u00e9sistance paysanne de 1971 \u00e0 1981, o\u00f9 nous avons dormi en r\u00eavant de lutte, de solidarit\u00e9 et aussi de b\u00e9b\u00e9s ch\u00e8vres trop mignons. D\u00e9part matinal de toute la troupe par les magnifiques ... Read More\" \/>\n<meta property=\"og:url\" content=\"https:\/\/www.altercampagne.net\/?p=26301\" \/>\n<meta property=\"og:site_name\" content=\"AlterTour\" \/>\n<meta property=\"article:published_time\" content=\"2022-08-16T09:59:14+00:00\" \/>\n<meta property=\"article:modified_time\" content=\"2022-08-16T10:01:55+00:00\" \/>\n<meta property=\"og:image\" content=\"https:\/\/www.altercampagne.net\/wp-content\/uploads\/2022\/08\/IMGP1837-scaled.jpg\" \/>\n\t<meta property=\"og:image:width\" content=\"2560\" \/>\n\t<meta property=\"og:image:height\" content=\"1701\" \/>\n\t<meta property=\"og:image:type\" content=\"image\/jpeg\" \/>\n<meta name=\"author\" content=\"Jonas\" \/>\n<meta name=\"twitter:card\" content=\"summary_large_image\" \/>\n<meta name=\"twitter:label1\" content=\"\u00c9crit par\" \/>\n\t<meta name=\"twitter:data1\" content=\"Jonas\" \/>\n\t<meta name=\"twitter:label2\" content=\"Dur\u00e9e de lecture estim\u00e9e\" \/>\n\t<meta name=\"twitter:data2\" content=\"2 minutes\" \/>\n<script type=\"application\/ld+json\" class=\"yoast-schema-graph\">{\"@context\":\"https:\\\/\\\/schema.org\",\"@graph\":[{\"@type\":\"Article\",\"@id\":\"https:\\\/\\\/www.altercampagne.net\\\/?p=26301#article\",\"isPartOf\":{\"@id\":\"https:\\\/\\\/www.altercampagne.net\\\/?p=26301\"},\"author\":{\"name\":\"Jonas\",\"@id\":\"https:\\\/\\\/www.altercampagne.net\\\/#\\\/schema\\\/person\\\/308dc295a67929d58321ff6b59820daa\"},\"headline\":\"Les Bons, MacDo et Les Truels\",\"datePublished\":\"2022-08-16T09:59:14+00:00\",\"dateModified\":\"2022-08-16T10:01:55+00:00\",\"mainEntityOfPage\":{\"@id\":\"https:\\\/\\\/www.altercampagne.net\\\/?p=26301\"},\"wordCount\":330,\"image\":{\"@id\":\"https:\\\/\\\/www.altercampagne.net\\\/?p=26301#primaryimage\"},\"thumbnailUrl\":\"https:\\\/\\\/www.altercampagne.net\\\/wp-content\\\/uploads\\\/2022\\\/08\\\/IMGP1837-scaled.jpg\",\"articleSection\":[\"Edition 2022\",\"Culture\",\"Lutte\",\"Occitanie\"],\"inLanguage\":\"fr-FR\"},{\"@type\":\"WebPage\",\"@id\":\"https:\\\/\\\/www.altercampagne.net\\\/?p=26301\",\"url\":\"https:\\\/\\\/www.altercampagne.net\\\/?p=26301\",\"name\":\"Les Bons, MacDo et Les Truels - AlterTour\",\"isPartOf\":{\"@id\":\"https:\\\/\\\/www.altercampagne.net\\\/#website\"},\"primaryImageOfPage\":{\"@id\":\"https:\\\/\\\/www.altercampagne.net\\\/?p=26301#primaryimage\"},\"image\":{\"@id\":\"https:\\\/\\\/www.altercampagne.net\\\/?p=26301#primaryimage\"},\"thumbnailUrl\":\"https:\\\/\\\/www.altercampagne.net\\\/wp-content\\\/uploads\\\/2022\\\/08\\\/IMGP1837-scaled.jpg\",\"datePublished\":\"2022-08-16T09:59:14+00:00\",\"dateModified\":\"2022-08-16T10:01:55+00:00\",\"author\":{\"@id\":\"https:\\\/\\\/www.altercampagne.net\\\/#\\\/schema\\\/person\\\/308dc295a67929d58321ff6b59820daa\"},\"breadcrumb\":{\"@id\":\"https:\\\/\\\/www.altercampagne.net\\\/?p=26301#breadcrumb\"},\"inLanguage\":\"fr-FR\",\"potentialAction\":[{\"@type\":\"ReadAction\",\"target\":[\"https:\\\/\\\/www.altercampagne.net\\\/?p=26301\"]}]},{\"@type\":\"ImageObject\",\"inLanguage\":\"fr-FR\",\"@id\":\"https:\\\/\\\/www.altercampagne.net\\\/?p=26301#primaryimage\",\"url\":\"https:\\\/\\\/www.altercampagne.net\\\/wp-content\\\/uploads\\\/2022\\\/08\\\/IMGP1837-scaled.jpg\",\"contentUrl\":\"https:\\\/\\\/www.altercampagne.net\\\/wp-content\\\/uploads\\\/2022\\\/08\\\/IMGP1837-scaled.jpg\",\"width\":2560,\"height\":1701},{\"@type\":\"BreadcrumbList\",\"@id\":\"https:\\\/\\\/www.altercampagne.net\\\/?p=26301#breadcrumb\",\"itemListElement\":[{\"@type\":\"ListItem\",\"position\":1,\"name\":\"Accueil\",\"item\":\"https:\\\/\\\/www.altercampagne.net\\\/\"},{\"@type\":\"ListItem\",\"position\":2,\"name\":\"Les Bons, MacDo et Les Truels\"}]},{\"@type\":\"WebSite\",\"@id\":\"https:\\\/\\\/www.altercampagne.net\\\/#website\",\"url\":\"https:\\\/\\\/www.altercampagne.net\\\/\",\"name\":\"AlterTour\",\"description\":\"Reliez les Alternatives \u00e0 v\u00e9lo\",\"potentialAction\":[{\"@type\":\"SearchAction\",\"target\":{\"@type\":\"EntryPoint\",\"urlTemplate\":\"https:\\\/\\\/www.altercampagne.net\\\/?s={search_term_string}\"},\"query-input\":{\"@type\":\"PropertyValueSpecification\",\"valueRequired\":true,\"valueName\":\"search_term_string\"}}],\"inLanguage\":\"fr-FR\"},{\"@type\":\"Person\",\"@id\":\"https:\\\/\\\/www.altercampagne.net\\\/#\\\/schema\\\/person\\\/308dc295a67929d58321ff6b59820daa\",\"name\":\"Jonas\",\"image\":{\"@type\":\"ImageObject\",\"inLanguage\":\"fr-FR\",\"@id\":\"https:\\\/\\\/secure.gravatar.com\\\/avatar\\\/ade7b451791545d463915f445a8aee91b58c48cdcbc1ab2b8583fa2f30e159e4?s=96&d=mm&r=g\",\"url\":\"https:\\\/\\\/secure.gravatar.com\\\/avatar\\\/ade7b451791545d463915f445a8aee91b58c48cdcbc1ab2b8583fa2f30e159e4?s=96&d=mm&r=g\",\"contentUrl\":\"https:\\\/\\\/secure.gravatar.com\\\/avatar\\\/ade7b451791545d463915f445a8aee91b58c48cdcbc1ab2b8583fa2f30e159e4?s=96&d=mm&r=g\",\"caption\":\"Jonas\"},\"url\":\"https:\\\/\\\/www.altercampagne.net\\\/?author=316\"}]}<\/script>\n<!-- \/ Yoast SEO plugin. -->","yoast_head_json":{"title":"Les Bons, MacDo et Les Truels - AlterTour","robots":{"index":"index","follow":"follow","max-snippet":"max-snippet:-1","max-image-preview":"max-image-preview:large","max-video-preview":"max-video-preview:-1"},"canonical":"https:\/\/www.altercampagne.net\/?p=26301","og_locale":"fr_FR","og_type":"article","og_title":"Les Bons, MacDo et Les Truels - AlterTour","og_description":"Deuxi\u00e8me et dernier r\u00e9veil \u00e0 la ferme des Truels sur le plateau du Larzac, haut lieu de la r\u00e9sistance paysanne de 1971 \u00e0 1981, o\u00f9 nous avons dormi en r\u00eavant de lutte, de solidarit\u00e9 et aussi de b\u00e9b\u00e9s ch\u00e8vres trop mignons. D\u00e9part matinal de toute la troupe par les magnifiques ... Read More","og_url":"https:\/\/www.altercampagne.net\/?p=26301","og_site_name":"AlterTour","article_published_time":"2022-08-16T09:59:14+00:00","article_modified_time":"2022-08-16T10:01:55+00:00","og_image":[{"width":2560,"height":1701,"url":"https:\/\/www.altercampagne.net\/wp-content\/uploads\/2022\/08\/IMGP1837-scaled.jpg","type":"image\/jpeg"}],"author":"Jonas","twitter_card":"summary_large_image","twitter_misc":{"\u00c9crit par":"Jonas","Dur\u00e9e de lecture estim\u00e9e":"2 minutes"},"schema":{"@context":"https:\/\/schema.org","@graph":[{"@type":"Article","@id":"https:\/\/www.altercampagne.net\/?p=26301#article","isPartOf":{"@id":"https:\/\/www.altercampagne.net\/?p=26301"},"author":{"name":"Jonas","@id":"https:\/\/www.altercampagne.net\/#\/schema\/person\/308dc295a67929d58321ff6b59820daa"},"headline":"Les Bons, MacDo et Les Truels","datePublished":"2022-08-16T09:59:14+00:00","dateModified":"2022-08-16T10:01:55+00:00","mainEntityOfPage":{"@id":"https:\/\/www.altercampagne.net\/?p=26301"},"wordCount":330,"image":{"@id":"https:\/\/www.altercampagne.net\/?p=26301#primaryimage"},"thumbnailUrl":"https:\/\/www.altercampagne.net\/wp-content\/uploads\/2022\/08\/IMGP1837-scaled.jpg","articleSection":["Edition 2022","Culture","Lutte","Occitanie"],"inLanguage":"fr-FR"},{"@type":"WebPage","@id":"https:\/\/www.altercampagne.net\/?p=26301","url":"https:\/\/www.altercampagne.net\/?p=26301","name":"Les Bons, MacDo et Les Truels - AlterTour","isPartOf":{"@id":"https:\/\/www.altercampagne.net\/#website"},"primaryImageOfPage":{"@id":"https:\/\/www.altercampagne.net\/?p=26301#primaryimage"},"image":{"@id":"https:\/\/www.altercampagne.net\/?p=26301#primaryimage"},"thumbnailUrl":"https:\/\/www.altercampagne.net\/wp-content\/uploads\/2022\/08\/IMGP1837-scaled.jpg","datePublished":"2022-08-16T09:59:14+00:00","dateModified":"2022-08-16T10:01:55+00:00","author":{"@id":"https:\/\/www.altercampagne.net\/#\/schema\/person\/308dc295a67929d58321ff6b59820daa"},"breadcrumb":{"@id":"https:\/\/www.altercampagne.net\/?p=26301#breadcrumb"},"inLanguage":"fr-FR","potentialAction":[{"@type":"ReadAction","target":["https:\/\/www.altercampagne.net\/?p=26301"]}]},{"@type":"ImageObject","inLanguage":"fr-FR","@id":"https:\/\/www.altercampagne.net\/?p=26301#primaryimage","url":"https:\/\/www.altercampagne.net\/wp-content\/uploads\/2022\/08\/IMGP1837-scaled.jpg","contentUrl":"https:\/\/www.altercampagne.net\/wp-content\/uploads\/2022\/08\/IMGP1837-scaled.jpg","width":2560,"height":1701},{"@type":"BreadcrumbList","@id":"https:\/\/www.altercampagne.net\/?p=26301#breadcrumb","itemListElement":[{"@type":"ListItem","position":1,"name":"Accueil","item":"https:\/\/www.altercampagne.net\/"},{"@type":"ListItem","position":2,"name":"Les Bons, MacDo et Les Truels"}]},{"@type":"WebSite","@id":"https:\/\/www.altercampagne.net\/#website","url":"https:\/\/www.altercampagne.net\/","name":"AlterTour","description":"Reliez les Alternatives \u00e0 v\u00e9lo","potentialAction":[{"@type":"SearchAction","target":{"@type":"EntryPoint","urlTemplate":"https:\/\/www.altercampagne.net\/?s={search_term_string}"},"query-input":{"@type":"PropertyValueSpecification","valueRequired":true,"valueName":"search_term_string"}}],"inLanguage":"fr-FR"},{"@type":"Person","@id":"https:\/\/www.altercampagne.net\/#\/schema\/person\/308dc295a67929d58321ff6b59820daa","name":"Jonas","image":{"@type":"ImageObject","inLanguage":"fr-FR","@id":"https:\/\/secure.gravatar.com\/avatar\/ade7b451791545d463915f445a8aee91b58c48cdcbc1ab2b8583fa2f30e159e4?s=96&d=mm&r=g","url":"https:\/\/secure.gravatar.com\/avatar\/ade7b451791545d463915f445a8aee91b58c48cdcbc1ab2b8583fa2f30e159e4?s=96&d=mm&r=g","contentUrl":"https:\/\/secure.gravatar.com\/avatar\/ade7b451791545d463915f445a8aee91b58c48cdcbc1ab2b8583fa2f30e159e4?s=96&d=mm&r=g","caption":"Jonas"},"url":"https:\/\/www.altercampagne.net\/?author=316"}]}},"_links":{"self":[{"href":"https:\/\/www.altercampagne.net\/index.php?rest_route=\/wp\/v2\/posts\/26301","targetHints":{"allow":["GET"]}}],"collection":[{"href":"https:\/\/www.altercampagne.net\/index.php?rest_route=\/wp\/v2\/posts"}],"about":[{"href":"https:\/\/www.altercampagne.net\/index.php?rest_route=\/wp\/v2\/types\/post"}],"author":[{"embeddable":true,"href":"https:\/\/www.altercampagne.net\/index.php?rest_route=\/wp\/v2\/users\/316"}],"replies":[{"embeddable":true,"href":"https:\/\/www.altercampagne.net\/index.php?rest_route=%2Fwp%2Fv2%2Fcomments&post=26301"}],"version-history":[{"count":3,"href":"https:\/\/www.altercampagne.net\/index.php?rest_route=\/wp\/v2\/posts\/26301\/revisions"}],"predecessor-version":[{"id":26314,"href":"https:\/\/www.altercampagne.net\/index.php?rest_route=\/wp\/v2\/posts\/26301\/revisions\/26314"}],"wp:featuredmedia":[{"embeddable":true,"href":"https:\/\/www.altercampagne.net\/index.php?rest_route=\/wp\/v2\/media\/26312"}],"wp:attachment":[{"href":"https:\/\/www.altercampagne.net\/index.php?rest_route=%2Fwp%2Fv2%2Fmedia&parent=26301"}],"wp:term":[{"taxonomy":"category","embeddable":true,"href":"https:\/\/www.altercampagne.net\/index.php?rest_route=%2Fwp%2Fv2%2Fcategories&post=26301"},{"taxonomy":"post_tag","embeddable":true,"href":"https:\/\/www.altercampagne.net\/index.php?rest_route=%2Fwp%2Fv2%2Ftags&post=26301"}],"curies":[{"name":"wp","href":"https:\/\/api.w.org\/{rel}","templated":true}]}}