{"id":26306,"date":"2022-08-13T07:00:00","date_gmt":"2022-08-13T05:00:00","guid":{"rendered":"https:\/\/www.altercampagne.net\/?p=26306"},"modified":"2022-08-22T08:29:24","modified_gmt":"2022-08-22T06:29:24","slug":"chanson-du-reveil-les-altercyclistes","status":"publish","type":"post","link":"https:\/\/www.altercampagne.net\/?p=26306","title":{"rendered":"Chanson du r\u00e9veil : Les Altercyclistes"},"content":{"rendered":"\n<p><strong>Samedi 13 ao\u00fbt au matin, au <a href=\"https:\/\/www.lesglottesrebelles.com\/wp-content\/uploads\/2018\/06\/Taillisvert-espaceco2018.pdf\"><em>Taillis Vert<\/em><\/a> <\/strong><\/p>\n\n\n\n<p><em>(Sur l\u2019air de \u201cJ\u2019aime les gens qui doutent\u201d, de Anne Sylvestre)<\/em><\/p>\n\n\n\n<p>J\u2019aime les altercyclistes<br>Qui roulent sur les pistes<br>Le coeur tout l\u00e9ger<br>J\u2019aime les gens qui p\u00e9dalent<br>Et qui parfois calent<br>Mais sans se d\u00e9monter<\/p>\n\n\n\n<p>J\u2019aime les gens qui cuisinent<br>On se l\u00e8che les babines<br>A l\u2019id\u00e9e de manger<br>J\u2019aime les gens au service&nbsp;<br>Qui nous servent ces d\u00e9lices<br>Toujours d\u2019un air enjou\u00e9<\/p>\n\n\n\n<p>J\u2019aime la vie au D-Tour<br>J\u2019voudrais y \u00eatre tous les jours<\/p>\n\n\n\n<p>J\u2019aime les gens qu\u2019on rencontre<br>Celleux qui n\u2019ont pas honte<br>De faire \u201cpas comme il faut\u201d<br>Celleux qui plantent des graines<br>Du genre de celles qu\u2019on aime<br>Qui rendent le monde plus beau<\/p>\n\n\n\n<p>Celleux qui jusqu\u2019au bout<br>On su tenir le coup<br>Et garder leur grand coeur<br>Celleux qui on su dire<br>\u201cD\u00e9livrez-nous du pire<br>Et gardez le meilleur\u201d<\/p>\n\n\n\n<p>J\u2019aime la vie au D-Tour<br>J\u2019voudrais y \u00eatre tous les jours<\/p>\n\n\n\n<p>J\u2019aime les gens qui pr\u00e9parent<br>Des \u00e9tapes en fanfare<br>Malgr\u00e9 les d\u00e9nivel\u00e9s<br>Celleux qui veulent bien faire<br>Des parcours d\u2019enfer<br>En restant motiv\u00e9.e.s<\/p>\n\n\n\n<p>Celleux qui comme Liam<br>Y ont mis toute leur \u00e2me<br>Et qui ont tout donn\u00e9<br>Qui comme S\u00e9bastien<br>Ont fait mine de rien<br>Sans jamais rien l\u00e2cher<\/p>\n\n\n\n<p>J\u2019aime la vie au D-Tour<br>J\u2019voudrais y \u00eatre tous les jours<\/p>\n\n\n\n<p>J\u2019aime les altercyclistes<br>Qui sans cesse r\u00e9sistent<br>Mais ont besoin d\u2019souffler<br>Et qui avec courage<br>Viennent apaiser leur rage<br>Et se remotiver<\/p>\n\n\n\n<p>Qui se disent que l\u2019\u00e2me<br>Fait de plus belles flammes<br>Quand on est r\u00e9uni.e.s<br>Et qui se remercient<br>Qui se disent, qui se crient :<br>\u201cLe D\u2019Tour c\u2019est la vie !\u201d<\/p>\n\n\n\n<p>Merci pour la tendresse<br>Et tant pis pour vos fesses<br>Qui ont fait ce qu\u2019elles ont pu<\/p>\n\n\n\n<p class=\"has-text-align-right\"><em>Auteur.es : Nanou et Vincent<br>Chant : Mathilde, Nanou et Vincent<\/em><\/p>\n","protected":false},"excerpt":{"rendered":"<p>\u00ab\u00a0J\u2019aime les altercyclistes<br \/>\nQui roulent sur les pistes<br \/>\nLe coeur tout l\u00e9ger\u00a0\u00bb<\/p>\n","protected":false},"author":215,"featured_media":26342,"comment_status":"closed","ping_status":"closed","sticky":false,"template":"","format":"standard","meta":{"footnotes":""},"categories":[3471,4311,4357,3540],"tags":[],"class_list":["post-26306","post","type-post","status-publish","format-standard","has-post-thumbnail","hentry","category-auvergne-rhone-alpes","category-alter-d-tour","category-edition-2022","category-transverse"],"yoast_head":"<!-- This site is optimized with the Yoast SEO plugin v27.3 - https:\/\/yoast.com\/product\/yoast-seo-wordpress\/ -->\n<title>Chanson du r\u00e9veil : Les Altercyclistes - AlterTour<\/title>\n<meta name=\"robots\" content=\"index, follow, max-snippet:-1, max-image-preview:large, max-video-preview:-1\" \/>\n<link rel=\"canonical\" href=\"https:\/\/www.altercampagne.net\/?p=26306\" \/>\n<meta property=\"og:locale\" content=\"fr_FR\" \/>\n<meta property=\"og:type\" content=\"article\" \/>\n<meta property=\"og:title\" content=\"Chanson du r\u00e9veil : Les Altercyclistes - AlterTour\" \/>\n<meta property=\"og:description\" content=\"&quot;J\u2019aime les altercyclistes Qui roulent sur les pistes Le coeur tout l\u00e9ger&quot;\" \/>\n<meta property=\"og:url\" content=\"https:\/\/www.altercampagne.net\/?p=26306\" \/>\n<meta property=\"og:site_name\" content=\"AlterTour\" \/>\n<meta property=\"article:published_time\" content=\"2022-08-13T05:00:00+00:00\" \/>\n<meta property=\"article:modified_time\" content=\"2022-08-22T06:29:24+00:00\" \/>\n<meta property=\"og:image\" content=\"https:\/\/www.altercampagne.net\/wp-content\/uploads\/2022\/08\/ADT22_220812_Taillis_Vert_01.jpg\" \/>\n\t<meta property=\"og:image:width\" content=\"1000\" \/>\n\t<meta property=\"og:image:height\" content=\"665\" \/>\n\t<meta property=\"og:image:type\" content=\"image\/jpeg\" \/>\n<meta name=\"author\" content=\"AlterTour\" \/>\n<meta name=\"twitter:card\" content=\"summary_large_image\" \/>\n<meta name=\"twitter:label1\" content=\"\u00c9crit par\" \/>\n\t<meta name=\"twitter:data1\" content=\"AlterTour\" \/>\n\t<meta name=\"twitter:label2\" content=\"Dur\u00e9e de lecture estim\u00e9e\" \/>\n\t<meta name=\"twitter:data2\" content=\"2 minutes\" \/>\n<script type=\"application\/ld+json\" class=\"yoast-schema-graph\">{\"@context\":\"https:\\\/\\\/schema.org\",\"@graph\":[{\"@type\":\"Article\",\"@id\":\"https:\\\/\\\/www.altercampagne.net\\\/?p=26306#article\",\"isPartOf\":{\"@id\":\"https:\\\/\\\/www.altercampagne.net\\\/?p=26306\"},\"author\":{\"name\":\"AlterTour\",\"@id\":\"https:\\\/\\\/www.altercampagne.net\\\/#\\\/schema\\\/person\\\/e5b68c803196f649c2152249d262d94a\"},\"headline\":\"Chanson du r\u00e9veil : Les Altercyclistes\",\"datePublished\":\"2022-08-13T05:00:00+00:00\",\"dateModified\":\"2022-08-22T06:29:24+00:00\",\"mainEntityOfPage\":{\"@id\":\"https:\\\/\\\/www.altercampagne.net\\\/?p=26306\"},\"wordCount\":303,\"image\":{\"@id\":\"https:\\\/\\\/www.altercampagne.net\\\/?p=26306#primaryimage\"},\"thumbnailUrl\":\"https:\\\/\\\/www.altercampagne.net\\\/wp-content\\\/uploads\\\/2022\\\/08\\\/ADT22_220812_Taillis_Vert_01.jpg\",\"articleSection\":[\"Auvergne-Rh\u00f4ne-Alpes\",\"Alter-D-tour\",\"Edition 2022\",\"Transverse\"],\"inLanguage\":\"fr-FR\"},{\"@type\":\"WebPage\",\"@id\":\"https:\\\/\\\/www.altercampagne.net\\\/?p=26306\",\"url\":\"https:\\\/\\\/www.altercampagne.net\\\/?p=26306\",\"name\":\"Chanson du r\u00e9veil : Les Altercyclistes - AlterTour\",\"isPartOf\":{\"@id\":\"https:\\\/\\\/www.altercampagne.net\\\/#website\"},\"primaryImageOfPage\":{\"@id\":\"https:\\\/\\\/www.altercampagne.net\\\/?p=26306#primaryimage\"},\"image\":{\"@id\":\"https:\\\/\\\/www.altercampagne.net\\\/?p=26306#primaryimage\"},\"thumbnailUrl\":\"https:\\\/\\\/www.altercampagne.net\\\/wp-content\\\/uploads\\\/2022\\\/08\\\/ADT22_220812_Taillis_Vert_01.jpg\",\"datePublished\":\"2022-08-13T05:00:00+00:00\",\"dateModified\":\"2022-08-22T06:29:24+00:00\",\"author\":{\"@id\":\"https:\\\/\\\/www.altercampagne.net\\\/#\\\/schema\\\/person\\\/e5b68c803196f649c2152249d262d94a\"},\"breadcrumb\":{\"@id\":\"https:\\\/\\\/www.altercampagne.net\\\/?p=26306#breadcrumb\"},\"inLanguage\":\"fr-FR\",\"potentialAction\":[{\"@type\":\"ReadAction\",\"target\":[\"https:\\\/\\\/www.altercampagne.net\\\/?p=26306\"]}]},{\"@type\":\"ImageObject\",\"inLanguage\":\"fr-FR\",\"@id\":\"https:\\\/\\\/www.altercampagne.net\\\/?p=26306#primaryimage\",\"url\":\"https:\\\/\\\/www.altercampagne.net\\\/wp-content\\\/uploads\\\/2022\\\/08\\\/ADT22_220812_Taillis_Vert_01.jpg\",\"contentUrl\":\"https:\\\/\\\/www.altercampagne.net\\\/wp-content\\\/uploads\\\/2022\\\/08\\\/ADT22_220812_Taillis_Vert_01.jpg\",\"width\":1000,\"height\":665},{\"@type\":\"BreadcrumbList\",\"@id\":\"https:\\\/\\\/www.altercampagne.net\\\/?p=26306#breadcrumb\",\"itemListElement\":[{\"@type\":\"ListItem\",\"position\":1,\"name\":\"Accueil\",\"item\":\"https:\\\/\\\/www.altercampagne.net\\\/\"},{\"@type\":\"ListItem\",\"position\":2,\"name\":\"Chanson du r\u00e9veil : Les Altercyclistes\"}]},{\"@type\":\"WebSite\",\"@id\":\"https:\\\/\\\/www.altercampagne.net\\\/#website\",\"url\":\"https:\\\/\\\/www.altercampagne.net\\\/\",\"name\":\"AlterTour\",\"description\":\"Reliez les Alternatives \u00e0 v\u00e9lo\",\"potentialAction\":[{\"@type\":\"SearchAction\",\"target\":{\"@type\":\"EntryPoint\",\"urlTemplate\":\"https:\\\/\\\/www.altercampagne.net\\\/?s={search_term_string}\"},\"query-input\":{\"@type\":\"PropertyValueSpecification\",\"valueRequired\":true,\"valueName\":\"search_term_string\"}}],\"inLanguage\":\"fr-FR\"},{\"@type\":\"Person\",\"@id\":\"https:\\\/\\\/www.altercampagne.net\\\/#\\\/schema\\\/person\\\/e5b68c803196f649c2152249d262d94a\",\"name\":\"AlterTour\",\"image\":{\"@type\":\"ImageObject\",\"inLanguage\":\"fr-FR\",\"@id\":\"https:\\\/\\\/secure.gravatar.com\\\/avatar\\\/3f2ed77f8506b8ea264ad5938bb0114bfa10f35b64086a66dfbb6e9f58ad9693?s=96&d=mm&r=g\",\"url\":\"https:\\\/\\\/secure.gravatar.com\\\/avatar\\\/3f2ed77f8506b8ea264ad5938bb0114bfa10f35b64086a66dfbb6e9f58ad9693?s=96&d=mm&r=g\",\"contentUrl\":\"https:\\\/\\\/secure.gravatar.com\\\/avatar\\\/3f2ed77f8506b8ea264ad5938bb0114bfa10f35b64086a66dfbb6e9f58ad9693?s=96&d=mm&r=g\",\"caption\":\"AlterTour\"},\"url\":\"https:\\\/\\\/www.altercampagne.net\\\/?author=215\"}]}<\/script>\n<!-- \/ Yoast SEO plugin. -->","yoast_head_json":{"title":"Chanson du r\u00e9veil : Les Altercyclistes - AlterTour","robots":{"index":"index","follow":"follow","max-snippet":"max-snippet:-1","max-image-preview":"max-image-preview:large","max-video-preview":"max-video-preview:-1"},"canonical":"https:\/\/www.altercampagne.net\/?p=26306","og_locale":"fr_FR","og_type":"article","og_title":"Chanson du r\u00e9veil : Les Altercyclistes - AlterTour","og_description":"\"J\u2019aime les altercyclistes Qui roulent sur les pistes Le coeur tout l\u00e9ger\"","og_url":"https:\/\/www.altercampagne.net\/?p=26306","og_site_name":"AlterTour","article_published_time":"2022-08-13T05:00:00+00:00","article_modified_time":"2022-08-22T06:29:24+00:00","og_image":[{"width":1000,"height":665,"url":"https:\/\/www.altercampagne.net\/wp-content\/uploads\/2022\/08\/ADT22_220812_Taillis_Vert_01.jpg","type":"image\/jpeg"}],"author":"AlterTour","twitter_card":"summary_large_image","twitter_misc":{"\u00c9crit par":"AlterTour","Dur\u00e9e de lecture estim\u00e9e":"2 minutes"},"schema":{"@context":"https:\/\/schema.org","@graph":[{"@type":"Article","@id":"https:\/\/www.altercampagne.net\/?p=26306#article","isPartOf":{"@id":"https:\/\/www.altercampagne.net\/?p=26306"},"author":{"name":"AlterTour","@id":"https:\/\/www.altercampagne.net\/#\/schema\/person\/e5b68c803196f649c2152249d262d94a"},"headline":"Chanson du r\u00e9veil : Les Altercyclistes","datePublished":"2022-08-13T05:00:00+00:00","dateModified":"2022-08-22T06:29:24+00:00","mainEntityOfPage":{"@id":"https:\/\/www.altercampagne.net\/?p=26306"},"wordCount":303,"image":{"@id":"https:\/\/www.altercampagne.net\/?p=26306#primaryimage"},"thumbnailUrl":"https:\/\/www.altercampagne.net\/wp-content\/uploads\/2022\/08\/ADT22_220812_Taillis_Vert_01.jpg","articleSection":["Auvergne-Rh\u00f4ne-Alpes","Alter-D-tour","Edition 2022","Transverse"],"inLanguage":"fr-FR"},{"@type":"WebPage","@id":"https:\/\/www.altercampagne.net\/?p=26306","url":"https:\/\/www.altercampagne.net\/?p=26306","name":"Chanson du r\u00e9veil : Les Altercyclistes - AlterTour","isPartOf":{"@id":"https:\/\/www.altercampagne.net\/#website"},"primaryImageOfPage":{"@id":"https:\/\/www.altercampagne.net\/?p=26306#primaryimage"},"image":{"@id":"https:\/\/www.altercampagne.net\/?p=26306#primaryimage"},"thumbnailUrl":"https:\/\/www.altercampagne.net\/wp-content\/uploads\/2022\/08\/ADT22_220812_Taillis_Vert_01.jpg","datePublished":"2022-08-13T05:00:00+00:00","dateModified":"2022-08-22T06:29:24+00:00","author":{"@id":"https:\/\/www.altercampagne.net\/#\/schema\/person\/e5b68c803196f649c2152249d262d94a"},"breadcrumb":{"@id":"https:\/\/www.altercampagne.net\/?p=26306#breadcrumb"},"inLanguage":"fr-FR","potentialAction":[{"@type":"ReadAction","target":["https:\/\/www.altercampagne.net\/?p=26306"]}]},{"@type":"ImageObject","inLanguage":"fr-FR","@id":"https:\/\/www.altercampagne.net\/?p=26306#primaryimage","url":"https:\/\/www.altercampagne.net\/wp-content\/uploads\/2022\/08\/ADT22_220812_Taillis_Vert_01.jpg","contentUrl":"https:\/\/www.altercampagne.net\/wp-content\/uploads\/2022\/08\/ADT22_220812_Taillis_Vert_01.jpg","width":1000,"height":665},{"@type":"BreadcrumbList","@id":"https:\/\/www.altercampagne.net\/?p=26306#breadcrumb","itemListElement":[{"@type":"ListItem","position":1,"name":"Accueil","item":"https:\/\/www.altercampagne.net\/"},{"@type":"ListItem","position":2,"name":"Chanson du r\u00e9veil : Les Altercyclistes"}]},{"@type":"WebSite","@id":"https:\/\/www.altercampagne.net\/#website","url":"https:\/\/www.altercampagne.net\/","name":"AlterTour","description":"Reliez les Alternatives \u00e0 v\u00e9lo","potentialAction":[{"@type":"SearchAction","target":{"@type":"EntryPoint","urlTemplate":"https:\/\/www.altercampagne.net\/?s={search_term_string}"},"query-input":{"@type":"PropertyValueSpecification","valueRequired":true,"valueName":"search_term_string"}}],"inLanguage":"fr-FR"},{"@type":"Person","@id":"https:\/\/www.altercampagne.net\/#\/schema\/person\/e5b68c803196f649c2152249d262d94a","name":"AlterTour","image":{"@type":"ImageObject","inLanguage":"fr-FR","@id":"https:\/\/secure.gravatar.com\/avatar\/3f2ed77f8506b8ea264ad5938bb0114bfa10f35b64086a66dfbb6e9f58ad9693?s=96&d=mm&r=g","url":"https:\/\/secure.gravatar.com\/avatar\/3f2ed77f8506b8ea264ad5938bb0114bfa10f35b64086a66dfbb6e9f58ad9693?s=96&d=mm&r=g","contentUrl":"https:\/\/secure.gravatar.com\/avatar\/3f2ed77f8506b8ea264ad5938bb0114bfa10f35b64086a66dfbb6e9f58ad9693?s=96&d=mm&r=g","caption":"AlterTour"},"url":"https:\/\/www.altercampagne.net\/?author=215"}]}},"_links":{"self":[{"href":"https:\/\/www.altercampagne.net\/index.php?rest_route=\/wp\/v2\/posts\/26306","targetHints":{"allow":["GET"]}}],"collection":[{"href":"https:\/\/www.altercampagne.net\/index.php?rest_route=\/wp\/v2\/posts"}],"about":[{"href":"https:\/\/www.altercampagne.net\/index.php?rest_route=\/wp\/v2\/types\/post"}],"author":[{"embeddable":true,"href":"https:\/\/www.altercampagne.net\/index.php?rest_route=\/wp\/v2\/users\/215"}],"replies":[{"embeddable":true,"href":"https:\/\/www.altercampagne.net\/index.php?rest_route=%2Fwp%2Fv2%2Fcomments&post=26306"}],"version-history":[{"count":5,"href":"https:\/\/www.altercampagne.net\/index.php?rest_route=\/wp\/v2\/posts\/26306\/revisions"}],"predecessor-version":[{"id":26415,"href":"https:\/\/www.altercampagne.net\/index.php?rest_route=\/wp\/v2\/posts\/26306\/revisions\/26415"}],"wp:featuredmedia":[{"embeddable":true,"href":"https:\/\/www.altercampagne.net\/index.php?rest_route=\/wp\/v2\/media\/26342"}],"wp:attachment":[{"href":"https:\/\/www.altercampagne.net\/index.php?rest_route=%2Fwp%2Fv2%2Fmedia&parent=26306"}],"wp:term":[{"taxonomy":"category","embeddable":true,"href":"https:\/\/www.altercampagne.net\/index.php?rest_route=%2Fwp%2Fv2%2Fcategories&post=26306"},{"taxonomy":"post_tag","embeddable":true,"href":"https:\/\/www.altercampagne.net\/index.php?rest_route=%2Fwp%2Fv2%2Ftags&post=26306"}],"curies":[{"name":"wp","href":"https:\/\/api.w.org\/{rel}","templated":true}]}}