{"id":26308,"date":"2022-07-25T11:03:00","date_gmt":"2022-07-25T09:03:00","guid":{"rendered":"https:\/\/www.altercampagne.net\/?p=26308"},"modified":"2022-08-18T17:13:10","modified_gmt":"2022-08-18T15:13:10","slug":"poeme-des-5-vagues-de-migrations-ayant-constituees-la-population-de-nozieres-2-2","status":"publish","type":"post","link":"https:\/\/www.altercampagne.net\/?p=26308","title":{"rendered":"Po\u00e8me des 5 vagues de migrations ayant constitu\u00e9es la population de Nozi\u00e8res &#8211; 2\/2"},"content":{"rendered":"\n<h4 class=\"wp-block-heading\">Les 5 vagues\u00a0<\/h4>\n\n\n\n<p>\u00d4, au haut village de Nozi\u00e8res<br>Quel accueil spectaculaire !<br>On sent d\u00e8s l\u2019arriv\u00e9e, l\u2019h\u00e9ritage de plusieurs fourn\u00e9es.<br><br>La premi\u00e8re, un peu cram\u00e9e de militants engag\u00e9s,\u00a0<br>Pr\u00e8s \u00e0 en d\u00e9coudre et \u00e0 refaire la terre,\u00a0<br>Dans ce beau village de pierre.<\/p>\n\n\n\n<p>Deuxi\u00e8me fourn\u00e9e, encore plus engag\u00e9e de citadins d\u00e9sempar\u00e9s&nbsp;<br>Par l\u2019air pollu\u00e9,&nbsp;<br>Ont rejoint les babacools,&nbsp;<br>Pour un mode de vie plus cool.<\/p>\n\n\n\n<p>Puis, une troisi\u00e8me fourn\u00e9e, femmes et enfants fuyant<br>Le navire d\u00e9sesp\u00e9rant&nbsp;<br>De la civilisation.&nbsp;<\/p>\n\n\n\n<p>Vient alors la quatri\u00e8me fourn\u00e9e,&nbsp;<br>Par la premi\u00e8re inspir\u00e9e,&nbsp;<br>D\u00e9cid\u00e9e \u00e0 rafistoler les relations pass\u00e9es.<\/p>\n\n\n\n<p>Et enfin, faisant trembler la vall\u00e9e, d\u2019un coup de p\u00e9dale d\u00e9cid\u00e9,&nbsp;<br>Dans cette mont\u00e9e infernale,&nbsp;<br>La derni\u00e8re fourn\u00e9e\u2026<\/p>\n\n\n\n<p>L\u2019alter D tour !&nbsp;<br>Belle bande d\u2019animal,&nbsp;<br>Pleine d\u2019amour,&nbsp;<br>Venue vivre l\u2019exp\u00e9rience locale.<\/p>\n\n\n\n<p class=\"has-text-align-right\"><em>No\u00e9 &amp; Ma\u00eblle<\/em><\/p>\n\n\n\n<figure class=\"wp-block-image size-large\"><a href=\"https:\/\/www.altercampagne.net\/wp-content\/uploads\/2022\/08\/ADT22_0725_NozAteliers_06.jpg\"><img loading=\"lazy\" decoding=\"async\" width=\"600\" height=\"800\" src=\"https:\/\/www.altercampagne.net\/wp-content\/uploads\/2022\/08\/ADT22_0725_NozAteliers_06.jpg\" alt=\"\" class=\"wp-image-26355\" srcset=\"https:\/\/www.altercampagne.net\/wp-content\/uploads\/2022\/08\/ADT22_0725_NozAteliers_06.jpg 600w, https:\/\/www.altercampagne.net\/wp-content\/uploads\/2022\/08\/ADT22_0725_NozAteliers_06-225x300.jpg 225w, https:\/\/www.altercampagne.net\/wp-content\/uploads\/2022\/08\/ADT22_0725_NozAteliers_06-100x133.jpg 100w\" sizes=\"auto, (max-width: 600px) 100vw, 600px\" \/><\/a><\/figure>\n\n\n\n<p class=\"has-text-align-left\"><em>\u00a0<\/em><\/p>\n","protected":false},"excerpt":{"rendered":"<p>Les 5 vagues\u00a0 \u00d4, au haut village de Nozi\u00e8resQuel accueil spectaculaire !On sent d\u00e8s l\u2019arriv\u00e9e, l\u2019h\u00e9ritage de plusieurs fourn\u00e9es. La premi\u00e8re, un peu cram\u00e9e de militants engag\u00e9s,\u00a0Pr\u00e8s \u00e0 en d\u00e9coudre et \u00e0 refaire la terre,\u00a0Dans ce beau village de pierre. Deuxi\u00e8me fourn\u00e9e, encore plus engag\u00e9e de citadins d\u00e9sempar\u00e9s&nbsp;Par l\u2019air pollu\u00e9,&nbsp;Ont &#8230; <\/p>\n<div><a href=\"https:\/\/www.altercampagne.net\/?p=26308\" class=\"more-link\">Read More<\/a><\/div>\n","protected":false},"author":215,"featured_media":26356,"comment_status":"closed","ping_status":"closed","sticky":false,"template":"","format":"standard","meta":{"footnotes":""},"categories":[3471,3483,4311,4357,3490,3486,3540],"tags":[],"class_list":["post-26308","post","type-post","status-publish","format-standard","has-post-thumbnail","hentry","category-auvergne-rhone-alpes","category-agriculture","category-alter-d-tour","category-edition-2022","category-culture","category-environnement","category-transverse"],"yoast_head":"<!-- This site is optimized with the Yoast SEO plugin v27.3 - https:\/\/yoast.com\/product\/yoast-seo-wordpress\/ -->\n<title>Po\u00e8me des 5 vagues de migrations ayant constitu\u00e9es la population de Nozi\u00e8res - 2\/2 - AlterTour<\/title>\n<meta name=\"robots\" content=\"index, follow, max-snippet:-1, max-image-preview:large, max-video-preview:-1\" \/>\n<link rel=\"canonical\" href=\"https:\/\/www.altercampagne.net\/?p=26308\" \/>\n<meta property=\"og:locale\" content=\"fr_FR\" \/>\n<meta property=\"og:type\" content=\"article\" \/>\n<meta property=\"og:title\" content=\"Po\u00e8me des 5 vagues de migrations ayant constitu\u00e9es la population de Nozi\u00e8res - 2\/2 - AlterTour\" \/>\n<meta property=\"og:description\" content=\"Les 5 vagues\u00a0 \u00d4, au haut village de Nozi\u00e8resQuel accueil spectaculaire !On sent d\u00e8s l\u2019arriv\u00e9e, l\u2019h\u00e9ritage de plusieurs fourn\u00e9es. La premi\u00e8re, un peu cram\u00e9e de militants engag\u00e9s,\u00a0Pr\u00e8s \u00e0 en d\u00e9coudre et \u00e0 refaire la terre,\u00a0Dans ce beau village de pierre. Deuxi\u00e8me fourn\u00e9e, encore plus engag\u00e9e de citadins d\u00e9sempar\u00e9s&nbsp;Par l\u2019air pollu\u00e9,&nbsp;Ont ... Read More\" \/>\n<meta property=\"og:url\" content=\"https:\/\/www.altercampagne.net\/?p=26308\" \/>\n<meta property=\"og:site_name\" content=\"AlterTour\" \/>\n<meta property=\"article:published_time\" content=\"2022-07-25T09:03:00+00:00\" \/>\n<meta property=\"article:modified_time\" content=\"2022-08-18T15:13:10+00:00\" \/>\n<meta property=\"og:image\" content=\"https:\/\/www.altercampagne.net\/wp-content\/uploads\/2022\/08\/ADT22_0725_NozAteliers_07.jpg\" \/>\n\t<meta property=\"og:image:width\" content=\"1000\" \/>\n\t<meta property=\"og:image:height\" content=\"650\" \/>\n\t<meta property=\"og:image:type\" content=\"image\/jpeg\" \/>\n<meta name=\"author\" content=\"AlterTour\" \/>\n<meta name=\"twitter:card\" content=\"summary_large_image\" \/>\n<meta name=\"twitter:label1\" content=\"\u00c9crit par\" \/>\n\t<meta name=\"twitter:data1\" content=\"AlterTour\" \/>\n\t<meta name=\"twitter:label2\" content=\"Dur\u00e9e de lecture estim\u00e9e\" \/>\n\t<meta name=\"twitter:data2\" content=\"1 minute\" \/>\n<script type=\"application\/ld+json\" class=\"yoast-schema-graph\">{\"@context\":\"https:\\\/\\\/schema.org\",\"@graph\":[{\"@type\":\"Article\",\"@id\":\"https:\\\/\\\/www.altercampagne.net\\\/?p=26308#article\",\"isPartOf\":{\"@id\":\"https:\\\/\\\/www.altercampagne.net\\\/?p=26308\"},\"author\":{\"name\":\"AlterTour\",\"@id\":\"https:\\\/\\\/www.altercampagne.net\\\/#\\\/schema\\\/person\\\/e5b68c803196f649c2152249d262d94a\"},\"headline\":\"Po\u00e8me des 5 vagues de migrations ayant constitu\u00e9es la population de Nozi\u00e8res &#8211; 2\\\/2\",\"datePublished\":\"2022-07-25T09:03:00+00:00\",\"dateModified\":\"2022-08-18T15:13:10+00:00\",\"mainEntityOfPage\":{\"@id\":\"https:\\\/\\\/www.altercampagne.net\\\/?p=26308\"},\"wordCount\":189,\"image\":{\"@id\":\"https:\\\/\\\/www.altercampagne.net\\\/?p=26308#primaryimage\"},\"thumbnailUrl\":\"https:\\\/\\\/www.altercampagne.net\\\/wp-content\\\/uploads\\\/2022\\\/08\\\/ADT22_0725_NozAteliers_07.jpg\",\"articleSection\":[\"Auvergne-Rh\u00f4ne-Alpes\",\"Agriculture\",\"Alter-D-tour\",\"Edition 2022\",\"Culture\",\"Environnement\",\"Transverse\"],\"inLanguage\":\"fr-FR\"},{\"@type\":\"WebPage\",\"@id\":\"https:\\\/\\\/www.altercampagne.net\\\/?p=26308\",\"url\":\"https:\\\/\\\/www.altercampagne.net\\\/?p=26308\",\"name\":\"Po\u00e8me des 5 vagues de migrations ayant constitu\u00e9es la population de Nozi\u00e8res - 2\\\/2 - AlterTour\",\"isPartOf\":{\"@id\":\"https:\\\/\\\/www.altercampagne.net\\\/#website\"},\"primaryImageOfPage\":{\"@id\":\"https:\\\/\\\/www.altercampagne.net\\\/?p=26308#primaryimage\"},\"image\":{\"@id\":\"https:\\\/\\\/www.altercampagne.net\\\/?p=26308#primaryimage\"},\"thumbnailUrl\":\"https:\\\/\\\/www.altercampagne.net\\\/wp-content\\\/uploads\\\/2022\\\/08\\\/ADT22_0725_NozAteliers_07.jpg\",\"datePublished\":\"2022-07-25T09:03:00+00:00\",\"dateModified\":\"2022-08-18T15:13:10+00:00\",\"author\":{\"@id\":\"https:\\\/\\\/www.altercampagne.net\\\/#\\\/schema\\\/person\\\/e5b68c803196f649c2152249d262d94a\"},\"breadcrumb\":{\"@id\":\"https:\\\/\\\/www.altercampagne.net\\\/?p=26308#breadcrumb\"},\"inLanguage\":\"fr-FR\",\"potentialAction\":[{\"@type\":\"ReadAction\",\"target\":[\"https:\\\/\\\/www.altercampagne.net\\\/?p=26308\"]}]},{\"@type\":\"ImageObject\",\"inLanguage\":\"fr-FR\",\"@id\":\"https:\\\/\\\/www.altercampagne.net\\\/?p=26308#primaryimage\",\"url\":\"https:\\\/\\\/www.altercampagne.net\\\/wp-content\\\/uploads\\\/2022\\\/08\\\/ADT22_0725_NozAteliers_07.jpg\",\"contentUrl\":\"https:\\\/\\\/www.altercampagne.net\\\/wp-content\\\/uploads\\\/2022\\\/08\\\/ADT22_0725_NozAteliers_07.jpg\",\"width\":1000,\"height\":650},{\"@type\":\"BreadcrumbList\",\"@id\":\"https:\\\/\\\/www.altercampagne.net\\\/?p=26308#breadcrumb\",\"itemListElement\":[{\"@type\":\"ListItem\",\"position\":1,\"name\":\"Accueil\",\"item\":\"https:\\\/\\\/www.altercampagne.net\\\/\"},{\"@type\":\"ListItem\",\"position\":2,\"name\":\"Po\u00e8me des 5 vagues de migrations ayant constitu\u00e9es la population de Nozi\u00e8res &#8211; 2\\\/2\"}]},{\"@type\":\"WebSite\",\"@id\":\"https:\\\/\\\/www.altercampagne.net\\\/#website\",\"url\":\"https:\\\/\\\/www.altercampagne.net\\\/\",\"name\":\"AlterTour\",\"description\":\"Reliez les Alternatives \u00e0 v\u00e9lo\",\"potentialAction\":[{\"@type\":\"SearchAction\",\"target\":{\"@type\":\"EntryPoint\",\"urlTemplate\":\"https:\\\/\\\/www.altercampagne.net\\\/?s={search_term_string}\"},\"query-input\":{\"@type\":\"PropertyValueSpecification\",\"valueRequired\":true,\"valueName\":\"search_term_string\"}}],\"inLanguage\":\"fr-FR\"},{\"@type\":\"Person\",\"@id\":\"https:\\\/\\\/www.altercampagne.net\\\/#\\\/schema\\\/person\\\/e5b68c803196f649c2152249d262d94a\",\"name\":\"AlterTour\",\"image\":{\"@type\":\"ImageObject\",\"inLanguage\":\"fr-FR\",\"@id\":\"https:\\\/\\\/secure.gravatar.com\\\/avatar\\\/3f2ed77f8506b8ea264ad5938bb0114bfa10f35b64086a66dfbb6e9f58ad9693?s=96&d=mm&r=g\",\"url\":\"https:\\\/\\\/secure.gravatar.com\\\/avatar\\\/3f2ed77f8506b8ea264ad5938bb0114bfa10f35b64086a66dfbb6e9f58ad9693?s=96&d=mm&r=g\",\"contentUrl\":\"https:\\\/\\\/secure.gravatar.com\\\/avatar\\\/3f2ed77f8506b8ea264ad5938bb0114bfa10f35b64086a66dfbb6e9f58ad9693?s=96&d=mm&r=g\",\"caption\":\"AlterTour\"},\"url\":\"https:\\\/\\\/www.altercampagne.net\\\/?author=215\"}]}<\/script>\n<!-- \/ Yoast SEO plugin. -->","yoast_head_json":{"title":"Po\u00e8me des 5 vagues de migrations ayant constitu\u00e9es la population de Nozi\u00e8res - 2\/2 - AlterTour","robots":{"index":"index","follow":"follow","max-snippet":"max-snippet:-1","max-image-preview":"max-image-preview:large","max-video-preview":"max-video-preview:-1"},"canonical":"https:\/\/www.altercampagne.net\/?p=26308","og_locale":"fr_FR","og_type":"article","og_title":"Po\u00e8me des 5 vagues de migrations ayant constitu\u00e9es la population de Nozi\u00e8res - 2\/2 - AlterTour","og_description":"Les 5 vagues\u00a0 \u00d4, au haut village de Nozi\u00e8resQuel accueil spectaculaire !On sent d\u00e8s l\u2019arriv\u00e9e, l\u2019h\u00e9ritage de plusieurs fourn\u00e9es. La premi\u00e8re, un peu cram\u00e9e de militants engag\u00e9s,\u00a0Pr\u00e8s \u00e0 en d\u00e9coudre et \u00e0 refaire la terre,\u00a0Dans ce beau village de pierre. Deuxi\u00e8me fourn\u00e9e, encore plus engag\u00e9e de citadins d\u00e9sempar\u00e9s&nbsp;Par l\u2019air pollu\u00e9,&nbsp;Ont ... Read More","og_url":"https:\/\/www.altercampagne.net\/?p=26308","og_site_name":"AlterTour","article_published_time":"2022-07-25T09:03:00+00:00","article_modified_time":"2022-08-18T15:13:10+00:00","og_image":[{"width":1000,"height":650,"url":"https:\/\/www.altercampagne.net\/wp-content\/uploads\/2022\/08\/ADT22_0725_NozAteliers_07.jpg","type":"image\/jpeg"}],"author":"AlterTour","twitter_card":"summary_large_image","twitter_misc":{"\u00c9crit par":"AlterTour","Dur\u00e9e de lecture estim\u00e9e":"1 minute"},"schema":{"@context":"https:\/\/schema.org","@graph":[{"@type":"Article","@id":"https:\/\/www.altercampagne.net\/?p=26308#article","isPartOf":{"@id":"https:\/\/www.altercampagne.net\/?p=26308"},"author":{"name":"AlterTour","@id":"https:\/\/www.altercampagne.net\/#\/schema\/person\/e5b68c803196f649c2152249d262d94a"},"headline":"Po\u00e8me des 5 vagues de migrations ayant constitu\u00e9es la population de Nozi\u00e8res &#8211; 2\/2","datePublished":"2022-07-25T09:03:00+00:00","dateModified":"2022-08-18T15:13:10+00:00","mainEntityOfPage":{"@id":"https:\/\/www.altercampagne.net\/?p=26308"},"wordCount":189,"image":{"@id":"https:\/\/www.altercampagne.net\/?p=26308#primaryimage"},"thumbnailUrl":"https:\/\/www.altercampagne.net\/wp-content\/uploads\/2022\/08\/ADT22_0725_NozAteliers_07.jpg","articleSection":["Auvergne-Rh\u00f4ne-Alpes","Agriculture","Alter-D-tour","Edition 2022","Culture","Environnement","Transverse"],"inLanguage":"fr-FR"},{"@type":"WebPage","@id":"https:\/\/www.altercampagne.net\/?p=26308","url":"https:\/\/www.altercampagne.net\/?p=26308","name":"Po\u00e8me des 5 vagues de migrations ayant constitu\u00e9es la population de Nozi\u00e8res - 2\/2 - AlterTour","isPartOf":{"@id":"https:\/\/www.altercampagne.net\/#website"},"primaryImageOfPage":{"@id":"https:\/\/www.altercampagne.net\/?p=26308#primaryimage"},"image":{"@id":"https:\/\/www.altercampagne.net\/?p=26308#primaryimage"},"thumbnailUrl":"https:\/\/www.altercampagne.net\/wp-content\/uploads\/2022\/08\/ADT22_0725_NozAteliers_07.jpg","datePublished":"2022-07-25T09:03:00+00:00","dateModified":"2022-08-18T15:13:10+00:00","author":{"@id":"https:\/\/www.altercampagne.net\/#\/schema\/person\/e5b68c803196f649c2152249d262d94a"},"breadcrumb":{"@id":"https:\/\/www.altercampagne.net\/?p=26308#breadcrumb"},"inLanguage":"fr-FR","potentialAction":[{"@type":"ReadAction","target":["https:\/\/www.altercampagne.net\/?p=26308"]}]},{"@type":"ImageObject","inLanguage":"fr-FR","@id":"https:\/\/www.altercampagne.net\/?p=26308#primaryimage","url":"https:\/\/www.altercampagne.net\/wp-content\/uploads\/2022\/08\/ADT22_0725_NozAteliers_07.jpg","contentUrl":"https:\/\/www.altercampagne.net\/wp-content\/uploads\/2022\/08\/ADT22_0725_NozAteliers_07.jpg","width":1000,"height":650},{"@type":"BreadcrumbList","@id":"https:\/\/www.altercampagne.net\/?p=26308#breadcrumb","itemListElement":[{"@type":"ListItem","position":1,"name":"Accueil","item":"https:\/\/www.altercampagne.net\/"},{"@type":"ListItem","position":2,"name":"Po\u00e8me des 5 vagues de migrations ayant constitu\u00e9es la population de Nozi\u00e8res &#8211; 2\/2"}]},{"@type":"WebSite","@id":"https:\/\/www.altercampagne.net\/#website","url":"https:\/\/www.altercampagne.net\/","name":"AlterTour","description":"Reliez les Alternatives \u00e0 v\u00e9lo","potentialAction":[{"@type":"SearchAction","target":{"@type":"EntryPoint","urlTemplate":"https:\/\/www.altercampagne.net\/?s={search_term_string}"},"query-input":{"@type":"PropertyValueSpecification","valueRequired":true,"valueName":"search_term_string"}}],"inLanguage":"fr-FR"},{"@type":"Person","@id":"https:\/\/www.altercampagne.net\/#\/schema\/person\/e5b68c803196f649c2152249d262d94a","name":"AlterTour","image":{"@type":"ImageObject","inLanguage":"fr-FR","@id":"https:\/\/secure.gravatar.com\/avatar\/3f2ed77f8506b8ea264ad5938bb0114bfa10f35b64086a66dfbb6e9f58ad9693?s=96&d=mm&r=g","url":"https:\/\/secure.gravatar.com\/avatar\/3f2ed77f8506b8ea264ad5938bb0114bfa10f35b64086a66dfbb6e9f58ad9693?s=96&d=mm&r=g","contentUrl":"https:\/\/secure.gravatar.com\/avatar\/3f2ed77f8506b8ea264ad5938bb0114bfa10f35b64086a66dfbb6e9f58ad9693?s=96&d=mm&r=g","caption":"AlterTour"},"url":"https:\/\/www.altercampagne.net\/?author=215"}]}},"_links":{"self":[{"href":"https:\/\/www.altercampagne.net\/index.php?rest_route=\/wp\/v2\/posts\/26308","targetHints":{"allow":["GET"]}}],"collection":[{"href":"https:\/\/www.altercampagne.net\/index.php?rest_route=\/wp\/v2\/posts"}],"about":[{"href":"https:\/\/www.altercampagne.net\/index.php?rest_route=\/wp\/v2\/types\/post"}],"author":[{"embeddable":true,"href":"https:\/\/www.altercampagne.net\/index.php?rest_route=\/wp\/v2\/users\/215"}],"replies":[{"embeddable":true,"href":"https:\/\/www.altercampagne.net\/index.php?rest_route=%2Fwp%2Fv2%2Fcomments&post=26308"}],"version-history":[{"count":2,"href":"https:\/\/www.altercampagne.net\/index.php?rest_route=\/wp\/v2\/posts\/26308\/revisions"}],"predecessor-version":[{"id":26357,"href":"https:\/\/www.altercampagne.net\/index.php?rest_route=\/wp\/v2\/posts\/26308\/revisions\/26357"}],"wp:featuredmedia":[{"embeddable":true,"href":"https:\/\/www.altercampagne.net\/index.php?rest_route=\/wp\/v2\/media\/26356"}],"wp:attachment":[{"href":"https:\/\/www.altercampagne.net\/index.php?rest_route=%2Fwp%2Fv2%2Fmedia&parent=26308"}],"wp:term":[{"taxonomy":"category","embeddable":true,"href":"https:\/\/www.altercampagne.net\/index.php?rest_route=%2Fwp%2Fv2%2Fcategories&post=26308"},{"taxonomy":"post_tag","embeddable":true,"href":"https:\/\/www.altercampagne.net\/index.php?rest_route=%2Fwp%2Fv2%2Ftags&post=26308"}],"curies":[{"name":"wp","href":"https:\/\/api.w.org\/{rel}","templated":true}]}}