{"id":26326,"date":"2022-08-06T17:40:00","date_gmt":"2022-08-06T15:40:00","guid":{"rendered":"https:\/\/www.altercampagne.net\/?p=26326"},"modified":"2022-08-17T17:45:49","modified_gmt":"2022-08-17T15:45:49","slug":"a-la-grange-de-berc","status":"publish","type":"post","link":"https:\/\/www.altercampagne.net\/?p=26326","title":{"rendered":"&#8230; \u00e0 la grange de Berc &#8230;"},"content":{"rendered":"\n<p><strong>Cheminant sur une belle voie verte nous arrivons \u00e0 Duni\u00e8res. Le temps s&rsquo;y obsurcit.<\/strong><\/p>\n\n\n\n<p>Devant nous 4 km et une mont\u00e9e surnomm\u00e9e \u00ab\u00a0big boss\u00a0\u00bb de 200 m\u00e8tres pour atteindre le hameau de Berc. Les \u00e9l\u00e9ments se d\u00e9cha\u00eenent. Le ciel bard\u00e9 d&rsquo;\u00e9clats de lumi\u00e8re nous guide au sommet de Duni\u00e8res. Bient\u00f4t une pluie diluvienne s&rsquo;abat et accompagne cette ascension devenue \u00e9pique, nous \u00e9tions tels des saumons remontant le torrent en \u00e9quipe.\u00a0<\/p>\n\n\n\n<figure class=\"wp-block-image size-large\"><a href=\"https:\/\/www.altercampagne.net\/wp-content\/uploads\/2022\/08\/ADT22_220806_Berc_dessin_03-e1660750663777.jpg\"><img loading=\"lazy\" decoding=\"async\" width=\"1024\" height=\"702\" src=\"https:\/\/www.altercampagne.net\/wp-content\/uploads\/2022\/08\/ADT22_220806_Berc_dessin_03-1024x702.jpg\" alt=\"\" class=\"wp-image-26329\"\/><\/a><\/figure>\n\n\n\n<p><strong>Nous arrivons tremp\u00e9.e.s et ravi.e.s. <\/strong><\/p>\n\n\n\n<p>Tisane, tartines de miel et confiture de ch\u00e2taigne ajoutent au d\u00e9cor de\u00a0cette grande grange bard\u00e9e de bois\u00a0l&rsquo;ambiance chaleureuse d&rsquo;un chalet apr\u00e8s une journ\u00e9e de sport d&rsquo;hiver. Notre groupe ressemble \u00e0 une colonie de vacance dispers\u00e9 et soud\u00e9 par la pluie. Des sc\u00e8nes se jouent dans chaque espace : certain.e.s s&rsquo;\u00e9tirent, d&rsquo;autres jouent aux Kapla, prolongent la tisane, une cha\u00eene de massage d\u00e9lient nos muscles encore fumants.<br>Le d\u00e9luge s&rsquo;estompe, nous allons planter nos tentes, le jour n&rsquo;est pas encore couch\u00e9 qu&rsquo;un arc-en-ciel pare le paysage. Nous allons y \u00e9voluer pendant encore un peu plus d&rsquo;une journ\u00e9e.\u00a0<\/p>\n\n\n\n<figure class=\"wp-block-image size-large\"><a href=\"https:\/\/www.altercampagne.net\/wp-content\/uploads\/2022\/08\/ADT22_220806_Berc_dessin_02-e1660750674516.jpg\"><img loading=\"lazy\" decoding=\"async\" width=\"1024\" height=\"718\" src=\"https:\/\/www.altercampagne.net\/wp-content\/uploads\/2022\/08\/ADT22_220806_Berc_dessin_02-1024x718.jpg\" alt=\"\" class=\"wp-image-26328\"\/><\/a><\/figure>\n\n\n\n<p><strong>Deux ateliers nous embarquent dans des voyages temporels : <\/strong><\/p>\n\n\n\n<p>l&rsquo;un d\u00e9nomm\u00e9 \u00ab\u00a0petite histoire grande histoire\u00a0\u00bb et l&rsquo;autre sur notre futur dans 15 ans. Les temps se m\u00ealent ou chavirons nous \u00e0 l&rsquo;int\u00e9rieur d&rsquo;une arche intemporelle ?\u00a0<br>Nous\u00a0tissons des liens,\u00a0nous connaissons de mieux en mieux. Hop une visite bonus d&rsquo;une ch\u00e8vrerie.\u00a0<\/p>\n\n\n\n<figure class=\"wp-block-image size-large\"><a href=\"https:\/\/www.altercampagne.net\/wp-content\/uploads\/2022\/08\/ADT22_220806_Berc_dessin_01.jpg-e1660750685610.jpg\"><img loading=\"lazy\" decoding=\"async\" width=\"914\" height=\"1024\" src=\"https:\/\/www.altercampagne.net\/wp-content\/uploads\/2022\/08\/ADT22_220806_Berc_dessin_01.jpg-914x1024.jpg\" alt=\"\" class=\"wp-image-26327\"\/><\/a><\/figure>\n\n\n\n<p><strong>En fin de journ\u00e9e une dizaine de personnes de Duni\u00e8res nous rejoignent<\/strong><\/p>\n\n\n\n<p> pour profiter avec nous d&rsquo;une performance artistique m\u00ealant cirque, son et \u00e9loquence dans une conf\u00e9rence sc\u00e9nographique sur la science des d\u00e9chets. Un spectacle complet dans tous les sens ! Bouche-b\u00e9es des yeux, les oreilles mouvement\u00e9es par les balles rebondisonnantes, on pouvait toucher les d\u00e9chets, l&rsquo;odeur manquait. On ajoute \u00e0 cela un bon repas partag\u00e9 et la boum peut commencer !\u00a0<\/p>\n\n\n\n<figure class=\"wp-block-image size-large\"><a href=\"https:\/\/www.altercampagne.net\/wp-content\/uploads\/2022\/08\/ADT22_220806_Berc01-e1660750629868.jpg\"><img loading=\"lazy\" decoding=\"async\" width=\"1024\" height=\"768\" src=\"https:\/\/www.altercampagne.net\/wp-content\/uploads\/2022\/08\/ADT22_220806_Berc01-1024x768.jpg\" alt=\"\" class=\"wp-image-26330\"\/><\/a><\/figure>\n\n\n\n<p class=\"has-text-align-right\"><strong>Comme promis un Haiku :<\/strong><br><em>Poumons emplis de saveurs<br>Pin, gen\u00eat, pierre m\u00eal\u00e9s en foudre d&rsquo;odeurs<br>Promesse de douceur<\/em><\/p>\n\n\n\n<p>Josu\u00e9, Alterjournaliste pour une \u00e9tape, ath\u00e9e adorateur d&rsquo;images\u00a0<\/p>\n\n\n\n<p>Bonne continuation !<\/p>\n","protected":false},"excerpt":{"rendered":"<p>\u00ab\u00a0Les \u00e9l\u00e9ments se d\u00e9cha\u00eenent. Le ciel bard\u00e9 d&rsquo;\u00e9clats de lumi\u00e8re nous guide au sommet de Duni\u00e8res\u00a0\u00bb<\/p>\n","protected":false},"author":215,"featured_media":26331,"comment_status":"closed","ping_status":"closed","sticky":false,"template":"","format":"standard","meta":{"footnotes":""},"categories":[3471,4311,4357,3490,3486],"tags":[],"class_list":["post-26326","post","type-post","status-publish","format-standard","has-post-thumbnail","hentry","category-auvergne-rhone-alpes","category-alter-d-tour","category-edition-2022","category-culture","category-environnement"],"yoast_head":"<!-- This site is optimized with the Yoast SEO plugin v27.3 - https:\/\/yoast.com\/product\/yoast-seo-wordpress\/ -->\n<title>... \u00e0 la grange de Berc ... - AlterTour<\/title>\n<meta name=\"robots\" content=\"index, follow, max-snippet:-1, max-image-preview:large, max-video-preview:-1\" \/>\n<link rel=\"canonical\" href=\"https:\/\/www.altercampagne.net\/?p=26326\" \/>\n<meta property=\"og:locale\" content=\"fr_FR\" \/>\n<meta property=\"og:type\" content=\"article\" \/>\n<meta property=\"og:title\" content=\"... \u00e0 la grange de Berc ... - AlterTour\" \/>\n<meta property=\"og:description\" content=\"&quot;Les \u00e9l\u00e9ments se d\u00e9cha\u00eenent. Le ciel bard\u00e9 d&#039;\u00e9clats de lumi\u00e8re nous guide au sommet de Duni\u00e8res&quot;\" \/>\n<meta property=\"og:url\" content=\"https:\/\/www.altercampagne.net\/?p=26326\" \/>\n<meta property=\"og:site_name\" content=\"AlterTour\" \/>\n<meta property=\"article:published_time\" content=\"2022-08-06T15:40:00+00:00\" \/>\n<meta property=\"article:modified_time\" content=\"2022-08-17T15:45:49+00:00\" \/>\n<meta property=\"og:image\" content=\"https:\/\/www.altercampagne.net\/wp-content\/uploads\/2022\/08\/ADT22_220806_Berc02-e1660750652396.jpg\" \/>\n\t<meta property=\"og:image:width\" content=\"1000\" \/>\n\t<meta property=\"og:image:height\" content=\"563\" \/>\n\t<meta property=\"og:image:type\" content=\"image\/jpeg\" \/>\n<meta name=\"author\" content=\"AlterTour\" \/>\n<meta name=\"twitter:card\" content=\"summary_large_image\" \/>\n<meta name=\"twitter:label1\" content=\"\u00c9crit par\" \/>\n\t<meta name=\"twitter:data1\" content=\"AlterTour\" \/>\n\t<meta name=\"twitter:label2\" content=\"Dur\u00e9e de lecture estim\u00e9e\" \/>\n\t<meta name=\"twitter:data2\" content=\"3 minutes\" \/>\n<script type=\"application\/ld+json\" class=\"yoast-schema-graph\">{\"@context\":\"https:\\\/\\\/schema.org\",\"@graph\":[{\"@type\":\"Article\",\"@id\":\"https:\\\/\\\/www.altercampagne.net\\\/?p=26326#article\",\"isPartOf\":{\"@id\":\"https:\\\/\\\/www.altercampagne.net\\\/?p=26326\"},\"author\":{\"name\":\"AlterTour\",\"@id\":\"https:\\\/\\\/www.altercampagne.net\\\/#\\\/schema\\\/person\\\/e5b68c803196f649c2152249d262d94a\"},\"headline\":\"&#8230; \u00e0 la grange de Berc &#8230;\",\"datePublished\":\"2022-08-06T15:40:00+00:00\",\"dateModified\":\"2022-08-17T15:45:49+00:00\",\"mainEntityOfPage\":{\"@id\":\"https:\\\/\\\/www.altercampagne.net\\\/?p=26326\"},\"wordCount\":379,\"image\":{\"@id\":\"https:\\\/\\\/www.altercampagne.net\\\/?p=26326#primaryimage\"},\"thumbnailUrl\":\"https:\\\/\\\/www.altercampagne.net\\\/wp-content\\\/uploads\\\/2022\\\/08\\\/ADT22_220806_Berc02-e1660750652396.jpg\",\"articleSection\":[\"Auvergne-Rh\u00f4ne-Alpes\",\"Alter-D-tour\",\"Edition 2022\",\"Culture\",\"Environnement\"],\"inLanguage\":\"fr-FR\"},{\"@type\":\"WebPage\",\"@id\":\"https:\\\/\\\/www.altercampagne.net\\\/?p=26326\",\"url\":\"https:\\\/\\\/www.altercampagne.net\\\/?p=26326\",\"name\":\"... \u00e0 la grange de Berc ... - AlterTour\",\"isPartOf\":{\"@id\":\"https:\\\/\\\/www.altercampagne.net\\\/#website\"},\"primaryImageOfPage\":{\"@id\":\"https:\\\/\\\/www.altercampagne.net\\\/?p=26326#primaryimage\"},\"image\":{\"@id\":\"https:\\\/\\\/www.altercampagne.net\\\/?p=26326#primaryimage\"},\"thumbnailUrl\":\"https:\\\/\\\/www.altercampagne.net\\\/wp-content\\\/uploads\\\/2022\\\/08\\\/ADT22_220806_Berc02-e1660750652396.jpg\",\"datePublished\":\"2022-08-06T15:40:00+00:00\",\"dateModified\":\"2022-08-17T15:45:49+00:00\",\"author\":{\"@id\":\"https:\\\/\\\/www.altercampagne.net\\\/#\\\/schema\\\/person\\\/e5b68c803196f649c2152249d262d94a\"},\"breadcrumb\":{\"@id\":\"https:\\\/\\\/www.altercampagne.net\\\/?p=26326#breadcrumb\"},\"inLanguage\":\"fr-FR\",\"potentialAction\":[{\"@type\":\"ReadAction\",\"target\":[\"https:\\\/\\\/www.altercampagne.net\\\/?p=26326\"]}]},{\"@type\":\"ImageObject\",\"inLanguage\":\"fr-FR\",\"@id\":\"https:\\\/\\\/www.altercampagne.net\\\/?p=26326#primaryimage\",\"url\":\"https:\\\/\\\/www.altercampagne.net\\\/wp-content\\\/uploads\\\/2022\\\/08\\\/ADT22_220806_Berc02-e1660750652396.jpg\",\"contentUrl\":\"https:\\\/\\\/www.altercampagne.net\\\/wp-content\\\/uploads\\\/2022\\\/08\\\/ADT22_220806_Berc02-e1660750652396.jpg\",\"width\":1000,\"height\":563},{\"@type\":\"BreadcrumbList\",\"@id\":\"https:\\\/\\\/www.altercampagne.net\\\/?p=26326#breadcrumb\",\"itemListElement\":[{\"@type\":\"ListItem\",\"position\":1,\"name\":\"Accueil\",\"item\":\"https:\\\/\\\/www.altercampagne.net\\\/\"},{\"@type\":\"ListItem\",\"position\":2,\"name\":\"&#8230; \u00e0 la grange de Berc &#8230;\"}]},{\"@type\":\"WebSite\",\"@id\":\"https:\\\/\\\/www.altercampagne.net\\\/#website\",\"url\":\"https:\\\/\\\/www.altercampagne.net\\\/\",\"name\":\"AlterTour\",\"description\":\"Reliez les Alternatives \u00e0 v\u00e9lo\",\"potentialAction\":[{\"@type\":\"SearchAction\",\"target\":{\"@type\":\"EntryPoint\",\"urlTemplate\":\"https:\\\/\\\/www.altercampagne.net\\\/?s={search_term_string}\"},\"query-input\":{\"@type\":\"PropertyValueSpecification\",\"valueRequired\":true,\"valueName\":\"search_term_string\"}}],\"inLanguage\":\"fr-FR\"},{\"@type\":\"Person\",\"@id\":\"https:\\\/\\\/www.altercampagne.net\\\/#\\\/schema\\\/person\\\/e5b68c803196f649c2152249d262d94a\",\"name\":\"AlterTour\",\"image\":{\"@type\":\"ImageObject\",\"inLanguage\":\"fr-FR\",\"@id\":\"https:\\\/\\\/secure.gravatar.com\\\/avatar\\\/3f2ed77f8506b8ea264ad5938bb0114bfa10f35b64086a66dfbb6e9f58ad9693?s=96&d=mm&r=g\",\"url\":\"https:\\\/\\\/secure.gravatar.com\\\/avatar\\\/3f2ed77f8506b8ea264ad5938bb0114bfa10f35b64086a66dfbb6e9f58ad9693?s=96&d=mm&r=g\",\"contentUrl\":\"https:\\\/\\\/secure.gravatar.com\\\/avatar\\\/3f2ed77f8506b8ea264ad5938bb0114bfa10f35b64086a66dfbb6e9f58ad9693?s=96&d=mm&r=g\",\"caption\":\"AlterTour\"},\"url\":\"https:\\\/\\\/www.altercampagne.net\\\/?author=215\"}]}<\/script>\n<!-- \/ Yoast SEO plugin. -->","yoast_head_json":{"title":"... \u00e0 la grange de Berc ... - AlterTour","robots":{"index":"index","follow":"follow","max-snippet":"max-snippet:-1","max-image-preview":"max-image-preview:large","max-video-preview":"max-video-preview:-1"},"canonical":"https:\/\/www.altercampagne.net\/?p=26326","og_locale":"fr_FR","og_type":"article","og_title":"... \u00e0 la grange de Berc ... - AlterTour","og_description":"\"Les \u00e9l\u00e9ments se d\u00e9cha\u00eenent. Le ciel bard\u00e9 d'\u00e9clats de lumi\u00e8re nous guide au sommet de Duni\u00e8res\"","og_url":"https:\/\/www.altercampagne.net\/?p=26326","og_site_name":"AlterTour","article_published_time":"2022-08-06T15:40:00+00:00","article_modified_time":"2022-08-17T15:45:49+00:00","og_image":[{"width":1000,"height":563,"url":"https:\/\/www.altercampagne.net\/wp-content\/uploads\/2022\/08\/ADT22_220806_Berc02-e1660750652396.jpg","type":"image\/jpeg"}],"author":"AlterTour","twitter_card":"summary_large_image","twitter_misc":{"\u00c9crit par":"AlterTour","Dur\u00e9e de lecture estim\u00e9e":"3 minutes"},"schema":{"@context":"https:\/\/schema.org","@graph":[{"@type":"Article","@id":"https:\/\/www.altercampagne.net\/?p=26326#article","isPartOf":{"@id":"https:\/\/www.altercampagne.net\/?p=26326"},"author":{"name":"AlterTour","@id":"https:\/\/www.altercampagne.net\/#\/schema\/person\/e5b68c803196f649c2152249d262d94a"},"headline":"&#8230; \u00e0 la grange de Berc &#8230;","datePublished":"2022-08-06T15:40:00+00:00","dateModified":"2022-08-17T15:45:49+00:00","mainEntityOfPage":{"@id":"https:\/\/www.altercampagne.net\/?p=26326"},"wordCount":379,"image":{"@id":"https:\/\/www.altercampagne.net\/?p=26326#primaryimage"},"thumbnailUrl":"https:\/\/www.altercampagne.net\/wp-content\/uploads\/2022\/08\/ADT22_220806_Berc02-e1660750652396.jpg","articleSection":["Auvergne-Rh\u00f4ne-Alpes","Alter-D-tour","Edition 2022","Culture","Environnement"],"inLanguage":"fr-FR"},{"@type":"WebPage","@id":"https:\/\/www.altercampagne.net\/?p=26326","url":"https:\/\/www.altercampagne.net\/?p=26326","name":"... \u00e0 la grange de Berc ... - AlterTour","isPartOf":{"@id":"https:\/\/www.altercampagne.net\/#website"},"primaryImageOfPage":{"@id":"https:\/\/www.altercampagne.net\/?p=26326#primaryimage"},"image":{"@id":"https:\/\/www.altercampagne.net\/?p=26326#primaryimage"},"thumbnailUrl":"https:\/\/www.altercampagne.net\/wp-content\/uploads\/2022\/08\/ADT22_220806_Berc02-e1660750652396.jpg","datePublished":"2022-08-06T15:40:00+00:00","dateModified":"2022-08-17T15:45:49+00:00","author":{"@id":"https:\/\/www.altercampagne.net\/#\/schema\/person\/e5b68c803196f649c2152249d262d94a"},"breadcrumb":{"@id":"https:\/\/www.altercampagne.net\/?p=26326#breadcrumb"},"inLanguage":"fr-FR","potentialAction":[{"@type":"ReadAction","target":["https:\/\/www.altercampagne.net\/?p=26326"]}]},{"@type":"ImageObject","inLanguage":"fr-FR","@id":"https:\/\/www.altercampagne.net\/?p=26326#primaryimage","url":"https:\/\/www.altercampagne.net\/wp-content\/uploads\/2022\/08\/ADT22_220806_Berc02-e1660750652396.jpg","contentUrl":"https:\/\/www.altercampagne.net\/wp-content\/uploads\/2022\/08\/ADT22_220806_Berc02-e1660750652396.jpg","width":1000,"height":563},{"@type":"BreadcrumbList","@id":"https:\/\/www.altercampagne.net\/?p=26326#breadcrumb","itemListElement":[{"@type":"ListItem","position":1,"name":"Accueil","item":"https:\/\/www.altercampagne.net\/"},{"@type":"ListItem","position":2,"name":"&#8230; \u00e0 la grange de Berc &#8230;"}]},{"@type":"WebSite","@id":"https:\/\/www.altercampagne.net\/#website","url":"https:\/\/www.altercampagne.net\/","name":"AlterTour","description":"Reliez les Alternatives \u00e0 v\u00e9lo","potentialAction":[{"@type":"SearchAction","target":{"@type":"EntryPoint","urlTemplate":"https:\/\/www.altercampagne.net\/?s={search_term_string}"},"query-input":{"@type":"PropertyValueSpecification","valueRequired":true,"valueName":"search_term_string"}}],"inLanguage":"fr-FR"},{"@type":"Person","@id":"https:\/\/www.altercampagne.net\/#\/schema\/person\/e5b68c803196f649c2152249d262d94a","name":"AlterTour","image":{"@type":"ImageObject","inLanguage":"fr-FR","@id":"https:\/\/secure.gravatar.com\/avatar\/3f2ed77f8506b8ea264ad5938bb0114bfa10f35b64086a66dfbb6e9f58ad9693?s=96&d=mm&r=g","url":"https:\/\/secure.gravatar.com\/avatar\/3f2ed77f8506b8ea264ad5938bb0114bfa10f35b64086a66dfbb6e9f58ad9693?s=96&d=mm&r=g","contentUrl":"https:\/\/secure.gravatar.com\/avatar\/3f2ed77f8506b8ea264ad5938bb0114bfa10f35b64086a66dfbb6e9f58ad9693?s=96&d=mm&r=g","caption":"AlterTour"},"url":"https:\/\/www.altercampagne.net\/?author=215"}]}},"_links":{"self":[{"href":"https:\/\/www.altercampagne.net\/index.php?rest_route=\/wp\/v2\/posts\/26326","targetHints":{"allow":["GET"]}}],"collection":[{"href":"https:\/\/www.altercampagne.net\/index.php?rest_route=\/wp\/v2\/posts"}],"about":[{"href":"https:\/\/www.altercampagne.net\/index.php?rest_route=\/wp\/v2\/types\/post"}],"author":[{"embeddable":true,"href":"https:\/\/www.altercampagne.net\/index.php?rest_route=\/wp\/v2\/users\/215"}],"replies":[{"embeddable":true,"href":"https:\/\/www.altercampagne.net\/index.php?rest_route=%2Fwp%2Fv2%2Fcomments&post=26326"}],"version-history":[{"count":3,"href":"https:\/\/www.altercampagne.net\/index.php?rest_route=\/wp\/v2\/posts\/26326\/revisions"}],"predecessor-version":[{"id":26335,"href":"https:\/\/www.altercampagne.net\/index.php?rest_route=\/wp\/v2\/posts\/26326\/revisions\/26335"}],"wp:featuredmedia":[{"embeddable":true,"href":"https:\/\/www.altercampagne.net\/index.php?rest_route=\/wp\/v2\/media\/26331"}],"wp:attachment":[{"href":"https:\/\/www.altercampagne.net\/index.php?rest_route=%2Fwp%2Fv2%2Fmedia&parent=26326"}],"wp:term":[{"taxonomy":"category","embeddable":true,"href":"https:\/\/www.altercampagne.net\/index.php?rest_route=%2Fwp%2Fv2%2Fcategories&post=26326"},{"taxonomy":"post_tag","embeddable":true,"href":"https:\/\/www.altercampagne.net\/index.php?rest_route=%2Fwp%2Fv2%2Ftags&post=26326"}],"curies":[{"name":"wp","href":"https:\/\/api.w.org\/{rel}","templated":true}]}}