{"id":26366,"date":"2022-08-10T17:39:00","date_gmt":"2022-08-10T15:39:00","guid":{"rendered":"https:\/\/www.altercampagne.net\/?p=26366"},"modified":"2022-08-18T18:09:21","modified_gmt":"2022-08-18T16:09:21","slug":"a-la-magma-ca-bourdonne-ca-bourgeonne-ca-raisonne","status":"publish","type":"post","link":"https:\/\/www.altercampagne.net\/?p=26366","title":{"rendered":"\u00c0 La MAGMA, \u00e7a bourdonne, \u00e7a bourgeonne, \u00e7a raisonne\u2026"},"content":{"rendered":"\n<p><em><strong>Au point qu\u2019on ne sait plus o\u00f9 donner de la t\u00eate tant il y a de lieux \u00e0 d\u00e9couvrir et de collectifs \u00e0 rencontrer. <\/strong><\/em><br>Heureusement, tout avait parfaitement \u00e9t\u00e9 organis\u00e9 pour pr\u00e9parer notre venue et la force du groupe nous a permis d\u2019\u00eatre partout \u00e0 la fois pour accomplir de vrais exploits.\u00a0<\/p>\n\n\n\n<figure class=\"wp-block-image size-large\"><a href=\"https:\/\/www.altercampagne.net\/wp-content\/uploads\/2022\/08\/ADT22_0808_MAGMA_01.jpg\"><img loading=\"lazy\" decoding=\"async\" width=\"1000\" height=\"665\" src=\"https:\/\/www.altercampagne.net\/wp-content\/uploads\/2022\/08\/ADT22_0808_MAGMA_01.jpg\" alt=\"\" class=\"wp-image-26367\" srcset=\"https:\/\/www.altercampagne.net\/wp-content\/uploads\/2022\/08\/ADT22_0808_MAGMA_01.jpg 1000w, https:\/\/www.altercampagne.net\/wp-content\/uploads\/2022\/08\/ADT22_0808_MAGMA_01-300x200.jpg 300w, https:\/\/www.altercampagne.net\/wp-content\/uploads\/2022\/08\/ADT22_0808_MAGMA_01-768x511.jpg 768w, https:\/\/www.altercampagne.net\/wp-content\/uploads\/2022\/08\/ADT22_0808_MAGMA_01-610x406.jpg 610w, https:\/\/www.altercampagne.net\/wp-content\/uploads\/2022\/08\/ADT22_0808_MAGMA_01-100x67.jpg 100w, https:\/\/www.altercampagne.net\/wp-content\/uploads\/2022\/08\/ADT22_0808_MAGMA_01-862x573.jpg 862w\" sizes=\"auto, (max-width: 1000px) 100vw, 1000px\" \/><\/a><\/figure>\n\n\n\n<p><strong>Chez Mohand tout d\u2019abord,<\/strong> <br>qui a eu la gentillesse de nous accueillir sur l\u2019immense terrain lou\u00e9 aux ch\u00e2telains voisins depuis 14 ans. A deux pas de l\u2019entr\u00e9e de la ville, sur une pente bien escarp\u00e9e s\u2019\u00e9tend le domaine de notre h\u00f4te o\u00f9 nous avons pu planter les tentes entre ruches, jardins, yourtes, caravanes\u2026 Enfin, sauf pour les plus t\u00e9m\u00e9raires qui ont pr\u00e9f\u00e9r\u00e9 dormir 3 nuits \u00e0 la belle \u00e9toile. Pour le remercier, mission r\u00e9organisation des rack de stockage des ruches pour la premi\u00e8re \u00e9quipe.<\/p>\n\n\n\n<p><strong>En parall\u00e8le,<\/strong> <br>la deuxi\u00e8me \u00e9quipe s\u2019est attel\u00e9e au d\u00e9frichage et terrassement du futur jardin de <a href=\"https:\/\/www.altercampagne.net\/?s=magma\"><strong><em>La MAGMA<\/em><\/strong><\/a> (Maison d\u2019Agitation Mutliculturelle et Alternative !) en compagnie de Pascal, membre du collectif depuis la premi\u00e8re heure.<\/p>\n\n\n\n<figure class=\"wp-block-image size-large\"><a href=\"https:\/\/www.altercampagne.net\/wp-content\/uploads\/2022\/08\/ADT22_0808_MAGMA_02.jpg\"><img loading=\"lazy\" decoding=\"async\" width=\"1000\" height=\"665\" src=\"https:\/\/www.altercampagne.net\/wp-content\/uploads\/2022\/08\/ADT22_0808_MAGMA_02.jpg\" alt=\"\" class=\"wp-image-26368\" srcset=\"https:\/\/www.altercampagne.net\/wp-content\/uploads\/2022\/08\/ADT22_0808_MAGMA_02.jpg 1000w, https:\/\/www.altercampagne.net\/wp-content\/uploads\/2022\/08\/ADT22_0808_MAGMA_02-300x200.jpg 300w, https:\/\/www.altercampagne.net\/wp-content\/uploads\/2022\/08\/ADT22_0808_MAGMA_02-768x511.jpg 768w, https:\/\/www.altercampagne.net\/wp-content\/uploads\/2022\/08\/ADT22_0808_MAGMA_02-610x406.jpg 610w, https:\/\/www.altercampagne.net\/wp-content\/uploads\/2022\/08\/ADT22_0808_MAGMA_02-100x67.jpg 100w, https:\/\/www.altercampagne.net\/wp-content\/uploads\/2022\/08\/ADT22_0808_MAGMA_02-862x573.jpg 862w\" sizes=\"auto, (max-width: 1000px) 100vw, 1000px\" \/><\/a><\/figure>\n\n\n\n<p><strong>Il faut dire que ce n\u2019est pas le travail qui manque dans cet immense b\u00e2timent industriel laiss\u00e9 \u00e0 l\u2019abandon depuis plusieurs ann\u00e9es\u2026<\/strong> <br>Les id\u00e9es foisonnent, la volont\u00e9 est l\u00e0, et c\u2019est avec joie que la troisi\u00e8me \u00e9quipe a particip\u00e9, \u00e0 son \u00e9chelle, \u00e0 l\u2019am\u00e9nagement des futurs espaces du rez-de -chauss\u00e9e qui devraient h\u00e9berger un garage participatif, un atelier de bricolage et peut-\u00eatre un jour un caf\u00e9 associatif, une salle de r\u00e9p\u00e9tition et un studio d\u2019enregistrement.\u00a0<\/p>\n\n\n\n<figure class=\"wp-block-image size-large\"><a href=\"https:\/\/www.altercampagne.net\/wp-content\/uploads\/2022\/08\/ADT22_0808_MAGMA_04.jpg\"><img loading=\"lazy\" decoding=\"async\" width=\"1000\" height=\"665\" src=\"https:\/\/www.altercampagne.net\/wp-content\/uploads\/2022\/08\/ADT22_0808_MAGMA_04.jpg\" alt=\"\" class=\"wp-image-26370\" srcset=\"https:\/\/www.altercampagne.net\/wp-content\/uploads\/2022\/08\/ADT22_0808_MAGMA_04.jpg 1000w, https:\/\/www.altercampagne.net\/wp-content\/uploads\/2022\/08\/ADT22_0808_MAGMA_04-300x200.jpg 300w, https:\/\/www.altercampagne.net\/wp-content\/uploads\/2022\/08\/ADT22_0808_MAGMA_04-768x511.jpg 768w, https:\/\/www.altercampagne.net\/wp-content\/uploads\/2022\/08\/ADT22_0808_MAGMA_04-610x406.jpg 610w, https:\/\/www.altercampagne.net\/wp-content\/uploads\/2022\/08\/ADT22_0808_MAGMA_04-100x67.jpg 100w, https:\/\/www.altercampagne.net\/wp-content\/uploads\/2022\/08\/ADT22_0808_MAGMA_04-862x573.jpg 862w\" sizes=\"auto, (max-width: 1000px) 100vw, 1000px\" \/><\/a><\/figure>\n\n\n\n<p><strong>Apr\u00e8s ces trois ateliers physiques,<\/strong> <br>place \u00e0 un temps d\u2019\u00e9change et de r\u00e9flexion commune avec des membres de la Magma autour du terme \u201cAlternative\u201d. L\u2019occasion d\u2019exp\u00e9rimenter ensemble des outils et exercices collaboratifs tels que les 5 pourquoi ou encore le d\u00e9bat mouvant.\u00a0<\/p>\n\n\n\n<figure class=\"wp-block-image size-large\"><a href=\"https:\/\/www.altercampagne.net\/wp-content\/uploads\/2022\/08\/ADT22_0808_MAGMA_05.jpg\"><img loading=\"lazy\" decoding=\"async\" width=\"1000\" height=\"666\" src=\"https:\/\/www.altercampagne.net\/wp-content\/uploads\/2022\/08\/ADT22_0808_MAGMA_05.jpg\" alt=\"\" class=\"wp-image-26371\" srcset=\"https:\/\/www.altercampagne.net\/wp-content\/uploads\/2022\/08\/ADT22_0808_MAGMA_05.jpg 1000w, https:\/\/www.altercampagne.net\/wp-content\/uploads\/2022\/08\/ADT22_0808_MAGMA_05-300x200.jpg 300w, https:\/\/www.altercampagne.net\/wp-content\/uploads\/2022\/08\/ADT22_0808_MAGMA_05-768x511.jpg 768w, https:\/\/www.altercampagne.net\/wp-content\/uploads\/2022\/08\/ADT22_0808_MAGMA_05-610x406.jpg 610w, https:\/\/www.altercampagne.net\/wp-content\/uploads\/2022\/08\/ADT22_0808_MAGMA_05-100x67.jpg 100w, https:\/\/www.altercampagne.net\/wp-content\/uploads\/2022\/08\/ADT22_0808_MAGMA_05-862x574.jpg 862w\" sizes=\"auto, (max-width: 1000px) 100vw, 1000px\" \/><\/a><\/figure>\n\n\n\n<p><strong>Deuxi\u00e8me journ\u00e9e d\u00e9di\u00e9e \u00e0 la pr\u00e9paration de la Guinguette !<\/strong> <br>Et c\u2019est toute une logistique qui se met en place : chargement du camion, cuisine, sono, d\u00e9co, installation de la \u201ccacaravane\u201d\u2026 La fourmili\u00e8re se met en marche, chacun.e sait quoi faire et met la main \u00e0 la p\u00e2te pour pr\u00e9parer la soir\u00e9e de folie.<\/p>\n\n\n\n<p><strong>En parall\u00e8le,<\/strong> <br>un petit groupe est all\u00e9 pr\u00eater main forte aux b\u00e9n\u00e9voles du 26FK pour pr\u00e9parer la soupe populaire du mercredi midi qui aura r\u00e9uni les habitu\u00e9.e.s et les altercyclistes r\u00e9parti.e.s en deux services. Un moment fort d\u2019\u00e9change et de d\u00e9couverte de ce caf\u00e9 associatif qui m\u00eale expositions, soupes populaires, concerts, mais aussi cours de num\u00e9rique et r\u00e9parations informatiques.<\/p>\n\n\n\n<figure class=\"wp-block-image size-large\"><a href=\"https:\/\/www.altercampagne.net\/wp-content\/uploads\/2022\/08\/ADT22_0808_MAGMA_06.jpg\"><img loading=\"lazy\" decoding=\"async\" width=\"1000\" height=\"665\" src=\"https:\/\/www.altercampagne.net\/wp-content\/uploads\/2022\/08\/ADT22_0808_MAGMA_06.jpg\" alt=\"\" class=\"wp-image-26372\" srcset=\"https:\/\/www.altercampagne.net\/wp-content\/uploads\/2022\/08\/ADT22_0808_MAGMA_06.jpg 1000w, https:\/\/www.altercampagne.net\/wp-content\/uploads\/2022\/08\/ADT22_0808_MAGMA_06-300x200.jpg 300w, https:\/\/www.altercampagne.net\/wp-content\/uploads\/2022\/08\/ADT22_0808_MAGMA_06-768x511.jpg 768w, https:\/\/www.altercampagne.net\/wp-content\/uploads\/2022\/08\/ADT22_0808_MAGMA_06-610x406.jpg 610w, https:\/\/www.altercampagne.net\/wp-content\/uploads\/2022\/08\/ADT22_0808_MAGMA_06-100x67.jpg 100w, https:\/\/www.altercampagne.net\/wp-content\/uploads\/2022\/08\/ADT22_0808_MAGMA_06-862x573.jpg 862w\" sizes=\"auto, (max-width: 1000px) 100vw, 1000px\" \/><\/a><\/figure>\n\n\n\n<p><strong>Et tous ces efforts ont port\u00e9s leurs fruits,<\/strong> <br>puisque l\u2019affluence \u00e0 la guinguette a largement d\u00e9pass\u00e9\u00a0 les attentes de la Magma ! Pour le plus grand plaisir des grands et des petits, la soir\u00e9e a commenc\u00e9 avec les jeux en bois de l\u2019Ourse Joueuse, s\u2019est poursuivie autour d\u2019un repas partag\u00e9 \u00e0 prix libre pour se terminer au rythme ent\u00eatant de deux DJ du coin. Preuve que les initiatives qui proposent des \u00e9changes et lieux de rencontres sont largement pl\u00e9biscit\u00e9es ! Moment de joie, de paillettes et d\u2019union pour le groupe qui quitte Annonay \u00e0 regret mais le coeur l\u00e9ger sous la pluie de p\u00e9tales de fleurs envoy\u00e9s par Mohand et ses woofers \u00e0 notre d\u00e9part.<\/p>\n\n\n\n<figure class=\"wp-block-image size-large\"><a href=\"https:\/\/www.altercampagne.net\/wp-content\/uploads\/2022\/08\/ADT22_0808_MAGMA_07.jpg\"><img loading=\"lazy\" decoding=\"async\" width=\"1000\" height=\"665\" src=\"https:\/\/www.altercampagne.net\/wp-content\/uploads\/2022\/08\/ADT22_0808_MAGMA_07.jpg\" alt=\"\" class=\"wp-image-26373\" srcset=\"https:\/\/www.altercampagne.net\/wp-content\/uploads\/2022\/08\/ADT22_0808_MAGMA_07.jpg 1000w, https:\/\/www.altercampagne.net\/wp-content\/uploads\/2022\/08\/ADT22_0808_MAGMA_07-300x200.jpg 300w, https:\/\/www.altercampagne.net\/wp-content\/uploads\/2022\/08\/ADT22_0808_MAGMA_07-768x511.jpg 768w, https:\/\/www.altercampagne.net\/wp-content\/uploads\/2022\/08\/ADT22_0808_MAGMA_07-610x406.jpg 610w, https:\/\/www.altercampagne.net\/wp-content\/uploads\/2022\/08\/ADT22_0808_MAGMA_07-100x67.jpg 100w, https:\/\/www.altercampagne.net\/wp-content\/uploads\/2022\/08\/ADT22_0808_MAGMA_07-862x573.jpg 862w\" sizes=\"auto, (max-width: 1000px) 100vw, 1000px\" \/><\/a><\/figure>\n\n\n\n<p>Bravo \u00e0 tous.tes et MERCI !<\/p>\n\n\n\n<p>Nanou<\/p>\n","protected":false},"excerpt":{"rendered":"<p>\u00ab\u00a0Preuve que les initiatives qui proposent des \u00e9changes et lieux de rencontres sont largement pl\u00e9biscit\u00e9es !\u00a0\u00bb<\/p>\n","protected":false},"author":215,"featured_media":26369,"comment_status":"closed","ping_status":"closed","sticky":false,"template":"","format":"standard","meta":{"footnotes":""},"categories":[3471,4311,4357,3490,3488,3540],"tags":[],"class_list":["post-26366","post","type-post","status-publish","format-standard","has-post-thumbnail","hentry","category-auvergne-rhone-alpes","category-alter-d-tour","category-edition-2022","category-culture","category-social","category-transverse"],"yoast_head":"<!-- This site is optimized with the Yoast SEO plugin v27.3 - https:\/\/yoast.com\/product\/yoast-seo-wordpress\/ -->\n<title>\u00c0 La MAGMA, \u00e7a bourdonne, \u00e7a bourgeonne, \u00e7a raisonne\u2026 - AlterTour<\/title>\n<meta name=\"robots\" content=\"index, follow, max-snippet:-1, max-image-preview:large, max-video-preview:-1\" \/>\n<link rel=\"canonical\" href=\"https:\/\/www.altercampagne.net\/?p=26366\" \/>\n<meta property=\"og:locale\" content=\"fr_FR\" \/>\n<meta property=\"og:type\" content=\"article\" \/>\n<meta property=\"og:title\" content=\"\u00c0 La MAGMA, \u00e7a bourdonne, \u00e7a bourgeonne, \u00e7a raisonne\u2026 - AlterTour\" \/>\n<meta property=\"og:description\" content=\"&quot;Preuve que les initiatives qui proposent des \u00e9changes et lieux de rencontres sont largement pl\u00e9biscit\u00e9es !&quot;\" \/>\n<meta property=\"og:url\" content=\"https:\/\/www.altercampagne.net\/?p=26366\" \/>\n<meta property=\"og:site_name\" content=\"AlterTour\" \/>\n<meta property=\"article:published_time\" content=\"2022-08-10T15:39:00+00:00\" \/>\n<meta property=\"article:modified_time\" content=\"2022-08-18T16:09:21+00:00\" \/>\n<meta property=\"og:image\" content=\"https:\/\/www.altercampagne.net\/wp-content\/uploads\/2022\/08\/ADT22_0808_MAGMA_03.jpg\" \/>\n\t<meta property=\"og:image:width\" content=\"1000\" \/>\n\t<meta property=\"og:image:height\" content=\"665\" \/>\n\t<meta property=\"og:image:type\" content=\"image\/jpeg\" \/>\n<meta name=\"author\" content=\"AlterTour\" \/>\n<meta name=\"twitter:card\" content=\"summary_large_image\" \/>\n<meta name=\"twitter:label1\" content=\"\u00c9crit par\" \/>\n\t<meta name=\"twitter:data1\" content=\"AlterTour\" \/>\n\t<meta name=\"twitter:label2\" content=\"Dur\u00e9e de lecture estim\u00e9e\" \/>\n\t<meta name=\"twitter:data2\" content=\"4 minutes\" \/>\n<script type=\"application\/ld+json\" class=\"yoast-schema-graph\">{\"@context\":\"https:\\\/\\\/schema.org\",\"@graph\":[{\"@type\":\"Article\",\"@id\":\"https:\\\/\\\/www.altercampagne.net\\\/?p=26366#article\",\"isPartOf\":{\"@id\":\"https:\\\/\\\/www.altercampagne.net\\\/?p=26366\"},\"author\":{\"name\":\"AlterTour\",\"@id\":\"https:\\\/\\\/www.altercampagne.net\\\/#\\\/schema\\\/person\\\/e5b68c803196f649c2152249d262d94a\"},\"headline\":\"\u00c0 La MAGMA, \u00e7a bourdonne, \u00e7a bourgeonne, \u00e7a raisonne\u2026\",\"datePublished\":\"2022-08-10T15:39:00+00:00\",\"dateModified\":\"2022-08-18T16:09:21+00:00\",\"mainEntityOfPage\":{\"@id\":\"https:\\\/\\\/www.altercampagne.net\\\/?p=26366\"},\"wordCount\":598,\"image\":{\"@id\":\"https:\\\/\\\/www.altercampagne.net\\\/?p=26366#primaryimage\"},\"thumbnailUrl\":\"https:\\\/\\\/www.altercampagne.net\\\/wp-content\\\/uploads\\\/2022\\\/08\\\/ADT22_0808_MAGMA_03.jpg\",\"articleSection\":[\"Auvergne-Rh\u00f4ne-Alpes\",\"Alter-D-tour\",\"Edition 2022\",\"Culture\",\"Social\",\"Transverse\"],\"inLanguage\":\"fr-FR\"},{\"@type\":\"WebPage\",\"@id\":\"https:\\\/\\\/www.altercampagne.net\\\/?p=26366\",\"url\":\"https:\\\/\\\/www.altercampagne.net\\\/?p=26366\",\"name\":\"\u00c0 La MAGMA, \u00e7a bourdonne, \u00e7a bourgeonne, \u00e7a raisonne\u2026 - AlterTour\",\"isPartOf\":{\"@id\":\"https:\\\/\\\/www.altercampagne.net\\\/#website\"},\"primaryImageOfPage\":{\"@id\":\"https:\\\/\\\/www.altercampagne.net\\\/?p=26366#primaryimage\"},\"image\":{\"@id\":\"https:\\\/\\\/www.altercampagne.net\\\/?p=26366#primaryimage\"},\"thumbnailUrl\":\"https:\\\/\\\/www.altercampagne.net\\\/wp-content\\\/uploads\\\/2022\\\/08\\\/ADT22_0808_MAGMA_03.jpg\",\"datePublished\":\"2022-08-10T15:39:00+00:00\",\"dateModified\":\"2022-08-18T16:09:21+00:00\",\"author\":{\"@id\":\"https:\\\/\\\/www.altercampagne.net\\\/#\\\/schema\\\/person\\\/e5b68c803196f649c2152249d262d94a\"},\"breadcrumb\":{\"@id\":\"https:\\\/\\\/www.altercampagne.net\\\/?p=26366#breadcrumb\"},\"inLanguage\":\"fr-FR\",\"potentialAction\":[{\"@type\":\"ReadAction\",\"target\":[\"https:\\\/\\\/www.altercampagne.net\\\/?p=26366\"]}]},{\"@type\":\"ImageObject\",\"inLanguage\":\"fr-FR\",\"@id\":\"https:\\\/\\\/www.altercampagne.net\\\/?p=26366#primaryimage\",\"url\":\"https:\\\/\\\/www.altercampagne.net\\\/wp-content\\\/uploads\\\/2022\\\/08\\\/ADT22_0808_MAGMA_03.jpg\",\"contentUrl\":\"https:\\\/\\\/www.altercampagne.net\\\/wp-content\\\/uploads\\\/2022\\\/08\\\/ADT22_0808_MAGMA_03.jpg\",\"width\":1000,\"height\":665},{\"@type\":\"BreadcrumbList\",\"@id\":\"https:\\\/\\\/www.altercampagne.net\\\/?p=26366#breadcrumb\",\"itemListElement\":[{\"@type\":\"ListItem\",\"position\":1,\"name\":\"Accueil\",\"item\":\"https:\\\/\\\/www.altercampagne.net\\\/\"},{\"@type\":\"ListItem\",\"position\":2,\"name\":\"\u00c0 La MAGMA, \u00e7a bourdonne, \u00e7a bourgeonne, \u00e7a raisonne\u2026\"}]},{\"@type\":\"WebSite\",\"@id\":\"https:\\\/\\\/www.altercampagne.net\\\/#website\",\"url\":\"https:\\\/\\\/www.altercampagne.net\\\/\",\"name\":\"AlterTour\",\"description\":\"Reliez les Alternatives \u00e0 v\u00e9lo\",\"potentialAction\":[{\"@type\":\"SearchAction\",\"target\":{\"@type\":\"EntryPoint\",\"urlTemplate\":\"https:\\\/\\\/www.altercampagne.net\\\/?s={search_term_string}\"},\"query-input\":{\"@type\":\"PropertyValueSpecification\",\"valueRequired\":true,\"valueName\":\"search_term_string\"}}],\"inLanguage\":\"fr-FR\"},{\"@type\":\"Person\",\"@id\":\"https:\\\/\\\/www.altercampagne.net\\\/#\\\/schema\\\/person\\\/e5b68c803196f649c2152249d262d94a\",\"name\":\"AlterTour\",\"image\":{\"@type\":\"ImageObject\",\"inLanguage\":\"fr-FR\",\"@id\":\"https:\\\/\\\/secure.gravatar.com\\\/avatar\\\/3f2ed77f8506b8ea264ad5938bb0114bfa10f35b64086a66dfbb6e9f58ad9693?s=96&d=mm&r=g\",\"url\":\"https:\\\/\\\/secure.gravatar.com\\\/avatar\\\/3f2ed77f8506b8ea264ad5938bb0114bfa10f35b64086a66dfbb6e9f58ad9693?s=96&d=mm&r=g\",\"contentUrl\":\"https:\\\/\\\/secure.gravatar.com\\\/avatar\\\/3f2ed77f8506b8ea264ad5938bb0114bfa10f35b64086a66dfbb6e9f58ad9693?s=96&d=mm&r=g\",\"caption\":\"AlterTour\"},\"url\":\"https:\\\/\\\/www.altercampagne.net\\\/?author=215\"}]}<\/script>\n<!-- \/ Yoast SEO plugin. -->","yoast_head_json":{"title":"\u00c0 La MAGMA, \u00e7a bourdonne, \u00e7a bourgeonne, \u00e7a raisonne\u2026 - AlterTour","robots":{"index":"index","follow":"follow","max-snippet":"max-snippet:-1","max-image-preview":"max-image-preview:large","max-video-preview":"max-video-preview:-1"},"canonical":"https:\/\/www.altercampagne.net\/?p=26366","og_locale":"fr_FR","og_type":"article","og_title":"\u00c0 La MAGMA, \u00e7a bourdonne, \u00e7a bourgeonne, \u00e7a raisonne\u2026 - AlterTour","og_description":"\"Preuve que les initiatives qui proposent des \u00e9changes et lieux de rencontres sont largement pl\u00e9biscit\u00e9es !\"","og_url":"https:\/\/www.altercampagne.net\/?p=26366","og_site_name":"AlterTour","article_published_time":"2022-08-10T15:39:00+00:00","article_modified_time":"2022-08-18T16:09:21+00:00","og_image":[{"width":1000,"height":665,"url":"https:\/\/www.altercampagne.net\/wp-content\/uploads\/2022\/08\/ADT22_0808_MAGMA_03.jpg","type":"image\/jpeg"}],"author":"AlterTour","twitter_card":"summary_large_image","twitter_misc":{"\u00c9crit par":"AlterTour","Dur\u00e9e de lecture estim\u00e9e":"4 minutes"},"schema":{"@context":"https:\/\/schema.org","@graph":[{"@type":"Article","@id":"https:\/\/www.altercampagne.net\/?p=26366#article","isPartOf":{"@id":"https:\/\/www.altercampagne.net\/?p=26366"},"author":{"name":"AlterTour","@id":"https:\/\/www.altercampagne.net\/#\/schema\/person\/e5b68c803196f649c2152249d262d94a"},"headline":"\u00c0 La MAGMA, \u00e7a bourdonne, \u00e7a bourgeonne, \u00e7a raisonne\u2026","datePublished":"2022-08-10T15:39:00+00:00","dateModified":"2022-08-18T16:09:21+00:00","mainEntityOfPage":{"@id":"https:\/\/www.altercampagne.net\/?p=26366"},"wordCount":598,"image":{"@id":"https:\/\/www.altercampagne.net\/?p=26366#primaryimage"},"thumbnailUrl":"https:\/\/www.altercampagne.net\/wp-content\/uploads\/2022\/08\/ADT22_0808_MAGMA_03.jpg","articleSection":["Auvergne-Rh\u00f4ne-Alpes","Alter-D-tour","Edition 2022","Culture","Social","Transverse"],"inLanguage":"fr-FR"},{"@type":"WebPage","@id":"https:\/\/www.altercampagne.net\/?p=26366","url":"https:\/\/www.altercampagne.net\/?p=26366","name":"\u00c0 La MAGMA, \u00e7a bourdonne, \u00e7a bourgeonne, \u00e7a raisonne\u2026 - AlterTour","isPartOf":{"@id":"https:\/\/www.altercampagne.net\/#website"},"primaryImageOfPage":{"@id":"https:\/\/www.altercampagne.net\/?p=26366#primaryimage"},"image":{"@id":"https:\/\/www.altercampagne.net\/?p=26366#primaryimage"},"thumbnailUrl":"https:\/\/www.altercampagne.net\/wp-content\/uploads\/2022\/08\/ADT22_0808_MAGMA_03.jpg","datePublished":"2022-08-10T15:39:00+00:00","dateModified":"2022-08-18T16:09:21+00:00","author":{"@id":"https:\/\/www.altercampagne.net\/#\/schema\/person\/e5b68c803196f649c2152249d262d94a"},"breadcrumb":{"@id":"https:\/\/www.altercampagne.net\/?p=26366#breadcrumb"},"inLanguage":"fr-FR","potentialAction":[{"@type":"ReadAction","target":["https:\/\/www.altercampagne.net\/?p=26366"]}]},{"@type":"ImageObject","inLanguage":"fr-FR","@id":"https:\/\/www.altercampagne.net\/?p=26366#primaryimage","url":"https:\/\/www.altercampagne.net\/wp-content\/uploads\/2022\/08\/ADT22_0808_MAGMA_03.jpg","contentUrl":"https:\/\/www.altercampagne.net\/wp-content\/uploads\/2022\/08\/ADT22_0808_MAGMA_03.jpg","width":1000,"height":665},{"@type":"BreadcrumbList","@id":"https:\/\/www.altercampagne.net\/?p=26366#breadcrumb","itemListElement":[{"@type":"ListItem","position":1,"name":"Accueil","item":"https:\/\/www.altercampagne.net\/"},{"@type":"ListItem","position":2,"name":"\u00c0 La MAGMA, \u00e7a bourdonne, \u00e7a bourgeonne, \u00e7a raisonne\u2026"}]},{"@type":"WebSite","@id":"https:\/\/www.altercampagne.net\/#website","url":"https:\/\/www.altercampagne.net\/","name":"AlterTour","description":"Reliez les Alternatives \u00e0 v\u00e9lo","potentialAction":[{"@type":"SearchAction","target":{"@type":"EntryPoint","urlTemplate":"https:\/\/www.altercampagne.net\/?s={search_term_string}"},"query-input":{"@type":"PropertyValueSpecification","valueRequired":true,"valueName":"search_term_string"}}],"inLanguage":"fr-FR"},{"@type":"Person","@id":"https:\/\/www.altercampagne.net\/#\/schema\/person\/e5b68c803196f649c2152249d262d94a","name":"AlterTour","image":{"@type":"ImageObject","inLanguage":"fr-FR","@id":"https:\/\/secure.gravatar.com\/avatar\/3f2ed77f8506b8ea264ad5938bb0114bfa10f35b64086a66dfbb6e9f58ad9693?s=96&d=mm&r=g","url":"https:\/\/secure.gravatar.com\/avatar\/3f2ed77f8506b8ea264ad5938bb0114bfa10f35b64086a66dfbb6e9f58ad9693?s=96&d=mm&r=g","contentUrl":"https:\/\/secure.gravatar.com\/avatar\/3f2ed77f8506b8ea264ad5938bb0114bfa10f35b64086a66dfbb6e9f58ad9693?s=96&d=mm&r=g","caption":"AlterTour"},"url":"https:\/\/www.altercampagne.net\/?author=215"}]}},"_links":{"self":[{"href":"https:\/\/www.altercampagne.net\/index.php?rest_route=\/wp\/v2\/posts\/26366","targetHints":{"allow":["GET"]}}],"collection":[{"href":"https:\/\/www.altercampagne.net\/index.php?rest_route=\/wp\/v2\/posts"}],"about":[{"href":"https:\/\/www.altercampagne.net\/index.php?rest_route=\/wp\/v2\/types\/post"}],"author":[{"embeddable":true,"href":"https:\/\/www.altercampagne.net\/index.php?rest_route=\/wp\/v2\/users\/215"}],"replies":[{"embeddable":true,"href":"https:\/\/www.altercampagne.net\/index.php?rest_route=%2Fwp%2Fv2%2Fcomments&post=26366"}],"version-history":[{"count":1,"href":"https:\/\/www.altercampagne.net\/index.php?rest_route=\/wp\/v2\/posts\/26366\/revisions"}],"predecessor-version":[{"id":26374,"href":"https:\/\/www.altercampagne.net\/index.php?rest_route=\/wp\/v2\/posts\/26366\/revisions\/26374"}],"wp:featuredmedia":[{"embeddable":true,"href":"https:\/\/www.altercampagne.net\/index.php?rest_route=\/wp\/v2\/media\/26369"}],"wp:attachment":[{"href":"https:\/\/www.altercampagne.net\/index.php?rest_route=%2Fwp%2Fv2%2Fmedia&parent=26366"}],"wp:term":[{"taxonomy":"category","embeddable":true,"href":"https:\/\/www.altercampagne.net\/index.php?rest_route=%2Fwp%2Fv2%2Fcategories&post=26366"},{"taxonomy":"post_tag","embeddable":true,"href":"https:\/\/www.altercampagne.net\/index.php?rest_route=%2Fwp%2Fv2%2Ftags&post=26366"}],"curies":[{"name":"wp","href":"https:\/\/api.w.org\/{rel}","templated":true}]}}