{"id":26376,"date":"2022-08-19T18:44:05","date_gmt":"2022-08-19T16:44:05","guid":{"rendered":"https:\/\/www.altercampagne.net\/?p=26376"},"modified":"2022-08-19T18:44:07","modified_gmt":"2022-08-19T16:44:07","slug":"premier-jour-de-lechappee-belle-a-batir-vivant","status":"publish","type":"post","link":"https:\/\/www.altercampagne.net\/?p=26376","title":{"rendered":"Premier jour de l&rsquo;\u00e9chapp\u00e9e belle \u00e0 B\u00e2tir Vivant"},"content":{"rendered":"\n<p>Il \u00e9tait une fois, pour moi, une premi\u00e8re fois : le dernier dimanche de juillet 2022, je prends la route aux c\u00f4t\u00e9s de compagnons, tous volontaires pour <strong>une \u00e9chapp\u00e9e belle<\/strong> \u00e0 la rencontre de l\u2019association \u00ab\u00a0<a href=\"http:\/\/assobatirvivant.blogspot.com\/\">B\u00e2tir Vivant<\/a>\u00a0\u00bb, \u00e0 Saint-Laurent-la-Vern\u00e8de. Les chaudes temp\u00e9ratures du sud de la France en p\u00e9riode estivale, le soleil \u00e9crasant et le chant des cigales sont au rendez-vous. Mais l\u2019\u00e9tape est courte (moins de quinze kilom\u00e8tres), et l\u2019application libre \u00ab\u00a0Open Runner\u00a0\u00bb nous fait itin\u00e9rer sur des chemins alternatifs \u00e0 la grande route pour une part du trajet. Nous atteignons donc notre destination sans aucune difficult\u00e9 et bien avant midi, ce qui correspond \u00e0 notre objectif de se d\u00e9placer doucement dans le cadre de l\u2019AlterTour.\u00a0<\/p>\n\n\n\n<p>A notre arriv\u00e9e, nous avons \u00e9t\u00e9 accueillis autour d\u2019une tabl\u00e9e par le couple g\u00e9rant le lieu : <strong>Am\u00e9lie, qui s\u2019est form\u00e9e et travaille sur les semences v\u00e9g\u00e9tales, et Vincent, qui s\u2019est quant \u00e0 lui orient\u00e9 vers l\u2019\u00e9co-construction.<\/strong> Merci \u00e0 eux pour le petit rafra\u00eechissement fait de sirops maison pour nous soulager de cette chaleur ent\u00eatante. Apr\u00e8s une pr\u00e9sentation du lieu-projet \u00ab\u00a0B\u00e2tir Vivant\u00a0\u00bb par nos h\u00f4tes, Marion et Elina nous ont propos\u00e9 un jeu non pas pour \u00ab\u00a0briser la glace\u00a0\u00bb (car ce n\u2019est ni de circonstances, ni pertinent) mais pour nous aider \u00e0 m\u00e9moriser les pr\u00e9noms de tous et toutes. A la suite de cela, nous avons partag\u00e9 <strong>un temps de convivialit\u00e9 et d\u2019\u00e9change<\/strong>, \u00e0 pr\u00e9parer le repas et le consommer. Dans la continuit\u00e9 de cette pause d\u00e9jeuner, chacun a dig\u00e9r\u00e9 attabl\u00e9 autour d\u2019un caf\u00e9 ou install\u00e9 dans un hamac, tout en poursuivant pour certain la discussion.\u00a0<\/p>\n\n\n\n<p>A seize heures, nous avons commenc\u00e9 les activit\u00e9s du jour, deux ateliers que nous proposaient nos h\u00f4tes : du c\u00f4t\u00e9 d\u2019Am\u00e9lie, <strong>c\u2019\u00e9tait une initiation au clown militant<\/strong>. Je me suis quant \u00e0 moi tourn\u00e9 vers le petit chantier organis\u00e9 par Vincent : <strong>pr\u00e9paration et pose d\u2019un enduit terre-paille sur la \u00ab\u00a0pailleyourte\u00a0\u00bb<\/strong> (un espace \u2014encore en construction\u2014 qui servira \u00e0 abriter de futures activit\u00e9s de l\u2019association \u00ab\u00a0B\u00e2tir vivant\u00a0\u00bb). <br>S\u2019agissant de mon ressenti personnel (plus ou moins partag\u00e9 par d\u2019autres), j\u2019ai \u00e9prouv\u00e9 plaisir \u00e0 plonger mes mains dans ce m\u00e9lange boueux et naturel puis constater \u00e0 quel point cela adh\u00e8re \u00e0 la paille. Par ailleurs, la possibilit\u00e9 de pouvoir toucher aux mat\u00e9riaux et participer activement apr\u00e8s la pr\u00e9sentation th\u00e9orique me semble une bonne chose.\u00a0<\/p>\n\n\n\n<p>Vers dix-huit heures, apr\u00e8s deux heures d\u2019ateliers, nous nous sommes tous retrouv\u00e9s pour organiser la soir\u00e9e commune ; au programme r\u00e9jouissant et app\u00e9tissant du soir, <strong>des pizzas faites maison et cuites au four artisanal<\/strong>.\u00a0<\/p>\n\n\n\n<figure class=\"wp-block-image size-large\"><a href=\"https:\/\/www.altercampagne.net\/wp-content\/uploads\/2022\/08\/WhatsApp-Image-2022-08-02-at-20.30.03.jpeg\"><img loading=\"lazy\" decoding=\"async\" width=\"712\" height=\"1024\" src=\"https:\/\/www.altercampagne.net\/wp-content\/uploads\/2022\/08\/WhatsApp-Image-2022-08-02-at-20.30.03-712x1024.jpeg\" alt=\"\" class=\"wp-image-26377\" srcset=\"https:\/\/www.altercampagne.net\/wp-content\/uploads\/2022\/08\/WhatsApp-Image-2022-08-02-at-20.30.03-712x1024.jpeg 712w, https:\/\/www.altercampagne.net\/wp-content\/uploads\/2022\/08\/WhatsApp-Image-2022-08-02-at-20.30.03-209x300.jpeg 209w, https:\/\/www.altercampagne.net\/wp-content\/uploads\/2022\/08\/WhatsApp-Image-2022-08-02-at-20.30.03-768x1105.jpeg 768w, https:\/\/www.altercampagne.net\/wp-content\/uploads\/2022\/08\/WhatsApp-Image-2022-08-02-at-20.30.03-1068x1536.jpeg 1068w, https:\/\/www.altercampagne.net\/wp-content\/uploads\/2022\/08\/WhatsApp-Image-2022-08-02-at-20.30.03-610x878.jpeg 610w, https:\/\/www.altercampagne.net\/wp-content\/uploads\/2022\/08\/WhatsApp-Image-2022-08-02-at-20.30.03-100x144.jpeg 100w, https:\/\/www.altercampagne.net\/wp-content\/uploads\/2022\/08\/WhatsApp-Image-2022-08-02-at-20.30.03-862x1240.jpeg 862w, https:\/\/www.altercampagne.net\/wp-content\/uploads\/2022\/08\/WhatsApp-Image-2022-08-02-at-20.30.03.jpeg 1112w\" sizes=\"auto, (max-width: 712px) 100vw, 712px\" \/><\/a><\/figure>\n\n\n\n<p>Le diner s\u2019est \u00e9tir\u00e9 jusqu\u2019aux alentours de vingt-et-une heures trente, puis nous avons d\u00e9but\u00e9 une discussion \u00e0 partir du t\u00e9moignage d\u2019Am\u00e9lie et Vincent. Nous avons parl\u00e9 de leur investissement \u00e0 caract\u00e8re exp\u00e9rimental dans ce lieu dont ils ne sont pas propri\u00e9taires et vont partir, jusqu\u2019\u00e0 environ vingt-deux heures trente. C\u2019est ainsi que s\u2019est termin\u00e9e cette journ\u00e9e, dans un fra\u00eecheur toujours relative.<\/p>\n\n\n\n<p>Il y eut un matin, il y eut un soir ; de cette belle \u00e9chapp\u00e9e, ce fut le premier jour\u2026 \u00e0 suivre.<\/p>\n\n\n\n<p class=\"has-text-align-right\"><em>Henri et Bartim\u00e9e<\/em><\/p>\n","protected":false},"excerpt":{"rendered":"<p>Il \u00e9tait une fois, pour moi, une premi\u00e8re fois : le dernier dimanche de juillet 2022, je prends la route aux c\u00f4t\u00e9s de compagnons, tous volontaires pour une \u00e9chapp\u00e9e belle \u00e0 la rencontre de l\u2019association \u00ab\u00a0B\u00e2tir Vivant\u00a0\u00bb, \u00e0 Saint-Laurent-la-Vern\u00e8de. Les chaudes temp\u00e9ratures du sud de la France en p\u00e9riode estivale, &#8230; <\/p>\n<div><a href=\"https:\/\/www.altercampagne.net\/?p=26376\" class=\"more-link\">Read More<\/a><\/div>\n","protected":false},"author":316,"featured_media":26378,"comment_status":"closed","ping_status":"closed","sticky":false,"template":"","format":"standard","meta":{"footnotes":""},"categories":[4357,3231,3485,3482,3540],"tags":[],"class_list":["post-26376","post","type-post","status-publish","format-standard","has-post-thumbnail","hentry","category-edition-2022","category-echappee-belle","category-habitat","category-provence-alpes-cote-dazur","category-transverse"],"yoast_head":"<!-- This site is optimized with the Yoast SEO plugin v27.3 - https:\/\/yoast.com\/product\/yoast-seo-wordpress\/ -->\n<title>Premier jour de l&#039;\u00e9chapp\u00e9e belle \u00e0 B\u00e2tir Vivant - AlterTour<\/title>\n<meta name=\"robots\" content=\"index, follow, max-snippet:-1, max-image-preview:large, max-video-preview:-1\" \/>\n<link rel=\"canonical\" href=\"https:\/\/www.altercampagne.net\/?p=26376\" \/>\n<meta property=\"og:locale\" content=\"fr_FR\" \/>\n<meta property=\"og:type\" content=\"article\" \/>\n<meta property=\"og:title\" content=\"Premier jour de l&#039;\u00e9chapp\u00e9e belle \u00e0 B\u00e2tir Vivant - AlterTour\" \/>\n<meta property=\"og:description\" content=\"Il \u00e9tait une fois, pour moi, une premi\u00e8re fois : le dernier dimanche de juillet 2022, je prends la route aux c\u00f4t\u00e9s de compagnons, tous volontaires pour une \u00e9chapp\u00e9e belle \u00e0 la rencontre de l\u2019association \u00ab\u00a0B\u00e2tir Vivant\u00a0\u00bb, \u00e0 Saint-Laurent-la-Vern\u00e8de. Les chaudes temp\u00e9ratures du sud de la France en p\u00e9riode estivale, ... Read More\" \/>\n<meta property=\"og:url\" content=\"https:\/\/www.altercampagne.net\/?p=26376\" \/>\n<meta property=\"og:site_name\" content=\"AlterTour\" \/>\n<meta property=\"article:published_time\" content=\"2022-08-19T16:44:05+00:00\" \/>\n<meta property=\"article:modified_time\" content=\"2022-08-19T16:44:07+00:00\" \/>\n<meta property=\"og:image\" content=\"https:\/\/www.altercampagne.net\/wp-content\/uploads\/2022\/08\/WhatsApp-Image-2022-08-02-at-20.29.48.jpeg\" \/>\n\t<meta property=\"og:image:width\" content=\"2048\" \/>\n\t<meta property=\"og:image:height\" content=\"1338\" \/>\n\t<meta property=\"og:image:type\" content=\"image\/jpeg\" \/>\n<meta name=\"author\" content=\"Jonas\" \/>\n<meta name=\"twitter:card\" content=\"summary_large_image\" \/>\n<meta name=\"twitter:label1\" content=\"\u00c9crit par\" \/>\n\t<meta name=\"twitter:data1\" content=\"Jonas\" \/>\n\t<meta name=\"twitter:label2\" content=\"Dur\u00e9e de lecture estim\u00e9e\" \/>\n\t<meta name=\"twitter:data2\" content=\"3 minutes\" \/>\n<script type=\"application\/ld+json\" class=\"yoast-schema-graph\">{\"@context\":\"https:\\\/\\\/schema.org\",\"@graph\":[{\"@type\":\"Article\",\"@id\":\"https:\\\/\\\/www.altercampagne.net\\\/?p=26376#article\",\"isPartOf\":{\"@id\":\"https:\\\/\\\/www.altercampagne.net\\\/?p=26376\"},\"author\":{\"name\":\"Jonas\",\"@id\":\"https:\\\/\\\/www.altercampagne.net\\\/#\\\/schema\\\/person\\\/308dc295a67929d58321ff6b59820daa\"},\"headline\":\"Premier jour de l&rsquo;\u00e9chapp\u00e9e belle \u00e0 B\u00e2tir Vivant\",\"datePublished\":\"2022-08-19T16:44:05+00:00\",\"dateModified\":\"2022-08-19T16:44:07+00:00\",\"mainEntityOfPage\":{\"@id\":\"https:\\\/\\\/www.altercampagne.net\\\/?p=26376\"},\"wordCount\":574,\"image\":{\"@id\":\"https:\\\/\\\/www.altercampagne.net\\\/?p=26376#primaryimage\"},\"thumbnailUrl\":\"https:\\\/\\\/www.altercampagne.net\\\/wp-content\\\/uploads\\\/2022\\\/08\\\/WhatsApp-Image-2022-08-02-at-20.29.48.jpeg\",\"articleSection\":[\"Edition 2022\",\"Echapp\u00e9e Belle\",\"Habitat\",\"Provence-Alpes-C\u00f4te d'Azur\",\"Transverse\"],\"inLanguage\":\"fr-FR\"},{\"@type\":\"WebPage\",\"@id\":\"https:\\\/\\\/www.altercampagne.net\\\/?p=26376\",\"url\":\"https:\\\/\\\/www.altercampagne.net\\\/?p=26376\",\"name\":\"Premier jour de l'\u00e9chapp\u00e9e belle \u00e0 B\u00e2tir Vivant - AlterTour\",\"isPartOf\":{\"@id\":\"https:\\\/\\\/www.altercampagne.net\\\/#website\"},\"primaryImageOfPage\":{\"@id\":\"https:\\\/\\\/www.altercampagne.net\\\/?p=26376#primaryimage\"},\"image\":{\"@id\":\"https:\\\/\\\/www.altercampagne.net\\\/?p=26376#primaryimage\"},\"thumbnailUrl\":\"https:\\\/\\\/www.altercampagne.net\\\/wp-content\\\/uploads\\\/2022\\\/08\\\/WhatsApp-Image-2022-08-02-at-20.29.48.jpeg\",\"datePublished\":\"2022-08-19T16:44:05+00:00\",\"dateModified\":\"2022-08-19T16:44:07+00:00\",\"author\":{\"@id\":\"https:\\\/\\\/www.altercampagne.net\\\/#\\\/schema\\\/person\\\/308dc295a67929d58321ff6b59820daa\"},\"breadcrumb\":{\"@id\":\"https:\\\/\\\/www.altercampagne.net\\\/?p=26376#breadcrumb\"},\"inLanguage\":\"fr-FR\",\"potentialAction\":[{\"@type\":\"ReadAction\",\"target\":[\"https:\\\/\\\/www.altercampagne.net\\\/?p=26376\"]}]},{\"@type\":\"ImageObject\",\"inLanguage\":\"fr-FR\",\"@id\":\"https:\\\/\\\/www.altercampagne.net\\\/?p=26376#primaryimage\",\"url\":\"https:\\\/\\\/www.altercampagne.net\\\/wp-content\\\/uploads\\\/2022\\\/08\\\/WhatsApp-Image-2022-08-02-at-20.29.48.jpeg\",\"contentUrl\":\"https:\\\/\\\/www.altercampagne.net\\\/wp-content\\\/uploads\\\/2022\\\/08\\\/WhatsApp-Image-2022-08-02-at-20.29.48.jpeg\",\"width\":2048,\"height\":1338},{\"@type\":\"BreadcrumbList\",\"@id\":\"https:\\\/\\\/www.altercampagne.net\\\/?p=26376#breadcrumb\",\"itemListElement\":[{\"@type\":\"ListItem\",\"position\":1,\"name\":\"Accueil\",\"item\":\"https:\\\/\\\/www.altercampagne.net\\\/\"},{\"@type\":\"ListItem\",\"position\":2,\"name\":\"Premier jour de l&rsquo;\u00e9chapp\u00e9e belle \u00e0 B\u00e2tir Vivant\"}]},{\"@type\":\"WebSite\",\"@id\":\"https:\\\/\\\/www.altercampagne.net\\\/#website\",\"url\":\"https:\\\/\\\/www.altercampagne.net\\\/\",\"name\":\"AlterTour\",\"description\":\"Reliez les Alternatives \u00e0 v\u00e9lo\",\"potentialAction\":[{\"@type\":\"SearchAction\",\"target\":{\"@type\":\"EntryPoint\",\"urlTemplate\":\"https:\\\/\\\/www.altercampagne.net\\\/?s={search_term_string}\"},\"query-input\":{\"@type\":\"PropertyValueSpecification\",\"valueRequired\":true,\"valueName\":\"search_term_string\"}}],\"inLanguage\":\"fr-FR\"},{\"@type\":\"Person\",\"@id\":\"https:\\\/\\\/www.altercampagne.net\\\/#\\\/schema\\\/person\\\/308dc295a67929d58321ff6b59820daa\",\"name\":\"Jonas\",\"image\":{\"@type\":\"ImageObject\",\"inLanguage\":\"fr-FR\",\"@id\":\"https:\\\/\\\/secure.gravatar.com\\\/avatar\\\/ade7b451791545d463915f445a8aee91b58c48cdcbc1ab2b8583fa2f30e159e4?s=96&d=mm&r=g\",\"url\":\"https:\\\/\\\/secure.gravatar.com\\\/avatar\\\/ade7b451791545d463915f445a8aee91b58c48cdcbc1ab2b8583fa2f30e159e4?s=96&d=mm&r=g\",\"contentUrl\":\"https:\\\/\\\/secure.gravatar.com\\\/avatar\\\/ade7b451791545d463915f445a8aee91b58c48cdcbc1ab2b8583fa2f30e159e4?s=96&d=mm&r=g\",\"caption\":\"Jonas\"},\"url\":\"https:\\\/\\\/www.altercampagne.net\\\/?author=316\"}]}<\/script>\n<!-- \/ Yoast SEO plugin. -->","yoast_head_json":{"title":"Premier jour de l'\u00e9chapp\u00e9e belle \u00e0 B\u00e2tir Vivant - AlterTour","robots":{"index":"index","follow":"follow","max-snippet":"max-snippet:-1","max-image-preview":"max-image-preview:large","max-video-preview":"max-video-preview:-1"},"canonical":"https:\/\/www.altercampagne.net\/?p=26376","og_locale":"fr_FR","og_type":"article","og_title":"Premier jour de l'\u00e9chapp\u00e9e belle \u00e0 B\u00e2tir Vivant - AlterTour","og_description":"Il \u00e9tait une fois, pour moi, une premi\u00e8re fois : le dernier dimanche de juillet 2022, je prends la route aux c\u00f4t\u00e9s de compagnons, tous volontaires pour une \u00e9chapp\u00e9e belle \u00e0 la rencontre de l\u2019association \u00ab\u00a0B\u00e2tir Vivant\u00a0\u00bb, \u00e0 Saint-Laurent-la-Vern\u00e8de. Les chaudes temp\u00e9ratures du sud de la France en p\u00e9riode estivale, ... Read More","og_url":"https:\/\/www.altercampagne.net\/?p=26376","og_site_name":"AlterTour","article_published_time":"2022-08-19T16:44:05+00:00","article_modified_time":"2022-08-19T16:44:07+00:00","og_image":[{"width":2048,"height":1338,"url":"https:\/\/www.altercampagne.net\/wp-content\/uploads\/2022\/08\/WhatsApp-Image-2022-08-02-at-20.29.48.jpeg","type":"image\/jpeg"}],"author":"Jonas","twitter_card":"summary_large_image","twitter_misc":{"\u00c9crit par":"Jonas","Dur\u00e9e de lecture estim\u00e9e":"3 minutes"},"schema":{"@context":"https:\/\/schema.org","@graph":[{"@type":"Article","@id":"https:\/\/www.altercampagne.net\/?p=26376#article","isPartOf":{"@id":"https:\/\/www.altercampagne.net\/?p=26376"},"author":{"name":"Jonas","@id":"https:\/\/www.altercampagne.net\/#\/schema\/person\/308dc295a67929d58321ff6b59820daa"},"headline":"Premier jour de l&rsquo;\u00e9chapp\u00e9e belle \u00e0 B\u00e2tir Vivant","datePublished":"2022-08-19T16:44:05+00:00","dateModified":"2022-08-19T16:44:07+00:00","mainEntityOfPage":{"@id":"https:\/\/www.altercampagne.net\/?p=26376"},"wordCount":574,"image":{"@id":"https:\/\/www.altercampagne.net\/?p=26376#primaryimage"},"thumbnailUrl":"https:\/\/www.altercampagne.net\/wp-content\/uploads\/2022\/08\/WhatsApp-Image-2022-08-02-at-20.29.48.jpeg","articleSection":["Edition 2022","Echapp\u00e9e Belle","Habitat","Provence-Alpes-C\u00f4te d'Azur","Transverse"],"inLanguage":"fr-FR"},{"@type":"WebPage","@id":"https:\/\/www.altercampagne.net\/?p=26376","url":"https:\/\/www.altercampagne.net\/?p=26376","name":"Premier jour de l'\u00e9chapp\u00e9e belle \u00e0 B\u00e2tir Vivant - AlterTour","isPartOf":{"@id":"https:\/\/www.altercampagne.net\/#website"},"primaryImageOfPage":{"@id":"https:\/\/www.altercampagne.net\/?p=26376#primaryimage"},"image":{"@id":"https:\/\/www.altercampagne.net\/?p=26376#primaryimage"},"thumbnailUrl":"https:\/\/www.altercampagne.net\/wp-content\/uploads\/2022\/08\/WhatsApp-Image-2022-08-02-at-20.29.48.jpeg","datePublished":"2022-08-19T16:44:05+00:00","dateModified":"2022-08-19T16:44:07+00:00","author":{"@id":"https:\/\/www.altercampagne.net\/#\/schema\/person\/308dc295a67929d58321ff6b59820daa"},"breadcrumb":{"@id":"https:\/\/www.altercampagne.net\/?p=26376#breadcrumb"},"inLanguage":"fr-FR","potentialAction":[{"@type":"ReadAction","target":["https:\/\/www.altercampagne.net\/?p=26376"]}]},{"@type":"ImageObject","inLanguage":"fr-FR","@id":"https:\/\/www.altercampagne.net\/?p=26376#primaryimage","url":"https:\/\/www.altercampagne.net\/wp-content\/uploads\/2022\/08\/WhatsApp-Image-2022-08-02-at-20.29.48.jpeg","contentUrl":"https:\/\/www.altercampagne.net\/wp-content\/uploads\/2022\/08\/WhatsApp-Image-2022-08-02-at-20.29.48.jpeg","width":2048,"height":1338},{"@type":"BreadcrumbList","@id":"https:\/\/www.altercampagne.net\/?p=26376#breadcrumb","itemListElement":[{"@type":"ListItem","position":1,"name":"Accueil","item":"https:\/\/www.altercampagne.net\/"},{"@type":"ListItem","position":2,"name":"Premier jour de l&rsquo;\u00e9chapp\u00e9e belle \u00e0 B\u00e2tir Vivant"}]},{"@type":"WebSite","@id":"https:\/\/www.altercampagne.net\/#website","url":"https:\/\/www.altercampagne.net\/","name":"AlterTour","description":"Reliez les Alternatives \u00e0 v\u00e9lo","potentialAction":[{"@type":"SearchAction","target":{"@type":"EntryPoint","urlTemplate":"https:\/\/www.altercampagne.net\/?s={search_term_string}"},"query-input":{"@type":"PropertyValueSpecification","valueRequired":true,"valueName":"search_term_string"}}],"inLanguage":"fr-FR"},{"@type":"Person","@id":"https:\/\/www.altercampagne.net\/#\/schema\/person\/308dc295a67929d58321ff6b59820daa","name":"Jonas","image":{"@type":"ImageObject","inLanguage":"fr-FR","@id":"https:\/\/secure.gravatar.com\/avatar\/ade7b451791545d463915f445a8aee91b58c48cdcbc1ab2b8583fa2f30e159e4?s=96&d=mm&r=g","url":"https:\/\/secure.gravatar.com\/avatar\/ade7b451791545d463915f445a8aee91b58c48cdcbc1ab2b8583fa2f30e159e4?s=96&d=mm&r=g","contentUrl":"https:\/\/secure.gravatar.com\/avatar\/ade7b451791545d463915f445a8aee91b58c48cdcbc1ab2b8583fa2f30e159e4?s=96&d=mm&r=g","caption":"Jonas"},"url":"https:\/\/www.altercampagne.net\/?author=316"}]}},"_links":{"self":[{"href":"https:\/\/www.altercampagne.net\/index.php?rest_route=\/wp\/v2\/posts\/26376","targetHints":{"allow":["GET"]}}],"collection":[{"href":"https:\/\/www.altercampagne.net\/index.php?rest_route=\/wp\/v2\/posts"}],"about":[{"href":"https:\/\/www.altercampagne.net\/index.php?rest_route=\/wp\/v2\/types\/post"}],"author":[{"embeddable":true,"href":"https:\/\/www.altercampagne.net\/index.php?rest_route=\/wp\/v2\/users\/316"}],"replies":[{"embeddable":true,"href":"https:\/\/www.altercampagne.net\/index.php?rest_route=%2Fwp%2Fv2%2Fcomments&post=26376"}],"version-history":[{"count":1,"href":"https:\/\/www.altercampagne.net\/index.php?rest_route=\/wp\/v2\/posts\/26376\/revisions"}],"predecessor-version":[{"id":26379,"href":"https:\/\/www.altercampagne.net\/index.php?rest_route=\/wp\/v2\/posts\/26376\/revisions\/26379"}],"wp:featuredmedia":[{"embeddable":true,"href":"https:\/\/www.altercampagne.net\/index.php?rest_route=\/wp\/v2\/media\/26378"}],"wp:attachment":[{"href":"https:\/\/www.altercampagne.net\/index.php?rest_route=%2Fwp%2Fv2%2Fmedia&parent=26376"}],"wp:term":[{"taxonomy":"category","embeddable":true,"href":"https:\/\/www.altercampagne.net\/index.php?rest_route=%2Fwp%2Fv2%2Fcategories&post=26376"},{"taxonomy":"post_tag","embeddable":true,"href":"https:\/\/www.altercampagne.net\/index.php?rest_route=%2Fwp%2Fv2%2Ftags&post=26376"}],"curies":[{"name":"wp","href":"https:\/\/api.w.org\/{rel}","templated":true}]}}