{"id":26380,"date":"2022-08-19T19:03:35","date_gmt":"2022-08-19T17:03:35","guid":{"rendered":"https:\/\/www.altercampagne.net\/?p=26380"},"modified":"2022-08-19T19:03:37","modified_gmt":"2022-08-19T17:03:37","slug":"a-la-rencontre-de-tribu-vivace-et-feu-follet","status":"publish","type":"post","link":"https:\/\/www.altercampagne.net\/?p=26380","title":{"rendered":"\u00c0 la rencontre de Tribu Vivace et Feu Follet"},"content":{"rendered":"\n<p>Pos\u00e9 dans le Gard, depuis quelques temps, au fil d\u2019une eau claire fr\u00e9quent\u00e9e par quelques habitu\u00e9s soucieux de se rafra\u00eechir \u00e0 bon compte, nous voici enfin pr\u00eats \u00e0 (re)d\u00e9couvrir un lieu des plus singulier d\u00e9nomm\u00e9e <a href=\"https:\/\/www.tribuvivace.org\/\">La tribu vivace<\/a>.<br>Le projet initial, \u00e9chafaud\u00e9 par Alain, a subit moult modifications, au point d\u2019\u00eatre r\u00e9-orient\u00e9 : <strong>r\u00eav\u00e9 au d\u00e9part comme un projet regroupant quelques familles se d\u00e9pla\u00e7ant en v\u00e9lo avec leurs enfants scolaris\u00e9s en itin\u00e9rance<\/strong>.<br>Mais les difficult\u00e9s ne cessent de contrarier la concr\u00e9tisation sur le long terme du projet. Les parents ne souhaitent plus poursuivre une itin\u00e9rance consid\u00e9r\u00e9e comme dangereuse :\u00a0souci de cohabitation avec une circulation de v\u00e9hicules thermiques d\u00e9cid\u00e9ment trop pr\u00e9sent, remise en cause de la scolarisation itin\u00e9rante, notamment.<\/p>\n\n\n\n<figure class=\"wp-block-image size-large\"><a href=\"https:\/\/www.altercampagne.net\/wp-content\/uploads\/2022\/08\/DSF1119_retouche-scaled.jpg\"><img loading=\"lazy\" decoding=\"async\" width=\"1024\" height=\"683\" src=\"https:\/\/www.altercampagne.net\/wp-content\/uploads\/2022\/08\/DSF1119_retouche-1024x683.jpg\" alt=\"\" class=\"wp-image-26382\" srcset=\"https:\/\/www.altercampagne.net\/wp-content\/uploads\/2022\/08\/DSF1119_retouche-1024x683.jpg 1024w, https:\/\/www.altercampagne.net\/wp-content\/uploads\/2022\/08\/DSF1119_retouche-300x200.jpg 300w, https:\/\/www.altercampagne.net\/wp-content\/uploads\/2022\/08\/DSF1119_retouche-768x512.jpg 768w, https:\/\/www.altercampagne.net\/wp-content\/uploads\/2022\/08\/DSF1119_retouche-1536x1024.jpg 1536w, https:\/\/www.altercampagne.net\/wp-content\/uploads\/2022\/08\/DSF1119_retouche-2048x1365.jpg 2048w, https:\/\/www.altercampagne.net\/wp-content\/uploads\/2022\/08\/DSF1119_retouche-610x407.jpg 610w, https:\/\/www.altercampagne.net\/wp-content\/uploads\/2022\/08\/DSF1119_retouche-100x67.jpg 100w, https:\/\/www.altercampagne.net\/wp-content\/uploads\/2022\/08\/DSF1119_retouche-862x575.jpg 862w, https:\/\/www.altercampagne.net\/wp-content\/uploads\/2022\/08\/DSF1119_retouche-1140x760.jpg 1140w\" sizes=\"auto, (max-width: 1024px) 100vw, 1024px\" \/><\/a><\/figure>\n\n\n\n<p>La tribu vivace s\u2019est donc recentr\u00e9 sur <strong>un lieu regroupant de nombreuses yourtes de conceptions, de mat\u00e9riaux et de tailles diverses et vari\u00e9es avec une maison et un atelier servant \u00e0 la fabrication essentiellement de yourtes<\/strong>, \u00ab\u00a0les moins ch\u00e8res du march\u00e9\u00a0\u00bb, dot\u00e9es de structures en bambous et en bois, ch\u00e2taigniers ou Douglass. Avec possibilit\u00e9 de participer par soi-m\u00eame \u00e0 la fabrication de sa yourte. Mais aussi de prototypes, tel un catamaran en bois m\u00fb par \u00e9nergie musculaire avec roue \u00e0 aube ou h\u00e9lice. Ou encore un tandem avec un syst\u00e8me de propulsion \u00ab\u00a0\u00e0 palan \u00e0 rotation altern\u00e9e en position verticale\u00bb (retranscription approximative).<\/p>\n\n\n\n<p>Les projets \u00e0 venir : <strong>mettre en place des itin\u00e9rances \u00e0 v\u00e9lo tractant des caravanes \u00e0 deux roues pour l\u2019\u00e9t\u00e9<\/strong>.<\/p>\n\n\n\n<h4 class=\"wp-block-heading\">L\u2019Association Feu Follet ou comment concevoir, r\u00e9aliser et utiliser au mieux des Rocket Stove<\/h4>\n\n\n\n<figure class=\"wp-block-image size-large\"><a href=\"https:\/\/www.altercampagne.net\/wp-content\/uploads\/2022\/08\/DSF1137_retouche-scaled.jpg\"><img loading=\"lazy\" decoding=\"async\" width=\"781\" height=\"1024\" src=\"https:\/\/www.altercampagne.net\/wp-content\/uploads\/2022\/08\/DSF1137_retouche-781x1024.jpg\" alt=\"\" class=\"wp-image-26383\" srcset=\"https:\/\/www.altercampagne.net\/wp-content\/uploads\/2022\/08\/DSF1137_retouche-781x1024.jpg 781w, https:\/\/www.altercampagne.net\/wp-content\/uploads\/2022\/08\/DSF1137_retouche-229x300.jpg 229w, https:\/\/www.altercampagne.net\/wp-content\/uploads\/2022\/08\/DSF1137_retouche-768x1007.jpg 768w, https:\/\/www.altercampagne.net\/wp-content\/uploads\/2022\/08\/DSF1137_retouche-1172x1536.jpg 1172w, https:\/\/www.altercampagne.net\/wp-content\/uploads\/2022\/08\/DSF1137_retouche-1563x2048.jpg 1563w, https:\/\/www.altercampagne.net\/wp-content\/uploads\/2022\/08\/DSF1137_retouche-610x799.jpg 610w, https:\/\/www.altercampagne.net\/wp-content\/uploads\/2022\/08\/DSF1137_retouche-100x131.jpg 100w, https:\/\/www.altercampagne.net\/wp-content\/uploads\/2022\/08\/DSF1137_retouche-862x1130.jpg 862w, https:\/\/www.altercampagne.net\/wp-content\/uploads\/2022\/08\/DSF1137_retouche-1140x1494.jpg 1140w, https:\/\/www.altercampagne.net\/wp-content\/uploads\/2022\/08\/DSF1137_retouche-scaled.jpg 1953w\" sizes=\"auto, (max-width: 781px) 100vw, 781px\" \/><\/a><\/figure>\n\n\n\n<p>Prenons quelques concepts tels que : comburants, combustibles, \u00e9nergies (production de).\u00a0<br>Voyons comme ils ont \u00e9volu\u00e9 depuis environ 400 00 ans (environ) avec l\u2019\u00e9motion toute particuli\u00e8re de<strong> la ma\u00eetrise du feu<\/strong> et des premi\u00e8res poteries, de la vapeur et des premi\u00e8res machines industrielles; o\u00f9 il est question de temp\u00e9rature de chauffe, de temp\u00e9rature de cuisson, d\u2019emmagasiner la chaleur, de pression atmosph\u00e9rique, de maisons traditionnelles, de circulation de l\u2019air, etc.<br>Voil\u00e0 pourquoi, et comment, le Rochet Stove est des plus efficaces avec du petit bois, un morceau de papier.\u00a0<\/p>\n\n\n\n<p>Pour en savoir plus:&nbsp;<a href=\"http:\/\/www.feufollet.org\/\" target=\"_blank\" rel=\"noreferrer noopener\">www.feufollet.org<\/a><\/p>\n\n\n\n<p class=\"has-text-align-right\"><em>Herv\u00e9\u00a0\u00a0 <\/em>\u00a0<\/p>\n","protected":false},"excerpt":{"rendered":"<p>Pos\u00e9 dans le Gard, depuis quelques temps, au fil d\u2019une eau claire fr\u00e9quent\u00e9e par quelques habitu\u00e9s soucieux de se rafra\u00eechir \u00e0 bon compte, nous voici enfin pr\u00eats \u00e0 (re)d\u00e9couvrir un lieu des plus singulier d\u00e9nomm\u00e9e La tribu vivace.Le projet initial, \u00e9chafaud\u00e9 par Alain, a subit moult modifications, au point d\u2019\u00eatre &#8230; <\/p>\n<div><a href=\"https:\/\/www.altercampagne.net\/?p=26380\" class=\"more-link\">Read More<\/a><\/div>\n","protected":false},"author":316,"featured_media":26381,"comment_status":"closed","ping_status":"closed","sticky":false,"template":"","format":"standard","meta":{"footnotes":""},"categories":[4357,3231,3485,3482,3540],"tags":[],"class_list":["post-26380","post","type-post","status-publish","format-standard","has-post-thumbnail","hentry","category-edition-2022","category-echappee-belle","category-habitat","category-provence-alpes-cote-dazur","category-transverse"],"yoast_head":"<!-- This site is optimized with the Yoast SEO plugin v27.3 - https:\/\/yoast.com\/product\/yoast-seo-wordpress\/ -->\n<title>\u00c0 la rencontre de Tribu Vivace et Feu Follet - AlterTour<\/title>\n<meta name=\"robots\" content=\"index, follow, max-snippet:-1, max-image-preview:large, max-video-preview:-1\" \/>\n<link rel=\"canonical\" href=\"https:\/\/www.altercampagne.net\/?p=26380\" \/>\n<meta property=\"og:locale\" content=\"fr_FR\" \/>\n<meta property=\"og:type\" content=\"article\" \/>\n<meta property=\"og:title\" content=\"\u00c0 la rencontre de Tribu Vivace et Feu Follet - AlterTour\" \/>\n<meta property=\"og:description\" content=\"Pos\u00e9 dans le Gard, depuis quelques temps, au fil d\u2019une eau claire fr\u00e9quent\u00e9e par quelques habitu\u00e9s soucieux de se rafra\u00eechir \u00e0 bon compte, nous voici enfin pr\u00eats \u00e0 (re)d\u00e9couvrir un lieu des plus singulier d\u00e9nomm\u00e9e La tribu vivace.Le projet initial, \u00e9chafaud\u00e9 par Alain, a subit moult modifications, au point d\u2019\u00eatre ... Read More\" \/>\n<meta property=\"og:url\" content=\"https:\/\/www.altercampagne.net\/?p=26380\" \/>\n<meta property=\"og:site_name\" content=\"AlterTour\" \/>\n<meta property=\"article:published_time\" content=\"2022-08-19T17:03:35+00:00\" \/>\n<meta property=\"article:modified_time\" content=\"2022-08-19T17:03:37+00:00\" \/>\n<meta property=\"og:image\" content=\"https:\/\/www.altercampagne.net\/wp-content\/uploads\/2022\/08\/DSF1105_retouche-scaled.jpg\" \/>\n\t<meta property=\"og:image:width\" content=\"2560\" \/>\n\t<meta property=\"og:image:height\" content=\"1707\" \/>\n\t<meta property=\"og:image:type\" content=\"image\/jpeg\" \/>\n<meta name=\"author\" content=\"Jonas\" \/>\n<meta name=\"twitter:card\" content=\"summary_large_image\" \/>\n<meta name=\"twitter:label1\" content=\"\u00c9crit par\" \/>\n\t<meta name=\"twitter:data1\" content=\"Jonas\" \/>\n\t<meta name=\"twitter:label2\" content=\"Dur\u00e9e de lecture estim\u00e9e\" \/>\n\t<meta name=\"twitter:data2\" content=\"3 minutes\" \/>\n<script type=\"application\/ld+json\" class=\"yoast-schema-graph\">{\"@context\":\"https:\\\/\\\/schema.org\",\"@graph\":[{\"@type\":\"Article\",\"@id\":\"https:\\\/\\\/www.altercampagne.net\\\/?p=26380#article\",\"isPartOf\":{\"@id\":\"https:\\\/\\\/www.altercampagne.net\\\/?p=26380\"},\"author\":{\"name\":\"Jonas\",\"@id\":\"https:\\\/\\\/www.altercampagne.net\\\/#\\\/schema\\\/person\\\/308dc295a67929d58321ff6b59820daa\"},\"headline\":\"\u00c0 la rencontre de Tribu Vivace et Feu Follet\",\"datePublished\":\"2022-08-19T17:03:35+00:00\",\"dateModified\":\"2022-08-19T17:03:37+00:00\",\"mainEntityOfPage\":{\"@id\":\"https:\\\/\\\/www.altercampagne.net\\\/?p=26380\"},\"wordCount\":398,\"image\":{\"@id\":\"https:\\\/\\\/www.altercampagne.net\\\/?p=26380#primaryimage\"},\"thumbnailUrl\":\"https:\\\/\\\/www.altercampagne.net\\\/wp-content\\\/uploads\\\/2022\\\/08\\\/DSF1105_retouche-scaled.jpg\",\"articleSection\":[\"Edition 2022\",\"Echapp\u00e9e Belle\",\"Habitat\",\"Provence-Alpes-C\u00f4te d'Azur\",\"Transverse\"],\"inLanguage\":\"fr-FR\"},{\"@type\":\"WebPage\",\"@id\":\"https:\\\/\\\/www.altercampagne.net\\\/?p=26380\",\"url\":\"https:\\\/\\\/www.altercampagne.net\\\/?p=26380\",\"name\":\"\u00c0 la rencontre de Tribu Vivace et Feu Follet - AlterTour\",\"isPartOf\":{\"@id\":\"https:\\\/\\\/www.altercampagne.net\\\/#website\"},\"primaryImageOfPage\":{\"@id\":\"https:\\\/\\\/www.altercampagne.net\\\/?p=26380#primaryimage\"},\"image\":{\"@id\":\"https:\\\/\\\/www.altercampagne.net\\\/?p=26380#primaryimage\"},\"thumbnailUrl\":\"https:\\\/\\\/www.altercampagne.net\\\/wp-content\\\/uploads\\\/2022\\\/08\\\/DSF1105_retouche-scaled.jpg\",\"datePublished\":\"2022-08-19T17:03:35+00:00\",\"dateModified\":\"2022-08-19T17:03:37+00:00\",\"author\":{\"@id\":\"https:\\\/\\\/www.altercampagne.net\\\/#\\\/schema\\\/person\\\/308dc295a67929d58321ff6b59820daa\"},\"breadcrumb\":{\"@id\":\"https:\\\/\\\/www.altercampagne.net\\\/?p=26380#breadcrumb\"},\"inLanguage\":\"fr-FR\",\"potentialAction\":[{\"@type\":\"ReadAction\",\"target\":[\"https:\\\/\\\/www.altercampagne.net\\\/?p=26380\"]}]},{\"@type\":\"ImageObject\",\"inLanguage\":\"fr-FR\",\"@id\":\"https:\\\/\\\/www.altercampagne.net\\\/?p=26380#primaryimage\",\"url\":\"https:\\\/\\\/www.altercampagne.net\\\/wp-content\\\/uploads\\\/2022\\\/08\\\/DSF1105_retouche-scaled.jpg\",\"contentUrl\":\"https:\\\/\\\/www.altercampagne.net\\\/wp-content\\\/uploads\\\/2022\\\/08\\\/DSF1105_retouche-scaled.jpg\",\"width\":2560,\"height\":1707},{\"@type\":\"BreadcrumbList\",\"@id\":\"https:\\\/\\\/www.altercampagne.net\\\/?p=26380#breadcrumb\",\"itemListElement\":[{\"@type\":\"ListItem\",\"position\":1,\"name\":\"Accueil\",\"item\":\"https:\\\/\\\/www.altercampagne.net\\\/\"},{\"@type\":\"ListItem\",\"position\":2,\"name\":\"\u00c0 la rencontre de Tribu Vivace et Feu Follet\"}]},{\"@type\":\"WebSite\",\"@id\":\"https:\\\/\\\/www.altercampagne.net\\\/#website\",\"url\":\"https:\\\/\\\/www.altercampagne.net\\\/\",\"name\":\"AlterTour\",\"description\":\"Reliez les Alternatives \u00e0 v\u00e9lo\",\"potentialAction\":[{\"@type\":\"SearchAction\",\"target\":{\"@type\":\"EntryPoint\",\"urlTemplate\":\"https:\\\/\\\/www.altercampagne.net\\\/?s={search_term_string}\"},\"query-input\":{\"@type\":\"PropertyValueSpecification\",\"valueRequired\":true,\"valueName\":\"search_term_string\"}}],\"inLanguage\":\"fr-FR\"},{\"@type\":\"Person\",\"@id\":\"https:\\\/\\\/www.altercampagne.net\\\/#\\\/schema\\\/person\\\/308dc295a67929d58321ff6b59820daa\",\"name\":\"Jonas\",\"image\":{\"@type\":\"ImageObject\",\"inLanguage\":\"fr-FR\",\"@id\":\"https:\\\/\\\/secure.gravatar.com\\\/avatar\\\/ade7b451791545d463915f445a8aee91b58c48cdcbc1ab2b8583fa2f30e159e4?s=96&d=mm&r=g\",\"url\":\"https:\\\/\\\/secure.gravatar.com\\\/avatar\\\/ade7b451791545d463915f445a8aee91b58c48cdcbc1ab2b8583fa2f30e159e4?s=96&d=mm&r=g\",\"contentUrl\":\"https:\\\/\\\/secure.gravatar.com\\\/avatar\\\/ade7b451791545d463915f445a8aee91b58c48cdcbc1ab2b8583fa2f30e159e4?s=96&d=mm&r=g\",\"caption\":\"Jonas\"},\"url\":\"https:\\\/\\\/www.altercampagne.net\\\/?author=316\"}]}<\/script>\n<!-- \/ Yoast SEO plugin. -->","yoast_head_json":{"title":"\u00c0 la rencontre de Tribu Vivace et Feu Follet - AlterTour","robots":{"index":"index","follow":"follow","max-snippet":"max-snippet:-1","max-image-preview":"max-image-preview:large","max-video-preview":"max-video-preview:-1"},"canonical":"https:\/\/www.altercampagne.net\/?p=26380","og_locale":"fr_FR","og_type":"article","og_title":"\u00c0 la rencontre de Tribu Vivace et Feu Follet - AlterTour","og_description":"Pos\u00e9 dans le Gard, depuis quelques temps, au fil d\u2019une eau claire fr\u00e9quent\u00e9e par quelques habitu\u00e9s soucieux de se rafra\u00eechir \u00e0 bon compte, nous voici enfin pr\u00eats \u00e0 (re)d\u00e9couvrir un lieu des plus singulier d\u00e9nomm\u00e9e La tribu vivace.Le projet initial, \u00e9chafaud\u00e9 par Alain, a subit moult modifications, au point d\u2019\u00eatre ... Read More","og_url":"https:\/\/www.altercampagne.net\/?p=26380","og_site_name":"AlterTour","article_published_time":"2022-08-19T17:03:35+00:00","article_modified_time":"2022-08-19T17:03:37+00:00","og_image":[{"width":2560,"height":1707,"url":"https:\/\/www.altercampagne.net\/wp-content\/uploads\/2022\/08\/DSF1105_retouche-scaled.jpg","type":"image\/jpeg"}],"author":"Jonas","twitter_card":"summary_large_image","twitter_misc":{"\u00c9crit par":"Jonas","Dur\u00e9e de lecture estim\u00e9e":"3 minutes"},"schema":{"@context":"https:\/\/schema.org","@graph":[{"@type":"Article","@id":"https:\/\/www.altercampagne.net\/?p=26380#article","isPartOf":{"@id":"https:\/\/www.altercampagne.net\/?p=26380"},"author":{"name":"Jonas","@id":"https:\/\/www.altercampagne.net\/#\/schema\/person\/308dc295a67929d58321ff6b59820daa"},"headline":"\u00c0 la rencontre de Tribu Vivace et Feu Follet","datePublished":"2022-08-19T17:03:35+00:00","dateModified":"2022-08-19T17:03:37+00:00","mainEntityOfPage":{"@id":"https:\/\/www.altercampagne.net\/?p=26380"},"wordCount":398,"image":{"@id":"https:\/\/www.altercampagne.net\/?p=26380#primaryimage"},"thumbnailUrl":"https:\/\/www.altercampagne.net\/wp-content\/uploads\/2022\/08\/DSF1105_retouche-scaled.jpg","articleSection":["Edition 2022","Echapp\u00e9e Belle","Habitat","Provence-Alpes-C\u00f4te d'Azur","Transverse"],"inLanguage":"fr-FR"},{"@type":"WebPage","@id":"https:\/\/www.altercampagne.net\/?p=26380","url":"https:\/\/www.altercampagne.net\/?p=26380","name":"\u00c0 la rencontre de Tribu Vivace et Feu Follet - AlterTour","isPartOf":{"@id":"https:\/\/www.altercampagne.net\/#website"},"primaryImageOfPage":{"@id":"https:\/\/www.altercampagne.net\/?p=26380#primaryimage"},"image":{"@id":"https:\/\/www.altercampagne.net\/?p=26380#primaryimage"},"thumbnailUrl":"https:\/\/www.altercampagne.net\/wp-content\/uploads\/2022\/08\/DSF1105_retouche-scaled.jpg","datePublished":"2022-08-19T17:03:35+00:00","dateModified":"2022-08-19T17:03:37+00:00","author":{"@id":"https:\/\/www.altercampagne.net\/#\/schema\/person\/308dc295a67929d58321ff6b59820daa"},"breadcrumb":{"@id":"https:\/\/www.altercampagne.net\/?p=26380#breadcrumb"},"inLanguage":"fr-FR","potentialAction":[{"@type":"ReadAction","target":["https:\/\/www.altercampagne.net\/?p=26380"]}]},{"@type":"ImageObject","inLanguage":"fr-FR","@id":"https:\/\/www.altercampagne.net\/?p=26380#primaryimage","url":"https:\/\/www.altercampagne.net\/wp-content\/uploads\/2022\/08\/DSF1105_retouche-scaled.jpg","contentUrl":"https:\/\/www.altercampagne.net\/wp-content\/uploads\/2022\/08\/DSF1105_retouche-scaled.jpg","width":2560,"height":1707},{"@type":"BreadcrumbList","@id":"https:\/\/www.altercampagne.net\/?p=26380#breadcrumb","itemListElement":[{"@type":"ListItem","position":1,"name":"Accueil","item":"https:\/\/www.altercampagne.net\/"},{"@type":"ListItem","position":2,"name":"\u00c0 la rencontre de Tribu Vivace et Feu Follet"}]},{"@type":"WebSite","@id":"https:\/\/www.altercampagne.net\/#website","url":"https:\/\/www.altercampagne.net\/","name":"AlterTour","description":"Reliez les Alternatives \u00e0 v\u00e9lo","potentialAction":[{"@type":"SearchAction","target":{"@type":"EntryPoint","urlTemplate":"https:\/\/www.altercampagne.net\/?s={search_term_string}"},"query-input":{"@type":"PropertyValueSpecification","valueRequired":true,"valueName":"search_term_string"}}],"inLanguage":"fr-FR"},{"@type":"Person","@id":"https:\/\/www.altercampagne.net\/#\/schema\/person\/308dc295a67929d58321ff6b59820daa","name":"Jonas","image":{"@type":"ImageObject","inLanguage":"fr-FR","@id":"https:\/\/secure.gravatar.com\/avatar\/ade7b451791545d463915f445a8aee91b58c48cdcbc1ab2b8583fa2f30e159e4?s=96&d=mm&r=g","url":"https:\/\/secure.gravatar.com\/avatar\/ade7b451791545d463915f445a8aee91b58c48cdcbc1ab2b8583fa2f30e159e4?s=96&d=mm&r=g","contentUrl":"https:\/\/secure.gravatar.com\/avatar\/ade7b451791545d463915f445a8aee91b58c48cdcbc1ab2b8583fa2f30e159e4?s=96&d=mm&r=g","caption":"Jonas"},"url":"https:\/\/www.altercampagne.net\/?author=316"}]}},"_links":{"self":[{"href":"https:\/\/www.altercampagne.net\/index.php?rest_route=\/wp\/v2\/posts\/26380","targetHints":{"allow":["GET"]}}],"collection":[{"href":"https:\/\/www.altercampagne.net\/index.php?rest_route=\/wp\/v2\/posts"}],"about":[{"href":"https:\/\/www.altercampagne.net\/index.php?rest_route=\/wp\/v2\/types\/post"}],"author":[{"embeddable":true,"href":"https:\/\/www.altercampagne.net\/index.php?rest_route=\/wp\/v2\/users\/316"}],"replies":[{"embeddable":true,"href":"https:\/\/www.altercampagne.net\/index.php?rest_route=%2Fwp%2Fv2%2Fcomments&post=26380"}],"version-history":[{"count":1,"href":"https:\/\/www.altercampagne.net\/index.php?rest_route=\/wp\/v2\/posts\/26380\/revisions"}],"predecessor-version":[{"id":26384,"href":"https:\/\/www.altercampagne.net\/index.php?rest_route=\/wp\/v2\/posts\/26380\/revisions\/26384"}],"wp:featuredmedia":[{"embeddable":true,"href":"https:\/\/www.altercampagne.net\/index.php?rest_route=\/wp\/v2\/media\/26381"}],"wp:attachment":[{"href":"https:\/\/www.altercampagne.net\/index.php?rest_route=%2Fwp%2Fv2%2Fmedia&parent=26380"}],"wp:term":[{"taxonomy":"category","embeddable":true,"href":"https:\/\/www.altercampagne.net\/index.php?rest_route=%2Fwp%2Fv2%2Fcategories&post=26380"},{"taxonomy":"post_tag","embeddable":true,"href":"https:\/\/www.altercampagne.net\/index.php?rest_route=%2Fwp%2Fv2%2Ftags&post=26380"}],"curies":[{"name":"wp","href":"https:\/\/api.w.org\/{rel}","templated":true}]}}