{"id":26385,"date":"2022-08-20T18:24:28","date_gmt":"2022-08-20T16:24:28","guid":{"rendered":"https:\/\/www.altercampagne.net\/?p=26385"},"modified":"2022-08-21T09:09:03","modified_gmt":"2022-08-21T07:09:03","slug":"une-journee-a-la-ferme-du-berquet","status":"publish","type":"post","link":"https:\/\/www.altercampagne.net\/?p=26385","title":{"rendered":"Une journ\u00e9e \u00e0 la ferme du Berquet"},"content":{"rendered":"\n<p>Mardi en fin de journ\u00e9e nous d\u00e9couvrons le magnifique mas de <a href=\"https:\/\/audioblog.arteradio.com\/blog\/181185\/podcast\/183267\/le-berquet-une-ferme-collective-en-cevennes\"><strong>la ferme du Berquet<\/strong><\/a>, lov\u00e9 au sein d\u2019une nature luxuriante. La for\u00eat est magnifique et nous apporte un peu de \u00ab fra\u00eecheur \u00bb au moins pendant les soir\u00e9es et les nuits. Un ruisseau contribue au rafra\u00eechissement de l\u2019atmosph\u00e8re et des corps. C\u2019est avec le plus grand plaisir quenous nous arrosons \u00e0 la mini cascade.<br>En effet, l\u2019eau n\u2019est pas un probl\u00e8me \u00e0 la ferme du Berquet. Trois sources alimentent le lieu.<br>Ces derniers jours, nous prenons conscience au quotidien et avec nos h\u00f4tes de <strong>l\u2019importance vitale de l\u2019acc\u00e8s \u00e0 l\u2019eau<\/strong>.<\/p>\n\n\n\n<p>La journ\u00e9e commence par deux ateliers possibles : <strong>la visite de la ferme<\/strong> et <strong>un atelier de transformation<\/strong>. Nicolo, altercycliste propose de son c\u00f4t\u00e9 un atelier d\u00e9riv\u00e9 de <strong>la fresque du climat intitul\u00e9 \u00ab inventons nos vies bas carbone \u00bb<\/strong>. D\u2019autres altercyclistes proposent des ateliers yoga, \u00e9tirement r\u00e9veil musculaire. L\u2019ambiance est studieuse et sereine.<\/p>\n\n\n\n<figure class=\"wp-block-image size-large\"><a href=\"https:\/\/www.altercampagne.net\/wp-content\/uploads\/2022\/08\/MG_1345-scaled.jpg\"><img loading=\"lazy\" decoding=\"async\" width=\"683\" height=\"1024\" src=\"https:\/\/www.altercampagne.net\/wp-content\/uploads\/2022\/08\/MG_1345-683x1024.jpg\" alt=\"\" class=\"wp-image-26397\" srcset=\"https:\/\/www.altercampagne.net\/wp-content\/uploads\/2022\/08\/MG_1345-683x1024.jpg 683w, https:\/\/www.altercampagne.net\/wp-content\/uploads\/2022\/08\/MG_1345-200x300.jpg 200w, https:\/\/www.altercampagne.net\/wp-content\/uploads\/2022\/08\/MG_1345-768x1152.jpg 768w, https:\/\/www.altercampagne.net\/wp-content\/uploads\/2022\/08\/MG_1345-1024x1536.jpg 1024w, https:\/\/www.altercampagne.net\/wp-content\/uploads\/2022\/08\/MG_1345-1365x2048.jpg 1365w, https:\/\/www.altercampagne.net\/wp-content\/uploads\/2022\/08\/MG_1345-610x915.jpg 610w, https:\/\/www.altercampagne.net\/wp-content\/uploads\/2022\/08\/MG_1345-100x150.jpg 100w, https:\/\/www.altercampagne.net\/wp-content\/uploads\/2022\/08\/MG_1345-862x1293.jpg 862w, https:\/\/www.altercampagne.net\/wp-content\/uploads\/2022\/08\/MG_1345-1140x1710.jpg 1140w, https:\/\/www.altercampagne.net\/wp-content\/uploads\/2022\/08\/MG_1345-scaled.jpg 1706w\" sizes=\"auto, (max-width: 683px) 100vw, 683px\" \/><\/a><\/figure>\n\n\n\n<p>Gaston r\u00e9sident nous expose le fonctionnement du collectif. Il relate l\u2019histoire du lieu, <strong>achet\u00e9 il y a 10 ans<\/strong> par une personne seule qui a fait r\u00e9nover le mas. <strong>Ensuite se sont joints d\u2019autres personnes<\/strong>. Il y a <strong>11 hectares de terrain dont 2500 m2 cultivables<\/strong>. Une ch\u00e2taigneraie de 6 hectares permet de faire des produits d\u00e9riv\u00e9s \u00e0 base de ch\u00e2taignes qui sont le revenu principal du collectif.<br><strong>Le jardin est cultiv\u00e9 collectivement<\/strong>, le mardi \u00e9tant le jour du travail collectif et de la r\u00e9partition des t\u00e2ches pour le reste de la semaine. C\u2019est aussi un jour de r\u00e9unions de fonctionnement. Le collectif attache de l\u2019importance \u00e0 <strong>prendre soin de ses relations en interne<\/strong>. Ils recourent aux services d\u2019un m\u00e9diateur.<\/p>\n\n\n\n<p>Il est convenu que chacun.e consacre un mi-temps au travail \u00e0 la ferme, en \u00e9change du gite et du couvert et qu\u2019iel est libre de travailler en dehors sur son autre mi-temps. Les membres du collectif sont membres d\u2019une association. <\/p>\n\n\n\n<figure class=\"wp-block-image size-large\"><a href=\"https:\/\/www.altercampagne.net\/wp-content\/uploads\/2022\/08\/MG_1304-scaled.jpg\"><img loading=\"lazy\" decoding=\"async\" width=\"683\" height=\"1024\" src=\"https:\/\/www.altercampagne.net\/wp-content\/uploads\/2022\/08\/MG_1304-683x1024.jpg\" alt=\"\" class=\"wp-image-26396\" srcset=\"https:\/\/www.altercampagne.net\/wp-content\/uploads\/2022\/08\/MG_1304-683x1024.jpg 683w, https:\/\/www.altercampagne.net\/wp-content\/uploads\/2022\/08\/MG_1304-200x300.jpg 200w, https:\/\/www.altercampagne.net\/wp-content\/uploads\/2022\/08\/MG_1304-768x1152.jpg 768w, https:\/\/www.altercampagne.net\/wp-content\/uploads\/2022\/08\/MG_1304-1024x1536.jpg 1024w, https:\/\/www.altercampagne.net\/wp-content\/uploads\/2022\/08\/MG_1304-1365x2048.jpg 1365w, https:\/\/www.altercampagne.net\/wp-content\/uploads\/2022\/08\/MG_1304-610x915.jpg 610w, https:\/\/www.altercampagne.net\/wp-content\/uploads\/2022\/08\/MG_1304-100x150.jpg 100w, https:\/\/www.altercampagne.net\/wp-content\/uploads\/2022\/08\/MG_1304-862x1293.jpg 862w, https:\/\/www.altercampagne.net\/wp-content\/uploads\/2022\/08\/MG_1304-1140x1710.jpg 1140w, https:\/\/www.altercampagne.net\/wp-content\/uploads\/2022\/08\/MG_1304-scaled.jpg 1706w\" sizes=\"auto, (max-width: 683px) 100vw, 683px\" \/><\/a><\/figure>\n\n\n\n<p>Cette ann\u00e9e est un moment de changement : la fondatrice est partie. Elle compte faire <strong>don du mas \u00e0 un fonds de dotation<\/strong>. Par manque de temps, Gaston ne nous a pas pr\u00e9cis\u00e9 ce syst\u00e8me qu\u2019il d\u00e9crit comme une alternative \u00e0 la propri\u00e9t\u00e9 individuelle.<\/p>\n\n\n\n<p>Abdel membre du collectif depuis deux ans nous am\u00e8ne dans la propri\u00e9t\u00e9.<br>Les terres sont pr\u00e9par\u00e9es avec compost et paillage et un travail   compl\u00e9mentaire par <strong>traction animale<\/strong> d\u2019un outil qui gratte la terre. Le contenu des toilettes s\u00e8ches est m\u00e9lang\u00e9 au compost et utilis\u00e9 apr\u00e8s 3 ans. Les urines et les eaux us\u00e9es vont dans un bassin de d\u00e9cantation avec des plantes. Le contr\u00f4le sanitaire pluri annuel est satisfaisant.<br>Les seuls outils consommateurs de combustible sont la tron\u00e7onneuse et la<br>d\u00e9broussailleuse, utilis\u00e9s avec parcimonie. <strong>Le jardin est am\u00e9nag\u00e9 en terrasses<\/strong>. Du houblon pousse dans le jardin, le collectif brasse sa bi\u00e8re.<br>Plusieurs habitats l\u00e9gers sont parsem\u00e9s dans la for\u00eat.<\/p>\n\n\n\n<figure class=\"wp-block-image size-large\"><a href=\"https:\/\/www.altercampagne.net\/wp-content\/uploads\/2022\/08\/MG_1333-scaled.jpg\"><img loading=\"lazy\" decoding=\"async\" width=\"683\" height=\"1024\" src=\"https:\/\/www.altercampagne.net\/wp-content\/uploads\/2022\/08\/MG_1333-683x1024.jpg\" alt=\"\" class=\"wp-image-26398\" srcset=\"https:\/\/www.altercampagne.net\/wp-content\/uploads\/2022\/08\/MG_1333-683x1024.jpg 683w, https:\/\/www.altercampagne.net\/wp-content\/uploads\/2022\/08\/MG_1333-200x300.jpg 200w, https:\/\/www.altercampagne.net\/wp-content\/uploads\/2022\/08\/MG_1333-768x1152.jpg 768w, https:\/\/www.altercampagne.net\/wp-content\/uploads\/2022\/08\/MG_1333-1024x1536.jpg 1024w, https:\/\/www.altercampagne.net\/wp-content\/uploads\/2022\/08\/MG_1333-1365x2048.jpg 1365w, https:\/\/www.altercampagne.net\/wp-content\/uploads\/2022\/08\/MG_1333-610x915.jpg 610w, https:\/\/www.altercampagne.net\/wp-content\/uploads\/2022\/08\/MG_1333-100x150.jpg 100w, https:\/\/www.altercampagne.net\/wp-content\/uploads\/2022\/08\/MG_1333-862x1293.jpg 862w, https:\/\/www.altercampagne.net\/wp-content\/uploads\/2022\/08\/MG_1333-1140x1710.jpg 1140w, https:\/\/www.altercampagne.net\/wp-content\/uploads\/2022\/08\/MG_1333-scaled.jpg 1706w\" sizes=\"auto, (max-width: 683px) 100vw, 683px\" \/><\/a><\/figure>\n\n\n\n<p>La fin d\u2019apr\u00e8s midi est occup\u00e9e par le traditionnel briefing avec accueil des <em>Nous Velo<\/em>, adieu aux partants, pr\u00e9sentation de la journ\u00e9e du lendemain et r\u00e9partition des t\u00e2ches.<br>Nous finissons notre journ\u00e9e de repos sur une coloration musicale : un groupe de 3 musiciens nous attend dans la salle pr\u00e9vue \u00e0 cet effet dans la cave du mas. Du rock garage bien rythm\u00e9, peut \u00eatre un peu sonore pour mes oreilles. L\u2019ambiance est bonne et la bi\u00e8re fraiche ! <br><strong>L\u2019organisation de spectacle fait partie int\u00e9grante du projet<\/strong>.<\/p>\n\n\n\n<p class=\"has-text-align-right\"><em>Nathalie \u00e0 la r\u00e9daction et Manon \u00e0 la photo<\/em><\/p>\n","protected":false},"excerpt":{"rendered":"<p>Mardi en fin de journ\u00e9e nous d\u00e9couvrons le magnifique mas de la ferme du Berquet, lov\u00e9 au sein d\u2019une nature luxuriante. La for\u00eat est magnifique et nous apporte un peu de \u00ab fra\u00eecheur \u00bb au moins pendant les soir\u00e9es et les nuits. Un ruisseau contribue au rafra\u00eechissement de l\u2019atmosph\u00e8re et &#8230; <\/p>\n<div><a href=\"https:\/\/www.altercampagne.net\/?p=26385\" class=\"more-link\">Read More<\/a><\/div>\n","protected":false},"author":316,"featured_media":26400,"comment_status":"closed","ping_status":"closed","sticky":false,"template":"","format":"standard","meta":{"footnotes":""},"categories":[3483,4357,3480,1,3540],"tags":[],"class_list":["post-26385","post","type-post","status-publish","format-standard","has-post-thumbnail","hentry","category-agriculture","category-edition-2022","category-occitanie","category-non-classe","category-transverse"],"yoast_head":"<!-- This site is optimized with the Yoast SEO plugin v27.3 - https:\/\/yoast.com\/product\/yoast-seo-wordpress\/ -->\n<title>Une journ\u00e9e \u00e0 la ferme du Berquet - AlterTour<\/title>\n<meta name=\"robots\" content=\"index, follow, max-snippet:-1, max-image-preview:large, max-video-preview:-1\" \/>\n<link rel=\"canonical\" href=\"https:\/\/www.altercampagne.net\/?p=26385\" \/>\n<meta property=\"og:locale\" content=\"fr_FR\" \/>\n<meta property=\"og:type\" content=\"article\" \/>\n<meta property=\"og:title\" content=\"Une journ\u00e9e \u00e0 la ferme du Berquet - AlterTour\" \/>\n<meta property=\"og:description\" content=\"Mardi en fin de journ\u00e9e nous d\u00e9couvrons le magnifique mas de la ferme du Berquet, lov\u00e9 au sein d\u2019une nature luxuriante. La for\u00eat est magnifique et nous apporte un peu de \u00ab fra\u00eecheur \u00bb au moins pendant les soir\u00e9es et les nuits. Un ruisseau contribue au rafra\u00eechissement de l\u2019atmosph\u00e8re et ... Read More\" \/>\n<meta property=\"og:url\" content=\"https:\/\/www.altercampagne.net\/?p=26385\" \/>\n<meta property=\"og:site_name\" content=\"AlterTour\" \/>\n<meta property=\"article:published_time\" content=\"2022-08-20T16:24:28+00:00\" \/>\n<meta property=\"article:modified_time\" content=\"2022-08-21T07:09:03+00:00\" \/>\n<meta property=\"og:image\" content=\"https:\/\/www.altercampagne.net\/wp-content\/uploads\/2022\/08\/MG_1296-low.jpg\" \/>\n\t<meta property=\"og:image:width\" content=\"1334\" \/>\n\t<meta property=\"og:image:height\" content=\"2000\" \/>\n\t<meta property=\"og:image:type\" content=\"image\/jpeg\" \/>\n<meta name=\"author\" content=\"Jonas\" \/>\n<meta name=\"twitter:card\" content=\"summary_large_image\" \/>\n<meta name=\"twitter:label1\" content=\"\u00c9crit par\" \/>\n\t<meta name=\"twitter:data1\" content=\"Jonas\" \/>\n\t<meta name=\"twitter:label2\" content=\"Dur\u00e9e de lecture estim\u00e9e\" \/>\n\t<meta name=\"twitter:data2\" content=\"4 minutes\" \/>\n<script type=\"application\/ld+json\" class=\"yoast-schema-graph\">{\"@context\":\"https:\\\/\\\/schema.org\",\"@graph\":[{\"@type\":\"Article\",\"@id\":\"https:\\\/\\\/www.altercampagne.net\\\/?p=26385#article\",\"isPartOf\":{\"@id\":\"https:\\\/\\\/www.altercampagne.net\\\/?p=26385\"},\"author\":{\"name\":\"Jonas\",\"@id\":\"https:\\\/\\\/www.altercampagne.net\\\/#\\\/schema\\\/person\\\/308dc295a67929d58321ff6b59820daa\"},\"headline\":\"Une journ\u00e9e \u00e0 la ferme du Berquet\",\"datePublished\":\"2022-08-20T16:24:28+00:00\",\"dateModified\":\"2022-08-21T07:09:03+00:00\",\"mainEntityOfPage\":{\"@id\":\"https:\\\/\\\/www.altercampagne.net\\\/?p=26385\"},\"wordCount\":627,\"image\":{\"@id\":\"https:\\\/\\\/www.altercampagne.net\\\/?p=26385#primaryimage\"},\"thumbnailUrl\":\"https:\\\/\\\/www.altercampagne.net\\\/wp-content\\\/uploads\\\/2022\\\/08\\\/MG_1296-low.jpg\",\"articleSection\":{\"0\":\"Agriculture\",\"1\":\"Edition 2022\",\"2\":\"Occitanie\",\"4\":\"Transverse\"},\"inLanguage\":\"fr-FR\"},{\"@type\":\"WebPage\",\"@id\":\"https:\\\/\\\/www.altercampagne.net\\\/?p=26385\",\"url\":\"https:\\\/\\\/www.altercampagne.net\\\/?p=26385\",\"name\":\"Une journ\u00e9e \u00e0 la ferme du Berquet - AlterTour\",\"isPartOf\":{\"@id\":\"https:\\\/\\\/www.altercampagne.net\\\/#website\"},\"primaryImageOfPage\":{\"@id\":\"https:\\\/\\\/www.altercampagne.net\\\/?p=26385#primaryimage\"},\"image\":{\"@id\":\"https:\\\/\\\/www.altercampagne.net\\\/?p=26385#primaryimage\"},\"thumbnailUrl\":\"https:\\\/\\\/www.altercampagne.net\\\/wp-content\\\/uploads\\\/2022\\\/08\\\/MG_1296-low.jpg\",\"datePublished\":\"2022-08-20T16:24:28+00:00\",\"dateModified\":\"2022-08-21T07:09:03+00:00\",\"author\":{\"@id\":\"https:\\\/\\\/www.altercampagne.net\\\/#\\\/schema\\\/person\\\/308dc295a67929d58321ff6b59820daa\"},\"breadcrumb\":{\"@id\":\"https:\\\/\\\/www.altercampagne.net\\\/?p=26385#breadcrumb\"},\"inLanguage\":\"fr-FR\",\"potentialAction\":[{\"@type\":\"ReadAction\",\"target\":[\"https:\\\/\\\/www.altercampagne.net\\\/?p=26385\"]}]},{\"@type\":\"ImageObject\",\"inLanguage\":\"fr-FR\",\"@id\":\"https:\\\/\\\/www.altercampagne.net\\\/?p=26385#primaryimage\",\"url\":\"https:\\\/\\\/www.altercampagne.net\\\/wp-content\\\/uploads\\\/2022\\\/08\\\/MG_1296-low.jpg\",\"contentUrl\":\"https:\\\/\\\/www.altercampagne.net\\\/wp-content\\\/uploads\\\/2022\\\/08\\\/MG_1296-low.jpg\",\"width\":1334,\"height\":2000},{\"@type\":\"BreadcrumbList\",\"@id\":\"https:\\\/\\\/www.altercampagne.net\\\/?p=26385#breadcrumb\",\"itemListElement\":[{\"@type\":\"ListItem\",\"position\":1,\"name\":\"Accueil\",\"item\":\"https:\\\/\\\/www.altercampagne.net\\\/\"},{\"@type\":\"ListItem\",\"position\":2,\"name\":\"Une journ\u00e9e \u00e0 la ferme du Berquet\"}]},{\"@type\":\"WebSite\",\"@id\":\"https:\\\/\\\/www.altercampagne.net\\\/#website\",\"url\":\"https:\\\/\\\/www.altercampagne.net\\\/\",\"name\":\"AlterTour\",\"description\":\"Reliez les Alternatives \u00e0 v\u00e9lo\",\"potentialAction\":[{\"@type\":\"SearchAction\",\"target\":{\"@type\":\"EntryPoint\",\"urlTemplate\":\"https:\\\/\\\/www.altercampagne.net\\\/?s={search_term_string}\"},\"query-input\":{\"@type\":\"PropertyValueSpecification\",\"valueRequired\":true,\"valueName\":\"search_term_string\"}}],\"inLanguage\":\"fr-FR\"},{\"@type\":\"Person\",\"@id\":\"https:\\\/\\\/www.altercampagne.net\\\/#\\\/schema\\\/person\\\/308dc295a67929d58321ff6b59820daa\",\"name\":\"Jonas\",\"image\":{\"@type\":\"ImageObject\",\"inLanguage\":\"fr-FR\",\"@id\":\"https:\\\/\\\/secure.gravatar.com\\\/avatar\\\/ade7b451791545d463915f445a8aee91b58c48cdcbc1ab2b8583fa2f30e159e4?s=96&d=mm&r=g\",\"url\":\"https:\\\/\\\/secure.gravatar.com\\\/avatar\\\/ade7b451791545d463915f445a8aee91b58c48cdcbc1ab2b8583fa2f30e159e4?s=96&d=mm&r=g\",\"contentUrl\":\"https:\\\/\\\/secure.gravatar.com\\\/avatar\\\/ade7b451791545d463915f445a8aee91b58c48cdcbc1ab2b8583fa2f30e159e4?s=96&d=mm&r=g\",\"caption\":\"Jonas\"},\"url\":\"https:\\\/\\\/www.altercampagne.net\\\/?author=316\"}]}<\/script>\n<!-- \/ Yoast SEO plugin. -->","yoast_head_json":{"title":"Une journ\u00e9e \u00e0 la ferme du Berquet - AlterTour","robots":{"index":"index","follow":"follow","max-snippet":"max-snippet:-1","max-image-preview":"max-image-preview:large","max-video-preview":"max-video-preview:-1"},"canonical":"https:\/\/www.altercampagne.net\/?p=26385","og_locale":"fr_FR","og_type":"article","og_title":"Une journ\u00e9e \u00e0 la ferme du Berquet - AlterTour","og_description":"Mardi en fin de journ\u00e9e nous d\u00e9couvrons le magnifique mas de la ferme du Berquet, lov\u00e9 au sein d\u2019une nature luxuriante. La for\u00eat est magnifique et nous apporte un peu de \u00ab fra\u00eecheur \u00bb au moins pendant les soir\u00e9es et les nuits. Un ruisseau contribue au rafra\u00eechissement de l\u2019atmosph\u00e8re et ... Read More","og_url":"https:\/\/www.altercampagne.net\/?p=26385","og_site_name":"AlterTour","article_published_time":"2022-08-20T16:24:28+00:00","article_modified_time":"2022-08-21T07:09:03+00:00","og_image":[{"width":1334,"height":2000,"url":"https:\/\/www.altercampagne.net\/wp-content\/uploads\/2022\/08\/MG_1296-low.jpg","type":"image\/jpeg"}],"author":"Jonas","twitter_card":"summary_large_image","twitter_misc":{"\u00c9crit par":"Jonas","Dur\u00e9e de lecture estim\u00e9e":"4 minutes"},"schema":{"@context":"https:\/\/schema.org","@graph":[{"@type":"Article","@id":"https:\/\/www.altercampagne.net\/?p=26385#article","isPartOf":{"@id":"https:\/\/www.altercampagne.net\/?p=26385"},"author":{"name":"Jonas","@id":"https:\/\/www.altercampagne.net\/#\/schema\/person\/308dc295a67929d58321ff6b59820daa"},"headline":"Une journ\u00e9e \u00e0 la ferme du Berquet","datePublished":"2022-08-20T16:24:28+00:00","dateModified":"2022-08-21T07:09:03+00:00","mainEntityOfPage":{"@id":"https:\/\/www.altercampagne.net\/?p=26385"},"wordCount":627,"image":{"@id":"https:\/\/www.altercampagne.net\/?p=26385#primaryimage"},"thumbnailUrl":"https:\/\/www.altercampagne.net\/wp-content\/uploads\/2022\/08\/MG_1296-low.jpg","articleSection":{"0":"Agriculture","1":"Edition 2022","2":"Occitanie","4":"Transverse"},"inLanguage":"fr-FR"},{"@type":"WebPage","@id":"https:\/\/www.altercampagne.net\/?p=26385","url":"https:\/\/www.altercampagne.net\/?p=26385","name":"Une journ\u00e9e \u00e0 la ferme du Berquet - AlterTour","isPartOf":{"@id":"https:\/\/www.altercampagne.net\/#website"},"primaryImageOfPage":{"@id":"https:\/\/www.altercampagne.net\/?p=26385#primaryimage"},"image":{"@id":"https:\/\/www.altercampagne.net\/?p=26385#primaryimage"},"thumbnailUrl":"https:\/\/www.altercampagne.net\/wp-content\/uploads\/2022\/08\/MG_1296-low.jpg","datePublished":"2022-08-20T16:24:28+00:00","dateModified":"2022-08-21T07:09:03+00:00","author":{"@id":"https:\/\/www.altercampagne.net\/#\/schema\/person\/308dc295a67929d58321ff6b59820daa"},"breadcrumb":{"@id":"https:\/\/www.altercampagne.net\/?p=26385#breadcrumb"},"inLanguage":"fr-FR","potentialAction":[{"@type":"ReadAction","target":["https:\/\/www.altercampagne.net\/?p=26385"]}]},{"@type":"ImageObject","inLanguage":"fr-FR","@id":"https:\/\/www.altercampagne.net\/?p=26385#primaryimage","url":"https:\/\/www.altercampagne.net\/wp-content\/uploads\/2022\/08\/MG_1296-low.jpg","contentUrl":"https:\/\/www.altercampagne.net\/wp-content\/uploads\/2022\/08\/MG_1296-low.jpg","width":1334,"height":2000},{"@type":"BreadcrumbList","@id":"https:\/\/www.altercampagne.net\/?p=26385#breadcrumb","itemListElement":[{"@type":"ListItem","position":1,"name":"Accueil","item":"https:\/\/www.altercampagne.net\/"},{"@type":"ListItem","position":2,"name":"Une journ\u00e9e \u00e0 la ferme du Berquet"}]},{"@type":"WebSite","@id":"https:\/\/www.altercampagne.net\/#website","url":"https:\/\/www.altercampagne.net\/","name":"AlterTour","description":"Reliez les Alternatives \u00e0 v\u00e9lo","potentialAction":[{"@type":"SearchAction","target":{"@type":"EntryPoint","urlTemplate":"https:\/\/www.altercampagne.net\/?s={search_term_string}"},"query-input":{"@type":"PropertyValueSpecification","valueRequired":true,"valueName":"search_term_string"}}],"inLanguage":"fr-FR"},{"@type":"Person","@id":"https:\/\/www.altercampagne.net\/#\/schema\/person\/308dc295a67929d58321ff6b59820daa","name":"Jonas","image":{"@type":"ImageObject","inLanguage":"fr-FR","@id":"https:\/\/secure.gravatar.com\/avatar\/ade7b451791545d463915f445a8aee91b58c48cdcbc1ab2b8583fa2f30e159e4?s=96&d=mm&r=g","url":"https:\/\/secure.gravatar.com\/avatar\/ade7b451791545d463915f445a8aee91b58c48cdcbc1ab2b8583fa2f30e159e4?s=96&d=mm&r=g","contentUrl":"https:\/\/secure.gravatar.com\/avatar\/ade7b451791545d463915f445a8aee91b58c48cdcbc1ab2b8583fa2f30e159e4?s=96&d=mm&r=g","caption":"Jonas"},"url":"https:\/\/www.altercampagne.net\/?author=316"}]}},"_links":{"self":[{"href":"https:\/\/www.altercampagne.net\/index.php?rest_route=\/wp\/v2\/posts\/26385","targetHints":{"allow":["GET"]}}],"collection":[{"href":"https:\/\/www.altercampagne.net\/index.php?rest_route=\/wp\/v2\/posts"}],"about":[{"href":"https:\/\/www.altercampagne.net\/index.php?rest_route=\/wp\/v2\/types\/post"}],"author":[{"embeddable":true,"href":"https:\/\/www.altercampagne.net\/index.php?rest_route=\/wp\/v2\/users\/316"}],"replies":[{"embeddable":true,"href":"https:\/\/www.altercampagne.net\/index.php?rest_route=%2Fwp%2Fv2%2Fcomments&post=26385"}],"version-history":[{"count":2,"href":"https:\/\/www.altercampagne.net\/index.php?rest_route=\/wp\/v2\/posts\/26385\/revisions"}],"predecessor-version":[{"id":26401,"href":"https:\/\/www.altercampagne.net\/index.php?rest_route=\/wp\/v2\/posts\/26385\/revisions\/26401"}],"wp:featuredmedia":[{"embeddable":true,"href":"https:\/\/www.altercampagne.net\/index.php?rest_route=\/wp\/v2\/media\/26400"}],"wp:attachment":[{"href":"https:\/\/www.altercampagne.net\/index.php?rest_route=%2Fwp%2Fv2%2Fmedia&parent=26385"}],"wp:term":[{"taxonomy":"category","embeddable":true,"href":"https:\/\/www.altercampagne.net\/index.php?rest_route=%2Fwp%2Fv2%2Fcategories&post=26385"},{"taxonomy":"post_tag","embeddable":true,"href":"https:\/\/www.altercampagne.net\/index.php?rest_route=%2Fwp%2Fv2%2Ftags&post=26385"}],"curies":[{"name":"wp","href":"https:\/\/api.w.org\/{rel}","templated":true}]}}