{"id":26402,"date":"2022-08-21T09:50:24","date_gmt":"2022-08-21T07:50:24","guid":{"rendered":"https:\/\/www.altercampagne.net\/?p=26402"},"modified":"2022-08-21T09:50:26","modified_gmt":"2022-08-21T07:50:26","slug":"debout-debout-debout","status":"publish","type":"post","link":"https:\/\/www.altercampagne.net\/?p=26402","title":{"rendered":"Debout, debout, debout\u2026"},"content":{"rendered":"\n<p><strong>Debout femmes esclaves et brisons nos entraves<br>Debout, debout, debout\u2026<\/strong><br>Les voix du c\u0153ur cyclo f\u00e9ministe se faufilent entre les tentes et r\u00e9veillent en douceur et militantisme les p\u00e9daleu.se.rs endormi.e.s. Nous nous levons en Avignon chez Olivier le mara\u00eecher et cette journ\u00e9e d\u00e9marre sous la pluie, une d\u00e9livrance ici, pour les terres ass\u00e9ch\u00e9es depuis des mois. <strong>La gestion de la s\u00e9cheresse est au centre des pr\u00e9occupations<\/strong> de chacun.e de nos acceuillant.e.s depuis le d\u00e9but de ce tour 2022.<\/p>\n\n\n\n<p>Alors la pluie, oui ici c&rsquo;est un cadeau, et c&rsquo;est en souriant que les capes de pluie ressortent des fonds de sacoches et que les supercyclistes s&rsquo;envolent vers le <a href=\"https:\/\/semaillesavignon.fr\/\">Jardin Semail<\/a>. <br>L\u2019association Semail du r\u00e9seau \u00abJardins de Cocagne\u00bb <strong>pratique depuis 25 ans l&rsquo;insertion par l&#8217;emploi, le mara\u00eechage bio sur 16 ha de terres municipales et l&rsquo;\u00e9ducation \u00e0 l&rsquo;environnement<\/strong>. 15 000 paniers de l\u00e9gumes sont distribu\u00e9s chaque ann\u00e9e nourrissant 350 familles dont une  cinquantaine gratuitement via un panier solidaire. Mais avant tout, Semail accompagne, en \u00e9change de subventions d\u2019\u00c9tat, u<strong>ne cinquantaine de salari\u00e9.e.s en insertion<\/strong>, leur offrant une mont\u00e9e en comp\u00e9tence rapide et une chance de trouver rapidement du travail.<br>Pauline et Patrick nous offrent une visite guid\u00e9e du lieu, des serres, stocks de courges en farandoles de roux, mandala fleuri en arc en ciel de cercles concentriques, jardin p\u00e9dagogique et agora\/ amphith\u00e9\u00e2tre de bois. La plupart de ces am\u00e9nagements ont moins d&rsquo;un an et ont \u00e9t\u00e9 pens\u00e9s pour ouvrir le plus possible le lieu au public: enfants, s\u00e9minaires, voisins\u2026 <br>Une r\u00e9flexion est m\u00eame en cours sur l<strong>e montage d&rsquo;un tiers lieu nourricier, espace inter-sociable de coworking qui permettrait la rencontre entre recruteurs et salari\u00e9s en insertion<\/strong>.<\/p>\n\n\n\n<figure class=\"wp-block-image size-large\"><a href=\"https:\/\/www.altercampagne.net\/wp-content\/uploads\/2022\/08\/ALT02476-scaled.jpg\"><img loading=\"lazy\" decoding=\"async\" width=\"1024\" height=\"683\" src=\"https:\/\/www.altercampagne.net\/wp-content\/uploads\/2022\/08\/ALT02476-1024x683.jpg\" alt=\"\" class=\"wp-image-26404\" srcset=\"https:\/\/www.altercampagne.net\/wp-content\/uploads\/2022\/08\/ALT02476-1024x683.jpg 1024w, https:\/\/www.altercampagne.net\/wp-content\/uploads\/2022\/08\/ALT02476-300x200.jpg 300w, https:\/\/www.altercampagne.net\/wp-content\/uploads\/2022\/08\/ALT02476-768x512.jpg 768w\" sizes=\"auto, (max-width: 1024px) 100vw, 1024px\" \/><\/a><\/figure>\n\n\n\n<p>Retour au campement, duos de yoga acrobatique \u00e0 l&rsquo;ombre du noyer et d\u00e9jeuner haut en couleurs de l\u00e9gumes du soleil, polenta, ch\u00e8vre frais, chou rave et melon. Chaque jour, c&rsquo;est un r\u00e9gal sur le tour et les papilles s&rsquo;\u00e9merveillent.<\/p>\n\n\n\n<p>L&rsquo;apr\u00e8s midi d\u00e9marre par un cercle de parole, moment fort en partage d&rsquo; \u00e9motions et d&rsquo;\u00e9coute attentive. Tristesses de partir ou de voir partir les copaines, excitations et curiosit\u00e9s d&rsquo;arriver, fatigue du rythme et de<br>la chaleur, gratitude, joie et amour. Les c\u0153urs s&rsquo;ouvrent et \u00e7a fait du bien.<\/p>\n\n\n\n<figure class=\"wp-block-image size-large\"><a href=\"https:\/\/www.altercampagne.net\/wp-content\/uploads\/2022\/08\/ALT02599-scaled.jpg\"><img loading=\"lazy\" decoding=\"async\" width=\"1024\" height=\"683\" src=\"https:\/\/www.altercampagne.net\/wp-content\/uploads\/2022\/08\/ALT02599-1024x683.jpg\" alt=\"\" class=\"wp-image-26403\" srcset=\"https:\/\/www.altercampagne.net\/wp-content\/uploads\/2022\/08\/ALT02599-1024x683.jpg 1024w, https:\/\/www.altercampagne.net\/wp-content\/uploads\/2022\/08\/ALT02599-300x200.jpg 300w, https:\/\/www.altercampagne.net\/wp-content\/uploads\/2022\/08\/ALT02599-768x512.jpg 768w, https:\/\/www.altercampagne.net\/wp-content\/uploads\/2022\/08\/ALT02599-1536x1024.jpg 1536w, https:\/\/www.altercampagne.net\/wp-content\/uploads\/2022\/08\/ALT02599-2048x1365.jpg 2048w, https:\/\/www.altercampagne.net\/wp-content\/uploads\/2022\/08\/ALT02599-610x407.jpg 610w, https:\/\/www.altercampagne.net\/wp-content\/uploads\/2022\/08\/ALT02599-100x67.jpg 100w, https:\/\/www.altercampagne.net\/wp-content\/uploads\/2022\/08\/ALT02599-862x575.jpg 862w, https:\/\/www.altercampagne.net\/wp-content\/uploads\/2022\/08\/ALT02599-1140x760.jpg 1140w\" sizes=\"auto, (max-width: 1024px) 100vw, 1024px\" \/><\/a><\/figure>\n\n\n\n<p>D\u00e9part ensuite pour le centre ville d &lsquo;Avignon, nous traversons la ville anim\u00e9e en ce dernier jour de festival et retrouvons Audrey, Fran\u00e7ois et Richard dans les locaux de l&rsquo;association \u00ab<a href=\"https:\/\/roulonsavelo.fr\/\">Roulons \u00e0 v\u00e9lo<\/a>\u00bb.<br><strong>R\u00e9unissant 1400 membres<\/strong>, l\u2019association cr\u00e9\u00e9e il y a 13 ans est membre de la FUB et affili\u00e9e au r\u00e9seau \u00ab <a href=\"https:\/\/www.heureux-cyclage.org\/?lang=en\">l&rsquo;heureux cyclage<\/a> \u00bb. <br>Sa raison d&rsquo;\u00eatre : <strong>R\u00e9parer, Rouler, Militer<\/strong>. Elle promeut, aupr\u00e8s des \u00e9lus et<br>d\u00e9cideurs, la pratique du v\u00e9lo dans le Grand Avignon. Elle propose des ateliers d&rsquo;auto r\u00e9paration (2000 r\u00e9parations par an), des cours de bicyclette et se finance par la vente de v\u00e9los recycl\u00e9s et r\u00e9par\u00e9s. Lorsqu&rsquo;on interroge le collectif sur ses r\u00eaves pour l&rsquo;avenir, ils nous parlent du <strong>REVE<\/strong> en majuscule, le<strong> R\u00e9seau Express V\u00e9lo<\/strong>, plan cyclable sur lequel iels ont travaill\u00e9 et qui vise \u00e0 offrir 130 km d&rsquo;am\u00e9nagements cyclables de qualit\u00e9 aux Avignonais.e.s.  <\/p>\n\n\n\n<figure class=\"wp-block-image size-large\"><a href=\"https:\/\/www.altercampagne.net\/wp-content\/uploads\/2022\/08\/ALT02588-scaled.jpg\"><img loading=\"lazy\" decoding=\"async\" width=\"683\" height=\"1024\" src=\"https:\/\/www.altercampagne.net\/wp-content\/uploads\/2022\/08\/ALT02588-683x1024.jpg\" alt=\"\" class=\"wp-image-26405\" srcset=\"https:\/\/www.altercampagne.net\/wp-content\/uploads\/2022\/08\/ALT02588-683x1024.jpg 683w, https:\/\/www.altercampagne.net\/wp-content\/uploads\/2022\/08\/ALT02588-200x300.jpg 200w, https:\/\/www.altercampagne.net\/wp-content\/uploads\/2022\/08\/ALT02588-768x1152.jpg 768w, https:\/\/www.altercampagne.net\/wp-content\/uploads\/2022\/08\/ALT02588-1024x1536.jpg 1024w, https:\/\/www.altercampagne.net\/wp-content\/uploads\/2022\/08\/ALT02588-1365x2048.jpg 1365w, https:\/\/www.altercampagne.net\/wp-content\/uploads\/2022\/08\/ALT02588-610x915.jpg 610w, https:\/\/www.altercampagne.net\/wp-content\/uploads\/2022\/08\/ALT02588-100x150.jpg 100w, https:\/\/www.altercampagne.net\/wp-content\/uploads\/2022\/08\/ALT02588-862x1293.jpg 862w, https:\/\/www.altercampagne.net\/wp-content\/uploads\/2022\/08\/ALT02588-1140x1710.jpg 1140w, https:\/\/www.altercampagne.net\/wp-content\/uploads\/2022\/08\/ALT02588-scaled.jpg 1707w\" sizes=\"auto, (max-width: 683px) 100vw, 683px\" \/><\/a><\/figure>\n\n\n\n<p>Pour aller plus loin, leur vid\u00e9o p\u00e9dagogique r\u00e9alis\u00e9e avec le collectif <a href=\"https:\/\/www.youtube.com\/watch?v=aU0_FMjWE-M\">WOCON<\/a> r\u00e9sume et illustre parfaitement les enjeux de la transition cyclable dans la ville.<\/p>\n\n\n\n<p>Retour en selle pour rejoindre Damien sur son \u00eele au sein de la ferme urbaine et agriculturelle \u00ab <a href=\"https:\/\/www.surikat.co\/ferme-urbaine\">Surikat <\/a>\u00bb. Passionn\u00e9 d&rsquo;organisation de spectacles de rue, Damien s&rsquo;est install\u00e9 en tant que paysan suite \u00e0 un d\u00e9clic en visitant un \u00e9colieu. <strong>Il r\u00e9alise que ce m\u00e9tier lui permet de s&rsquo;\u00e9panouir en nourrissant les trois dimensions C\u0153ur Corps Esprit<\/strong>.<br>Membre du collectif \u00ab <a href=\"http:\/\/cheminspaysans84.free.fr\/\">Paysans d&rsquo;Avignon<\/a> \u00bb, Damien d\u00e9veloppe son activit\u00e9 mara\u00eech\u00e8re en agroforesterie et vent ses l\u00e9gumes dans des magasins bio d&rsquo;Avignon. En parall\u00e8le, il souhaite que son<strong> lieu soit le plus ouvert possible<\/strong>. Il loue des espaces de jardins familiaux et organise r\u00e9guli\u00e8rement des \u00e9v\u00e9nements festifs et culturels. Les enjeux de s\u00e9cheresse arrivent rapidement dans la discussion et Damien nous fait d\u00e9couvrir son ing\u00e9nieux syst\u00e8me d&rsquo;irrigation solaire autonome. 4 panneaux photovolta\u00efques permettent le pompage de l&rsquo;eau depuis la nappe phr\u00e9atique situ\u00e9e \u00e0 7m de profondeur. L&rsquo;irrigation du terrain est donc assur\u00e9e par ce puissant dispositif r\u00e9alis\u00e9 avec un maximum de r\u00e9cup\u00e9ration et de recyclage.<\/p>\n\n\n\n<p class=\"has-text-align-right\"><em>Ad\u00e9la\u00efde<\/em><\/p>\n","protected":false},"excerpt":{"rendered":"<p>Debout femmes esclaves et brisons nos entravesDebout, debout, debout\u2026Les voix du c\u0153ur cyclo f\u00e9ministe se faufilent entre les tentes et r\u00e9veillent en douceur et militantisme les p\u00e9daleu.se.rs endormi.e.s. Nous nous levons en Avignon chez Olivier le mara\u00eecher et cette journ\u00e9e d\u00e9marre sous la pluie, une d\u00e9livrance ici, pour les terres &#8230; <\/p>\n<div><a href=\"https:\/\/www.altercampagne.net\/?p=26402\" class=\"more-link\">Read More<\/a><\/div>\n","protected":false},"author":316,"featured_media":26406,"comment_status":"closed","ping_status":"closed","sticky":false,"template":"","format":"standard","meta":{"footnotes":""},"categories":[3483,4357,3486,3488,3482,3540,3932],"tags":[],"class_list":["post-26402","post","type-post","status-publish","format-standard","has-post-thumbnail","hentry","category-agriculture","category-edition-2022","category-environnement","category-social","category-provence-alpes-cote-dazur","category-transverse","category-velo"],"yoast_head":"<!-- This site is optimized with the Yoast SEO plugin v27.3 - https:\/\/yoast.com\/product\/yoast-seo-wordpress\/ -->\n<title>Debout, debout, debout\u2026 - AlterTour<\/title>\n<meta name=\"robots\" content=\"index, follow, max-snippet:-1, max-image-preview:large, max-video-preview:-1\" \/>\n<link rel=\"canonical\" href=\"https:\/\/www.altercampagne.net\/?p=26402\" \/>\n<meta property=\"og:locale\" content=\"fr_FR\" \/>\n<meta property=\"og:type\" content=\"article\" \/>\n<meta property=\"og:title\" content=\"Debout, debout, debout\u2026 - AlterTour\" \/>\n<meta property=\"og:description\" content=\"Debout femmes esclaves et brisons nos entravesDebout, debout, debout\u2026Les voix du c\u0153ur cyclo f\u00e9ministe se faufilent entre les tentes et r\u00e9veillent en douceur et militantisme les p\u00e9daleu.se.rs endormi.e.s. Nous nous levons en Avignon chez Olivier le mara\u00eecher et cette journ\u00e9e d\u00e9marre sous la pluie, une d\u00e9livrance ici, pour les terres ... Read More\" \/>\n<meta property=\"og:url\" content=\"https:\/\/www.altercampagne.net\/?p=26402\" \/>\n<meta property=\"og:site_name\" content=\"AlterTour\" \/>\n<meta property=\"article:published_time\" content=\"2022-08-21T07:50:24+00:00\" \/>\n<meta property=\"article:modified_time\" content=\"2022-08-21T07:50:26+00:00\" \/>\n<meta property=\"og:image\" content=\"https:\/\/www.altercampagne.net\/wp-content\/uploads\/2022\/08\/ALT02594-scaled.jpg\" \/>\n\t<meta property=\"og:image:width\" content=\"2560\" \/>\n\t<meta property=\"og:image:height\" content=\"1707\" \/>\n\t<meta property=\"og:image:type\" content=\"image\/jpeg\" \/>\n<meta name=\"author\" content=\"Jonas\" \/>\n<meta name=\"twitter:card\" content=\"summary_large_image\" \/>\n<meta name=\"twitter:label1\" content=\"\u00c9crit par\" \/>\n\t<meta name=\"twitter:data1\" content=\"Jonas\" \/>\n\t<meta name=\"twitter:label2\" content=\"Dur\u00e9e de lecture estim\u00e9e\" \/>\n\t<meta name=\"twitter:data2\" content=\"5 minutes\" \/>\n<script type=\"application\/ld+json\" class=\"yoast-schema-graph\">{\"@context\":\"https:\\\/\\\/schema.org\",\"@graph\":[{\"@type\":\"Article\",\"@id\":\"https:\\\/\\\/www.altercampagne.net\\\/?p=26402#article\",\"isPartOf\":{\"@id\":\"https:\\\/\\\/www.altercampagne.net\\\/?p=26402\"},\"author\":{\"name\":\"Jonas\",\"@id\":\"https:\\\/\\\/www.altercampagne.net\\\/#\\\/schema\\\/person\\\/308dc295a67929d58321ff6b59820daa\"},\"headline\":\"Debout, debout, debout\u2026\",\"datePublished\":\"2022-08-21T07:50:24+00:00\",\"dateModified\":\"2022-08-21T07:50:26+00:00\",\"mainEntityOfPage\":{\"@id\":\"https:\\\/\\\/www.altercampagne.net\\\/?p=26402\"},\"wordCount\":805,\"image\":{\"@id\":\"https:\\\/\\\/www.altercampagne.net\\\/?p=26402#primaryimage\"},\"thumbnailUrl\":\"https:\\\/\\\/www.altercampagne.net\\\/wp-content\\\/uploads\\\/2022\\\/08\\\/ALT02594-scaled.jpg\",\"articleSection\":[\"Agriculture\",\"Edition 2022\",\"Environnement\",\"Social\",\"Provence-Alpes-C\u00f4te d'Azur\",\"Transverse\",\"V\u00e9lo\"],\"inLanguage\":\"fr-FR\"},{\"@type\":\"WebPage\",\"@id\":\"https:\\\/\\\/www.altercampagne.net\\\/?p=26402\",\"url\":\"https:\\\/\\\/www.altercampagne.net\\\/?p=26402\",\"name\":\"Debout, debout, debout\u2026 - AlterTour\",\"isPartOf\":{\"@id\":\"https:\\\/\\\/www.altercampagne.net\\\/#website\"},\"primaryImageOfPage\":{\"@id\":\"https:\\\/\\\/www.altercampagne.net\\\/?p=26402#primaryimage\"},\"image\":{\"@id\":\"https:\\\/\\\/www.altercampagne.net\\\/?p=26402#primaryimage\"},\"thumbnailUrl\":\"https:\\\/\\\/www.altercampagne.net\\\/wp-content\\\/uploads\\\/2022\\\/08\\\/ALT02594-scaled.jpg\",\"datePublished\":\"2022-08-21T07:50:24+00:00\",\"dateModified\":\"2022-08-21T07:50:26+00:00\",\"author\":{\"@id\":\"https:\\\/\\\/www.altercampagne.net\\\/#\\\/schema\\\/person\\\/308dc295a67929d58321ff6b59820daa\"},\"breadcrumb\":{\"@id\":\"https:\\\/\\\/www.altercampagne.net\\\/?p=26402#breadcrumb\"},\"inLanguage\":\"fr-FR\",\"potentialAction\":[{\"@type\":\"ReadAction\",\"target\":[\"https:\\\/\\\/www.altercampagne.net\\\/?p=26402\"]}]},{\"@type\":\"ImageObject\",\"inLanguage\":\"fr-FR\",\"@id\":\"https:\\\/\\\/www.altercampagne.net\\\/?p=26402#primaryimage\",\"url\":\"https:\\\/\\\/www.altercampagne.net\\\/wp-content\\\/uploads\\\/2022\\\/08\\\/ALT02594-scaled.jpg\",\"contentUrl\":\"https:\\\/\\\/www.altercampagne.net\\\/wp-content\\\/uploads\\\/2022\\\/08\\\/ALT02594-scaled.jpg\",\"width\":2560,\"height\":1707},{\"@type\":\"BreadcrumbList\",\"@id\":\"https:\\\/\\\/www.altercampagne.net\\\/?p=26402#breadcrumb\",\"itemListElement\":[{\"@type\":\"ListItem\",\"position\":1,\"name\":\"Accueil\",\"item\":\"https:\\\/\\\/www.altercampagne.net\\\/\"},{\"@type\":\"ListItem\",\"position\":2,\"name\":\"Debout, debout, debout\u2026\"}]},{\"@type\":\"WebSite\",\"@id\":\"https:\\\/\\\/www.altercampagne.net\\\/#website\",\"url\":\"https:\\\/\\\/www.altercampagne.net\\\/\",\"name\":\"AlterTour\",\"description\":\"Reliez les Alternatives \u00e0 v\u00e9lo\",\"potentialAction\":[{\"@type\":\"SearchAction\",\"target\":{\"@type\":\"EntryPoint\",\"urlTemplate\":\"https:\\\/\\\/www.altercampagne.net\\\/?s={search_term_string}\"},\"query-input\":{\"@type\":\"PropertyValueSpecification\",\"valueRequired\":true,\"valueName\":\"search_term_string\"}}],\"inLanguage\":\"fr-FR\"},{\"@type\":\"Person\",\"@id\":\"https:\\\/\\\/www.altercampagne.net\\\/#\\\/schema\\\/person\\\/308dc295a67929d58321ff6b59820daa\",\"name\":\"Jonas\",\"image\":{\"@type\":\"ImageObject\",\"inLanguage\":\"fr-FR\",\"@id\":\"https:\\\/\\\/secure.gravatar.com\\\/avatar\\\/ade7b451791545d463915f445a8aee91b58c48cdcbc1ab2b8583fa2f30e159e4?s=96&d=mm&r=g\",\"url\":\"https:\\\/\\\/secure.gravatar.com\\\/avatar\\\/ade7b451791545d463915f445a8aee91b58c48cdcbc1ab2b8583fa2f30e159e4?s=96&d=mm&r=g\",\"contentUrl\":\"https:\\\/\\\/secure.gravatar.com\\\/avatar\\\/ade7b451791545d463915f445a8aee91b58c48cdcbc1ab2b8583fa2f30e159e4?s=96&d=mm&r=g\",\"caption\":\"Jonas\"},\"url\":\"https:\\\/\\\/www.altercampagne.net\\\/?author=316\"}]}<\/script>\n<!-- \/ Yoast SEO plugin. -->","yoast_head_json":{"title":"Debout, debout, debout\u2026 - AlterTour","robots":{"index":"index","follow":"follow","max-snippet":"max-snippet:-1","max-image-preview":"max-image-preview:large","max-video-preview":"max-video-preview:-1"},"canonical":"https:\/\/www.altercampagne.net\/?p=26402","og_locale":"fr_FR","og_type":"article","og_title":"Debout, debout, debout\u2026 - AlterTour","og_description":"Debout femmes esclaves et brisons nos entravesDebout, debout, debout\u2026Les voix du c\u0153ur cyclo f\u00e9ministe se faufilent entre les tentes et r\u00e9veillent en douceur et militantisme les p\u00e9daleu.se.rs endormi.e.s. Nous nous levons en Avignon chez Olivier le mara\u00eecher et cette journ\u00e9e d\u00e9marre sous la pluie, une d\u00e9livrance ici, pour les terres ... Read More","og_url":"https:\/\/www.altercampagne.net\/?p=26402","og_site_name":"AlterTour","article_published_time":"2022-08-21T07:50:24+00:00","article_modified_time":"2022-08-21T07:50:26+00:00","og_image":[{"width":2560,"height":1707,"url":"https:\/\/www.altercampagne.net\/wp-content\/uploads\/2022\/08\/ALT02594-scaled.jpg","type":"image\/jpeg"}],"author":"Jonas","twitter_card":"summary_large_image","twitter_misc":{"\u00c9crit par":"Jonas","Dur\u00e9e de lecture estim\u00e9e":"5 minutes"},"schema":{"@context":"https:\/\/schema.org","@graph":[{"@type":"Article","@id":"https:\/\/www.altercampagne.net\/?p=26402#article","isPartOf":{"@id":"https:\/\/www.altercampagne.net\/?p=26402"},"author":{"name":"Jonas","@id":"https:\/\/www.altercampagne.net\/#\/schema\/person\/308dc295a67929d58321ff6b59820daa"},"headline":"Debout, debout, debout\u2026","datePublished":"2022-08-21T07:50:24+00:00","dateModified":"2022-08-21T07:50:26+00:00","mainEntityOfPage":{"@id":"https:\/\/www.altercampagne.net\/?p=26402"},"wordCount":805,"image":{"@id":"https:\/\/www.altercampagne.net\/?p=26402#primaryimage"},"thumbnailUrl":"https:\/\/www.altercampagne.net\/wp-content\/uploads\/2022\/08\/ALT02594-scaled.jpg","articleSection":["Agriculture","Edition 2022","Environnement","Social","Provence-Alpes-C\u00f4te d'Azur","Transverse","V\u00e9lo"],"inLanguage":"fr-FR"},{"@type":"WebPage","@id":"https:\/\/www.altercampagne.net\/?p=26402","url":"https:\/\/www.altercampagne.net\/?p=26402","name":"Debout, debout, debout\u2026 - AlterTour","isPartOf":{"@id":"https:\/\/www.altercampagne.net\/#website"},"primaryImageOfPage":{"@id":"https:\/\/www.altercampagne.net\/?p=26402#primaryimage"},"image":{"@id":"https:\/\/www.altercampagne.net\/?p=26402#primaryimage"},"thumbnailUrl":"https:\/\/www.altercampagne.net\/wp-content\/uploads\/2022\/08\/ALT02594-scaled.jpg","datePublished":"2022-08-21T07:50:24+00:00","dateModified":"2022-08-21T07:50:26+00:00","author":{"@id":"https:\/\/www.altercampagne.net\/#\/schema\/person\/308dc295a67929d58321ff6b59820daa"},"breadcrumb":{"@id":"https:\/\/www.altercampagne.net\/?p=26402#breadcrumb"},"inLanguage":"fr-FR","potentialAction":[{"@type":"ReadAction","target":["https:\/\/www.altercampagne.net\/?p=26402"]}]},{"@type":"ImageObject","inLanguage":"fr-FR","@id":"https:\/\/www.altercampagne.net\/?p=26402#primaryimage","url":"https:\/\/www.altercampagne.net\/wp-content\/uploads\/2022\/08\/ALT02594-scaled.jpg","contentUrl":"https:\/\/www.altercampagne.net\/wp-content\/uploads\/2022\/08\/ALT02594-scaled.jpg","width":2560,"height":1707},{"@type":"BreadcrumbList","@id":"https:\/\/www.altercampagne.net\/?p=26402#breadcrumb","itemListElement":[{"@type":"ListItem","position":1,"name":"Accueil","item":"https:\/\/www.altercampagne.net\/"},{"@type":"ListItem","position":2,"name":"Debout, debout, debout\u2026"}]},{"@type":"WebSite","@id":"https:\/\/www.altercampagne.net\/#website","url":"https:\/\/www.altercampagne.net\/","name":"AlterTour","description":"Reliez les Alternatives \u00e0 v\u00e9lo","potentialAction":[{"@type":"SearchAction","target":{"@type":"EntryPoint","urlTemplate":"https:\/\/www.altercampagne.net\/?s={search_term_string}"},"query-input":{"@type":"PropertyValueSpecification","valueRequired":true,"valueName":"search_term_string"}}],"inLanguage":"fr-FR"},{"@type":"Person","@id":"https:\/\/www.altercampagne.net\/#\/schema\/person\/308dc295a67929d58321ff6b59820daa","name":"Jonas","image":{"@type":"ImageObject","inLanguage":"fr-FR","@id":"https:\/\/secure.gravatar.com\/avatar\/ade7b451791545d463915f445a8aee91b58c48cdcbc1ab2b8583fa2f30e159e4?s=96&d=mm&r=g","url":"https:\/\/secure.gravatar.com\/avatar\/ade7b451791545d463915f445a8aee91b58c48cdcbc1ab2b8583fa2f30e159e4?s=96&d=mm&r=g","contentUrl":"https:\/\/secure.gravatar.com\/avatar\/ade7b451791545d463915f445a8aee91b58c48cdcbc1ab2b8583fa2f30e159e4?s=96&d=mm&r=g","caption":"Jonas"},"url":"https:\/\/www.altercampagne.net\/?author=316"}]}},"_links":{"self":[{"href":"https:\/\/www.altercampagne.net\/index.php?rest_route=\/wp\/v2\/posts\/26402","targetHints":{"allow":["GET"]}}],"collection":[{"href":"https:\/\/www.altercampagne.net\/index.php?rest_route=\/wp\/v2\/posts"}],"about":[{"href":"https:\/\/www.altercampagne.net\/index.php?rest_route=\/wp\/v2\/types\/post"}],"author":[{"embeddable":true,"href":"https:\/\/www.altercampagne.net\/index.php?rest_route=\/wp\/v2\/users\/316"}],"replies":[{"embeddable":true,"href":"https:\/\/www.altercampagne.net\/index.php?rest_route=%2Fwp%2Fv2%2Fcomments&post=26402"}],"version-history":[{"count":1,"href":"https:\/\/www.altercampagne.net\/index.php?rest_route=\/wp\/v2\/posts\/26402\/revisions"}],"predecessor-version":[{"id":26407,"href":"https:\/\/www.altercampagne.net\/index.php?rest_route=\/wp\/v2\/posts\/26402\/revisions\/26407"}],"wp:featuredmedia":[{"embeddable":true,"href":"https:\/\/www.altercampagne.net\/index.php?rest_route=\/wp\/v2\/media\/26406"}],"wp:attachment":[{"href":"https:\/\/www.altercampagne.net\/index.php?rest_route=%2Fwp%2Fv2%2Fmedia&parent=26402"}],"wp:term":[{"taxonomy":"category","embeddable":true,"href":"https:\/\/www.altercampagne.net\/index.php?rest_route=%2Fwp%2Fv2%2Fcategories&post=26402"},{"taxonomy":"post_tag","embeddable":true,"href":"https:\/\/www.altercampagne.net\/index.php?rest_route=%2Fwp%2Fv2%2Ftags&post=26402"}],"curies":[{"name":"wp","href":"https:\/\/api.w.org\/{rel}","templated":true}]}}