{"id":26408,"date":"2022-08-21T16:28:04","date_gmt":"2022-08-21T14:28:04","guid":{"rendered":"https:\/\/www.altercampagne.net\/?p=26408"},"modified":"2022-08-21T16:28:06","modified_gmt":"2022-08-21T14:28:06","slug":"on-trinque-aux-tronques","status":"publish","type":"post","link":"https:\/\/www.altercampagne.net\/?p=26408","title":{"rendered":"On trinque aux Tronques !"},"content":{"rendered":"\n<p>On avait d\u00e9j\u00e0 aim\u00e9 les descentes plus nombreuses que les mont\u00e9es, la pause herbeuse de la matin\u00e9e. Certain.es avaient aussi d\u00e9vor\u00e9 le pat\u00e9 du d\u00e9jeuner, parenth\u00e8se bien carn\u00e9e dans notre v\u00e9g\u00e9tarisme incarn\u00e9. On avait aussi savour\u00e9 les rares gouttes d&rsquo;ond\u00e9e, le p\u00e9trichor ennivrant qui soudain nous enveloppait.<br>Alors quand aux derniers d\u00e9tours du jour, on a vu apparaitre des panneaux \u00ab\u00a0Altertour\u00a0\u00bb, notre sang \u00a0n&rsquo;a fait \u00a0qu&rsquo;un tour. On se savait\u00a0<a href=\"http:\/\/attendu.es\/\" target=\"_blank\" rel=\"noreferrer noopener\">attendu.es<\/a>, les muscles se sont d\u00e9tendus. C&rsquo;est avec le beaume au coeur et les mollets rieurs qu&rsquo;on est\u00a0<a href=\"http:\/\/xn--arriv-fsa.es\/\" target=\"_blank\" rel=\"noreferrer noopener\">arriv\u00e9.es<\/a>\u00a0en trombe \u00e0 la <a href=\"https:\/\/www.lestronques.net\/\">Ferme des Tronques<\/a>.<\/p>\n\n\n\n<figure class=\"wp-block-image size-large\"><a href=\"https:\/\/www.altercampagne.net\/wp-content\/uploads\/2022\/08\/IMG_8398b-scaled.jpg\"><img loading=\"lazy\" decoding=\"async\" width=\"1024\" height=\"768\" src=\"https:\/\/www.altercampagne.net\/wp-content\/uploads\/2022\/08\/IMG_8398b-1024x768.jpg\" alt=\"\" class=\"wp-image-26412\" srcset=\"https:\/\/www.altercampagne.net\/wp-content\/uploads\/2022\/08\/IMG_8398b-1024x768.jpg 1024w, https:\/\/www.altercampagne.net\/wp-content\/uploads\/2022\/08\/IMG_8398b-300x225.jpg 300w, https:\/\/www.altercampagne.net\/wp-content\/uploads\/2022\/08\/IMG_8398b-768x576.jpg 768w, https:\/\/www.altercampagne.net\/wp-content\/uploads\/2022\/08\/IMG_8398b-1536x1152.jpg 1536w, https:\/\/www.altercampagne.net\/wp-content\/uploads\/2022\/08\/IMG_8398b-2048x1536.jpg 2048w, https:\/\/www.altercampagne.net\/wp-content\/uploads\/2022\/08\/IMG_8398b-610x458.jpg 610w, https:\/\/www.altercampagne.net\/wp-content\/uploads\/2022\/08\/IMG_8398b-100x75.jpg 100w, https:\/\/www.altercampagne.net\/wp-content\/uploads\/2022\/08\/IMG_8398b-862x647.jpg 862w, https:\/\/www.altercampagne.net\/wp-content\/uploads\/2022\/08\/IMG_8398b-1140x855.jpg 1140w\" sizes=\"auto, (max-width: 1024px) 100vw, 1024px\" \/><\/a><\/figure>\n\n\n\n<p>A la Salvetat Peyrales, ce n&rsquo;est pas l&rsquo;eau qui p\u00e9tille mais les regards de R\u00e9gine et Marco. Dans leur ferme familiale, <strong>iels \u00e9l\u00e8vent des vollailles en pagaille, des cochons et des veaux, tout en bio<\/strong>. Mais plus encore, iels accueillent et iels rassemblent. La ferme a son camping Accueil Paysan, ses chambres d&rsquo;h\u00f4tes et sa salle de spectacle. <br>Groupe de touristes de passage, r\u00e9union de la Conf\u00e9d\u00e9ration Paysanne ou altercyclistes en vadrouille, iels aiment m\u00e9langer les groupes et permettre les rencontres. Au coin du cantou, dans l&rsquo;ancienne \u00e9table, <strong>la tabl\u00e9e est joyeuse, et la discussion va bon train<\/strong>.\u00a0 Au fond, un espace de vente directe et un bar, qui rappelle leurs grandes ann\u00e9es de festivit\u00e9s. Car \u00e7a fait bien longtemps qu&rsquo;on vient chez R\u00e9gine et Marco pour tailler le bout de gras et de saucisse s\u00e8che, lever le coude et taper du pied. Dans les ann\u00e9es 90, Zebda, R\u00e9glisse ou les Berruriers Noirs ont fait la renomm\u00e9e de leur Caf\u00e9 des Champs, qui distribuait \u00ab\u00a0<strong>De la vitamine en watt<\/strong>\u00a0\u00bb au c\u0153ur des hivers aveyronnais. Et personne n&rsquo;aurait tronqu\u00e9 ni troqu\u00e9 la moindre soir\u00e9e dans le fier bistroquet de la Ferme des Tronques.<\/p>\n\n\n\n<p><strong>On \u00e9coute les histoires de cette \u00e9poque m\u00e9morable avec d\u00e9lice<\/strong>, en sirotant une ratafia, une bi\u00e8re locale ou un sirop de safran. Celle de l&rsquo;amiti\u00e9 entre le p\u00e8re de Marco et un vieux pianniste de renom qui parlaient chacun dans \u00a0leur langue, en occitan et en anglais, en se \u00a0comprenant parfaitement. Ou celle du grand concours correzo-aveyronnais du meilleur tripoux, sous la \u00a0houlette de Jacques, pr\u00e9sident du jury. Ce soir, M. le Maire nous a fait l&rsquo;honneur de sa pr\u00e9sence. Les panneaux Altertour ont fait leur effet dans les rues du village : Marco les avait aussi plac\u00e9 pour attiser la curiosit\u00e9, pour qu&rsquo;on se questionne et qu&rsquo;on parle de nous. Le maire nous raconte les r\u00e9installation dans sa commune qui se vidait, le m\u00e9lange des populations, le festival qui anime chaque ann\u00e9e le village jusqu&rsquo;au bout de la nuit. <strong>On sent que ce coin d&rsquo;Aveyron (re)vit, palpite et fr\u00e9mit des initiatives et des liens qui s&rsquo;y cr\u00e9ent.<\/strong><\/p>\n\n\n\n<figure class=\"wp-block-image size-large\"><a href=\"https:\/\/www.altercampagne.net\/wp-content\/uploads\/2022\/08\/IMG_8375a-scaled.jpg\"><img loading=\"lazy\" decoding=\"async\" width=\"1024\" height=\"782\" src=\"https:\/\/www.altercampagne.net\/wp-content\/uploads\/2022\/08\/IMG_8375a-1024x782.jpg\" alt=\"\" class=\"wp-image-26413\" srcset=\"https:\/\/www.altercampagne.net\/wp-content\/uploads\/2022\/08\/IMG_8375a-1024x782.jpg 1024w, https:\/\/www.altercampagne.net\/wp-content\/uploads\/2022\/08\/IMG_8375a-300x229.jpg 300w, https:\/\/www.altercampagne.net\/wp-content\/uploads\/2022\/08\/IMG_8375a-768x587.jpg 768w, https:\/\/www.altercampagne.net\/wp-content\/uploads\/2022\/08\/IMG_8375a-1536x1174.jpg 1536w, https:\/\/www.altercampagne.net\/wp-content\/uploads\/2022\/08\/IMG_8375a-2048x1565.jpg 2048w, https:\/\/www.altercampagne.net\/wp-content\/uploads\/2022\/08\/IMG_8375a-610x466.jpg 610w, https:\/\/www.altercampagne.net\/wp-content\/uploads\/2022\/08\/IMG_8375a-100x76.jpg 100w, https:\/\/www.altercampagne.net\/wp-content\/uploads\/2022\/08\/IMG_8375a-862x659.jpg 862w, https:\/\/www.altercampagne.net\/wp-content\/uploads\/2022\/08\/IMG_8375a-1140x871.jpg 1140w\" sizes=\"auto, (max-width: 1024px) 100vw, 1024px\" \/><\/a><\/figure>\n\n\n\n<p>Isabelle et Phillippe, qui nous ont rejoint pour quelques jours, en sont la preuve. Iels ont mont\u00e9 un collectif il y a 10 ans sur un terrain de la vall\u00e9e de la Jaoul, en contre-bas, r\u00e9cemment repris par un groupe de trentenaires constitu\u00e9 \u00e0 Sivens. <strong>D&rsquo;autres alternatives y fleurissent en bord de rivi\u00e8re, et l&rsquo;engagement collectif unit causses et vall\u00e9es<\/strong>. Iels ont ainsi pris des parts pour l&rsquo;achat des terres agricole de Segonds, o\u00f9 nous nous rendrons demain. Une galaxie militante qui \u00e9merveille, comme celle que nous observons au bout de la nuit au t\u00e9l\u00e9scope d&rsquo;Isabelle. Saturne et ses anneaux sont de sortie, la pleine Lune nous \u00e9claire, l&rsquo;altertourisme spatial low tech \u00e9crit son histoire : <strong>les astres s&rsquo;alignent sur l&rsquo;Altertour<\/strong>.<\/p>\n\n\n\n<p>La soir\u00e9e passe d&rsquo;ailleurs comme une \u00e9toile filante, le temps de faire un voeux pour Marco et R\u00e9gine : qu&rsquo;iels trouvent un projet de reprise aussi riche que le leur pour prendre,\u00a0<a href=\"http:\/\/serein.es\/\" target=\"_blank\" rel=\"noreferrer noopener\">serein.es<\/a>, une retraite conviviale, musicale, engag\u00e9e et surtout bien m\u00e9rit\u00e9e. A bon entendeur.euse&#8230;<\/p>\n\n\n\n<p class=\"has-text-align-right\"><em>R\u00e9mi \u00e0 la r\u00e9daction et Marco \u00e0 la photo<\/em><\/p>\n","protected":false},"excerpt":{"rendered":"<p>On avait d\u00e9j\u00e0 aim\u00e9 les descentes plus nombreuses que les mont\u00e9es, la pause herbeuse de la matin\u00e9e. Certain.es avaient aussi d\u00e9vor\u00e9 le pat\u00e9 du d\u00e9jeuner, parenth\u00e8se bien carn\u00e9e dans notre v\u00e9g\u00e9tarisme incarn\u00e9. On avait aussi savour\u00e9 les rares gouttes d&rsquo;ond\u00e9e, le p\u00e9trichor ennivrant qui soudain nous enveloppait.Alors quand aux derniers &#8230; <\/p>\n<div><a href=\"https:\/\/www.altercampagne.net\/?p=26408\" class=\"more-link\">Read More<\/a><\/div>\n","protected":false},"author":316,"featured_media":26411,"comment_status":"closed","ping_status":"closed","sticky":false,"template":"","format":"standard","meta":{"footnotes":""},"categories":[3483,3490,3480],"tags":[],"class_list":["post-26408","post","type-post","status-publish","format-standard","has-post-thumbnail","hentry","category-agriculture","category-culture","category-occitanie"],"yoast_head":"<!-- This site is optimized with the Yoast SEO plugin v27.3 - https:\/\/yoast.com\/product\/yoast-seo-wordpress\/ -->\n<title>On trinque aux Tronques ! - AlterTour<\/title>\n<meta name=\"robots\" content=\"index, follow, max-snippet:-1, max-image-preview:large, max-video-preview:-1\" \/>\n<link rel=\"canonical\" href=\"https:\/\/www.altercampagne.net\/?p=26408\" \/>\n<meta property=\"og:locale\" content=\"fr_FR\" \/>\n<meta property=\"og:type\" content=\"article\" \/>\n<meta property=\"og:title\" content=\"On trinque aux Tronques ! - AlterTour\" \/>\n<meta property=\"og:description\" content=\"On avait d\u00e9j\u00e0 aim\u00e9 les descentes plus nombreuses que les mont\u00e9es, la pause herbeuse de la matin\u00e9e. Certain.es avaient aussi d\u00e9vor\u00e9 le pat\u00e9 du d\u00e9jeuner, parenth\u00e8se bien carn\u00e9e dans notre v\u00e9g\u00e9tarisme incarn\u00e9. On avait aussi savour\u00e9 les rares gouttes d&rsquo;ond\u00e9e, le p\u00e9trichor ennivrant qui soudain nous enveloppait.Alors quand aux derniers ... Read More\" \/>\n<meta property=\"og:url\" content=\"https:\/\/www.altercampagne.net\/?p=26408\" \/>\n<meta property=\"og:site_name\" content=\"AlterTour\" \/>\n<meta property=\"article:published_time\" content=\"2022-08-21T14:28:04+00:00\" \/>\n<meta property=\"article:modified_time\" content=\"2022-08-21T14:28:06+00:00\" \/>\n<meta property=\"og:image\" content=\"https:\/\/www.altercampagne.net\/wp-content\/uploads\/2022\/08\/1-scaled.jpg\" \/>\n\t<meta property=\"og:image:width\" content=\"2560\" \/>\n\t<meta property=\"og:image:height\" content=\"1707\" \/>\n\t<meta property=\"og:image:type\" content=\"image\/jpeg\" \/>\n<meta name=\"author\" content=\"Jonas\" \/>\n<meta name=\"twitter:card\" content=\"summary_large_image\" \/>\n<meta name=\"twitter:label1\" content=\"\u00c9crit par\" \/>\n\t<meta name=\"twitter:data1\" content=\"Jonas\" \/>\n\t<meta name=\"twitter:label2\" content=\"Dur\u00e9e de lecture estim\u00e9e\" \/>\n\t<meta name=\"twitter:data2\" content=\"4 minutes\" \/>\n<script type=\"application\/ld+json\" class=\"yoast-schema-graph\">{\"@context\":\"https:\\\/\\\/schema.org\",\"@graph\":[{\"@type\":\"Article\",\"@id\":\"https:\\\/\\\/www.altercampagne.net\\\/?p=26408#article\",\"isPartOf\":{\"@id\":\"https:\\\/\\\/www.altercampagne.net\\\/?p=26408\"},\"author\":{\"name\":\"Jonas\",\"@id\":\"https:\\\/\\\/www.altercampagne.net\\\/#\\\/schema\\\/person\\\/308dc295a67929d58321ff6b59820daa\"},\"headline\":\"On trinque aux Tronques !\",\"datePublished\":\"2022-08-21T14:28:04+00:00\",\"dateModified\":\"2022-08-21T14:28:06+00:00\",\"mainEntityOfPage\":{\"@id\":\"https:\\\/\\\/www.altercampagne.net\\\/?p=26408\"},\"wordCount\":704,\"image\":{\"@id\":\"https:\\\/\\\/www.altercampagne.net\\\/?p=26408#primaryimage\"},\"thumbnailUrl\":\"https:\\\/\\\/www.altercampagne.net\\\/wp-content\\\/uploads\\\/2022\\\/08\\\/1-scaled.jpg\",\"articleSection\":[\"Agriculture\",\"Culture\",\"Occitanie\"],\"inLanguage\":\"fr-FR\"},{\"@type\":\"WebPage\",\"@id\":\"https:\\\/\\\/www.altercampagne.net\\\/?p=26408\",\"url\":\"https:\\\/\\\/www.altercampagne.net\\\/?p=26408\",\"name\":\"On trinque aux Tronques ! - AlterTour\",\"isPartOf\":{\"@id\":\"https:\\\/\\\/www.altercampagne.net\\\/#website\"},\"primaryImageOfPage\":{\"@id\":\"https:\\\/\\\/www.altercampagne.net\\\/?p=26408#primaryimage\"},\"image\":{\"@id\":\"https:\\\/\\\/www.altercampagne.net\\\/?p=26408#primaryimage\"},\"thumbnailUrl\":\"https:\\\/\\\/www.altercampagne.net\\\/wp-content\\\/uploads\\\/2022\\\/08\\\/1-scaled.jpg\",\"datePublished\":\"2022-08-21T14:28:04+00:00\",\"dateModified\":\"2022-08-21T14:28:06+00:00\",\"author\":{\"@id\":\"https:\\\/\\\/www.altercampagne.net\\\/#\\\/schema\\\/person\\\/308dc295a67929d58321ff6b59820daa\"},\"breadcrumb\":{\"@id\":\"https:\\\/\\\/www.altercampagne.net\\\/?p=26408#breadcrumb\"},\"inLanguage\":\"fr-FR\",\"potentialAction\":[{\"@type\":\"ReadAction\",\"target\":[\"https:\\\/\\\/www.altercampagne.net\\\/?p=26408\"]}]},{\"@type\":\"ImageObject\",\"inLanguage\":\"fr-FR\",\"@id\":\"https:\\\/\\\/www.altercampagne.net\\\/?p=26408#primaryimage\",\"url\":\"https:\\\/\\\/www.altercampagne.net\\\/wp-content\\\/uploads\\\/2022\\\/08\\\/1-scaled.jpg\",\"contentUrl\":\"https:\\\/\\\/www.altercampagne.net\\\/wp-content\\\/uploads\\\/2022\\\/08\\\/1-scaled.jpg\",\"width\":2560,\"height\":1707},{\"@type\":\"BreadcrumbList\",\"@id\":\"https:\\\/\\\/www.altercampagne.net\\\/?p=26408#breadcrumb\",\"itemListElement\":[{\"@type\":\"ListItem\",\"position\":1,\"name\":\"Accueil\",\"item\":\"https:\\\/\\\/www.altercampagne.net\\\/\"},{\"@type\":\"ListItem\",\"position\":2,\"name\":\"On trinque aux Tronques !\"}]},{\"@type\":\"WebSite\",\"@id\":\"https:\\\/\\\/www.altercampagne.net\\\/#website\",\"url\":\"https:\\\/\\\/www.altercampagne.net\\\/\",\"name\":\"AlterTour\",\"description\":\"Reliez les Alternatives \u00e0 v\u00e9lo\",\"potentialAction\":[{\"@type\":\"SearchAction\",\"target\":{\"@type\":\"EntryPoint\",\"urlTemplate\":\"https:\\\/\\\/www.altercampagne.net\\\/?s={search_term_string}\"},\"query-input\":{\"@type\":\"PropertyValueSpecification\",\"valueRequired\":true,\"valueName\":\"search_term_string\"}}],\"inLanguage\":\"fr-FR\"},{\"@type\":\"Person\",\"@id\":\"https:\\\/\\\/www.altercampagne.net\\\/#\\\/schema\\\/person\\\/308dc295a67929d58321ff6b59820daa\",\"name\":\"Jonas\",\"image\":{\"@type\":\"ImageObject\",\"inLanguage\":\"fr-FR\",\"@id\":\"https:\\\/\\\/secure.gravatar.com\\\/avatar\\\/ade7b451791545d463915f445a8aee91b58c48cdcbc1ab2b8583fa2f30e159e4?s=96&d=mm&r=g\",\"url\":\"https:\\\/\\\/secure.gravatar.com\\\/avatar\\\/ade7b451791545d463915f445a8aee91b58c48cdcbc1ab2b8583fa2f30e159e4?s=96&d=mm&r=g\",\"contentUrl\":\"https:\\\/\\\/secure.gravatar.com\\\/avatar\\\/ade7b451791545d463915f445a8aee91b58c48cdcbc1ab2b8583fa2f30e159e4?s=96&d=mm&r=g\",\"caption\":\"Jonas\"},\"url\":\"https:\\\/\\\/www.altercampagne.net\\\/?author=316\"}]}<\/script>\n<!-- \/ Yoast SEO plugin. -->","yoast_head_json":{"title":"On trinque aux Tronques ! - AlterTour","robots":{"index":"index","follow":"follow","max-snippet":"max-snippet:-1","max-image-preview":"max-image-preview:large","max-video-preview":"max-video-preview:-1"},"canonical":"https:\/\/www.altercampagne.net\/?p=26408","og_locale":"fr_FR","og_type":"article","og_title":"On trinque aux Tronques ! - AlterTour","og_description":"On avait d\u00e9j\u00e0 aim\u00e9 les descentes plus nombreuses que les mont\u00e9es, la pause herbeuse de la matin\u00e9e. Certain.es avaient aussi d\u00e9vor\u00e9 le pat\u00e9 du d\u00e9jeuner, parenth\u00e8se bien carn\u00e9e dans notre v\u00e9g\u00e9tarisme incarn\u00e9. On avait aussi savour\u00e9 les rares gouttes d&rsquo;ond\u00e9e, le p\u00e9trichor ennivrant qui soudain nous enveloppait.Alors quand aux derniers ... Read More","og_url":"https:\/\/www.altercampagne.net\/?p=26408","og_site_name":"AlterTour","article_published_time":"2022-08-21T14:28:04+00:00","article_modified_time":"2022-08-21T14:28:06+00:00","og_image":[{"width":2560,"height":1707,"url":"https:\/\/www.altercampagne.net\/wp-content\/uploads\/2022\/08\/1-scaled.jpg","type":"image\/jpeg"}],"author":"Jonas","twitter_card":"summary_large_image","twitter_misc":{"\u00c9crit par":"Jonas","Dur\u00e9e de lecture estim\u00e9e":"4 minutes"},"schema":{"@context":"https:\/\/schema.org","@graph":[{"@type":"Article","@id":"https:\/\/www.altercampagne.net\/?p=26408#article","isPartOf":{"@id":"https:\/\/www.altercampagne.net\/?p=26408"},"author":{"name":"Jonas","@id":"https:\/\/www.altercampagne.net\/#\/schema\/person\/308dc295a67929d58321ff6b59820daa"},"headline":"On trinque aux Tronques !","datePublished":"2022-08-21T14:28:04+00:00","dateModified":"2022-08-21T14:28:06+00:00","mainEntityOfPage":{"@id":"https:\/\/www.altercampagne.net\/?p=26408"},"wordCount":704,"image":{"@id":"https:\/\/www.altercampagne.net\/?p=26408#primaryimage"},"thumbnailUrl":"https:\/\/www.altercampagne.net\/wp-content\/uploads\/2022\/08\/1-scaled.jpg","articleSection":["Agriculture","Culture","Occitanie"],"inLanguage":"fr-FR"},{"@type":"WebPage","@id":"https:\/\/www.altercampagne.net\/?p=26408","url":"https:\/\/www.altercampagne.net\/?p=26408","name":"On trinque aux Tronques ! - AlterTour","isPartOf":{"@id":"https:\/\/www.altercampagne.net\/#website"},"primaryImageOfPage":{"@id":"https:\/\/www.altercampagne.net\/?p=26408#primaryimage"},"image":{"@id":"https:\/\/www.altercampagne.net\/?p=26408#primaryimage"},"thumbnailUrl":"https:\/\/www.altercampagne.net\/wp-content\/uploads\/2022\/08\/1-scaled.jpg","datePublished":"2022-08-21T14:28:04+00:00","dateModified":"2022-08-21T14:28:06+00:00","author":{"@id":"https:\/\/www.altercampagne.net\/#\/schema\/person\/308dc295a67929d58321ff6b59820daa"},"breadcrumb":{"@id":"https:\/\/www.altercampagne.net\/?p=26408#breadcrumb"},"inLanguage":"fr-FR","potentialAction":[{"@type":"ReadAction","target":["https:\/\/www.altercampagne.net\/?p=26408"]}]},{"@type":"ImageObject","inLanguage":"fr-FR","@id":"https:\/\/www.altercampagne.net\/?p=26408#primaryimage","url":"https:\/\/www.altercampagne.net\/wp-content\/uploads\/2022\/08\/1-scaled.jpg","contentUrl":"https:\/\/www.altercampagne.net\/wp-content\/uploads\/2022\/08\/1-scaled.jpg","width":2560,"height":1707},{"@type":"BreadcrumbList","@id":"https:\/\/www.altercampagne.net\/?p=26408#breadcrumb","itemListElement":[{"@type":"ListItem","position":1,"name":"Accueil","item":"https:\/\/www.altercampagne.net\/"},{"@type":"ListItem","position":2,"name":"On trinque aux Tronques !"}]},{"@type":"WebSite","@id":"https:\/\/www.altercampagne.net\/#website","url":"https:\/\/www.altercampagne.net\/","name":"AlterTour","description":"Reliez les Alternatives \u00e0 v\u00e9lo","potentialAction":[{"@type":"SearchAction","target":{"@type":"EntryPoint","urlTemplate":"https:\/\/www.altercampagne.net\/?s={search_term_string}"},"query-input":{"@type":"PropertyValueSpecification","valueRequired":true,"valueName":"search_term_string"}}],"inLanguage":"fr-FR"},{"@type":"Person","@id":"https:\/\/www.altercampagne.net\/#\/schema\/person\/308dc295a67929d58321ff6b59820daa","name":"Jonas","image":{"@type":"ImageObject","inLanguage":"fr-FR","@id":"https:\/\/secure.gravatar.com\/avatar\/ade7b451791545d463915f445a8aee91b58c48cdcbc1ab2b8583fa2f30e159e4?s=96&d=mm&r=g","url":"https:\/\/secure.gravatar.com\/avatar\/ade7b451791545d463915f445a8aee91b58c48cdcbc1ab2b8583fa2f30e159e4?s=96&d=mm&r=g","contentUrl":"https:\/\/secure.gravatar.com\/avatar\/ade7b451791545d463915f445a8aee91b58c48cdcbc1ab2b8583fa2f30e159e4?s=96&d=mm&r=g","caption":"Jonas"},"url":"https:\/\/www.altercampagne.net\/?author=316"}]}},"_links":{"self":[{"href":"https:\/\/www.altercampagne.net\/index.php?rest_route=\/wp\/v2\/posts\/26408","targetHints":{"allow":["GET"]}}],"collection":[{"href":"https:\/\/www.altercampagne.net\/index.php?rest_route=\/wp\/v2\/posts"}],"about":[{"href":"https:\/\/www.altercampagne.net\/index.php?rest_route=\/wp\/v2\/types\/post"}],"author":[{"embeddable":true,"href":"https:\/\/www.altercampagne.net\/index.php?rest_route=\/wp\/v2\/users\/316"}],"replies":[{"embeddable":true,"href":"https:\/\/www.altercampagne.net\/index.php?rest_route=%2Fwp%2Fv2%2Fcomments&post=26408"}],"version-history":[{"count":1,"href":"https:\/\/www.altercampagne.net\/index.php?rest_route=\/wp\/v2\/posts\/26408\/revisions"}],"predecessor-version":[{"id":26414,"href":"https:\/\/www.altercampagne.net\/index.php?rest_route=\/wp\/v2\/posts\/26408\/revisions\/26414"}],"wp:featuredmedia":[{"embeddable":true,"href":"https:\/\/www.altercampagne.net\/index.php?rest_route=\/wp\/v2\/media\/26411"}],"wp:attachment":[{"href":"https:\/\/www.altercampagne.net\/index.php?rest_route=%2Fwp%2Fv2%2Fmedia&parent=26408"}],"wp:term":[{"taxonomy":"category","embeddable":true,"href":"https:\/\/www.altercampagne.net\/index.php?rest_route=%2Fwp%2Fv2%2Fcategories&post=26408"},{"taxonomy":"post_tag","embeddable":true,"href":"https:\/\/www.altercampagne.net\/index.php?rest_route=%2Fwp%2Fv2%2Ftags&post=26408"}],"curies":[{"name":"wp","href":"https:\/\/api.w.org\/{rel}","templated":true}]}}