{"id":26434,"date":"2022-08-29T15:23:55","date_gmt":"2022-08-29T13:23:55","guid":{"rendered":"https:\/\/www.altercampagne.net\/?p=26434"},"modified":"2022-08-29T15:23:57","modified_gmt":"2022-08-29T13:23:57","slug":"de-la-gnole-dis-style","status":"publish","type":"post","link":"https:\/\/www.altercampagne.net\/?p=26434","title":{"rendered":"De la gn\u00f4le, dis! Styl\u00e9!"},"content":{"rendered":"\n<p>Une journ\u00e9e de plus dans cette belle aventure. <br>Le groupe se r\u00e9veil dans un paysage embrum\u00e9 aux <a href=\"https:\/\/www.facebook.com\/Les-Br%C3%A9mailles-de-ladret-161007111380798\/\">Bremailles de l&rsquo;Adret<\/a>, \u00e0 Saint Vincent de Salers. Dur de replier les tentes avec toute cette humidit\u00e9 mais l&rsquo;\u00e9quipe petit-d\u00e9jeuner r\u00e9chauffe nos c\u0153urs avec <strong>la brioche faite maison par Yohan et Marine, nos accueillant.e.s<\/strong>.<br>A peine le temps d&#8217;embrayer :\u00a0nous commen\u00e7ons par 3km de c\u00f4te. Nous n&rsquo;\u00e9tions pas arriv\u00e9 \u00e0 nos fins, d&rsquo;autres d\u00e9nivel\u00e9s nous attendaient&#8230; Apr\u00e8s cette matin\u00e9e sportive o\u00f9 nous avons \u00e9t\u00e9 soutenu par <strong>les paysages \u00e9poustouflants<\/strong> arriva finalement la pause midi o\u00f9 notre \u00e9quipe cuisine nous avait pr\u00e9par\u00e9 un picnic au bord du lac de Menet.<br>Nous avons pu profiter de ces rivages, en jouant aux cartes et au foot, en discutant, en siestant&#8230; Peu de route nous s\u00e9parait de notre arriv\u00e9e \u00e0 <a href=\"https:\/\/distillerie-baptiste.com\/\">La Distillerie Baptiste<\/a>, o\u00f9 nous sommes arriv\u00e9.e.s en fin d&rsquo;apr\u00e8s midi pour deux nuits. S&rsquo;en est suivi une visite des lieux des plus int\u00e9ressantes, guid\u00e9 par Baptiste. <\/p>\n\n\n\n<figure class=\"wp-block-image size-large\"><a href=\"https:\/\/www.altercampagne.net\/wp-content\/uploads\/2022\/08\/article-Leslie.jpg\"><img loading=\"lazy\" decoding=\"async\" width=\"1024\" height=\"680\" src=\"https:\/\/www.altercampagne.net\/wp-content\/uploads\/2022\/08\/article-Leslie-1024x680.jpg\" alt=\"\" class=\"wp-image-26436\" srcset=\"https:\/\/www.altercampagne.net\/wp-content\/uploads\/2022\/08\/article-Leslie-1024x680.jpg 1024w, https:\/\/www.altercampagne.net\/wp-content\/uploads\/2022\/08\/article-Leslie-300x199.jpg 300w, https:\/\/www.altercampagne.net\/wp-content\/uploads\/2022\/08\/article-Leslie-768x510.jpg 768w, https:\/\/www.altercampagne.net\/wp-content\/uploads\/2022\/08\/article-Leslie-610x405.jpg 610w, https:\/\/www.altercampagne.net\/wp-content\/uploads\/2022\/08\/article-Leslie-100x66.jpg 100w, https:\/\/www.altercampagne.net\/wp-content\/uploads\/2022\/08\/article-Leslie-862x573.jpg 862w, https:\/\/www.altercampagne.net\/wp-content\/uploads\/2022\/08\/article-Leslie-1140x757.jpg 1140w, https:\/\/www.altercampagne.net\/wp-content\/uploads\/2022\/08\/article-Leslie.jpg 1159w\" sizes=\"auto, (max-width: 1024px) 100vw, 1024px\" \/><\/a><\/figure>\n\n\n\n<p class=\"has-text-align-left\">Un brief footballistique nous permit d&rsquo;organiser la journ\u00e9e du lendemain et introduire cette douce soir\u00e9e relaxante, entre d\u00e9gustations et massages.<br>La journ\u00e9e de demain sera bien remplie et des nouvelles de notre passage ici vous parviendront tr\u00e8s prochainement.<\/p>\n\n\n\n<p class=\"has-text-align-right\"><em>Leslie &amp; Robin<\/em><\/p>\n","protected":false},"excerpt":{"rendered":"<p>Une journ\u00e9e de plus dans cette belle aventure. Le groupe se r\u00e9veil dans un paysage embrum\u00e9 aux Bremailles de l&rsquo;Adret, \u00e0 Saint Vincent de Salers. Dur de replier les tentes avec toute cette humidit\u00e9 mais l&rsquo;\u00e9quipe petit-d\u00e9jeuner r\u00e9chauffe nos c\u0153urs avec la brioche faite maison par Yohan et Marine, nos &#8230; <\/p>\n<div><a href=\"https:\/\/www.altercampagne.net\/?p=26434\" class=\"more-link\">Read More<\/a><\/div>\n","protected":false},"author":316,"featured_media":26437,"comment_status":"closed","ping_status":"closed","sticky":false,"template":"","format":"standard","meta":{"footnotes":""},"categories":[3471,3483,3489,4037,4357],"tags":[],"class_list":["post-26434","post","type-post","status-publish","format-standard","has-post-thumbnail","hentry","category-auvergne-rhone-alpes","category-agriculture","category-alimentation","category-biere","category-edition-2022"],"yoast_head":"<!-- This site is optimized with the Yoast SEO plugin v27.3 - https:\/\/yoast.com\/product\/yoast-seo-wordpress\/ -->\n<title>De la gn\u00f4le, dis! Styl\u00e9! - AlterTour<\/title>\n<meta name=\"robots\" content=\"index, follow, max-snippet:-1, max-image-preview:large, max-video-preview:-1\" \/>\n<link rel=\"canonical\" href=\"https:\/\/www.altercampagne.net\/?p=26434\" \/>\n<meta property=\"og:locale\" content=\"fr_FR\" \/>\n<meta property=\"og:type\" content=\"article\" \/>\n<meta property=\"og:title\" content=\"De la gn\u00f4le, dis! Styl\u00e9! - AlterTour\" \/>\n<meta property=\"og:description\" content=\"Une journ\u00e9e de plus dans cette belle aventure. Le groupe se r\u00e9veil dans un paysage embrum\u00e9 aux Bremailles de l&rsquo;Adret, \u00e0 Saint Vincent de Salers. Dur de replier les tentes avec toute cette humidit\u00e9 mais l&rsquo;\u00e9quipe petit-d\u00e9jeuner r\u00e9chauffe nos c\u0153urs avec la brioche faite maison par Yohan et Marine, nos ... Read More\" \/>\n<meta property=\"og:url\" content=\"https:\/\/www.altercampagne.net\/?p=26434\" \/>\n<meta property=\"og:site_name\" content=\"AlterTour\" \/>\n<meta property=\"article:published_time\" content=\"2022-08-29T13:23:55+00:00\" \/>\n<meta property=\"article:modified_time\" content=\"2022-08-29T13:23:57+00:00\" \/>\n<meta property=\"og:image\" content=\"https:\/\/www.altercampagne.net\/wp-content\/uploads\/2022\/08\/article-Leslie2web.jpg\" \/>\n\t<meta property=\"og:image:width\" content=\"1050\" \/>\n\t<meta property=\"og:image:height\" content=\"492\" \/>\n\t<meta property=\"og:image:type\" content=\"image\/jpeg\" \/>\n<meta name=\"author\" content=\"Jonas\" \/>\n<meta name=\"twitter:card\" content=\"summary_large_image\" \/>\n<meta name=\"twitter:label1\" content=\"\u00c9crit par\" \/>\n\t<meta name=\"twitter:data1\" content=\"Jonas\" \/>\n\t<meta name=\"twitter:label2\" content=\"Dur\u00e9e de lecture estim\u00e9e\" \/>\n\t<meta name=\"twitter:data2\" content=\"2 minutes\" \/>\n<script type=\"application\/ld+json\" class=\"yoast-schema-graph\">{\"@context\":\"https:\\\/\\\/schema.org\",\"@graph\":[{\"@type\":\"Article\",\"@id\":\"https:\\\/\\\/www.altercampagne.net\\\/?p=26434#article\",\"isPartOf\":{\"@id\":\"https:\\\/\\\/www.altercampagne.net\\\/?p=26434\"},\"author\":{\"name\":\"Jonas\",\"@id\":\"https:\\\/\\\/www.altercampagne.net\\\/#\\\/schema\\\/person\\\/308dc295a67929d58321ff6b59820daa\"},\"headline\":\"De la gn\u00f4le, dis! Styl\u00e9!\",\"datePublished\":\"2022-08-29T13:23:55+00:00\",\"dateModified\":\"2022-08-29T13:23:57+00:00\",\"mainEntityOfPage\":{\"@id\":\"https:\\\/\\\/www.altercampagne.net\\\/?p=26434\"},\"wordCount\":237,\"image\":{\"@id\":\"https:\\\/\\\/www.altercampagne.net\\\/?p=26434#primaryimage\"},\"thumbnailUrl\":\"https:\\\/\\\/www.altercampagne.net\\\/wp-content\\\/uploads\\\/2022\\\/08\\\/article-Leslie2web.jpg\",\"articleSection\":[\"Auvergne-Rh\u00f4ne-Alpes\",\"Agriculture\",\"Alimentation\",\"Bi\u00e8re\",\"Edition 2022\"],\"inLanguage\":\"fr-FR\"},{\"@type\":\"WebPage\",\"@id\":\"https:\\\/\\\/www.altercampagne.net\\\/?p=26434\",\"url\":\"https:\\\/\\\/www.altercampagne.net\\\/?p=26434\",\"name\":\"De la gn\u00f4le, dis! Styl\u00e9! - AlterTour\",\"isPartOf\":{\"@id\":\"https:\\\/\\\/www.altercampagne.net\\\/#website\"},\"primaryImageOfPage\":{\"@id\":\"https:\\\/\\\/www.altercampagne.net\\\/?p=26434#primaryimage\"},\"image\":{\"@id\":\"https:\\\/\\\/www.altercampagne.net\\\/?p=26434#primaryimage\"},\"thumbnailUrl\":\"https:\\\/\\\/www.altercampagne.net\\\/wp-content\\\/uploads\\\/2022\\\/08\\\/article-Leslie2web.jpg\",\"datePublished\":\"2022-08-29T13:23:55+00:00\",\"dateModified\":\"2022-08-29T13:23:57+00:00\",\"author\":{\"@id\":\"https:\\\/\\\/www.altercampagne.net\\\/#\\\/schema\\\/person\\\/308dc295a67929d58321ff6b59820daa\"},\"breadcrumb\":{\"@id\":\"https:\\\/\\\/www.altercampagne.net\\\/?p=26434#breadcrumb\"},\"inLanguage\":\"fr-FR\",\"potentialAction\":[{\"@type\":\"ReadAction\",\"target\":[\"https:\\\/\\\/www.altercampagne.net\\\/?p=26434\"]}]},{\"@type\":\"ImageObject\",\"inLanguage\":\"fr-FR\",\"@id\":\"https:\\\/\\\/www.altercampagne.net\\\/?p=26434#primaryimage\",\"url\":\"https:\\\/\\\/www.altercampagne.net\\\/wp-content\\\/uploads\\\/2022\\\/08\\\/article-Leslie2web.jpg\",\"contentUrl\":\"https:\\\/\\\/www.altercampagne.net\\\/wp-content\\\/uploads\\\/2022\\\/08\\\/article-Leslie2web.jpg\",\"width\":1050,\"height\":492},{\"@type\":\"BreadcrumbList\",\"@id\":\"https:\\\/\\\/www.altercampagne.net\\\/?p=26434#breadcrumb\",\"itemListElement\":[{\"@type\":\"ListItem\",\"position\":1,\"name\":\"Accueil\",\"item\":\"https:\\\/\\\/www.altercampagne.net\\\/\"},{\"@type\":\"ListItem\",\"position\":2,\"name\":\"De la gn\u00f4le, dis! Styl\u00e9!\"}]},{\"@type\":\"WebSite\",\"@id\":\"https:\\\/\\\/www.altercampagne.net\\\/#website\",\"url\":\"https:\\\/\\\/www.altercampagne.net\\\/\",\"name\":\"AlterTour\",\"description\":\"Reliez les Alternatives \u00e0 v\u00e9lo\",\"potentialAction\":[{\"@type\":\"SearchAction\",\"target\":{\"@type\":\"EntryPoint\",\"urlTemplate\":\"https:\\\/\\\/www.altercampagne.net\\\/?s={search_term_string}\"},\"query-input\":{\"@type\":\"PropertyValueSpecification\",\"valueRequired\":true,\"valueName\":\"search_term_string\"}}],\"inLanguage\":\"fr-FR\"},{\"@type\":\"Person\",\"@id\":\"https:\\\/\\\/www.altercampagne.net\\\/#\\\/schema\\\/person\\\/308dc295a67929d58321ff6b59820daa\",\"name\":\"Jonas\",\"image\":{\"@type\":\"ImageObject\",\"inLanguage\":\"fr-FR\",\"@id\":\"https:\\\/\\\/secure.gravatar.com\\\/avatar\\\/ade7b451791545d463915f445a8aee91b58c48cdcbc1ab2b8583fa2f30e159e4?s=96&d=mm&r=g\",\"url\":\"https:\\\/\\\/secure.gravatar.com\\\/avatar\\\/ade7b451791545d463915f445a8aee91b58c48cdcbc1ab2b8583fa2f30e159e4?s=96&d=mm&r=g\",\"contentUrl\":\"https:\\\/\\\/secure.gravatar.com\\\/avatar\\\/ade7b451791545d463915f445a8aee91b58c48cdcbc1ab2b8583fa2f30e159e4?s=96&d=mm&r=g\",\"caption\":\"Jonas\"},\"url\":\"https:\\\/\\\/www.altercampagne.net\\\/?author=316\"}]}<\/script>\n<!-- \/ Yoast SEO plugin. -->","yoast_head_json":{"title":"De la gn\u00f4le, dis! Styl\u00e9! - AlterTour","robots":{"index":"index","follow":"follow","max-snippet":"max-snippet:-1","max-image-preview":"max-image-preview:large","max-video-preview":"max-video-preview:-1"},"canonical":"https:\/\/www.altercampagne.net\/?p=26434","og_locale":"fr_FR","og_type":"article","og_title":"De la gn\u00f4le, dis! Styl\u00e9! - AlterTour","og_description":"Une journ\u00e9e de plus dans cette belle aventure. Le groupe se r\u00e9veil dans un paysage embrum\u00e9 aux Bremailles de l&rsquo;Adret, \u00e0 Saint Vincent de Salers. Dur de replier les tentes avec toute cette humidit\u00e9 mais l&rsquo;\u00e9quipe petit-d\u00e9jeuner r\u00e9chauffe nos c\u0153urs avec la brioche faite maison par Yohan et Marine, nos ... Read More","og_url":"https:\/\/www.altercampagne.net\/?p=26434","og_site_name":"AlterTour","article_published_time":"2022-08-29T13:23:55+00:00","article_modified_time":"2022-08-29T13:23:57+00:00","og_image":[{"width":1050,"height":492,"url":"https:\/\/www.altercampagne.net\/wp-content\/uploads\/2022\/08\/article-Leslie2web.jpg","type":"image\/jpeg"}],"author":"Jonas","twitter_card":"summary_large_image","twitter_misc":{"\u00c9crit par":"Jonas","Dur\u00e9e de lecture estim\u00e9e":"2 minutes"},"schema":{"@context":"https:\/\/schema.org","@graph":[{"@type":"Article","@id":"https:\/\/www.altercampagne.net\/?p=26434#article","isPartOf":{"@id":"https:\/\/www.altercampagne.net\/?p=26434"},"author":{"name":"Jonas","@id":"https:\/\/www.altercampagne.net\/#\/schema\/person\/308dc295a67929d58321ff6b59820daa"},"headline":"De la gn\u00f4le, dis! Styl\u00e9!","datePublished":"2022-08-29T13:23:55+00:00","dateModified":"2022-08-29T13:23:57+00:00","mainEntityOfPage":{"@id":"https:\/\/www.altercampagne.net\/?p=26434"},"wordCount":237,"image":{"@id":"https:\/\/www.altercampagne.net\/?p=26434#primaryimage"},"thumbnailUrl":"https:\/\/www.altercampagne.net\/wp-content\/uploads\/2022\/08\/article-Leslie2web.jpg","articleSection":["Auvergne-Rh\u00f4ne-Alpes","Agriculture","Alimentation","Bi\u00e8re","Edition 2022"],"inLanguage":"fr-FR"},{"@type":"WebPage","@id":"https:\/\/www.altercampagne.net\/?p=26434","url":"https:\/\/www.altercampagne.net\/?p=26434","name":"De la gn\u00f4le, dis! Styl\u00e9! - AlterTour","isPartOf":{"@id":"https:\/\/www.altercampagne.net\/#website"},"primaryImageOfPage":{"@id":"https:\/\/www.altercampagne.net\/?p=26434#primaryimage"},"image":{"@id":"https:\/\/www.altercampagne.net\/?p=26434#primaryimage"},"thumbnailUrl":"https:\/\/www.altercampagne.net\/wp-content\/uploads\/2022\/08\/article-Leslie2web.jpg","datePublished":"2022-08-29T13:23:55+00:00","dateModified":"2022-08-29T13:23:57+00:00","author":{"@id":"https:\/\/www.altercampagne.net\/#\/schema\/person\/308dc295a67929d58321ff6b59820daa"},"breadcrumb":{"@id":"https:\/\/www.altercampagne.net\/?p=26434#breadcrumb"},"inLanguage":"fr-FR","potentialAction":[{"@type":"ReadAction","target":["https:\/\/www.altercampagne.net\/?p=26434"]}]},{"@type":"ImageObject","inLanguage":"fr-FR","@id":"https:\/\/www.altercampagne.net\/?p=26434#primaryimage","url":"https:\/\/www.altercampagne.net\/wp-content\/uploads\/2022\/08\/article-Leslie2web.jpg","contentUrl":"https:\/\/www.altercampagne.net\/wp-content\/uploads\/2022\/08\/article-Leslie2web.jpg","width":1050,"height":492},{"@type":"BreadcrumbList","@id":"https:\/\/www.altercampagne.net\/?p=26434#breadcrumb","itemListElement":[{"@type":"ListItem","position":1,"name":"Accueil","item":"https:\/\/www.altercampagne.net\/"},{"@type":"ListItem","position":2,"name":"De la gn\u00f4le, dis! Styl\u00e9!"}]},{"@type":"WebSite","@id":"https:\/\/www.altercampagne.net\/#website","url":"https:\/\/www.altercampagne.net\/","name":"AlterTour","description":"Reliez les Alternatives \u00e0 v\u00e9lo","potentialAction":[{"@type":"SearchAction","target":{"@type":"EntryPoint","urlTemplate":"https:\/\/www.altercampagne.net\/?s={search_term_string}"},"query-input":{"@type":"PropertyValueSpecification","valueRequired":true,"valueName":"search_term_string"}}],"inLanguage":"fr-FR"},{"@type":"Person","@id":"https:\/\/www.altercampagne.net\/#\/schema\/person\/308dc295a67929d58321ff6b59820daa","name":"Jonas","image":{"@type":"ImageObject","inLanguage":"fr-FR","@id":"https:\/\/secure.gravatar.com\/avatar\/ade7b451791545d463915f445a8aee91b58c48cdcbc1ab2b8583fa2f30e159e4?s=96&d=mm&r=g","url":"https:\/\/secure.gravatar.com\/avatar\/ade7b451791545d463915f445a8aee91b58c48cdcbc1ab2b8583fa2f30e159e4?s=96&d=mm&r=g","contentUrl":"https:\/\/secure.gravatar.com\/avatar\/ade7b451791545d463915f445a8aee91b58c48cdcbc1ab2b8583fa2f30e159e4?s=96&d=mm&r=g","caption":"Jonas"},"url":"https:\/\/www.altercampagne.net\/?author=316"}]}},"_links":{"self":[{"href":"https:\/\/www.altercampagne.net\/index.php?rest_route=\/wp\/v2\/posts\/26434","targetHints":{"allow":["GET"]}}],"collection":[{"href":"https:\/\/www.altercampagne.net\/index.php?rest_route=\/wp\/v2\/posts"}],"about":[{"href":"https:\/\/www.altercampagne.net\/index.php?rest_route=\/wp\/v2\/types\/post"}],"author":[{"embeddable":true,"href":"https:\/\/www.altercampagne.net\/index.php?rest_route=\/wp\/v2\/users\/316"}],"replies":[{"embeddable":true,"href":"https:\/\/www.altercampagne.net\/index.php?rest_route=%2Fwp%2Fv2%2Fcomments&post=26434"}],"version-history":[{"count":1,"href":"https:\/\/www.altercampagne.net\/index.php?rest_route=\/wp\/v2\/posts\/26434\/revisions"}],"predecessor-version":[{"id":26438,"href":"https:\/\/www.altercampagne.net\/index.php?rest_route=\/wp\/v2\/posts\/26434\/revisions\/26438"}],"wp:featuredmedia":[{"embeddable":true,"href":"https:\/\/www.altercampagne.net\/index.php?rest_route=\/wp\/v2\/media\/26437"}],"wp:attachment":[{"href":"https:\/\/www.altercampagne.net\/index.php?rest_route=%2Fwp%2Fv2%2Fmedia&parent=26434"}],"wp:term":[{"taxonomy":"category","embeddable":true,"href":"https:\/\/www.altercampagne.net\/index.php?rest_route=%2Fwp%2Fv2%2Fcategories&post=26434"},{"taxonomy":"post_tag","embeddable":true,"href":"https:\/\/www.altercampagne.net\/index.php?rest_route=%2Fwp%2Fv2%2Ftags&post=26434"}],"curies":[{"name":"wp","href":"https:\/\/api.w.org\/{rel}","templated":true}]}}