{"id":26439,"date":"2022-08-30T09:06:52","date_gmt":"2022-08-30T07:06:52","guid":{"rendered":"https:\/\/www.altercampagne.net\/?p=26439"},"modified":"2022-08-30T09:06:54","modified_gmt":"2022-08-30T07:06:54","slug":"cest-lart-el-tour","status":"publish","type":"post","link":"https:\/\/www.altercampagne.net\/?p=26439","title":{"rendered":"C&rsquo;est l&rsquo;Art el Tour"},"content":{"rendered":"\n<p><strong>Dans l&rsquo;Aveyron, Lola, co-pr\u00e9paratrice d&rsquo;\u00e9tapes, a propos\u00e9 chaque soir un petit po\u00e8me inspir\u00e9 de la journ\u00e9e \u00e9coul\u00e9e. Et c&rsquo;est peu dire que l&rsquo;ambiance artistique a d\u00e9teint sur le groupe. Voici les textes de Lola et quelques dessins des cyclistes pr\u00e9sent.es ces jours l\u00e0<\/strong><\/p>\n\n\n\n<p><strong>Mardi 9 ao\u00fbt<\/strong><br>Arvieu&#8230; Je vous parle d&rsquo;un lieu,<br>Que les moins de 20 ans&#8230;<br>Non, je vais pas vous le faire en chantant<br>Arvieu, c&rsquo;est au c\u0153ur de l&rsquo;Aveyron<br>Avant de venir, il se peut que vous n&rsquo;connaissiez m\u00eame pas la r\u00e9gion<br>Dans les Monts du L\u00e9v\u00e9zou, oui, j&rsquo;ai dit \u00ab\u00a0monts\u00a0\u00bb,<br>Il y a 20 ans, une bande de fous, enfin \u00e7a d\u00e9pend des visions<br>S&rsquo;est install\u00e9e dans ce coin paum\u00e9<br>Qui commen\u00e7ait \u00e0 se d\u00e9serter<br>La commune leur a ouvert les bras et une histoire d&rsquo;amour est n\u00e9e<br>De leur bo\u00eete d&rsquo;informatique des d\u00e9buts,<br>\u00c0 la m\u00e9diath\u00e8que ou la salle de spectacle, les projets ne s&rsquo;arr\u00eatent plus.<br>\u00c0 Arvieu, 800 habitants, la culture du lien ne s&rsquo;est pas perdue !<\/p>\n\n\n\n<figure class=\"wp-block-image size-large\"><a href=\"https:\/\/www.altercampagne.net\/wp-content\/uploads\/2022\/08\/altertour-6.jpg\"><img loading=\"lazy\" decoding=\"async\" width=\"1024\" height=\"1024\" src=\"https:\/\/www.altercampagne.net\/wp-content\/uploads\/2022\/08\/altertour-6-1024x1024.jpg\" alt=\"\" class=\"wp-image-26444\" srcset=\"https:\/\/www.altercampagne.net\/wp-content\/uploads\/2022\/08\/altertour-6-1024x1024.jpg 1024w, https:\/\/www.altercampagne.net\/wp-content\/uploads\/2022\/08\/altertour-6-300x300.jpg 300w, https:\/\/www.altercampagne.net\/wp-content\/uploads\/2022\/08\/altertour-6-150x150.jpg 150w, https:\/\/www.altercampagne.net\/wp-content\/uploads\/2022\/08\/altertour-6-768x768.jpg 768w, https:\/\/www.altercampagne.net\/wp-content\/uploads\/2022\/08\/altertour-6-1536x1536.jpg 1536w, https:\/\/www.altercampagne.net\/wp-content\/uploads\/2022\/08\/altertour-6-610x610.jpg 610w, https:\/\/www.altercampagne.net\/wp-content\/uploads\/2022\/08\/altertour-6-100x100.jpg 100w, https:\/\/www.altercampagne.net\/wp-content\/uploads\/2022\/08\/altertour-6-862x862.jpg 862w, https:\/\/www.altercampagne.net\/wp-content\/uploads\/2022\/08\/altertour-6-1140x1140.jpg 1140w, https:\/\/www.altercampagne.net\/wp-content\/uploads\/2022\/08\/altertour-6.jpg 1776w\" sizes=\"auto, (max-width: 1024px) 100vw, 1024px\" \/><\/a><figcaption>Dessin de Manon<\/figcaption><\/figure>\n\n\n\n<p><strong>Mercredi 10 ao\u00fbt<\/strong><br>Chaleur et d\u00e9nivel\u00e9 me faisaient stresser<br>C&rsquo;\u00e9tait sans compter les surprises de la journ\u00e9e<br>Minibus surchauff\u00e9, surcharg\u00e9,<br>Et Iveco immobilis\u00e9,<br>M\u00eame des pneus de v\u00e9los crev\u00e9s&#8230;<br>Mais c\u00f4tes mont\u00e9es<br>Et groupe arriv\u00e9, nourri et baign\u00e9 !<br>L&rsquo;\u00e9quipe Iveco \u00e0 St-Affrique attend<br>Mais \u00e0 l&rsquo;AlterTour on ne laisse personne en plan<br>Minibus all\u00e9g\u00e9 vole \u00e0 son secours<br>Et ram\u00e8ne m\u00eame quelques vivres en retour<br>Tout va s&rsquo;arranger, on le sait<br>Paupi m&rsquo;a rappel\u00e9 qu&rsquo;\u00e0 l&rsquo;AT<br>Les solutions sont toujours trouv\u00e9es<br>Et que c&rsquo;est \u00e0 travers les difficult\u00e9s<br>Que la coh\u00e9sion de groupe est cr\u00e9\u00e9e<\/p>\n\n\n\n<figure class=\"wp-block-image size-large\"><a href=\"https:\/\/www.altercampagne.net\/wp-content\/uploads\/2022\/08\/20220812_073142-1-scaled.jpg\"><img loading=\"lazy\" decoding=\"async\" width=\"1024\" height=\"594\" src=\"https:\/\/www.altercampagne.net\/wp-content\/uploads\/2022\/08\/20220812_073142-1-1024x594.jpg\" alt=\"\" class=\"wp-image-26441\" srcset=\"https:\/\/www.altercampagne.net\/wp-content\/uploads\/2022\/08\/20220812_073142-1-1024x594.jpg 1024w, https:\/\/www.altercampagne.net\/wp-content\/uploads\/2022\/08\/20220812_073142-1-300x174.jpg 300w, https:\/\/www.altercampagne.net\/wp-content\/uploads\/2022\/08\/20220812_073142-1-768x446.jpg 768w, https:\/\/www.altercampagne.net\/wp-content\/uploads\/2022\/08\/20220812_073142-1-1536x891.jpg 1536w, https:\/\/www.altercampagne.net\/wp-content\/uploads\/2022\/08\/20220812_073142-1-2048x1188.jpg 2048w, https:\/\/www.altercampagne.net\/wp-content\/uploads\/2022\/08\/20220812_073142-1-610x354.jpg 610w, https:\/\/www.altercampagne.net\/wp-content\/uploads\/2022\/08\/20220812_073142-1-100x58.jpg 100w, https:\/\/www.altercampagne.net\/wp-content\/uploads\/2022\/08\/20220812_073142-1-862x500.jpg 862w, https:\/\/www.altercampagne.net\/wp-content\/uploads\/2022\/08\/20220812_073142-1-1140x661.jpg 1140w\" sizes=\"auto, (max-width: 1024px) 100vw, 1024px\" \/><\/a><figcaption>Dessin de Babeth<\/figcaption><\/figure>\n\n\n\n<p><strong>Jeudi 11 ao\u00fbt<\/strong><br>L&rsquo;Iveco est revenu, on n&rsquo;y croyait plus<br>On imaginait d\u00e9j\u00e0 des pique-nique \u00e0 perte de vue<br>Mais avec les c\u00f4tes et la chaleur, on vous aurait perdu.e.s<br>Allez, Iveco r\u00e9par\u00e9, on va retrouver<br>Une alimentation enfin \u00e9quilibr\u00e9e<br>Patates, lentilles, cr\u00e8me soja ou caf\u00e9<br>Les altercyclistes sont pr\u00eat.e.s \u00e0 traverser<br>La douce r\u00e9gion des 1000 vall\u00e9es<br>Mais que vois-je dans les jardins du ch\u00e2teau ?<br>Serait-ce l&rsquo;absence temporaire de l&rsquo;Iveco<br>Ou la pr\u00e9sence soudaine de points commerciaux<br>Qui fait que l&rsquo;on voit des paquets de g\u00e2teaux,<br>Parts de pizza, jus de fruits, m\u00eame pas bio !<br>Les altercyclistes sont en manque, oui<br>De certains produits, iels ont envie<br>\u00c7a tombe bien car demain, soir et midi,<br>C&rsquo;est bien de la viande qui vous sera servie<br>Mais comme on sait que cette nouvelle ne fera pas que des ravi.e.s,<br>Avec Jean-Mi, on a eu envie<br>D&rsquo;avec vous, pr\u00e9parer ceci<br>Un d\u00e9bat mouvant, pour ne pas oublier<br>Qu&rsquo;autour de chaque sujet, nos avis sont vari\u00e9s<\/p>\n\n\n\n<figure class=\"wp-block-image size-large\"><a href=\"https:\/\/www.altercampagne.net\/wp-content\/uploads\/2022\/08\/20220818_162135we.jpg\"><img loading=\"lazy\" decoding=\"async\" width=\"1024\" height=\"695\" src=\"https:\/\/www.altercampagne.net\/wp-content\/uploads\/2022\/08\/20220818_162135we-1024x695.jpg\" alt=\"\" class=\"wp-image-26443\" srcset=\"https:\/\/www.altercampagne.net\/wp-content\/uploads\/2022\/08\/20220818_162135we-1024x695.jpg 1024w, https:\/\/www.altercampagne.net\/wp-content\/uploads\/2022\/08\/20220818_162135we-300x204.jpg 300w, https:\/\/www.altercampagne.net\/wp-content\/uploads\/2022\/08\/20220818_162135we-768x521.jpg 768w, https:\/\/www.altercampagne.net\/wp-content\/uploads\/2022\/08\/20220818_162135we-1536x1042.jpg 1536w, https:\/\/www.altercampagne.net\/wp-content\/uploads\/2022\/08\/20220818_162135we-2048x1390.jpg 2048w, https:\/\/www.altercampagne.net\/wp-content\/uploads\/2022\/08\/20220818_162135we-610x414.jpg 610w, https:\/\/www.altercampagne.net\/wp-content\/uploads\/2022\/08\/20220818_162135we-100x68.jpg 100w, https:\/\/www.altercampagne.net\/wp-content\/uploads\/2022\/08\/20220818_162135we-862x585.jpg 862w, https:\/\/www.altercampagne.net\/wp-content\/uploads\/2022\/08\/20220818_162135we-1140x774.jpg 1140w\" sizes=\"auto, (max-width: 1024px) 100vw, 1024px\" \/><\/a><figcaption>Dessin de Jonas<\/figcaption><\/figure>\n\n\n\n<p><strong>Vendredi 12 ao\u00fbt<br><\/strong>Demain, on roule que le matin, on arrive pour manger \u00e0 la ferme de Segonds<br>Je connais bien, j&rsquo;ai boss\u00e9 l\u00e0-bas en saison<br>Iels sont 4 et un petit gar\u00e7on<br>Iels ont mont\u00e9 une SCI pour acheter leurs maisons<br>Et vous savez, pour acqu\u00e9rir les terres,<br>Iels ont r\u00e9uni famille, ami.e.s, \u00e7a fait 80 soci\u00e9taires<br>Propri\u00e9t\u00e9 priv\u00e9e, c&rsquo;est pas dans l&rsquo;air<br>Une forme comme \u00e7a, si c&rsquo;est pas alter&#8230;<br>Pain, l\u00e9gumes, farine et brebis<br>Rien qu&rsquo;\u00e0 vous le dire, \u00e7a me fait envie.<br>Et si je vous parle d&rsquo;une bande d&rsquo;ami.e.s<br>J&rsquo;oublie pas le militantisme dans cette belle paysannerie<br>Et pour aller un peu plus loin,<br>Je vais vous parler de mon frangin<br>D\u00e9sol\u00e9e, y&rsquo;a le sentimental qui revient.<br>C&rsquo;est juste qu&rsquo;\u00e0 s&rsquo;installer sur la ferme, c&rsquo;est le prochain.<br>Lui et sa famille ; et ce sera pas la derni\u00e8re, tiens !<br>\u00c0 Segonds, du faire ensemble et des r\u00eaves, y&rsquo;en a plein<\/p>\n\n\n\n<figure class=\"wp-block-image size-large\"><a href=\"https:\/\/www.altercampagne.net\/wp-content\/uploads\/2022\/08\/c5cc4d5d-55ff-4955-b9bd-9550aa17c815.jpg\"><img loading=\"lazy\" decoding=\"async\" width=\"1024\" height=\"678\" src=\"https:\/\/www.altercampagne.net\/wp-content\/uploads\/2022\/08\/c5cc4d5d-55ff-4955-b9bd-9550aa17c815-1024x678.jpg\" alt=\"\" class=\"wp-image-26445\" srcset=\"https:\/\/www.altercampagne.net\/wp-content\/uploads\/2022\/08\/c5cc4d5d-55ff-4955-b9bd-9550aa17c815-1024x678.jpg 1024w, https:\/\/www.altercampagne.net\/wp-content\/uploads\/2022\/08\/c5cc4d5d-55ff-4955-b9bd-9550aa17c815-300x199.jpg 300w, https:\/\/www.altercampagne.net\/wp-content\/uploads\/2022\/08\/c5cc4d5d-55ff-4955-b9bd-9550aa17c815-768x508.jpg 768w, https:\/\/www.altercampagne.net\/wp-content\/uploads\/2022\/08\/c5cc4d5d-55ff-4955-b9bd-9550aa17c815-1536x1017.jpg 1536w, https:\/\/www.altercampagne.net\/wp-content\/uploads\/2022\/08\/c5cc4d5d-55ff-4955-b9bd-9550aa17c815-610x404.jpg 610w, https:\/\/www.altercampagne.net\/wp-content\/uploads\/2022\/08\/c5cc4d5d-55ff-4955-b9bd-9550aa17c815-100x66.jpg 100w, https:\/\/www.altercampagne.net\/wp-content\/uploads\/2022\/08\/c5cc4d5d-55ff-4955-b9bd-9550aa17c815-862x571.jpg 862w, https:\/\/www.altercampagne.net\/wp-content\/uploads\/2022\/08\/c5cc4d5d-55ff-4955-b9bd-9550aa17c815-1140x755.jpg 1140w, https:\/\/www.altercampagne.net\/wp-content\/uploads\/2022\/08\/c5cc4d5d-55ff-4955-b9bd-9550aa17c815.jpg 1600w\" sizes=\"auto, (max-width: 1024px) 100vw, 1024px\" \/><\/a><figcaption>Dessin de Meije<\/figcaption><\/figure>\n\n\n\n<p><strong>Samedi 13 ao\u00fbt<br><\/strong>Arriv\u00e9.e.s a Segonds, vous imaginez mon \u00e9motion.<br>Depuis le temps qu&rsquo;en pl\u00e9ni\u00e8re je parle de l&rsquo;Aveyron.<br>Et qu&rsquo;en Aveyron, je parle de ce tour alter.<br>Ces deux bulles ne sont d\u00e9sormais plus \u00e9trang\u00e8res<br>Les altercyclistes rencontrent les locaux,<br>Et les copaines rencontrent les v\u00e9los.<br>Vous me pardonnerez le programme charg\u00e9<br>Des luttes d&rsquo;ici, je veux tout vous montrer :<br>Piccolo, sa piccolette, son bar et son atelier,<br>Eug\u00e8ne qui vient nous parler des LBD,<br>Et la ferme que vous avez commenc\u00e9 \u00e0 visiter.<br>Demain, vous aurez l&rsquo;occasion de mara\u00eecher<br>Le matin c&rsquo;est chantier<br>Et l&rsquo;aprem c&rsquo;est atelier<br>Mais je vais vous le r\u00e9p\u00e9ter<br>N&rsquo;oubliez pas de vous reposer<br>La seule consigne, c&rsquo;est de kiffer !<\/p>\n\n\n\n<figure class=\"wp-block-image size-large\"><a href=\"https:\/\/www.altercampagne.net\/wp-content\/uploads\/2022\/08\/elina2.jpg\"><img loading=\"lazy\" decoding=\"async\" width=\"1024\" height=\"600\" src=\"https:\/\/www.altercampagne.net\/wp-content\/uploads\/2022\/08\/elina2-1024x600.jpg\" alt=\"\" class=\"wp-image-26447\" srcset=\"https:\/\/www.altercampagne.net\/wp-content\/uploads\/2022\/08\/elina2-1024x600.jpg 1024w, https:\/\/www.altercampagne.net\/wp-content\/uploads\/2022\/08\/elina2-300x176.jpg 300w, https:\/\/www.altercampagne.net\/wp-content\/uploads\/2022\/08\/elina2-768x450.jpg 768w, https:\/\/www.altercampagne.net\/wp-content\/uploads\/2022\/08\/elina2-610x357.jpg 610w, https:\/\/www.altercampagne.net\/wp-content\/uploads\/2022\/08\/elina2-100x59.jpg 100w, https:\/\/www.altercampagne.net\/wp-content\/uploads\/2022\/08\/elina2-862x505.jpg 862w, https:\/\/www.altercampagne.net\/wp-content\/uploads\/2022\/08\/elina2.jpg 1088w\" sizes=\"auto, (max-width: 1024px) 100vw, 1024px\" \/><\/a><figcaption>Dessin d&rsquo;Elina<\/figcaption><\/figure>\n\n\n\n<p><strong>Dimanche 14 ao\u00fbt<\/strong><br>Fatigu\u00e9e, j&rsquo;ai un peu trop tir\u00e9<br>M\u00eame \u00e9crire un texte a \u00e9t\u00e9 compliqu\u00e9<br>J&rsquo;ai fait simple, que des rimes en \u00ab\u00a0\u00e9\u00a0\u00bb<br>Mais vous connaissant, vous me le pardonnerez<br>Je vais me r\u00e9p\u00e9ter<br>Je suis si enjou\u00e9e<br>D&rsquo;ici vous avoir emmen\u00e9.e.s<br>Toutes ces activit\u00e9s<br>J&rsquo;esp\u00e8re ne vous auront pas \u00e9puis\u00e9.e.s<br>Demain, on remonte sur les v\u00e9los<br>Il parait qu&rsquo;il fait un peu moins chaud<br>Mais toujours du d\u00e9nivel\u00e9, c&rsquo;est beau<br>La M\u00e9langeuse, la Marinie, l\u00e0-haut<br>Nous attendent demain au plus t\u00f4t<br>Les rencontres ne sont pas finies<br>Et les r\u00eaves sont infinis<\/p>\n\n\n\n<figure class=\"wp-block-image size-large\"><a href=\"https:\/\/www.altercampagne.net\/wp-content\/uploads\/2022\/08\/aurelie.jpg\"><img loading=\"lazy\" decoding=\"async\" width=\"680\" height=\"513\" src=\"https:\/\/www.altercampagne.net\/wp-content\/uploads\/2022\/08\/aurelie.jpg\" alt=\"\" class=\"wp-image-26450\" srcset=\"https:\/\/www.altercampagne.net\/wp-content\/uploads\/2022\/08\/aurelie.jpg 680w, https:\/\/www.altercampagne.net\/wp-content\/uploads\/2022\/08\/aurelie-300x226.jpg 300w, https:\/\/www.altercampagne.net\/wp-content\/uploads\/2022\/08\/aurelie-610x460.jpg 610w, https:\/\/www.altercampagne.net\/wp-content\/uploads\/2022\/08\/aurelie-100x75.jpg 100w\" sizes=\"auto, (max-width: 680px) 100vw, 680px\" \/><\/a><figcaption>Dessin d&rsquo;Aur\u00e9lie<\/figcaption><\/figure>\n\n\n\n<p><strong>Lundi 15 ao\u00fbt<br><\/strong><em>Lola :<br><\/em>Les \u00e9tapes avec Jean-Mi<br>On dirait que c&rsquo;est fini<br><em>JM :<br><\/em>Tu nous as emmen\u00e9.e.s chez tes ami.e.s<br>Je voulais te dire merci<br><em>Lola :<br><\/em>On a bien boss\u00e9 cette ann\u00e9e<br>Quelle joie d&rsquo;y \u00eatre arriv\u00e9<br><em>JM :<br><\/em>J&rsquo;ai ador\u00e9 l&rsquo;Aveyron<br>Ton pays d&rsquo;adoption<br><em>Lola :<br><\/em>Et moi je suis ravie de vous avoir men\u00e9.e.s ici<br>C&rsquo;est \u00e0 vous toustes que je veux dire merci<br><em>JM :<br><\/em>Mais attends, on pourrait rester<br>On leur avait promis p\u00e9tanque et karaok\u00e9.<\/p>\n","protected":false},"excerpt":{"rendered":"<p>Dans l&rsquo;Aveyron, Lola, co-pr\u00e9paratrice d&rsquo;\u00e9tapes, a propos\u00e9 chaque soir un petit po\u00e8me inspir\u00e9 de la journ\u00e9e \u00e9coul\u00e9e. Et c&rsquo;est peu dire que l&rsquo;ambiance artistique a d\u00e9teint sur le groupe. Voici les textes de Lola et quelques dessins des cyclistes pr\u00e9sent.es ces jours l\u00e0 Mardi 9 ao\u00fbtArvieu&#8230; Je vous parle d&rsquo;un &#8230; <\/p>\n<div><a href=\"https:\/\/www.altercampagne.net\/?p=26439\" class=\"more-link\">Read More<\/a><\/div>\n","protected":false},"author":316,"featured_media":26451,"comment_status":"closed","ping_status":"closed","sticky":false,"template":"","format":"standard","meta":{"footnotes":""},"categories":[3471,4357,1,4054],"tags":[],"class_list":["post-26439","post","type-post","status-publish","format-standard","has-post-thumbnail","hentry","category-auvergne-rhone-alpes","category-edition-2022","category-non-classe","category-temoignages"],"yoast_head":"<!-- This site is optimized with the Yoast SEO plugin v27.3 - https:\/\/yoast.com\/product\/yoast-seo-wordpress\/ -->\n<title>C&#039;est l&#039;Art el Tour - AlterTour<\/title>\n<meta name=\"robots\" content=\"index, follow, max-snippet:-1, max-image-preview:large, max-video-preview:-1\" \/>\n<link rel=\"canonical\" href=\"https:\/\/www.altercampagne.net\/?p=26439\" \/>\n<meta property=\"og:locale\" content=\"fr_FR\" \/>\n<meta property=\"og:type\" content=\"article\" \/>\n<meta property=\"og:title\" content=\"C&#039;est l&#039;Art el Tour - AlterTour\" \/>\n<meta property=\"og:description\" content=\"Dans l&rsquo;Aveyron, Lola, co-pr\u00e9paratrice d&rsquo;\u00e9tapes, a propos\u00e9 chaque soir un petit po\u00e8me inspir\u00e9 de la journ\u00e9e \u00e9coul\u00e9e. Et c&rsquo;est peu dire que l&rsquo;ambiance artistique a d\u00e9teint sur le groupe. Voici les textes de Lola et quelques dessins des cyclistes pr\u00e9sent.es ces jours l\u00e0 Mardi 9 ao\u00fbtArvieu&#8230; Je vous parle d&rsquo;un ... Read More\" \/>\n<meta property=\"og:url\" content=\"https:\/\/www.altercampagne.net\/?p=26439\" \/>\n<meta property=\"og:site_name\" content=\"AlterTour\" \/>\n<meta property=\"article:published_time\" content=\"2022-08-30T07:06:52+00:00\" \/>\n<meta property=\"article:modified_time\" content=\"2022-08-30T07:06:54+00:00\" \/>\n<meta property=\"og:image\" content=\"https:\/\/www.altercampagne.net\/wp-content\/uploads\/2022\/08\/dessins-communs.jpg\" \/>\n\t<meta property=\"og:image:width\" content=\"1080\" \/>\n\t<meta property=\"og:image:height\" content=\"694\" \/>\n\t<meta property=\"og:image:type\" content=\"image\/jpeg\" \/>\n<meta name=\"author\" content=\"Jonas\" \/>\n<meta name=\"twitter:card\" content=\"summary_large_image\" \/>\n<meta name=\"twitter:label1\" content=\"\u00c9crit par\" \/>\n\t<meta name=\"twitter:data1\" content=\"Jonas\" \/>\n\t<meta name=\"twitter:label2\" content=\"Dur\u00e9e de lecture estim\u00e9e\" \/>\n\t<meta name=\"twitter:data2\" content=\"6 minutes\" \/>\n<script type=\"application\/ld+json\" class=\"yoast-schema-graph\">{\"@context\":\"https:\\\/\\\/schema.org\",\"@graph\":[{\"@type\":\"Article\",\"@id\":\"https:\\\/\\\/www.altercampagne.net\\\/?p=26439#article\",\"isPartOf\":{\"@id\":\"https:\\\/\\\/www.altercampagne.net\\\/?p=26439\"},\"author\":{\"name\":\"Jonas\",\"@id\":\"https:\\\/\\\/www.altercampagne.net\\\/#\\\/schema\\\/person\\\/308dc295a67929d58321ff6b59820daa\"},\"headline\":\"C&rsquo;est l&rsquo;Art el Tour\",\"datePublished\":\"2022-08-30T07:06:52+00:00\",\"dateModified\":\"2022-08-30T07:06:54+00:00\",\"mainEntityOfPage\":{\"@id\":\"https:\\\/\\\/www.altercampagne.net\\\/?p=26439\"},\"wordCount\":976,\"image\":{\"@id\":\"https:\\\/\\\/www.altercampagne.net\\\/?p=26439#primaryimage\"},\"thumbnailUrl\":\"https:\\\/\\\/www.altercampagne.net\\\/wp-content\\\/uploads\\\/2022\\\/08\\\/dessins-communs.jpg\",\"articleSection\":{\"0\":\"Auvergne-Rh\u00f4ne-Alpes\",\"1\":\"Edition 2022\",\"3\":\"T\u00e9moignages\"},\"inLanguage\":\"fr-FR\"},{\"@type\":\"WebPage\",\"@id\":\"https:\\\/\\\/www.altercampagne.net\\\/?p=26439\",\"url\":\"https:\\\/\\\/www.altercampagne.net\\\/?p=26439\",\"name\":\"C'est l'Art el Tour - AlterTour\",\"isPartOf\":{\"@id\":\"https:\\\/\\\/www.altercampagne.net\\\/#website\"},\"primaryImageOfPage\":{\"@id\":\"https:\\\/\\\/www.altercampagne.net\\\/?p=26439#primaryimage\"},\"image\":{\"@id\":\"https:\\\/\\\/www.altercampagne.net\\\/?p=26439#primaryimage\"},\"thumbnailUrl\":\"https:\\\/\\\/www.altercampagne.net\\\/wp-content\\\/uploads\\\/2022\\\/08\\\/dessins-communs.jpg\",\"datePublished\":\"2022-08-30T07:06:52+00:00\",\"dateModified\":\"2022-08-30T07:06:54+00:00\",\"author\":{\"@id\":\"https:\\\/\\\/www.altercampagne.net\\\/#\\\/schema\\\/person\\\/308dc295a67929d58321ff6b59820daa\"},\"breadcrumb\":{\"@id\":\"https:\\\/\\\/www.altercampagne.net\\\/?p=26439#breadcrumb\"},\"inLanguage\":\"fr-FR\",\"potentialAction\":[{\"@type\":\"ReadAction\",\"target\":[\"https:\\\/\\\/www.altercampagne.net\\\/?p=26439\"]}]},{\"@type\":\"ImageObject\",\"inLanguage\":\"fr-FR\",\"@id\":\"https:\\\/\\\/www.altercampagne.net\\\/?p=26439#primaryimage\",\"url\":\"https:\\\/\\\/www.altercampagne.net\\\/wp-content\\\/uploads\\\/2022\\\/08\\\/dessins-communs.jpg\",\"contentUrl\":\"https:\\\/\\\/www.altercampagne.net\\\/wp-content\\\/uploads\\\/2022\\\/08\\\/dessins-communs.jpg\",\"width\":1080,\"height\":694},{\"@type\":\"BreadcrumbList\",\"@id\":\"https:\\\/\\\/www.altercampagne.net\\\/?p=26439#breadcrumb\",\"itemListElement\":[{\"@type\":\"ListItem\",\"position\":1,\"name\":\"Accueil\",\"item\":\"https:\\\/\\\/www.altercampagne.net\\\/\"},{\"@type\":\"ListItem\",\"position\":2,\"name\":\"C&rsquo;est l&rsquo;Art el Tour\"}]},{\"@type\":\"WebSite\",\"@id\":\"https:\\\/\\\/www.altercampagne.net\\\/#website\",\"url\":\"https:\\\/\\\/www.altercampagne.net\\\/\",\"name\":\"AlterTour\",\"description\":\"Reliez les Alternatives \u00e0 v\u00e9lo\",\"potentialAction\":[{\"@type\":\"SearchAction\",\"target\":{\"@type\":\"EntryPoint\",\"urlTemplate\":\"https:\\\/\\\/www.altercampagne.net\\\/?s={search_term_string}\"},\"query-input\":{\"@type\":\"PropertyValueSpecification\",\"valueRequired\":true,\"valueName\":\"search_term_string\"}}],\"inLanguage\":\"fr-FR\"},{\"@type\":\"Person\",\"@id\":\"https:\\\/\\\/www.altercampagne.net\\\/#\\\/schema\\\/person\\\/308dc295a67929d58321ff6b59820daa\",\"name\":\"Jonas\",\"image\":{\"@type\":\"ImageObject\",\"inLanguage\":\"fr-FR\",\"@id\":\"https:\\\/\\\/secure.gravatar.com\\\/avatar\\\/ade7b451791545d463915f445a8aee91b58c48cdcbc1ab2b8583fa2f30e159e4?s=96&d=mm&r=g\",\"url\":\"https:\\\/\\\/secure.gravatar.com\\\/avatar\\\/ade7b451791545d463915f445a8aee91b58c48cdcbc1ab2b8583fa2f30e159e4?s=96&d=mm&r=g\",\"contentUrl\":\"https:\\\/\\\/secure.gravatar.com\\\/avatar\\\/ade7b451791545d463915f445a8aee91b58c48cdcbc1ab2b8583fa2f30e159e4?s=96&d=mm&r=g\",\"caption\":\"Jonas\"},\"url\":\"https:\\\/\\\/www.altercampagne.net\\\/?author=316\"}]}<\/script>\n<!-- \/ Yoast SEO plugin. -->","yoast_head_json":{"title":"C'est l'Art el Tour - AlterTour","robots":{"index":"index","follow":"follow","max-snippet":"max-snippet:-1","max-image-preview":"max-image-preview:large","max-video-preview":"max-video-preview:-1"},"canonical":"https:\/\/www.altercampagne.net\/?p=26439","og_locale":"fr_FR","og_type":"article","og_title":"C'est l'Art el Tour - AlterTour","og_description":"Dans l&rsquo;Aveyron, Lola, co-pr\u00e9paratrice d&rsquo;\u00e9tapes, a propos\u00e9 chaque soir un petit po\u00e8me inspir\u00e9 de la journ\u00e9e \u00e9coul\u00e9e. Et c&rsquo;est peu dire que l&rsquo;ambiance artistique a d\u00e9teint sur le groupe. Voici les textes de Lola et quelques dessins des cyclistes pr\u00e9sent.es ces jours l\u00e0 Mardi 9 ao\u00fbtArvieu&#8230; Je vous parle d&rsquo;un ... Read More","og_url":"https:\/\/www.altercampagne.net\/?p=26439","og_site_name":"AlterTour","article_published_time":"2022-08-30T07:06:52+00:00","article_modified_time":"2022-08-30T07:06:54+00:00","og_image":[{"width":1080,"height":694,"url":"https:\/\/www.altercampagne.net\/wp-content\/uploads\/2022\/08\/dessins-communs.jpg","type":"image\/jpeg"}],"author":"Jonas","twitter_card":"summary_large_image","twitter_misc":{"\u00c9crit par":"Jonas","Dur\u00e9e de lecture estim\u00e9e":"6 minutes"},"schema":{"@context":"https:\/\/schema.org","@graph":[{"@type":"Article","@id":"https:\/\/www.altercampagne.net\/?p=26439#article","isPartOf":{"@id":"https:\/\/www.altercampagne.net\/?p=26439"},"author":{"name":"Jonas","@id":"https:\/\/www.altercampagne.net\/#\/schema\/person\/308dc295a67929d58321ff6b59820daa"},"headline":"C&rsquo;est l&rsquo;Art el Tour","datePublished":"2022-08-30T07:06:52+00:00","dateModified":"2022-08-30T07:06:54+00:00","mainEntityOfPage":{"@id":"https:\/\/www.altercampagne.net\/?p=26439"},"wordCount":976,"image":{"@id":"https:\/\/www.altercampagne.net\/?p=26439#primaryimage"},"thumbnailUrl":"https:\/\/www.altercampagne.net\/wp-content\/uploads\/2022\/08\/dessins-communs.jpg","articleSection":{"0":"Auvergne-Rh\u00f4ne-Alpes","1":"Edition 2022","3":"T\u00e9moignages"},"inLanguage":"fr-FR"},{"@type":"WebPage","@id":"https:\/\/www.altercampagne.net\/?p=26439","url":"https:\/\/www.altercampagne.net\/?p=26439","name":"C'est l'Art el Tour - AlterTour","isPartOf":{"@id":"https:\/\/www.altercampagne.net\/#website"},"primaryImageOfPage":{"@id":"https:\/\/www.altercampagne.net\/?p=26439#primaryimage"},"image":{"@id":"https:\/\/www.altercampagne.net\/?p=26439#primaryimage"},"thumbnailUrl":"https:\/\/www.altercampagne.net\/wp-content\/uploads\/2022\/08\/dessins-communs.jpg","datePublished":"2022-08-30T07:06:52+00:00","dateModified":"2022-08-30T07:06:54+00:00","author":{"@id":"https:\/\/www.altercampagne.net\/#\/schema\/person\/308dc295a67929d58321ff6b59820daa"},"breadcrumb":{"@id":"https:\/\/www.altercampagne.net\/?p=26439#breadcrumb"},"inLanguage":"fr-FR","potentialAction":[{"@type":"ReadAction","target":["https:\/\/www.altercampagne.net\/?p=26439"]}]},{"@type":"ImageObject","inLanguage":"fr-FR","@id":"https:\/\/www.altercampagne.net\/?p=26439#primaryimage","url":"https:\/\/www.altercampagne.net\/wp-content\/uploads\/2022\/08\/dessins-communs.jpg","contentUrl":"https:\/\/www.altercampagne.net\/wp-content\/uploads\/2022\/08\/dessins-communs.jpg","width":1080,"height":694},{"@type":"BreadcrumbList","@id":"https:\/\/www.altercampagne.net\/?p=26439#breadcrumb","itemListElement":[{"@type":"ListItem","position":1,"name":"Accueil","item":"https:\/\/www.altercampagne.net\/"},{"@type":"ListItem","position":2,"name":"C&rsquo;est l&rsquo;Art el Tour"}]},{"@type":"WebSite","@id":"https:\/\/www.altercampagne.net\/#website","url":"https:\/\/www.altercampagne.net\/","name":"AlterTour","description":"Reliez les Alternatives \u00e0 v\u00e9lo","potentialAction":[{"@type":"SearchAction","target":{"@type":"EntryPoint","urlTemplate":"https:\/\/www.altercampagne.net\/?s={search_term_string}"},"query-input":{"@type":"PropertyValueSpecification","valueRequired":true,"valueName":"search_term_string"}}],"inLanguage":"fr-FR"},{"@type":"Person","@id":"https:\/\/www.altercampagne.net\/#\/schema\/person\/308dc295a67929d58321ff6b59820daa","name":"Jonas","image":{"@type":"ImageObject","inLanguage":"fr-FR","@id":"https:\/\/secure.gravatar.com\/avatar\/ade7b451791545d463915f445a8aee91b58c48cdcbc1ab2b8583fa2f30e159e4?s=96&d=mm&r=g","url":"https:\/\/secure.gravatar.com\/avatar\/ade7b451791545d463915f445a8aee91b58c48cdcbc1ab2b8583fa2f30e159e4?s=96&d=mm&r=g","contentUrl":"https:\/\/secure.gravatar.com\/avatar\/ade7b451791545d463915f445a8aee91b58c48cdcbc1ab2b8583fa2f30e159e4?s=96&d=mm&r=g","caption":"Jonas"},"url":"https:\/\/www.altercampagne.net\/?author=316"}]}},"_links":{"self":[{"href":"https:\/\/www.altercampagne.net\/index.php?rest_route=\/wp\/v2\/posts\/26439","targetHints":{"allow":["GET"]}}],"collection":[{"href":"https:\/\/www.altercampagne.net\/index.php?rest_route=\/wp\/v2\/posts"}],"about":[{"href":"https:\/\/www.altercampagne.net\/index.php?rest_route=\/wp\/v2\/types\/post"}],"author":[{"embeddable":true,"href":"https:\/\/www.altercampagne.net\/index.php?rest_route=\/wp\/v2\/users\/316"}],"replies":[{"embeddable":true,"href":"https:\/\/www.altercampagne.net\/index.php?rest_route=%2Fwp%2Fv2%2Fcomments&post=26439"}],"version-history":[{"count":2,"href":"https:\/\/www.altercampagne.net\/index.php?rest_route=\/wp\/v2\/posts\/26439\/revisions"}],"predecessor-version":[{"id":26452,"href":"https:\/\/www.altercampagne.net\/index.php?rest_route=\/wp\/v2\/posts\/26439\/revisions\/26452"}],"wp:featuredmedia":[{"embeddable":true,"href":"https:\/\/www.altercampagne.net\/index.php?rest_route=\/wp\/v2\/media\/26451"}],"wp:attachment":[{"href":"https:\/\/www.altercampagne.net\/index.php?rest_route=%2Fwp%2Fv2%2Fmedia&parent=26439"}],"wp:term":[{"taxonomy":"category","embeddable":true,"href":"https:\/\/www.altercampagne.net\/index.php?rest_route=%2Fwp%2Fv2%2Fcategories&post=26439"},{"taxonomy":"post_tag","embeddable":true,"href":"https:\/\/www.altercampagne.net\/index.php?rest_route=%2Fwp%2Fv2%2Ftags&post=26439"}],"curies":[{"name":"wp","href":"https:\/\/api.w.org\/{rel}","templated":true}]}}