{"id":26460,"date":"2022-08-30T13:47:54","date_gmt":"2022-08-30T11:47:54","guid":{"rendered":"https:\/\/www.altercampagne.net\/?p=26460"},"modified":"2022-08-30T13:47:56","modified_gmt":"2022-08-30T11:47:56","slug":"la-licorne-fabrique-de-territoire","status":"publish","type":"post","link":"https:\/\/www.altercampagne.net\/?p=26460","title":{"rendered":"La Licorne &#8211; fabrique de territoire"},"content":{"rendered":"\n<p>Apr\u00e8s une nuit \u00e0 l&rsquo;aire naturelle de Prunayre, l&rsquo;Altertour reprend son envol en passant par le magnifique plateau de C\u00e9zallier. Nous arrivons au village de Saint Germain Lembron, o\u00f9 nous rencontrons<a href=\"https:\/\/lalicorneinfo.fr\/\"> La Licorne &#8211; M\u00e9diath\u00e8que &#8211; Tier Lieu<\/a>.<br>Cette association a \u00e9t\u00e9 <strong>cr\u00e9\u00e9 en 2006<\/strong>, dans une commune de 2000 habitant.e.s. Les objectifs sont de <strong>dynamiser le territoire<\/strong>, tout en <strong>cr\u00e9ant du lien <\/strong>et d&rsquo;<strong>accueillir diff\u00e9rentes populations<\/strong> pour lutter contre la fracture sociale. Elle organise beaucoup d&rsquo;activit\u00e9s autour de la culture, du sport, de l&rsquo;art, des langues, et de la musique. De nombreuses soir\u00e9es sont \u00e9galement organis\u00e9es : cin\u00e9ma, th\u00e9\u00e2tre, concerts&#8230;<br>Un bus itin\u00e9rant propose une m\u00e9diath\u00e8que mobile. L&rsquo;association offre un acc\u00e8s au digital pour les personnes ayant des difficult\u00e9s \u00e0 faire leurs d\u00e9marches administratives. Un conseiller num\u00e9rique est pr\u00e9sent pour \u00e7a. L&rsquo;\u00e9quipe est compos\u00e9e de\u00a0<strong>cinq\u00a0<a href=\"http:\/\/xn--salari-gva.es\/\" target=\"_blank\" rel=\"noreferrer noopener\">salari\u00e9.es<\/a>\u00a0et de nombreux.ses b\u00e9n\u00e9voles<\/strong>. Les locaux, mises \u00e0 disposition par la mairie, sont grands et accueillants. Nous pouvons y trouver une m\u00e9diath\u00e8que, une salle de cin\u00e9ma, un salon d\u00e9tente, une salle num\u00e9rique et une salle d&rsquo;arts plastiques. L&rsquo;association re\u00e7oit des financements notamment par le d\u00e9partement, et par les adh\u00e9sions. Elle souhaiterait recevoir aussi le soutien de l&rsquo;agglom\u00e9ration, en attente&#8230;<\/p>\n\n\n\n<figure class=\"wp-block-image size-large\"><a href=\"https:\/\/www.altercampagne.net\/wp-content\/uploads\/2022\/08\/IMGP3946-scaled.jpg\"><img loading=\"lazy\" decoding=\"async\" width=\"1024\" height=\"680\" src=\"https:\/\/www.altercampagne.net\/wp-content\/uploads\/2022\/08\/IMGP3946-1024x680.jpg\" alt=\"\" class=\"wp-image-26462\" srcset=\"https:\/\/www.altercampagne.net\/wp-content\/uploads\/2022\/08\/IMGP3946-1024x680.jpg 1024w, https:\/\/www.altercampagne.net\/wp-content\/uploads\/2022\/08\/IMGP3946-300x199.jpg 300w, https:\/\/www.altercampagne.net\/wp-content\/uploads\/2022\/08\/IMGP3946-768x510.jpg 768w, https:\/\/www.altercampagne.net\/wp-content\/uploads\/2022\/08\/IMGP3946-1536x1020.jpg 1536w, https:\/\/www.altercampagne.net\/wp-content\/uploads\/2022\/08\/IMGP3946-2048x1361.jpg 2048w, https:\/\/www.altercampagne.net\/wp-content\/uploads\/2022\/08\/IMGP3946-610x405.jpg 610w, https:\/\/www.altercampagne.net\/wp-content\/uploads\/2022\/08\/IMGP3946-100x66.jpg 100w, https:\/\/www.altercampagne.net\/wp-content\/uploads\/2022\/08\/IMGP3946-862x573.jpg 862w, https:\/\/www.altercampagne.net\/wp-content\/uploads\/2022\/08\/IMGP3946-1140x757.jpg 1140w\" sizes=\"auto, (max-width: 1024px) 100vw, 1024px\" \/><\/a><\/figure>\n\n\n\n<p>Nous avons eu la chance d&rsquo;avoir pu participer \u00e0 diff\u00e9rents ateliers : sieste po\u00e9tique \u00e0 la maison de retraite du Verger, cr\u00e9ation de carnets de voyage, projection du documentaire \u00ab\u00a0Auzat l&rsquo;Auvergnat\u00a0\u00bb. Pour finir en beaut\u00e9, nous avons assist\u00e9 \u00e0 un spectacle de th\u00e9\u00e2tre d&rsquo;improvisation dr\u00f4le et d\u00e9cha\u00een\u00e9, par la compagnie Es Spes.<\/p>\n\n\n\n<figure class=\"wp-block-image size-large\"><a href=\"https:\/\/www.altercampagne.net\/wp-content\/uploads\/2022\/08\/IMGP4152-scaled.jpg\"><img loading=\"lazy\" decoding=\"async\" width=\"680\" height=\"1024\" src=\"https:\/\/www.altercampagne.net\/wp-content\/uploads\/2022\/08\/IMGP4152-680x1024.jpg\" alt=\"\" class=\"wp-image-26461\" srcset=\"https:\/\/www.altercampagne.net\/wp-content\/uploads\/2022\/08\/IMGP4152-680x1024.jpg 680w, https:\/\/www.altercampagne.net\/wp-content\/uploads\/2022\/08\/IMGP4152-199x300.jpg 199w, https:\/\/www.altercampagne.net\/wp-content\/uploads\/2022\/08\/IMGP4152-768x1156.jpg 768w, https:\/\/www.altercampagne.net\/wp-content\/uploads\/2022\/08\/IMGP4152-1020x1536.jpg 1020w, https:\/\/www.altercampagne.net\/wp-content\/uploads\/2022\/08\/IMGP4152-1361x2048.jpg 1361w, https:\/\/www.altercampagne.net\/wp-content\/uploads\/2022\/08\/IMGP4152-610x918.jpg 610w, https:\/\/www.altercampagne.net\/wp-content\/uploads\/2022\/08\/IMGP4152-100x151.jpg 100w, https:\/\/www.altercampagne.net\/wp-content\/uploads\/2022\/08\/IMGP4152-862x1297.jpg 862w, https:\/\/www.altercampagne.net\/wp-content\/uploads\/2022\/08\/IMGP4152-1140x1716.jpg 1140w, https:\/\/www.altercampagne.net\/wp-content\/uploads\/2022\/08\/IMGP4152-scaled.jpg 1701w\" sizes=\"auto, (max-width: 680px) 100vw, 680px\" \/><\/a><\/figure>\n\n\n\n<p class=\"has-text-align-right\"><em>Luisa et Leslie<\/em><\/p>\n","protected":false},"excerpt":{"rendered":"<p>Apr\u00e8s une nuit \u00e0 l&rsquo;aire naturelle de Prunayre, l&rsquo;Altertour reprend son envol en passant par le magnifique plateau de C\u00e9zallier. Nous arrivons au village de Saint Germain Lembron, o\u00f9 nous rencontrons La Licorne &#8211; M\u00e9diath\u00e8que &#8211; Tier Lieu.Cette association a \u00e9t\u00e9 cr\u00e9\u00e9 en 2006, dans une commune de 2000 habitant.e.s. &#8230; <\/p>\n<div><a href=\"https:\/\/www.altercampagne.net\/?p=26460\" class=\"more-link\">Read More<\/a><\/div>\n","protected":false},"author":316,"featured_media":26463,"comment_status":"closed","ping_status":"closed","sticky":false,"template":"","format":"standard","meta":{"footnotes":""},"categories":[3471,4357,3490],"tags":[],"class_list":["post-26460","post","type-post","status-publish","format-standard","has-post-thumbnail","hentry","category-auvergne-rhone-alpes","category-edition-2022","category-culture"],"yoast_head":"<!-- This site is optimized with the Yoast SEO plugin v27.3 - https:\/\/yoast.com\/product\/yoast-seo-wordpress\/ -->\n<title>La Licorne - fabrique de territoire - AlterTour<\/title>\n<meta name=\"robots\" content=\"index, follow, max-snippet:-1, max-image-preview:large, max-video-preview:-1\" \/>\n<link rel=\"canonical\" href=\"https:\/\/www.altercampagne.net\/?p=26460\" \/>\n<meta property=\"og:locale\" content=\"fr_FR\" \/>\n<meta property=\"og:type\" content=\"article\" \/>\n<meta property=\"og:title\" content=\"La Licorne - fabrique de territoire - AlterTour\" \/>\n<meta property=\"og:description\" content=\"Apr\u00e8s une nuit \u00e0 l&rsquo;aire naturelle de Prunayre, l&rsquo;Altertour reprend son envol en passant par le magnifique plateau de C\u00e9zallier. Nous arrivons au village de Saint Germain Lembron, o\u00f9 nous rencontrons La Licorne &#8211; M\u00e9diath\u00e8que &#8211; Tier Lieu.Cette association a \u00e9t\u00e9 cr\u00e9\u00e9 en 2006, dans une commune de 2000 habitant.e.s. ... Read More\" \/>\n<meta property=\"og:url\" content=\"https:\/\/www.altercampagne.net\/?p=26460\" \/>\n<meta property=\"og:site_name\" content=\"AlterTour\" \/>\n<meta property=\"article:published_time\" content=\"2022-08-30T11:47:54+00:00\" \/>\n<meta property=\"article:modified_time\" content=\"2022-08-30T11:47:56+00:00\" \/>\n<meta property=\"og:image\" content=\"https:\/\/www.altercampagne.net\/wp-content\/uploads\/2022\/08\/IMGP4038-scaled.jpg\" \/>\n\t<meta property=\"og:image:width\" content=\"2560\" \/>\n\t<meta property=\"og:image:height\" content=\"1701\" \/>\n\t<meta property=\"og:image:type\" content=\"image\/jpeg\" \/>\n<meta name=\"author\" content=\"Jonas\" \/>\n<meta name=\"twitter:card\" content=\"summary_large_image\" \/>\n<meta name=\"twitter:label1\" content=\"\u00c9crit par\" \/>\n\t<meta name=\"twitter:data1\" content=\"Jonas\" \/>\n\t<meta name=\"twitter:label2\" content=\"Dur\u00e9e de lecture estim\u00e9e\" \/>\n\t<meta name=\"twitter:data2\" content=\"2 minutes\" \/>\n<script type=\"application\/ld+json\" class=\"yoast-schema-graph\">{\"@context\":\"https:\\\/\\\/schema.org\",\"@graph\":[{\"@type\":\"Article\",\"@id\":\"https:\\\/\\\/www.altercampagne.net\\\/?p=26460#article\",\"isPartOf\":{\"@id\":\"https:\\\/\\\/www.altercampagne.net\\\/?p=26460\"},\"author\":{\"name\":\"Jonas\",\"@id\":\"https:\\\/\\\/www.altercampagne.net\\\/#\\\/schema\\\/person\\\/308dc295a67929d58321ff6b59820daa\"},\"headline\":\"La Licorne &#8211; fabrique de territoire\",\"datePublished\":\"2022-08-30T11:47:54+00:00\",\"dateModified\":\"2022-08-30T11:47:56+00:00\",\"mainEntityOfPage\":{\"@id\":\"https:\\\/\\\/www.altercampagne.net\\\/?p=26460\"},\"wordCount\":303,\"image\":{\"@id\":\"https:\\\/\\\/www.altercampagne.net\\\/?p=26460#primaryimage\"},\"thumbnailUrl\":\"https:\\\/\\\/www.altercampagne.net\\\/wp-content\\\/uploads\\\/2022\\\/08\\\/IMGP4038-scaled.jpg\",\"articleSection\":[\"Auvergne-Rh\u00f4ne-Alpes\",\"Edition 2022\",\"Culture\"],\"inLanguage\":\"fr-FR\"},{\"@type\":\"WebPage\",\"@id\":\"https:\\\/\\\/www.altercampagne.net\\\/?p=26460\",\"url\":\"https:\\\/\\\/www.altercampagne.net\\\/?p=26460\",\"name\":\"La Licorne - fabrique de territoire - AlterTour\",\"isPartOf\":{\"@id\":\"https:\\\/\\\/www.altercampagne.net\\\/#website\"},\"primaryImageOfPage\":{\"@id\":\"https:\\\/\\\/www.altercampagne.net\\\/?p=26460#primaryimage\"},\"image\":{\"@id\":\"https:\\\/\\\/www.altercampagne.net\\\/?p=26460#primaryimage\"},\"thumbnailUrl\":\"https:\\\/\\\/www.altercampagne.net\\\/wp-content\\\/uploads\\\/2022\\\/08\\\/IMGP4038-scaled.jpg\",\"datePublished\":\"2022-08-30T11:47:54+00:00\",\"dateModified\":\"2022-08-30T11:47:56+00:00\",\"author\":{\"@id\":\"https:\\\/\\\/www.altercampagne.net\\\/#\\\/schema\\\/person\\\/308dc295a67929d58321ff6b59820daa\"},\"breadcrumb\":{\"@id\":\"https:\\\/\\\/www.altercampagne.net\\\/?p=26460#breadcrumb\"},\"inLanguage\":\"fr-FR\",\"potentialAction\":[{\"@type\":\"ReadAction\",\"target\":[\"https:\\\/\\\/www.altercampagne.net\\\/?p=26460\"]}]},{\"@type\":\"ImageObject\",\"inLanguage\":\"fr-FR\",\"@id\":\"https:\\\/\\\/www.altercampagne.net\\\/?p=26460#primaryimage\",\"url\":\"https:\\\/\\\/www.altercampagne.net\\\/wp-content\\\/uploads\\\/2022\\\/08\\\/IMGP4038-scaled.jpg\",\"contentUrl\":\"https:\\\/\\\/www.altercampagne.net\\\/wp-content\\\/uploads\\\/2022\\\/08\\\/IMGP4038-scaled.jpg\",\"width\":2560,\"height\":1701},{\"@type\":\"BreadcrumbList\",\"@id\":\"https:\\\/\\\/www.altercampagne.net\\\/?p=26460#breadcrumb\",\"itemListElement\":[{\"@type\":\"ListItem\",\"position\":1,\"name\":\"Accueil\",\"item\":\"https:\\\/\\\/www.altercampagne.net\\\/\"},{\"@type\":\"ListItem\",\"position\":2,\"name\":\"La Licorne &#8211; fabrique de territoire\"}]},{\"@type\":\"WebSite\",\"@id\":\"https:\\\/\\\/www.altercampagne.net\\\/#website\",\"url\":\"https:\\\/\\\/www.altercampagne.net\\\/\",\"name\":\"AlterTour\",\"description\":\"Reliez les Alternatives \u00e0 v\u00e9lo\",\"potentialAction\":[{\"@type\":\"SearchAction\",\"target\":{\"@type\":\"EntryPoint\",\"urlTemplate\":\"https:\\\/\\\/www.altercampagne.net\\\/?s={search_term_string}\"},\"query-input\":{\"@type\":\"PropertyValueSpecification\",\"valueRequired\":true,\"valueName\":\"search_term_string\"}}],\"inLanguage\":\"fr-FR\"},{\"@type\":\"Person\",\"@id\":\"https:\\\/\\\/www.altercampagne.net\\\/#\\\/schema\\\/person\\\/308dc295a67929d58321ff6b59820daa\",\"name\":\"Jonas\",\"image\":{\"@type\":\"ImageObject\",\"inLanguage\":\"fr-FR\",\"@id\":\"https:\\\/\\\/secure.gravatar.com\\\/avatar\\\/ade7b451791545d463915f445a8aee91b58c48cdcbc1ab2b8583fa2f30e159e4?s=96&d=mm&r=g\",\"url\":\"https:\\\/\\\/secure.gravatar.com\\\/avatar\\\/ade7b451791545d463915f445a8aee91b58c48cdcbc1ab2b8583fa2f30e159e4?s=96&d=mm&r=g\",\"contentUrl\":\"https:\\\/\\\/secure.gravatar.com\\\/avatar\\\/ade7b451791545d463915f445a8aee91b58c48cdcbc1ab2b8583fa2f30e159e4?s=96&d=mm&r=g\",\"caption\":\"Jonas\"},\"url\":\"https:\\\/\\\/www.altercampagne.net\\\/?author=316\"}]}<\/script>\n<!-- \/ Yoast SEO plugin. -->","yoast_head_json":{"title":"La Licorne - fabrique de territoire - AlterTour","robots":{"index":"index","follow":"follow","max-snippet":"max-snippet:-1","max-image-preview":"max-image-preview:large","max-video-preview":"max-video-preview:-1"},"canonical":"https:\/\/www.altercampagne.net\/?p=26460","og_locale":"fr_FR","og_type":"article","og_title":"La Licorne - fabrique de territoire - AlterTour","og_description":"Apr\u00e8s une nuit \u00e0 l&rsquo;aire naturelle de Prunayre, l&rsquo;Altertour reprend son envol en passant par le magnifique plateau de C\u00e9zallier. Nous arrivons au village de Saint Germain Lembron, o\u00f9 nous rencontrons La Licorne &#8211; M\u00e9diath\u00e8que &#8211; Tier Lieu.Cette association a \u00e9t\u00e9 cr\u00e9\u00e9 en 2006, dans une commune de 2000 habitant.e.s. ... Read More","og_url":"https:\/\/www.altercampagne.net\/?p=26460","og_site_name":"AlterTour","article_published_time":"2022-08-30T11:47:54+00:00","article_modified_time":"2022-08-30T11:47:56+00:00","og_image":[{"width":2560,"height":1701,"url":"https:\/\/www.altercampagne.net\/wp-content\/uploads\/2022\/08\/IMGP4038-scaled.jpg","type":"image\/jpeg"}],"author":"Jonas","twitter_card":"summary_large_image","twitter_misc":{"\u00c9crit par":"Jonas","Dur\u00e9e de lecture estim\u00e9e":"2 minutes"},"schema":{"@context":"https:\/\/schema.org","@graph":[{"@type":"Article","@id":"https:\/\/www.altercampagne.net\/?p=26460#article","isPartOf":{"@id":"https:\/\/www.altercampagne.net\/?p=26460"},"author":{"name":"Jonas","@id":"https:\/\/www.altercampagne.net\/#\/schema\/person\/308dc295a67929d58321ff6b59820daa"},"headline":"La Licorne &#8211; fabrique de territoire","datePublished":"2022-08-30T11:47:54+00:00","dateModified":"2022-08-30T11:47:56+00:00","mainEntityOfPage":{"@id":"https:\/\/www.altercampagne.net\/?p=26460"},"wordCount":303,"image":{"@id":"https:\/\/www.altercampagne.net\/?p=26460#primaryimage"},"thumbnailUrl":"https:\/\/www.altercampagne.net\/wp-content\/uploads\/2022\/08\/IMGP4038-scaled.jpg","articleSection":["Auvergne-Rh\u00f4ne-Alpes","Edition 2022","Culture"],"inLanguage":"fr-FR"},{"@type":"WebPage","@id":"https:\/\/www.altercampagne.net\/?p=26460","url":"https:\/\/www.altercampagne.net\/?p=26460","name":"La Licorne - fabrique de territoire - AlterTour","isPartOf":{"@id":"https:\/\/www.altercampagne.net\/#website"},"primaryImageOfPage":{"@id":"https:\/\/www.altercampagne.net\/?p=26460#primaryimage"},"image":{"@id":"https:\/\/www.altercampagne.net\/?p=26460#primaryimage"},"thumbnailUrl":"https:\/\/www.altercampagne.net\/wp-content\/uploads\/2022\/08\/IMGP4038-scaled.jpg","datePublished":"2022-08-30T11:47:54+00:00","dateModified":"2022-08-30T11:47:56+00:00","author":{"@id":"https:\/\/www.altercampagne.net\/#\/schema\/person\/308dc295a67929d58321ff6b59820daa"},"breadcrumb":{"@id":"https:\/\/www.altercampagne.net\/?p=26460#breadcrumb"},"inLanguage":"fr-FR","potentialAction":[{"@type":"ReadAction","target":["https:\/\/www.altercampagne.net\/?p=26460"]}]},{"@type":"ImageObject","inLanguage":"fr-FR","@id":"https:\/\/www.altercampagne.net\/?p=26460#primaryimage","url":"https:\/\/www.altercampagne.net\/wp-content\/uploads\/2022\/08\/IMGP4038-scaled.jpg","contentUrl":"https:\/\/www.altercampagne.net\/wp-content\/uploads\/2022\/08\/IMGP4038-scaled.jpg","width":2560,"height":1701},{"@type":"BreadcrumbList","@id":"https:\/\/www.altercampagne.net\/?p=26460#breadcrumb","itemListElement":[{"@type":"ListItem","position":1,"name":"Accueil","item":"https:\/\/www.altercampagne.net\/"},{"@type":"ListItem","position":2,"name":"La Licorne &#8211; fabrique de territoire"}]},{"@type":"WebSite","@id":"https:\/\/www.altercampagne.net\/#website","url":"https:\/\/www.altercampagne.net\/","name":"AlterTour","description":"Reliez les Alternatives \u00e0 v\u00e9lo","potentialAction":[{"@type":"SearchAction","target":{"@type":"EntryPoint","urlTemplate":"https:\/\/www.altercampagne.net\/?s={search_term_string}"},"query-input":{"@type":"PropertyValueSpecification","valueRequired":true,"valueName":"search_term_string"}}],"inLanguage":"fr-FR"},{"@type":"Person","@id":"https:\/\/www.altercampagne.net\/#\/schema\/person\/308dc295a67929d58321ff6b59820daa","name":"Jonas","image":{"@type":"ImageObject","inLanguage":"fr-FR","@id":"https:\/\/secure.gravatar.com\/avatar\/ade7b451791545d463915f445a8aee91b58c48cdcbc1ab2b8583fa2f30e159e4?s=96&d=mm&r=g","url":"https:\/\/secure.gravatar.com\/avatar\/ade7b451791545d463915f445a8aee91b58c48cdcbc1ab2b8583fa2f30e159e4?s=96&d=mm&r=g","contentUrl":"https:\/\/secure.gravatar.com\/avatar\/ade7b451791545d463915f445a8aee91b58c48cdcbc1ab2b8583fa2f30e159e4?s=96&d=mm&r=g","caption":"Jonas"},"url":"https:\/\/www.altercampagne.net\/?author=316"}]}},"_links":{"self":[{"href":"https:\/\/www.altercampagne.net\/index.php?rest_route=\/wp\/v2\/posts\/26460","targetHints":{"allow":["GET"]}}],"collection":[{"href":"https:\/\/www.altercampagne.net\/index.php?rest_route=\/wp\/v2\/posts"}],"about":[{"href":"https:\/\/www.altercampagne.net\/index.php?rest_route=\/wp\/v2\/types\/post"}],"author":[{"embeddable":true,"href":"https:\/\/www.altercampagne.net\/index.php?rest_route=\/wp\/v2\/users\/316"}],"replies":[{"embeddable":true,"href":"https:\/\/www.altercampagne.net\/index.php?rest_route=%2Fwp%2Fv2%2Fcomments&post=26460"}],"version-history":[{"count":1,"href":"https:\/\/www.altercampagne.net\/index.php?rest_route=\/wp\/v2\/posts\/26460\/revisions"}],"predecessor-version":[{"id":26464,"href":"https:\/\/www.altercampagne.net\/index.php?rest_route=\/wp\/v2\/posts\/26460\/revisions\/26464"}],"wp:featuredmedia":[{"embeddable":true,"href":"https:\/\/www.altercampagne.net\/index.php?rest_route=\/wp\/v2\/media\/26463"}],"wp:attachment":[{"href":"https:\/\/www.altercampagne.net\/index.php?rest_route=%2Fwp%2Fv2%2Fmedia&parent=26460"}],"wp:term":[{"taxonomy":"category","embeddable":true,"href":"https:\/\/www.altercampagne.net\/index.php?rest_route=%2Fwp%2Fv2%2Fcategories&post=26460"},{"taxonomy":"post_tag","embeddable":true,"href":"https:\/\/www.altercampagne.net\/index.php?rest_route=%2Fwp%2Fv2%2Ftags&post=26460"}],"curies":[{"name":"wp","href":"https:\/\/api.w.org\/{rel}","templated":true}]}}