{"id":26465,"date":"2022-09-20T10:27:23","date_gmt":"2022-09-20T08:27:23","guid":{"rendered":"https:\/\/www.altercampagne.net\/?p=26465"},"modified":"2022-09-20T10:27:25","modified_gmt":"2022-09-20T08:27:25","slug":"brassage-dexperiences-a-la-melangeuse","status":"publish","type":"post","link":"https:\/\/www.altercampagne.net\/?p=26465","title":{"rendered":"Brassage d&rsquo;exp\u00e9riences \u00e0 la M\u00e9langeuse"},"content":{"rendered":"\n<p>La caravane de l&rsquo;Altertour s&rsquo;est arr\u00eat\u00e9e pour une longue pause m\u00e9ridienne \u00e0 <a href=\"http:\/\/labarrejaire.blogspot.com\/p\/accueil.html\">La M\u00e9langeuse<\/a>, <strong>un \u00e9co-lieu culturel tr\u00e8s dynamique, v\u00e9ritable laboratoire d&rsquo;exp\u00e9rimentation<\/strong>, dans un territoire rural au&nbsp; c\u0153ur du d\u00e9partement de l&rsquo;Aveyron, sur la commune de Villeneuve d&rsquo;Aveyron.&nbsp;<\/p>\n\n\n\n<p>Les 60 cyclistes sont arriv\u00e9s en forme, (apr\u00e8s une belle descente \u00e0 12 %&#8230;) sur cette ancienne carri\u00e8re et usine \u00e0 chaux dont l&rsquo;activit\u00e9 s&rsquo;est arr\u00eat\u00e9e \u00e0 la fin des ann\u00e9es 90.&nbsp;<\/p>\n\n\n\n<figure class=\"wp-block-gallery columns-2 is-cropped wp-block-gallery-1 is-layout-flex wp-block-gallery-is-layout-flex\"><ul class=\"blocks-gallery-grid\"><li class=\"blocks-gallery-item\"><figure><a href=\"https:\/\/www.altercampagne.net\/wp-content\/uploads\/2022\/09\/PFS-43-scaled.jpeg\"><img loading=\"lazy\" decoding=\"async\" width=\"1024\" height=\"576\" src=\"https:\/\/www.altercampagne.net\/wp-content\/uploads\/2022\/09\/PFS-43-1024x576.jpeg\" alt=\"\" data-id=\"26730\" data-full-url=\"https:\/\/www.altercampagne.net\/wp-content\/uploads\/2022\/09\/PFS-43-scaled.jpeg\" data-link=\"https:\/\/www.altercampagne.net\/?attachment_id=26730\" class=\"wp-image-26730\" srcset=\"https:\/\/www.altercampagne.net\/wp-content\/uploads\/2022\/09\/PFS-43-1024x576.jpeg 1024w, https:\/\/www.altercampagne.net\/wp-content\/uploads\/2022\/09\/PFS-43-300x169.jpeg 300w, https:\/\/www.altercampagne.net\/wp-content\/uploads\/2022\/09\/PFS-43-768x432.jpeg 768w, https:\/\/www.altercampagne.net\/wp-content\/uploads\/2022\/09\/PFS-43-1536x864.jpeg 1536w, https:\/\/www.altercampagne.net\/wp-content\/uploads\/2022\/09\/PFS-43-2048x1152.jpeg 2048w, https:\/\/www.altercampagne.net\/wp-content\/uploads\/2022\/09\/PFS-43-610x343.jpeg 610w, https:\/\/www.altercampagne.net\/wp-content\/uploads\/2022\/09\/PFS-43-100x56.jpeg 100w, https:\/\/www.altercampagne.net\/wp-content\/uploads\/2022\/09\/PFS-43-862x485.jpeg 862w, https:\/\/www.altercampagne.net\/wp-content\/uploads\/2022\/09\/PFS-43-1140x641.jpeg 1140w\" sizes=\"auto, (max-width: 1024px) 100vw, 1024px\" \/><\/a><\/figure><\/li><li class=\"blocks-gallery-item\"><figure><a href=\"https:\/\/www.altercampagne.net\/wp-content\/uploads\/2022\/09\/PFS-53-scaled.jpeg\"><img loading=\"lazy\" decoding=\"async\" width=\"1024\" height=\"768\" src=\"https:\/\/www.altercampagne.net\/wp-content\/uploads\/2022\/09\/PFS-53-1024x768.jpeg\" alt=\"\" data-id=\"26732\" data-full-url=\"https:\/\/www.altercampagne.net\/wp-content\/uploads\/2022\/09\/PFS-53-scaled.jpeg\" data-link=\"https:\/\/www.altercampagne.net\/?attachment_id=26732\" class=\"wp-image-26732\" srcset=\"https:\/\/www.altercampagne.net\/wp-content\/uploads\/2022\/09\/PFS-53-1024x768.jpeg 1024w, https:\/\/www.altercampagne.net\/wp-content\/uploads\/2022\/09\/PFS-53-300x225.jpeg 300w, https:\/\/www.altercampagne.net\/wp-content\/uploads\/2022\/09\/PFS-53-768x576.jpeg 768w, https:\/\/www.altercampagne.net\/wp-content\/uploads\/2022\/09\/PFS-53-1536x1152.jpeg 1536w, https:\/\/www.altercampagne.net\/wp-content\/uploads\/2022\/09\/PFS-53-2048x1536.jpeg 2048w, https:\/\/www.altercampagne.net\/wp-content\/uploads\/2022\/09\/PFS-53-610x458.jpeg 610w, https:\/\/www.altercampagne.net\/wp-content\/uploads\/2022\/09\/PFS-53-100x75.jpeg 100w, https:\/\/www.altercampagne.net\/wp-content\/uploads\/2022\/09\/PFS-53-862x647.jpeg 862w, https:\/\/www.altercampagne.net\/wp-content\/uploads\/2022\/09\/PFS-53-1140x855.jpeg 1140w\" sizes=\"auto, (max-width: 1024px) 100vw, 1024px\" \/><\/a><\/figure><\/li><\/ul><\/figure>\n\n\n\n<p>Le lieu, comme le nom \u00e9vocateur l&rsquo;indique, \u201cla M\u00e9langeuse\u201d, fait converger plusieurs objectifs : <strong>la\u00a0 transition \u00e9cologique humaine et environnementale, l&rsquo;\u00e9ducation populaire et l&rsquo;autogestion, la fabrique artistique et artisanale.<\/strong>.. Un v\u00e9ritable m\u00e9lange d&rsquo;\u00e9nergies et d&rsquo;envies, guid\u00e9 par des valeurs communes\u00a0 d&rsquo;auto-gestion, d&rsquo;auto-responsabilit\u00e9, de confiance, d&rsquo;\u00e9panouissement collectif et personnel. Comme le souligne l&rsquo;une de ses membres \u201c<strong>exp\u00e9rimenter ensemble, transmettre de mani\u00e8re horizontale<\/strong>\u201d, est l&rsquo;un des piliers de ce lieu de vie.\u00a0<\/p>\n\n\n\n<div class=\"wp-block-image\"><figure class=\"aligncenter size-large is-resized\"><a href=\"https:\/\/www.altercampagne.net\/wp-content\/uploads\/2022\/09\/PFS-39-scaled.jpeg\"><img loading=\"lazy\" decoding=\"async\" src=\"https:\/\/www.altercampagne.net\/wp-content\/uploads\/2022\/09\/PFS-39-768x1024.jpeg\" alt=\"\" class=\"wp-image-26729\" width=\"302\" height=\"402\" srcset=\"https:\/\/www.altercampagne.net\/wp-content\/uploads\/2022\/09\/PFS-39-768x1024.jpeg 768w, https:\/\/www.altercampagne.net\/wp-content\/uploads\/2022\/09\/PFS-39-225x300.jpeg 225w, https:\/\/www.altercampagne.net\/wp-content\/uploads\/2022\/09\/PFS-39-1152x1536.jpeg 1152w, https:\/\/www.altercampagne.net\/wp-content\/uploads\/2022\/09\/PFS-39-1536x2048.jpeg 1536w, https:\/\/www.altercampagne.net\/wp-content\/uploads\/2022\/09\/PFS-39-610x813.jpeg 610w, https:\/\/www.altercampagne.net\/wp-content\/uploads\/2022\/09\/PFS-39-100x133.jpeg 100w, https:\/\/www.altercampagne.net\/wp-content\/uploads\/2022\/09\/PFS-39-862x1149.jpeg 862w, https:\/\/www.altercampagne.net\/wp-content\/uploads\/2022\/09\/PFS-39-1140x1520.jpeg 1140w, https:\/\/www.altercampagne.net\/wp-content\/uploads\/2022\/09\/PFS-39-scaled.jpeg 1920w\" sizes=\"auto, (max-width: 302px) 100vw, 302px\" \/><\/a><figcaption>Atelier peinture \u00e0 la M\u00e9langeuse<\/figcaption><\/figure><\/div>\n\n\n\n<p>Concr\u00e8tement,\u00a0 des artistes exposent, des stages se d\u00e9roulent, des associations se rencontrent ou tout simplement des habitants se rencontrent. Les espaces en plein air, la cuisine collective, la salle d&rsquo;activit\u00e9s ou encore l&rsquo;atelier de bricolage permettent la mise en place de nombreuses activit\u00e9s, toujours sous le signe de l&rsquo;auto-gestion. Au del\u00e0, c&rsquo;est avant tout <strong>une aventure humaine<\/strong>,\u00a0 parfois complexe et fatigante&#8230; mais assur\u00e9ment tr\u00e8s riche.<\/p>\n\n\n\n<figure class=\"wp-block-image size-large\"><a href=\"https:\/\/www.altercampagne.net\/wp-content\/uploads\/2022\/09\/PFS-46-scaled.jpeg\"><img loading=\"lazy\" decoding=\"async\" width=\"1024\" height=\"480\" src=\"https:\/\/www.altercampagne.net\/wp-content\/uploads\/2022\/09\/PFS-46-1024x480.jpeg\" alt=\"\" class=\"wp-image-26731\" srcset=\"https:\/\/www.altercampagne.net\/wp-content\/uploads\/2022\/09\/PFS-46-1024x480.jpeg 1024w, https:\/\/www.altercampagne.net\/wp-content\/uploads\/2022\/09\/PFS-46-300x141.jpeg 300w, https:\/\/www.altercampagne.net\/wp-content\/uploads\/2022\/09\/PFS-46-768x360.jpeg 768w, https:\/\/www.altercampagne.net\/wp-content\/uploads\/2022\/09\/PFS-46-1536x720.jpeg 1536w, https:\/\/www.altercampagne.net\/wp-content\/uploads\/2022\/09\/PFS-46-2048x959.jpeg 2048w, https:\/\/www.altercampagne.net\/wp-content\/uploads\/2022\/09\/PFS-46-610x286.jpeg 610w, https:\/\/www.altercampagne.net\/wp-content\/uploads\/2022\/09\/PFS-46-100x47.jpeg 100w, https:\/\/www.altercampagne.net\/wp-content\/uploads\/2022\/09\/PFS-46-862x404.jpeg 862w, https:\/\/www.altercampagne.net\/wp-content\/uploads\/2022\/09\/PFS-46-1140x534.jpeg 1140w\" sizes=\"auto, (max-width: 1024px) 100vw, 1024px\" \/><\/a><figcaption>L&rsquo;atelier partag\u00e9<\/figcaption><\/figure>\n\n\n\n<p><strong>Le projet date de 2013<\/strong>, un groupe de personnes, sous la forme d&rsquo;une SCI rach\u00e8te le lieu mais d\u00e9cide de d\u00e9solidariser la propri\u00e9t\u00e9 d&rsquo;usage, confi\u00e9e \u00e0 une association. Peu \u00e0 peu l&rsquo;association rach\u00e8tera les parts des personnes constituants la SCI d&rsquo;origine pour devenir propri\u00e9taire du lieu.&nbsp;&nbsp;<\/p>\n\n\n\n<p>L&rsquo;association a pas mal de projets en t\u00eate, notamment poursuivre la r\u00e9novation des b\u00e2tis, <strong>p\u00e9renniser les deux emplois,\u00a0 faciliter et amplifier le b\u00e9n\u00e9volat et surtout continuer de m\u00e9langer les \u00e9nergies<\/strong> de chacun au service de ce laboratoire d&rsquo;exp\u00e9rimentations \u00e9cologiques, culturelles et sociales.<\/p>\n\n\n\n<p class=\"has-text-align-right\"><em>Nathalie<\/em><\/p>\n","protected":false},"excerpt":{"rendered":"<p>La caravane de l&rsquo;Altertour s&rsquo;est arr\u00eat\u00e9e pour une longue pause m\u00e9ridienne \u00e0 La M\u00e9langeuse, un \u00e9co-lieu culturel tr\u00e8s dynamique, v\u00e9ritable laboratoire d&rsquo;exp\u00e9rimentation, dans un territoire rural au&nbsp; c\u0153ur du d\u00e9partement de l&rsquo;Aveyron, sur la commune de Villeneuve d&rsquo;Aveyron.&nbsp; Les 60 cyclistes sont arriv\u00e9s en forme, (apr\u00e8s une belle descente \u00e0 &#8230; <\/p>\n<div><a href=\"https:\/\/www.altercampagne.net\/?p=26465\" class=\"more-link\">Read More<\/a><\/div>\n","protected":false},"author":316,"featured_media":26733,"comment_status":"closed","ping_status":"closed","sticky":false,"template":"","format":"standard","meta":{"footnotes":""},"categories":[3471,4357,3490,3485,3540],"tags":[1923,4426,4427],"class_list":["post-26465","post","type-post","status-publish","format-standard","has-post-thumbnail","hentry","category-auvergne-rhone-alpes","category-edition-2022","category-culture","category-habitat","category-transverse","tag-aveyron","tag-la-melangeuse","tag-villeneuve-gare"],"yoast_head":"<!-- This site is optimized with the Yoast SEO plugin v27.3 - https:\/\/yoast.com\/product\/yoast-seo-wordpress\/ -->\n<title>Brassage d&#039;exp\u00e9riences \u00e0 la M\u00e9langeuse - AlterTour<\/title>\n<meta name=\"robots\" content=\"index, follow, max-snippet:-1, max-image-preview:large, max-video-preview:-1\" \/>\n<link rel=\"canonical\" href=\"https:\/\/www.altercampagne.net\/?p=26465\" \/>\n<meta property=\"og:locale\" content=\"fr_FR\" \/>\n<meta property=\"og:type\" content=\"article\" \/>\n<meta property=\"og:title\" content=\"Brassage d&#039;exp\u00e9riences \u00e0 la M\u00e9langeuse - AlterTour\" \/>\n<meta property=\"og:description\" content=\"La caravane de l&rsquo;Altertour s&rsquo;est arr\u00eat\u00e9e pour une longue pause m\u00e9ridienne \u00e0 La M\u00e9langeuse, un \u00e9co-lieu culturel tr\u00e8s dynamique, v\u00e9ritable laboratoire d&rsquo;exp\u00e9rimentation, dans un territoire rural au&nbsp; c\u0153ur du d\u00e9partement de l&rsquo;Aveyron, sur la commune de Villeneuve d&rsquo;Aveyron.&nbsp; Les 60 cyclistes sont arriv\u00e9s en forme, (apr\u00e8s une belle descente \u00e0 ... Read More\" \/>\n<meta property=\"og:url\" content=\"https:\/\/www.altercampagne.net\/?p=26465\" \/>\n<meta property=\"og:site_name\" content=\"AlterTour\" \/>\n<meta property=\"article:published_time\" content=\"2022-09-20T08:27:23+00:00\" \/>\n<meta property=\"article:modified_time\" content=\"2022-09-20T08:27:25+00:00\" \/>\n<meta property=\"og:image\" content=\"https:\/\/www.altercampagne.net\/wp-content\/uploads\/2022\/09\/PFS-55-scaled.jpeg\" \/>\n\t<meta property=\"og:image:width\" content=\"2560\" \/>\n\t<meta property=\"og:image:height\" content=\"1920\" \/>\n\t<meta property=\"og:image:type\" content=\"image\/jpeg\" \/>\n<meta name=\"author\" content=\"Jonas\" \/>\n<meta name=\"twitter:card\" content=\"summary_large_image\" \/>\n<meta name=\"twitter:label1\" content=\"\u00c9crit par\" \/>\n\t<meta name=\"twitter:data1\" content=\"Jonas\" \/>\n\t<meta name=\"twitter:label2\" content=\"Dur\u00e9e de lecture estim\u00e9e\" \/>\n\t<meta name=\"twitter:data2\" content=\"3 minutes\" \/>\n<script type=\"application\/ld+json\" class=\"yoast-schema-graph\">{\"@context\":\"https:\\\/\\\/schema.org\",\"@graph\":[{\"@type\":\"Article\",\"@id\":\"https:\\\/\\\/www.altercampagne.net\\\/?p=26465#article\",\"isPartOf\":{\"@id\":\"https:\\\/\\\/www.altercampagne.net\\\/?p=26465\"},\"author\":{\"name\":\"Jonas\",\"@id\":\"https:\\\/\\\/www.altercampagne.net\\\/#\\\/schema\\\/person\\\/308dc295a67929d58321ff6b59820daa\"},\"headline\":\"Brassage d&rsquo;exp\u00e9riences \u00e0 la M\u00e9langeuse\",\"datePublished\":\"2022-09-20T08:27:23+00:00\",\"dateModified\":\"2022-09-20T08:27:25+00:00\",\"mainEntityOfPage\":{\"@id\":\"https:\\\/\\\/www.altercampagne.net\\\/?p=26465\"},\"wordCount\":370,\"image\":{\"@id\":\"https:\\\/\\\/www.altercampagne.net\\\/?p=26465#primaryimage\"},\"thumbnailUrl\":\"https:\\\/\\\/www.altercampagne.net\\\/wp-content\\\/uploads\\\/2022\\\/09\\\/PFS-55-scaled.jpeg\",\"keywords\":[\"Aveyron\",\"La m\u00e9langeuse\",\"Villeneuve Gare\"],\"articleSection\":[\"Auvergne-Rh\u00f4ne-Alpes\",\"Edition 2022\",\"Culture\",\"Habitat\",\"Transverse\"],\"inLanguage\":\"fr-FR\"},{\"@type\":\"WebPage\",\"@id\":\"https:\\\/\\\/www.altercampagne.net\\\/?p=26465\",\"url\":\"https:\\\/\\\/www.altercampagne.net\\\/?p=26465\",\"name\":\"Brassage d'exp\u00e9riences \u00e0 la M\u00e9langeuse - AlterTour\",\"isPartOf\":{\"@id\":\"https:\\\/\\\/www.altercampagne.net\\\/#website\"},\"primaryImageOfPage\":{\"@id\":\"https:\\\/\\\/www.altercampagne.net\\\/?p=26465#primaryimage\"},\"image\":{\"@id\":\"https:\\\/\\\/www.altercampagne.net\\\/?p=26465#primaryimage\"},\"thumbnailUrl\":\"https:\\\/\\\/www.altercampagne.net\\\/wp-content\\\/uploads\\\/2022\\\/09\\\/PFS-55-scaled.jpeg\",\"datePublished\":\"2022-09-20T08:27:23+00:00\",\"dateModified\":\"2022-09-20T08:27:25+00:00\",\"author\":{\"@id\":\"https:\\\/\\\/www.altercampagne.net\\\/#\\\/schema\\\/person\\\/308dc295a67929d58321ff6b59820daa\"},\"breadcrumb\":{\"@id\":\"https:\\\/\\\/www.altercampagne.net\\\/?p=26465#breadcrumb\"},\"inLanguage\":\"fr-FR\",\"potentialAction\":[{\"@type\":\"ReadAction\",\"target\":[\"https:\\\/\\\/www.altercampagne.net\\\/?p=26465\"]}]},{\"@type\":\"ImageObject\",\"inLanguage\":\"fr-FR\",\"@id\":\"https:\\\/\\\/www.altercampagne.net\\\/?p=26465#primaryimage\",\"url\":\"https:\\\/\\\/www.altercampagne.net\\\/wp-content\\\/uploads\\\/2022\\\/09\\\/PFS-55-scaled.jpeg\",\"contentUrl\":\"https:\\\/\\\/www.altercampagne.net\\\/wp-content\\\/uploads\\\/2022\\\/09\\\/PFS-55-scaled.jpeg\",\"width\":2560,\"height\":1920},{\"@type\":\"BreadcrumbList\",\"@id\":\"https:\\\/\\\/www.altercampagne.net\\\/?p=26465#breadcrumb\",\"itemListElement\":[{\"@type\":\"ListItem\",\"position\":1,\"name\":\"Accueil\",\"item\":\"https:\\\/\\\/www.altercampagne.net\\\/\"},{\"@type\":\"ListItem\",\"position\":2,\"name\":\"Brassage d&rsquo;exp\u00e9riences \u00e0 la M\u00e9langeuse\"}]},{\"@type\":\"WebSite\",\"@id\":\"https:\\\/\\\/www.altercampagne.net\\\/#website\",\"url\":\"https:\\\/\\\/www.altercampagne.net\\\/\",\"name\":\"AlterTour\",\"description\":\"Reliez les Alternatives \u00e0 v\u00e9lo\",\"potentialAction\":[{\"@type\":\"SearchAction\",\"target\":{\"@type\":\"EntryPoint\",\"urlTemplate\":\"https:\\\/\\\/www.altercampagne.net\\\/?s={search_term_string}\"},\"query-input\":{\"@type\":\"PropertyValueSpecification\",\"valueRequired\":true,\"valueName\":\"search_term_string\"}}],\"inLanguage\":\"fr-FR\"},{\"@type\":\"Person\",\"@id\":\"https:\\\/\\\/www.altercampagne.net\\\/#\\\/schema\\\/person\\\/308dc295a67929d58321ff6b59820daa\",\"name\":\"Jonas\",\"image\":{\"@type\":\"ImageObject\",\"inLanguage\":\"fr-FR\",\"@id\":\"https:\\\/\\\/secure.gravatar.com\\\/avatar\\\/ade7b451791545d463915f445a8aee91b58c48cdcbc1ab2b8583fa2f30e159e4?s=96&d=mm&r=g\",\"url\":\"https:\\\/\\\/secure.gravatar.com\\\/avatar\\\/ade7b451791545d463915f445a8aee91b58c48cdcbc1ab2b8583fa2f30e159e4?s=96&d=mm&r=g\",\"contentUrl\":\"https:\\\/\\\/secure.gravatar.com\\\/avatar\\\/ade7b451791545d463915f445a8aee91b58c48cdcbc1ab2b8583fa2f30e159e4?s=96&d=mm&r=g\",\"caption\":\"Jonas\"},\"url\":\"https:\\\/\\\/www.altercampagne.net\\\/?author=316\"}]}<\/script>\n<!-- \/ Yoast SEO plugin. -->","yoast_head_json":{"title":"Brassage d'exp\u00e9riences \u00e0 la M\u00e9langeuse - AlterTour","robots":{"index":"index","follow":"follow","max-snippet":"max-snippet:-1","max-image-preview":"max-image-preview:large","max-video-preview":"max-video-preview:-1"},"canonical":"https:\/\/www.altercampagne.net\/?p=26465","og_locale":"fr_FR","og_type":"article","og_title":"Brassage d'exp\u00e9riences \u00e0 la M\u00e9langeuse - AlterTour","og_description":"La caravane de l&rsquo;Altertour s&rsquo;est arr\u00eat\u00e9e pour une longue pause m\u00e9ridienne \u00e0 La M\u00e9langeuse, un \u00e9co-lieu culturel tr\u00e8s dynamique, v\u00e9ritable laboratoire d&rsquo;exp\u00e9rimentation, dans un territoire rural au&nbsp; c\u0153ur du d\u00e9partement de l&rsquo;Aveyron, sur la commune de Villeneuve d&rsquo;Aveyron.&nbsp; Les 60 cyclistes sont arriv\u00e9s en forme, (apr\u00e8s une belle descente \u00e0 ... Read More","og_url":"https:\/\/www.altercampagne.net\/?p=26465","og_site_name":"AlterTour","article_published_time":"2022-09-20T08:27:23+00:00","article_modified_time":"2022-09-20T08:27:25+00:00","og_image":[{"width":2560,"height":1920,"url":"https:\/\/www.altercampagne.net\/wp-content\/uploads\/2022\/09\/PFS-55-scaled.jpeg","type":"image\/jpeg"}],"author":"Jonas","twitter_card":"summary_large_image","twitter_misc":{"\u00c9crit par":"Jonas","Dur\u00e9e de lecture estim\u00e9e":"3 minutes"},"schema":{"@context":"https:\/\/schema.org","@graph":[{"@type":"Article","@id":"https:\/\/www.altercampagne.net\/?p=26465#article","isPartOf":{"@id":"https:\/\/www.altercampagne.net\/?p=26465"},"author":{"name":"Jonas","@id":"https:\/\/www.altercampagne.net\/#\/schema\/person\/308dc295a67929d58321ff6b59820daa"},"headline":"Brassage d&rsquo;exp\u00e9riences \u00e0 la M\u00e9langeuse","datePublished":"2022-09-20T08:27:23+00:00","dateModified":"2022-09-20T08:27:25+00:00","mainEntityOfPage":{"@id":"https:\/\/www.altercampagne.net\/?p=26465"},"wordCount":370,"image":{"@id":"https:\/\/www.altercampagne.net\/?p=26465#primaryimage"},"thumbnailUrl":"https:\/\/www.altercampagne.net\/wp-content\/uploads\/2022\/09\/PFS-55-scaled.jpeg","keywords":["Aveyron","La m\u00e9langeuse","Villeneuve Gare"],"articleSection":["Auvergne-Rh\u00f4ne-Alpes","Edition 2022","Culture","Habitat","Transverse"],"inLanguage":"fr-FR"},{"@type":"WebPage","@id":"https:\/\/www.altercampagne.net\/?p=26465","url":"https:\/\/www.altercampagne.net\/?p=26465","name":"Brassage d'exp\u00e9riences \u00e0 la M\u00e9langeuse - AlterTour","isPartOf":{"@id":"https:\/\/www.altercampagne.net\/#website"},"primaryImageOfPage":{"@id":"https:\/\/www.altercampagne.net\/?p=26465#primaryimage"},"image":{"@id":"https:\/\/www.altercampagne.net\/?p=26465#primaryimage"},"thumbnailUrl":"https:\/\/www.altercampagne.net\/wp-content\/uploads\/2022\/09\/PFS-55-scaled.jpeg","datePublished":"2022-09-20T08:27:23+00:00","dateModified":"2022-09-20T08:27:25+00:00","author":{"@id":"https:\/\/www.altercampagne.net\/#\/schema\/person\/308dc295a67929d58321ff6b59820daa"},"breadcrumb":{"@id":"https:\/\/www.altercampagne.net\/?p=26465#breadcrumb"},"inLanguage":"fr-FR","potentialAction":[{"@type":"ReadAction","target":["https:\/\/www.altercampagne.net\/?p=26465"]}]},{"@type":"ImageObject","inLanguage":"fr-FR","@id":"https:\/\/www.altercampagne.net\/?p=26465#primaryimage","url":"https:\/\/www.altercampagne.net\/wp-content\/uploads\/2022\/09\/PFS-55-scaled.jpeg","contentUrl":"https:\/\/www.altercampagne.net\/wp-content\/uploads\/2022\/09\/PFS-55-scaled.jpeg","width":2560,"height":1920},{"@type":"BreadcrumbList","@id":"https:\/\/www.altercampagne.net\/?p=26465#breadcrumb","itemListElement":[{"@type":"ListItem","position":1,"name":"Accueil","item":"https:\/\/www.altercampagne.net\/"},{"@type":"ListItem","position":2,"name":"Brassage d&rsquo;exp\u00e9riences \u00e0 la M\u00e9langeuse"}]},{"@type":"WebSite","@id":"https:\/\/www.altercampagne.net\/#website","url":"https:\/\/www.altercampagne.net\/","name":"AlterTour","description":"Reliez les Alternatives \u00e0 v\u00e9lo","potentialAction":[{"@type":"SearchAction","target":{"@type":"EntryPoint","urlTemplate":"https:\/\/www.altercampagne.net\/?s={search_term_string}"},"query-input":{"@type":"PropertyValueSpecification","valueRequired":true,"valueName":"search_term_string"}}],"inLanguage":"fr-FR"},{"@type":"Person","@id":"https:\/\/www.altercampagne.net\/#\/schema\/person\/308dc295a67929d58321ff6b59820daa","name":"Jonas","image":{"@type":"ImageObject","inLanguage":"fr-FR","@id":"https:\/\/secure.gravatar.com\/avatar\/ade7b451791545d463915f445a8aee91b58c48cdcbc1ab2b8583fa2f30e159e4?s=96&d=mm&r=g","url":"https:\/\/secure.gravatar.com\/avatar\/ade7b451791545d463915f445a8aee91b58c48cdcbc1ab2b8583fa2f30e159e4?s=96&d=mm&r=g","contentUrl":"https:\/\/secure.gravatar.com\/avatar\/ade7b451791545d463915f445a8aee91b58c48cdcbc1ab2b8583fa2f30e159e4?s=96&d=mm&r=g","caption":"Jonas"},"url":"https:\/\/www.altercampagne.net\/?author=316"}]}},"_links":{"self":[{"href":"https:\/\/www.altercampagne.net\/index.php?rest_route=\/wp\/v2\/posts\/26465","targetHints":{"allow":["GET"]}}],"collection":[{"href":"https:\/\/www.altercampagne.net\/index.php?rest_route=\/wp\/v2\/posts"}],"about":[{"href":"https:\/\/www.altercampagne.net\/index.php?rest_route=\/wp\/v2\/types\/post"}],"author":[{"embeddable":true,"href":"https:\/\/www.altercampagne.net\/index.php?rest_route=\/wp\/v2\/users\/316"}],"replies":[{"embeddable":true,"href":"https:\/\/www.altercampagne.net\/index.php?rest_route=%2Fwp%2Fv2%2Fcomments&post=26465"}],"version-history":[{"count":2,"href":"https:\/\/www.altercampagne.net\/index.php?rest_route=\/wp\/v2\/posts\/26465\/revisions"}],"predecessor-version":[{"id":26735,"href":"https:\/\/www.altercampagne.net\/index.php?rest_route=\/wp\/v2\/posts\/26465\/revisions\/26735"}],"wp:featuredmedia":[{"embeddable":true,"href":"https:\/\/www.altercampagne.net\/index.php?rest_route=\/wp\/v2\/media\/26733"}],"wp:attachment":[{"href":"https:\/\/www.altercampagne.net\/index.php?rest_route=%2Fwp%2Fv2%2Fmedia&parent=26465"}],"wp:term":[{"taxonomy":"category","embeddable":true,"href":"https:\/\/www.altercampagne.net\/index.php?rest_route=%2Fwp%2Fv2%2Fcategories&post=26465"},{"taxonomy":"post_tag","embeddable":true,"href":"https:\/\/www.altercampagne.net\/index.php?rest_route=%2Fwp%2Fv2%2Ftags&post=26465"}],"curies":[{"name":"wp","href":"https:\/\/api.w.org\/{rel}","templated":true}]}}