{"id":26468,"date":"2022-09-20T10:09:53","date_gmt":"2022-09-20T08:09:53","guid":{"rendered":"https:\/\/www.altercampagne.net\/?p=26468"},"modified":"2022-09-20T10:09:55","modified_gmt":"2022-09-20T08:09:55","slug":"les-communs-de-la-marinie","status":"publish","type":"post","link":"https:\/\/www.altercampagne.net\/?p=26468","title":{"rendered":"Les Communs de la Marinie"},"content":{"rendered":"\n<p>La caravane de l&rsquo;Altertour a continu\u00e9 sa route vers Clermont-Ferrand en s&rsquo;arr\u00eatant le soir aux <a href=\"https:\/\/lescommunsdelamarinie.fr\/#:~:text=A%20propos%20de%20l'association&amp;text=Ces%20lieux%20permettront%20notamment%20%C3%A0,qu'%C3%A0%20des%20espaces%20culturels.\">Communs de la Marinie<\/a>, \u00e0 Causse et Di\u00e8ge, en pleine campagne aveyronnaise.<br>Le projet est n\u00e9 d&rsquo;une rencontre avec Bernard, agriculteur \u00e0 la retraite, avec des personnes int\u00e9ress\u00e9es par <strong>reprendre, sous forme associative, sa ferme,<\/strong> essentiellement des brebis et des terres agricoles. Une association, La savonnerie aux pr\u00e8s en bulles, s&rsquo;est mont\u00e9e en 2017 dans cet objectif.<br>Une autre association s&rsquo;est mont\u00e9e, les Communs de la Marinie, pour <strong>aider \u00e0 trouver des fonds pour p\u00e9renniser le lieu et diversifier les activit\u00e9s et les usages du lieu<\/strong>. <br>L&rsquo;objectif est d&rsquo;en faire un espace f\u00e9d\u00e9rateur, pour faire du lien entre les habitants des diff\u00e9rents villages aux alentours. Le projet n&rsquo;est d&rsquo;ailleurs pas compl\u00e9tement arr\u00eat\u00e9. Il \u201c<em>ressemblera \u00e0 la couleur des gens qui le reprendront<\/em>\u201d, comme l&rsquo;indique l&rsquo;une des b\u00e9n\u00e9voles, avec des liens forts entre projets sociaux et \u00e9cologiques.<br>Actuellement, on peut y <strong>acheter du pain, des savons, et tout est fait sur la ferme<\/strong>, le bl\u00e9, l&rsquo;huile pour le savon, etc\u2026<\/p>\n\n\n\n<figure class=\"wp-block-image size-large\"><a href=\"https:\/\/www.altercampagne.net\/wp-content\/uploads\/2022\/09\/PFS-61-scaled.jpeg\"><img loading=\"lazy\" decoding=\"async\" width=\"1024\" height=\"382\" src=\"https:\/\/www.altercampagne.net\/wp-content\/uploads\/2022\/09\/PFS-61-1024x382.jpeg\" alt=\"\" class=\"wp-image-26718\" srcset=\"https:\/\/www.altercampagne.net\/wp-content\/uploads\/2022\/09\/PFS-61-1024x382.jpeg 1024w, https:\/\/www.altercampagne.net\/wp-content\/uploads\/2022\/09\/PFS-61-300x112.jpeg 300w, https:\/\/www.altercampagne.net\/wp-content\/uploads\/2022\/09\/PFS-61-768x287.jpeg 768w, https:\/\/www.altercampagne.net\/wp-content\/uploads\/2022\/09\/PFS-61-1536x573.jpeg 1536w, https:\/\/www.altercampagne.net\/wp-content\/uploads\/2022\/09\/PFS-61-2048x765.jpeg 2048w, https:\/\/www.altercampagne.net\/wp-content\/uploads\/2022\/09\/PFS-61-610x228.jpeg 610w, https:\/\/www.altercampagne.net\/wp-content\/uploads\/2022\/09\/PFS-61-100x37.jpeg 100w, https:\/\/www.altercampagne.net\/wp-content\/uploads\/2022\/09\/PFS-61-862x322.jpeg 862w, https:\/\/www.altercampagne.net\/wp-content\/uploads\/2022\/09\/PFS-61-1140x426.jpeg 1140w\" sizes=\"auto, (max-width: 1024px) 100vw, 1024px\" \/><\/a><figcaption>Le groupe d&rsquo;altercyclistes pendant la pr\u00e9sentation<\/figcaption><\/figure>\n\n\n\n<p><br>L&rsquo;association a \u00e9t\u00e9 confront\u00e9e rapidement \u00e0 la gestion de la transmission de la propri\u00e9t\u00e9 priv\u00e9e. Peu \u00e0 peu a \u00e9merg\u00e9 l&rsquo;id\u00e9e de sortir de la propri\u00e9t\u00e9 priv\u00e9 pour le p\u00e9renniser.<br>Une conf\u00e9rence le soir sur ce sujet, en lien avec l&rsquo;association <a href=\"https:\/\/garzaloca.wixsite.com\/garzaloca\">Garza Loca<\/a>, <a href=\"https:\/\/lafonciereantidote.org\/\">la fonci\u00e8re Antidote<\/a> (un fond de dotation), et l&rsquo;association Les Communs de la Marinie, a permis de donner davantage d&rsquo;informations sur une structuration juridique originale, pour s\u00e9curiser le fait que, quoi qu&rsquo;il arrive dans le groupe humain, <strong>le lieu n&rsquo;est plus dans la propri\u00e9t\u00e9 priv\u00e9e individuelle<\/strong>. Cela permet de repenser autrement la transmission des<br>lieux alternatifs.<\/p>\n\n\n\n<p class=\"has-text-align-right\"><em>Nathalie<\/em><\/p>\n","protected":false},"excerpt":{"rendered":"<p>La caravane de l&rsquo;Altertour a continu\u00e9 sa route vers Clermont-Ferrand en s&rsquo;arr\u00eatant le soir aux Communs de la Marinie, \u00e0 Causse et Di\u00e8ge, en pleine campagne aveyronnaise.Le projet est n\u00e9 d&rsquo;une rencontre avec Bernard, agriculteur \u00e0 la retraite, avec des personnes int\u00e9ress\u00e9es par reprendre, sous forme associative, sa ferme, essentiellement &#8230; <\/p>\n<div><a href=\"https:\/\/www.altercampagne.net\/?p=26468\" class=\"more-link\">Read More<\/a><\/div>\n","protected":false},"author":316,"featured_media":26719,"comment_status":"closed","ping_status":"closed","sticky":false,"template":"","format":"standard","meta":{"footnotes":""},"categories":[3471,4357,3488,3540],"tags":[1923,4423,4424,4425],"class_list":["post-26468","post","type-post","status-publish","format-standard","has-post-thumbnail","hentry","category-auvergne-rhone-alpes","category-edition-2022","category-social","category-transverse","tag-aveyron","tag-les-communs-de-la-marinie","tag-causse-et-diege","tag-fonciere-antidote"],"yoast_head":"<!-- This site is optimized with the Yoast SEO plugin v27.3 - https:\/\/yoast.com\/product\/yoast-seo-wordpress\/ -->\n<title>Les Communs de la Marinie - AlterTour<\/title>\n<meta name=\"robots\" content=\"index, follow, max-snippet:-1, max-image-preview:large, max-video-preview:-1\" \/>\n<link rel=\"canonical\" href=\"https:\/\/www.altercampagne.net\/?p=26468\" \/>\n<meta property=\"og:locale\" content=\"fr_FR\" \/>\n<meta property=\"og:type\" content=\"article\" \/>\n<meta property=\"og:title\" content=\"Les Communs de la Marinie - AlterTour\" \/>\n<meta property=\"og:description\" content=\"La caravane de l&rsquo;Altertour a continu\u00e9 sa route vers Clermont-Ferrand en s&rsquo;arr\u00eatant le soir aux Communs de la Marinie, \u00e0 Causse et Di\u00e8ge, en pleine campagne aveyronnaise.Le projet est n\u00e9 d&rsquo;une rencontre avec Bernard, agriculteur \u00e0 la retraite, avec des personnes int\u00e9ress\u00e9es par reprendre, sous forme associative, sa ferme, essentiellement ... Read More\" \/>\n<meta property=\"og:url\" content=\"https:\/\/www.altercampagne.net\/?p=26468\" \/>\n<meta property=\"og:site_name\" content=\"AlterTour\" \/>\n<meta property=\"article:published_time\" content=\"2022-09-20T08:09:53+00:00\" \/>\n<meta property=\"article:modified_time\" content=\"2022-09-20T08:09:55+00:00\" \/>\n<meta property=\"og:image\" content=\"https:\/\/www.altercampagne.net\/wp-content\/uploads\/2022\/09\/communs.png\" \/>\n\t<meta property=\"og:image:width\" content=\"1592\" \/>\n\t<meta property=\"og:image:height\" content=\"372\" \/>\n\t<meta property=\"og:image:type\" content=\"image\/png\" \/>\n<meta name=\"author\" content=\"Jonas\" \/>\n<meta name=\"twitter:card\" content=\"summary_large_image\" \/>\n<meta name=\"twitter:label1\" content=\"\u00c9crit par\" \/>\n\t<meta name=\"twitter:data1\" content=\"Jonas\" \/>\n\t<meta name=\"twitter:label2\" content=\"Dur\u00e9e de lecture estim\u00e9e\" \/>\n\t<meta name=\"twitter:data2\" content=\"2 minutes\" \/>\n<script type=\"application\/ld+json\" class=\"yoast-schema-graph\">{\"@context\":\"https:\\\/\\\/schema.org\",\"@graph\":[{\"@type\":\"Article\",\"@id\":\"https:\\\/\\\/www.altercampagne.net\\\/?p=26468#article\",\"isPartOf\":{\"@id\":\"https:\\\/\\\/www.altercampagne.net\\\/?p=26468\"},\"author\":{\"name\":\"Jonas\",\"@id\":\"https:\\\/\\\/www.altercampagne.net\\\/#\\\/schema\\\/person\\\/308dc295a67929d58321ff6b59820daa\"},\"headline\":\"Les Communs de la Marinie\",\"datePublished\":\"2022-09-20T08:09:53+00:00\",\"dateModified\":\"2022-09-20T08:09:55+00:00\",\"mainEntityOfPage\":{\"@id\":\"https:\\\/\\\/www.altercampagne.net\\\/?p=26468\"},\"wordCount\":325,\"image\":{\"@id\":\"https:\\\/\\\/www.altercampagne.net\\\/?p=26468#primaryimage\"},\"thumbnailUrl\":\"https:\\\/\\\/www.altercampagne.net\\\/wp-content\\\/uploads\\\/2022\\\/09\\\/communs.png\",\"keywords\":[\"Aveyron\",\"les communs de la marinie\",\"causse et di\u00e8ge\",\"fonci\u00e8re antidote\"],\"articleSection\":[\"Auvergne-Rh\u00f4ne-Alpes\",\"Edition 2022\",\"Social\",\"Transverse\"],\"inLanguage\":\"fr-FR\"},{\"@type\":\"WebPage\",\"@id\":\"https:\\\/\\\/www.altercampagne.net\\\/?p=26468\",\"url\":\"https:\\\/\\\/www.altercampagne.net\\\/?p=26468\",\"name\":\"Les Communs de la Marinie - AlterTour\",\"isPartOf\":{\"@id\":\"https:\\\/\\\/www.altercampagne.net\\\/#website\"},\"primaryImageOfPage\":{\"@id\":\"https:\\\/\\\/www.altercampagne.net\\\/?p=26468#primaryimage\"},\"image\":{\"@id\":\"https:\\\/\\\/www.altercampagne.net\\\/?p=26468#primaryimage\"},\"thumbnailUrl\":\"https:\\\/\\\/www.altercampagne.net\\\/wp-content\\\/uploads\\\/2022\\\/09\\\/communs.png\",\"datePublished\":\"2022-09-20T08:09:53+00:00\",\"dateModified\":\"2022-09-20T08:09:55+00:00\",\"author\":{\"@id\":\"https:\\\/\\\/www.altercampagne.net\\\/#\\\/schema\\\/person\\\/308dc295a67929d58321ff6b59820daa\"},\"breadcrumb\":{\"@id\":\"https:\\\/\\\/www.altercampagne.net\\\/?p=26468#breadcrumb\"},\"inLanguage\":\"fr-FR\",\"potentialAction\":[{\"@type\":\"ReadAction\",\"target\":[\"https:\\\/\\\/www.altercampagne.net\\\/?p=26468\"]}]},{\"@type\":\"ImageObject\",\"inLanguage\":\"fr-FR\",\"@id\":\"https:\\\/\\\/www.altercampagne.net\\\/?p=26468#primaryimage\",\"url\":\"https:\\\/\\\/www.altercampagne.net\\\/wp-content\\\/uploads\\\/2022\\\/09\\\/communs.png\",\"contentUrl\":\"https:\\\/\\\/www.altercampagne.net\\\/wp-content\\\/uploads\\\/2022\\\/09\\\/communs.png\",\"width\":1592,\"height\":372},{\"@type\":\"BreadcrumbList\",\"@id\":\"https:\\\/\\\/www.altercampagne.net\\\/?p=26468#breadcrumb\",\"itemListElement\":[{\"@type\":\"ListItem\",\"position\":1,\"name\":\"Accueil\",\"item\":\"https:\\\/\\\/www.altercampagne.net\\\/\"},{\"@type\":\"ListItem\",\"position\":2,\"name\":\"Les Communs de la Marinie\"}]},{\"@type\":\"WebSite\",\"@id\":\"https:\\\/\\\/www.altercampagne.net\\\/#website\",\"url\":\"https:\\\/\\\/www.altercampagne.net\\\/\",\"name\":\"AlterTour\",\"description\":\"Reliez les Alternatives \u00e0 v\u00e9lo\",\"potentialAction\":[{\"@type\":\"SearchAction\",\"target\":{\"@type\":\"EntryPoint\",\"urlTemplate\":\"https:\\\/\\\/www.altercampagne.net\\\/?s={search_term_string}\"},\"query-input\":{\"@type\":\"PropertyValueSpecification\",\"valueRequired\":true,\"valueName\":\"search_term_string\"}}],\"inLanguage\":\"fr-FR\"},{\"@type\":\"Person\",\"@id\":\"https:\\\/\\\/www.altercampagne.net\\\/#\\\/schema\\\/person\\\/308dc295a67929d58321ff6b59820daa\",\"name\":\"Jonas\",\"image\":{\"@type\":\"ImageObject\",\"inLanguage\":\"fr-FR\",\"@id\":\"https:\\\/\\\/secure.gravatar.com\\\/avatar\\\/ade7b451791545d463915f445a8aee91b58c48cdcbc1ab2b8583fa2f30e159e4?s=96&d=mm&r=g\",\"url\":\"https:\\\/\\\/secure.gravatar.com\\\/avatar\\\/ade7b451791545d463915f445a8aee91b58c48cdcbc1ab2b8583fa2f30e159e4?s=96&d=mm&r=g\",\"contentUrl\":\"https:\\\/\\\/secure.gravatar.com\\\/avatar\\\/ade7b451791545d463915f445a8aee91b58c48cdcbc1ab2b8583fa2f30e159e4?s=96&d=mm&r=g\",\"caption\":\"Jonas\"},\"url\":\"https:\\\/\\\/www.altercampagne.net\\\/?author=316\"}]}<\/script>\n<!-- \/ Yoast SEO plugin. -->","yoast_head_json":{"title":"Les Communs de la Marinie - AlterTour","robots":{"index":"index","follow":"follow","max-snippet":"max-snippet:-1","max-image-preview":"max-image-preview:large","max-video-preview":"max-video-preview:-1"},"canonical":"https:\/\/www.altercampagne.net\/?p=26468","og_locale":"fr_FR","og_type":"article","og_title":"Les Communs de la Marinie - AlterTour","og_description":"La caravane de l&rsquo;Altertour a continu\u00e9 sa route vers Clermont-Ferrand en s&rsquo;arr\u00eatant le soir aux Communs de la Marinie, \u00e0 Causse et Di\u00e8ge, en pleine campagne aveyronnaise.Le projet est n\u00e9 d&rsquo;une rencontre avec Bernard, agriculteur \u00e0 la retraite, avec des personnes int\u00e9ress\u00e9es par reprendre, sous forme associative, sa ferme, essentiellement ... Read More","og_url":"https:\/\/www.altercampagne.net\/?p=26468","og_site_name":"AlterTour","article_published_time":"2022-09-20T08:09:53+00:00","article_modified_time":"2022-09-20T08:09:55+00:00","og_image":[{"width":1592,"height":372,"url":"https:\/\/www.altercampagne.net\/wp-content\/uploads\/2022\/09\/communs.png","type":"image\/png"}],"author":"Jonas","twitter_card":"summary_large_image","twitter_misc":{"\u00c9crit par":"Jonas","Dur\u00e9e de lecture estim\u00e9e":"2 minutes"},"schema":{"@context":"https:\/\/schema.org","@graph":[{"@type":"Article","@id":"https:\/\/www.altercampagne.net\/?p=26468#article","isPartOf":{"@id":"https:\/\/www.altercampagne.net\/?p=26468"},"author":{"name":"Jonas","@id":"https:\/\/www.altercampagne.net\/#\/schema\/person\/308dc295a67929d58321ff6b59820daa"},"headline":"Les Communs de la Marinie","datePublished":"2022-09-20T08:09:53+00:00","dateModified":"2022-09-20T08:09:55+00:00","mainEntityOfPage":{"@id":"https:\/\/www.altercampagne.net\/?p=26468"},"wordCount":325,"image":{"@id":"https:\/\/www.altercampagne.net\/?p=26468#primaryimage"},"thumbnailUrl":"https:\/\/www.altercampagne.net\/wp-content\/uploads\/2022\/09\/communs.png","keywords":["Aveyron","les communs de la marinie","causse et di\u00e8ge","fonci\u00e8re antidote"],"articleSection":["Auvergne-Rh\u00f4ne-Alpes","Edition 2022","Social","Transverse"],"inLanguage":"fr-FR"},{"@type":"WebPage","@id":"https:\/\/www.altercampagne.net\/?p=26468","url":"https:\/\/www.altercampagne.net\/?p=26468","name":"Les Communs de la Marinie - AlterTour","isPartOf":{"@id":"https:\/\/www.altercampagne.net\/#website"},"primaryImageOfPage":{"@id":"https:\/\/www.altercampagne.net\/?p=26468#primaryimage"},"image":{"@id":"https:\/\/www.altercampagne.net\/?p=26468#primaryimage"},"thumbnailUrl":"https:\/\/www.altercampagne.net\/wp-content\/uploads\/2022\/09\/communs.png","datePublished":"2022-09-20T08:09:53+00:00","dateModified":"2022-09-20T08:09:55+00:00","author":{"@id":"https:\/\/www.altercampagne.net\/#\/schema\/person\/308dc295a67929d58321ff6b59820daa"},"breadcrumb":{"@id":"https:\/\/www.altercampagne.net\/?p=26468#breadcrumb"},"inLanguage":"fr-FR","potentialAction":[{"@type":"ReadAction","target":["https:\/\/www.altercampagne.net\/?p=26468"]}]},{"@type":"ImageObject","inLanguage":"fr-FR","@id":"https:\/\/www.altercampagne.net\/?p=26468#primaryimage","url":"https:\/\/www.altercampagne.net\/wp-content\/uploads\/2022\/09\/communs.png","contentUrl":"https:\/\/www.altercampagne.net\/wp-content\/uploads\/2022\/09\/communs.png","width":1592,"height":372},{"@type":"BreadcrumbList","@id":"https:\/\/www.altercampagne.net\/?p=26468#breadcrumb","itemListElement":[{"@type":"ListItem","position":1,"name":"Accueil","item":"https:\/\/www.altercampagne.net\/"},{"@type":"ListItem","position":2,"name":"Les Communs de la Marinie"}]},{"@type":"WebSite","@id":"https:\/\/www.altercampagne.net\/#website","url":"https:\/\/www.altercampagne.net\/","name":"AlterTour","description":"Reliez les Alternatives \u00e0 v\u00e9lo","potentialAction":[{"@type":"SearchAction","target":{"@type":"EntryPoint","urlTemplate":"https:\/\/www.altercampagne.net\/?s={search_term_string}"},"query-input":{"@type":"PropertyValueSpecification","valueRequired":true,"valueName":"search_term_string"}}],"inLanguage":"fr-FR"},{"@type":"Person","@id":"https:\/\/www.altercampagne.net\/#\/schema\/person\/308dc295a67929d58321ff6b59820daa","name":"Jonas","image":{"@type":"ImageObject","inLanguage":"fr-FR","@id":"https:\/\/secure.gravatar.com\/avatar\/ade7b451791545d463915f445a8aee91b58c48cdcbc1ab2b8583fa2f30e159e4?s=96&d=mm&r=g","url":"https:\/\/secure.gravatar.com\/avatar\/ade7b451791545d463915f445a8aee91b58c48cdcbc1ab2b8583fa2f30e159e4?s=96&d=mm&r=g","contentUrl":"https:\/\/secure.gravatar.com\/avatar\/ade7b451791545d463915f445a8aee91b58c48cdcbc1ab2b8583fa2f30e159e4?s=96&d=mm&r=g","caption":"Jonas"},"url":"https:\/\/www.altercampagne.net\/?author=316"}]}},"_links":{"self":[{"href":"https:\/\/www.altercampagne.net\/index.php?rest_route=\/wp\/v2\/posts\/26468","targetHints":{"allow":["GET"]}}],"collection":[{"href":"https:\/\/www.altercampagne.net\/index.php?rest_route=\/wp\/v2\/posts"}],"about":[{"href":"https:\/\/www.altercampagne.net\/index.php?rest_route=\/wp\/v2\/types\/post"}],"author":[{"embeddable":true,"href":"https:\/\/www.altercampagne.net\/index.php?rest_route=\/wp\/v2\/users\/316"}],"replies":[{"embeddable":true,"href":"https:\/\/www.altercampagne.net\/index.php?rest_route=%2Fwp%2Fv2%2Fcomments&post=26468"}],"version-history":[{"count":3,"href":"https:\/\/www.altercampagne.net\/index.php?rest_route=\/wp\/v2\/posts\/26468\/revisions"}],"predecessor-version":[{"id":26721,"href":"https:\/\/www.altercampagne.net\/index.php?rest_route=\/wp\/v2\/posts\/26468\/revisions\/26721"}],"wp:featuredmedia":[{"embeddable":true,"href":"https:\/\/www.altercampagne.net\/index.php?rest_route=\/wp\/v2\/media\/26719"}],"wp:attachment":[{"href":"https:\/\/www.altercampagne.net\/index.php?rest_route=%2Fwp%2Fv2%2Fmedia&parent=26468"}],"wp:term":[{"taxonomy":"category","embeddable":true,"href":"https:\/\/www.altercampagne.net\/index.php?rest_route=%2Fwp%2Fv2%2Fcategories&post=26468"},{"taxonomy":"post_tag","embeddable":true,"href":"https:\/\/www.altercampagne.net\/index.php?rest_route=%2Fwp%2Fv2%2Ftags&post=26468"}],"curies":[{"name":"wp","href":"https:\/\/api.w.org\/{rel}","templated":true}]}}