{"id":26471,"date":"2022-09-20T09:54:21","date_gmt":"2022-09-20T07:54:21","guid":{"rendered":"https:\/\/www.altercampagne.net\/?p=26471"},"modified":"2022-09-21T22:37:40","modified_gmt":"2022-09-21T20:37:40","slug":"les-escuroux-un-centre-dessai-permaculturel","status":"publish","type":"post","link":"https:\/\/www.altercampagne.net\/?p=26471","title":{"rendered":"Les Escuroux\u00a0: un centre d\u2019essai permaculturel"},"content":{"rendered":"\n<p>Mathieu Foudral vit depuis quelques ann\u00e9es \u00e0 <a href=\"https:\/\/www.prisedeterre.net\/les-escuroux\">la ferme des Escuroux<\/a> (Cayrols, Cantal), il y exp\u00e9rimente la permaculture (permanent agriculture). Son premier but a \u00e9t\u00e9 de<strong> viser l\u2019autonomie<\/strong>\u00a0: alimentation, \u00e9nergie, eau. <br>Il nous livre ses retours d\u2019exp\u00e9rience autour d\u2019une premi\u00e8re pr\u00e9sentation focalis\u00e9e sur l\u2019autonomie alimentaire. Il pose la question de <strong>ce qui nous nourrit\u00a0vraiment<\/strong>\u00a0: est-ce le potager\u00a0? <br>Un tableau des apports caloriques de chaque denr\u00e9e alimentaire nous d\u00e9montre le contraire : Huile de tournesol (3700kcal\/100g), Artichaud (186kcal\/100g), Radis rouge (55kcal\/100g).<br>En r\u00e9sum\u00e9, <strong>ce sont les graisses, les l\u00e9gumineuses et les c\u00e9r\u00e9ales qui nous apportent de l\u2019\u00e9nergie.<\/strong><br>Rien \u00e0 voir avec le potager classique\u00a0! Selon Mathieu, <strong>si l\u2019on veut viser l\u2019autonomie, il vaut donc mieux se focaliser sur les arbres<\/strong>\u00a0: ils produisent beaucoup et demandent peu d\u2019entretien\u00a0: \u00ab\u00a0moins j\u2019en fais, mieux je me porte\u00a0\u00bb. Il cite notamment\u00a0: noisetiers, noyers, ch\u00e2taigniers dont les fruits permettent de faire de la farine ou de l\u2019huile. Mais aussi, patates, haricots, plantes sauvages comestibles. Il insiste bien sur les plantes vivaces qui sont plus robustes que les annuelles gr\u00e2ce \u00e0 un syst\u00e8me racinaire plus d\u00e9velopp\u00e9.<\/p>\n\n\n\n<figure class=\"wp-block-image size-large\"><a href=\"https:\/\/www.altercampagne.net\/wp-content\/uploads\/2022\/09\/escuroux2.jpg\"><img loading=\"lazy\" decoding=\"async\" width=\"1024\" height=\"768\" src=\"https:\/\/www.altercampagne.net\/wp-content\/uploads\/2022\/09\/escuroux2-1024x768.jpg\" alt=\"\" class=\"wp-image-26709\" srcset=\"https:\/\/www.altercampagne.net\/wp-content\/uploads\/2022\/09\/escuroux2-1024x768.jpg 1024w, https:\/\/www.altercampagne.net\/wp-content\/uploads\/2022\/09\/escuroux2-300x225.jpg 300w, https:\/\/www.altercampagne.net\/wp-content\/uploads\/2022\/09\/escuroux2-768x576.jpg 768w, https:\/\/www.altercampagne.net\/wp-content\/uploads\/2022\/09\/escuroux2-610x458.jpg 610w, https:\/\/www.altercampagne.net\/wp-content\/uploads\/2022\/09\/escuroux2-100x75.jpg 100w, https:\/\/www.altercampagne.net\/wp-content\/uploads\/2022\/09\/escuroux2-862x647.jpg 862w, https:\/\/www.altercampagne.net\/wp-content\/uploads\/2022\/09\/escuroux2-1140x855.jpg 1140w, https:\/\/www.altercampagne.net\/wp-content\/uploads\/2022\/09\/escuroux2.jpg 1185w\" sizes=\"auto, (max-width: 1024px) 100vw, 1024px\" \/><\/a><figcaption>Le groupe d&rsquo;altercyclistes \u00e0 la d\u00e9couverte du terrain de Mathieu<\/figcaption><\/figure>\n\n\n\n<h4 class=\"wp-block-heading\"><strong>\u00ab&nbsp;Qu\u2019est-ce qui peut faire durer une soci\u00e9t\u00e9 humaine&nbsp;?<\/strong>&nbsp;\u00bb<\/h4>\n\n\n\n<p>C\u2019est la question centrale \u00e0 laquelle tente de r\u00e9pondre la permaculture \u00e0 travers trois grands principes&nbsp;: <strong>(i) prendre soin de la terre (ii) prendre<br>soin de l\u2019humain (iii) partager \u00e9quitablement<\/strong>. Cela para\u00eet si \u00e9vident\u2026<br>Le lendemain, Mathieu nous a fait visiter sa parcelle. Il constate qu\u2019en 15-20 ans le climat a bien chang\u00e9 dans le Cantal. Autrefois appel\u00e9 le pays des milles sources, la zone s\u2019ass\u00e8che, <strong>les sources se tarissent et il devient essentiel de canaliser la moindre goutte d\u2019eau en am\u00e9nageant le terrain<\/strong>. <br>Au travers de son approche permaculturelle, il cherche donc \u00e0 transformer ses 1,7ha, trop longtemps abandonn\u00e9s \u00e0 l\u2019\u00e9levage conventionnel, en \u00e9cosyst\u00e8mes durables, autonomes, nourriciers et r\u00e9silients au changement climatique. Pour Mathieu, la nature est abondante, c\u2019est l\u2019humain qui cr\u00e9\u00e9 la raret\u00e9 en cr\u00e9ant des d\u00e9s\u00e9quilibres, d\u2019o\u00f9 l\u2019id\u00e9e de la permaculture&nbsp;: <strong>cr\u00e9er un \u00e9quilibre qui permette de faire revenir l\u2019abondance<\/strong>.<\/p>\n\n\n\n<figure class=\"wp-block-image size-large\"><a href=\"https:\/\/www.altercampagne.net\/wp-content\/uploads\/2022\/08\/les-escuroux.jpg\"><img decoding=\"async\" src=\"https:\/\/www.altercampagne.net\/wp-content\/uploads\/2022\/08\/les-escuroux.jpg\" alt=\"\" class=\"wp-image-26472\"\/><\/a><\/figure>\n\n\n\n<p>Sur son terrain, on retrouve les \u00e9l\u00e9ments classiques de la conception en permaculture tel que&nbsp;:<br><strong>Le b\u00e2ti<\/strong>&nbsp;: logis, grange (compos\u00e9e d\u2019une salle de formation au-dessus de l\u2019abri pour les moutons), le g\u00eete en cours de construction&nbsp;;<br><strong>Les potagers<\/strong> de zone 1 et 2 dans lesquels sont sem\u00e9s diff\u00e9rents l\u00e9gumes fruits, \u00e0 feuilles, plantes vivaces ou aromatiques&nbsp;;<br><strong>Le poulailler<\/strong> accol\u00e9 \u00e0 la serre, qui permet de chauffer naturellement<br>la serre et de tenir les poules au chaud les journ\u00e9es ensoleill\u00e9es d\u2019hivers&nbsp;;<br><strong>Les p\u00e2turages pour les moutons<\/strong>&nbsp;;<br><strong>Les mares<\/strong>, v\u00e9ritables r\u00e9servoirs de biodiversit\u00e9&nbsp;;<br><strong>Le syst\u00e8me de p\u00e9do-\u00e9puration<\/strong>&nbsp;;<br><strong>Le bois, le ruisseau, la source, les panneaux solaires et la batterie portative<\/strong>&nbsp;: ressources vitales pour l\u2019\u00e9cosyst\u00e8me (dont Mathieu).<\/p>\n\n\n\n<p>Cependant, c\u2019est <strong>la parcelle en agroforesterie<\/strong> qui retient l\u2019attention. Sur une partie du terrain en pente, diff\u00e9rentes essences d\u2019arbres, arbustes, lianes et plantes vivaces ont \u00e9t\u00e9 plant\u00e9es le long de trois baissi\u00e8res (butte permacole dress\u00e9e suivant une m\u00eame ligne de niveau). Les avantages de cet<br>\u00e9l\u00e9ment sont nombreux\u00a0: En plus d\u2019\u00eatre <strong>esth\u00e9tique, nourricier pour la faune (humain inclus) et la flore, il freine le ruissellement des eaux<\/strong> de pluie gr\u00e2ce \u00e0 un r\u00e9seau racinaire permettant une infiltration profonde. De l\u2019autre c\u00f4t\u00e9 de la baissi\u00e8re, un chemin a \u00e9t\u00e9 nivel\u00e9 et l\u2019exc\u00e9dent de terre a \u00e9t\u00e9 dispos\u00e9 en aval pour constituer une butte d\u2019ombrage. De nombreuses<br>essences venant du sud telles que Paulownias (\u00e0 grandes feuilles rondes\u00a0!), poivriers du Sichuan ou autres Argousiers ont \u00e9t\u00e9 plant\u00e9es sur ces m\u00eames<br>buttes afin de fournir un grand nombre de services \u00e0 l\u2019ensemble du syst\u00e8me (protection, nutriments, r\u00e9servoir de biodiversit\u00e9\u2026). Ces plantes supportent mieux la chaleur que les plantes end\u00e9miques et permettent \u00e0 d\u2019autres plus fragiles et nourrici\u00e8res de se d\u00e9velopper dans leur ombrage bienveillant. Il<br>pr\u00e9conise d\u2019en essayer plein. \u00ab\u00a0<strong>Il faut filer un coup de main \u00e0 la nature<\/strong>, parce que l\u00e0, \u00e7a va trop vite pour elle\u00a0\u00bb\u00a0: nous affirme t-il. <\/p>\n\n\n\n<p>Les espaces non cultiv\u00e9s entre les baissi\u00e8res sont entretenus par des<br>moutons. Cet ensemble agro-forestier-pastoral tente de recr\u00e9er les lisi\u00e8res d\u2019abondance des for\u00eats primaires au temps jadis.<br>Il ne faut pas voir la ferme des Escuroux comme un site de production maraich\u00e8re mais comme <strong>un site de recherche permaculturelle<\/strong>. Il faudra de nombreuses ann\u00e9es encore pour que le site s\u2019auto-entretienne sans trop d\u2019intervention humaine mais il est indubitable que la solution test\u00e9e par<br>Mathieu sera une des briques de l\u2019agro\u00e9cologie de demain.<\/p>\n\n\n\n<p class=\"has-text-align-right\"><em>Adrien et Aur\u00e9lien <\/em><\/p>\n","protected":false},"excerpt":{"rendered":"<p>Mathieu Foudral vit depuis quelques ann\u00e9es \u00e0 la ferme des Escuroux (Cayrols, Cantal), il y exp\u00e9rimente la permaculture (permanent agriculture). Son premier but a \u00e9t\u00e9 de viser l\u2019autonomie\u00a0: alimentation, \u00e9nergie, eau. Il nous livre ses retours d\u2019exp\u00e9rience autour d\u2019une premi\u00e8re pr\u00e9sentation focalis\u00e9e sur l\u2019autonomie alimentaire. Il pose la question de &#8230; <\/p>\n<div><a href=\"https:\/\/www.altercampagne.net\/?p=26471\" class=\"more-link\">Read More<\/a><\/div>\n","protected":false},"author":316,"featured_media":26710,"comment_status":"closed","ping_status":"closed","sticky":false,"template":"","format":"standard","meta":{"footnotes":""},"categories":[3471,3483,4313,3489,4357,3486],"tags":[271,294,1648,4422],"class_list":["post-26471","post","type-post","status-publish","format-standard","has-post-thumbnail","hentry","category-auvergne-rhone-alpes","category-agriculture","category-altertour","category-alimentation","category-edition-2022","category-environnement","tag-autonomie","tag-permaculture","tag-cantal","tag-les-escuroux"],"yoast_head":"<!-- This site is optimized with the Yoast SEO plugin v27.3 - https:\/\/yoast.com\/product\/yoast-seo-wordpress\/ -->\n<title>Les Escuroux\u00a0: un centre d\u2019essai permaculturel - AlterTour<\/title>\n<meta name=\"robots\" content=\"index, follow, max-snippet:-1, max-image-preview:large, max-video-preview:-1\" \/>\n<link rel=\"canonical\" href=\"https:\/\/www.altercampagne.net\/?p=26471\" \/>\n<meta property=\"og:locale\" content=\"fr_FR\" \/>\n<meta property=\"og:type\" content=\"article\" \/>\n<meta property=\"og:title\" content=\"Les Escuroux\u00a0: un centre d\u2019essai permaculturel - AlterTour\" \/>\n<meta property=\"og:description\" content=\"Mathieu Foudral vit depuis quelques ann\u00e9es \u00e0 la ferme des Escuroux (Cayrols, Cantal), il y exp\u00e9rimente la permaculture (permanent agriculture). Son premier but a \u00e9t\u00e9 de viser l\u2019autonomie\u00a0: alimentation, \u00e9nergie, eau. Il nous livre ses retours d\u2019exp\u00e9rience autour d\u2019une premi\u00e8re pr\u00e9sentation focalis\u00e9e sur l\u2019autonomie alimentaire. Il pose la question de ... Read More\" \/>\n<meta property=\"og:url\" content=\"https:\/\/www.altercampagne.net\/?p=26471\" \/>\n<meta property=\"og:site_name\" content=\"AlterTour\" \/>\n<meta property=\"article:published_time\" content=\"2022-09-20T07:54:21+00:00\" \/>\n<meta property=\"article:modified_time\" content=\"2022-09-21T20:37:40+00:00\" \/>\n<meta property=\"og:image\" content=\"https:\/\/www.altercampagne.net\/wp-content\/uploads\/2022\/09\/escuroux.jpg\" \/>\n\t<meta property=\"og:image:width\" content=\"1185\" \/>\n\t<meta property=\"og:image:height\" content=\"889\" \/>\n\t<meta property=\"og:image:type\" content=\"image\/jpeg\" \/>\n<meta name=\"author\" content=\"Jonas\" \/>\n<meta name=\"twitter:card\" content=\"summary_large_image\" \/>\n<meta name=\"twitter:label1\" content=\"\u00c9crit par\" \/>\n\t<meta name=\"twitter:data1\" content=\"Jonas\" \/>\n\t<meta name=\"twitter:label2\" content=\"Dur\u00e9e de lecture estim\u00e9e\" \/>\n\t<meta name=\"twitter:data2\" content=\"5 minutes\" \/>\n<script type=\"application\/ld+json\" class=\"yoast-schema-graph\">{\"@context\":\"https:\\\/\\\/schema.org\",\"@graph\":[{\"@type\":\"Article\",\"@id\":\"https:\\\/\\\/www.altercampagne.net\\\/?p=26471#article\",\"isPartOf\":{\"@id\":\"https:\\\/\\\/www.altercampagne.net\\\/?p=26471\"},\"author\":{\"name\":\"Jonas\",\"@id\":\"https:\\\/\\\/www.altercampagne.net\\\/#\\\/schema\\\/person\\\/308dc295a67929d58321ff6b59820daa\"},\"headline\":\"Les Escuroux\u00a0: un centre d\u2019essai permaculturel\",\"datePublished\":\"2022-09-20T07:54:21+00:00\",\"dateModified\":\"2022-09-21T20:37:40+00:00\",\"mainEntityOfPage\":{\"@id\":\"https:\\\/\\\/www.altercampagne.net\\\/?p=26471\"},\"wordCount\":854,\"image\":{\"@id\":\"https:\\\/\\\/www.altercampagne.net\\\/?p=26471#primaryimage\"},\"thumbnailUrl\":\"https:\\\/\\\/www.altercampagne.net\\\/wp-content\\\/uploads\\\/2022\\\/09\\\/escuroux.jpg\",\"keywords\":[\"autonomie\",\"permaculture\",\"Cantal\",\"Les escuroux\"],\"articleSection\":[\"Auvergne-Rh\u00f4ne-Alpes\",\"Agriculture\",\"AlterTour\",\"Alimentation\",\"Edition 2022\",\"Environnement\"],\"inLanguage\":\"fr-FR\"},{\"@type\":\"WebPage\",\"@id\":\"https:\\\/\\\/www.altercampagne.net\\\/?p=26471\",\"url\":\"https:\\\/\\\/www.altercampagne.net\\\/?p=26471\",\"name\":\"Les Escuroux\u00a0: un centre d\u2019essai permaculturel - AlterTour\",\"isPartOf\":{\"@id\":\"https:\\\/\\\/www.altercampagne.net\\\/#website\"},\"primaryImageOfPage\":{\"@id\":\"https:\\\/\\\/www.altercampagne.net\\\/?p=26471#primaryimage\"},\"image\":{\"@id\":\"https:\\\/\\\/www.altercampagne.net\\\/?p=26471#primaryimage\"},\"thumbnailUrl\":\"https:\\\/\\\/www.altercampagne.net\\\/wp-content\\\/uploads\\\/2022\\\/09\\\/escuroux.jpg\",\"datePublished\":\"2022-09-20T07:54:21+00:00\",\"dateModified\":\"2022-09-21T20:37:40+00:00\",\"author\":{\"@id\":\"https:\\\/\\\/www.altercampagne.net\\\/#\\\/schema\\\/person\\\/308dc295a67929d58321ff6b59820daa\"},\"breadcrumb\":{\"@id\":\"https:\\\/\\\/www.altercampagne.net\\\/?p=26471#breadcrumb\"},\"inLanguage\":\"fr-FR\",\"potentialAction\":[{\"@type\":\"ReadAction\",\"target\":[\"https:\\\/\\\/www.altercampagne.net\\\/?p=26471\"]}]},{\"@type\":\"ImageObject\",\"inLanguage\":\"fr-FR\",\"@id\":\"https:\\\/\\\/www.altercampagne.net\\\/?p=26471#primaryimage\",\"url\":\"https:\\\/\\\/www.altercampagne.net\\\/wp-content\\\/uploads\\\/2022\\\/09\\\/escuroux.jpg\",\"contentUrl\":\"https:\\\/\\\/www.altercampagne.net\\\/wp-content\\\/uploads\\\/2022\\\/09\\\/escuroux.jpg\",\"width\":1185,\"height\":889},{\"@type\":\"BreadcrumbList\",\"@id\":\"https:\\\/\\\/www.altercampagne.net\\\/?p=26471#breadcrumb\",\"itemListElement\":[{\"@type\":\"ListItem\",\"position\":1,\"name\":\"Accueil\",\"item\":\"https:\\\/\\\/www.altercampagne.net\\\/\"},{\"@type\":\"ListItem\",\"position\":2,\"name\":\"Les Escuroux\u00a0: un centre d\u2019essai permaculturel\"}]},{\"@type\":\"WebSite\",\"@id\":\"https:\\\/\\\/www.altercampagne.net\\\/#website\",\"url\":\"https:\\\/\\\/www.altercampagne.net\\\/\",\"name\":\"AlterTour\",\"description\":\"Reliez les Alternatives \u00e0 v\u00e9lo\",\"potentialAction\":[{\"@type\":\"SearchAction\",\"target\":{\"@type\":\"EntryPoint\",\"urlTemplate\":\"https:\\\/\\\/www.altercampagne.net\\\/?s={search_term_string}\"},\"query-input\":{\"@type\":\"PropertyValueSpecification\",\"valueRequired\":true,\"valueName\":\"search_term_string\"}}],\"inLanguage\":\"fr-FR\"},{\"@type\":\"Person\",\"@id\":\"https:\\\/\\\/www.altercampagne.net\\\/#\\\/schema\\\/person\\\/308dc295a67929d58321ff6b59820daa\",\"name\":\"Jonas\",\"image\":{\"@type\":\"ImageObject\",\"inLanguage\":\"fr-FR\",\"@id\":\"https:\\\/\\\/secure.gravatar.com\\\/avatar\\\/ade7b451791545d463915f445a8aee91b58c48cdcbc1ab2b8583fa2f30e159e4?s=96&d=mm&r=g\",\"url\":\"https:\\\/\\\/secure.gravatar.com\\\/avatar\\\/ade7b451791545d463915f445a8aee91b58c48cdcbc1ab2b8583fa2f30e159e4?s=96&d=mm&r=g\",\"contentUrl\":\"https:\\\/\\\/secure.gravatar.com\\\/avatar\\\/ade7b451791545d463915f445a8aee91b58c48cdcbc1ab2b8583fa2f30e159e4?s=96&d=mm&r=g\",\"caption\":\"Jonas\"},\"url\":\"https:\\\/\\\/www.altercampagne.net\\\/?author=316\"}]}<\/script>\n<!-- \/ Yoast SEO plugin. -->","yoast_head_json":{"title":"Les Escuroux\u00a0: un centre d\u2019essai permaculturel - AlterTour","robots":{"index":"index","follow":"follow","max-snippet":"max-snippet:-1","max-image-preview":"max-image-preview:large","max-video-preview":"max-video-preview:-1"},"canonical":"https:\/\/www.altercampagne.net\/?p=26471","og_locale":"fr_FR","og_type":"article","og_title":"Les Escuroux\u00a0: un centre d\u2019essai permaculturel - AlterTour","og_description":"Mathieu Foudral vit depuis quelques ann\u00e9es \u00e0 la ferme des Escuroux (Cayrols, Cantal), il y exp\u00e9rimente la permaculture (permanent agriculture). Son premier but a \u00e9t\u00e9 de viser l\u2019autonomie\u00a0: alimentation, \u00e9nergie, eau. Il nous livre ses retours d\u2019exp\u00e9rience autour d\u2019une premi\u00e8re pr\u00e9sentation focalis\u00e9e sur l\u2019autonomie alimentaire. Il pose la question de ... Read More","og_url":"https:\/\/www.altercampagne.net\/?p=26471","og_site_name":"AlterTour","article_published_time":"2022-09-20T07:54:21+00:00","article_modified_time":"2022-09-21T20:37:40+00:00","og_image":[{"width":1185,"height":889,"url":"https:\/\/www.altercampagne.net\/wp-content\/uploads\/2022\/09\/escuroux.jpg","type":"image\/jpeg"}],"author":"Jonas","twitter_card":"summary_large_image","twitter_misc":{"\u00c9crit par":"Jonas","Dur\u00e9e de lecture estim\u00e9e":"5 minutes"},"schema":{"@context":"https:\/\/schema.org","@graph":[{"@type":"Article","@id":"https:\/\/www.altercampagne.net\/?p=26471#article","isPartOf":{"@id":"https:\/\/www.altercampagne.net\/?p=26471"},"author":{"name":"Jonas","@id":"https:\/\/www.altercampagne.net\/#\/schema\/person\/308dc295a67929d58321ff6b59820daa"},"headline":"Les Escuroux\u00a0: un centre d\u2019essai permaculturel","datePublished":"2022-09-20T07:54:21+00:00","dateModified":"2022-09-21T20:37:40+00:00","mainEntityOfPage":{"@id":"https:\/\/www.altercampagne.net\/?p=26471"},"wordCount":854,"image":{"@id":"https:\/\/www.altercampagne.net\/?p=26471#primaryimage"},"thumbnailUrl":"https:\/\/www.altercampagne.net\/wp-content\/uploads\/2022\/09\/escuroux.jpg","keywords":["autonomie","permaculture","Cantal","Les escuroux"],"articleSection":["Auvergne-Rh\u00f4ne-Alpes","Agriculture","AlterTour","Alimentation","Edition 2022","Environnement"],"inLanguage":"fr-FR"},{"@type":"WebPage","@id":"https:\/\/www.altercampagne.net\/?p=26471","url":"https:\/\/www.altercampagne.net\/?p=26471","name":"Les Escuroux\u00a0: un centre d\u2019essai permaculturel - AlterTour","isPartOf":{"@id":"https:\/\/www.altercampagne.net\/#website"},"primaryImageOfPage":{"@id":"https:\/\/www.altercampagne.net\/?p=26471#primaryimage"},"image":{"@id":"https:\/\/www.altercampagne.net\/?p=26471#primaryimage"},"thumbnailUrl":"https:\/\/www.altercampagne.net\/wp-content\/uploads\/2022\/09\/escuroux.jpg","datePublished":"2022-09-20T07:54:21+00:00","dateModified":"2022-09-21T20:37:40+00:00","author":{"@id":"https:\/\/www.altercampagne.net\/#\/schema\/person\/308dc295a67929d58321ff6b59820daa"},"breadcrumb":{"@id":"https:\/\/www.altercampagne.net\/?p=26471#breadcrumb"},"inLanguage":"fr-FR","potentialAction":[{"@type":"ReadAction","target":["https:\/\/www.altercampagne.net\/?p=26471"]}]},{"@type":"ImageObject","inLanguage":"fr-FR","@id":"https:\/\/www.altercampagne.net\/?p=26471#primaryimage","url":"https:\/\/www.altercampagne.net\/wp-content\/uploads\/2022\/09\/escuroux.jpg","contentUrl":"https:\/\/www.altercampagne.net\/wp-content\/uploads\/2022\/09\/escuroux.jpg","width":1185,"height":889},{"@type":"BreadcrumbList","@id":"https:\/\/www.altercampagne.net\/?p=26471#breadcrumb","itemListElement":[{"@type":"ListItem","position":1,"name":"Accueil","item":"https:\/\/www.altercampagne.net\/"},{"@type":"ListItem","position":2,"name":"Les Escuroux\u00a0: un centre d\u2019essai permaculturel"}]},{"@type":"WebSite","@id":"https:\/\/www.altercampagne.net\/#website","url":"https:\/\/www.altercampagne.net\/","name":"AlterTour","description":"Reliez les Alternatives \u00e0 v\u00e9lo","potentialAction":[{"@type":"SearchAction","target":{"@type":"EntryPoint","urlTemplate":"https:\/\/www.altercampagne.net\/?s={search_term_string}"},"query-input":{"@type":"PropertyValueSpecification","valueRequired":true,"valueName":"search_term_string"}}],"inLanguage":"fr-FR"},{"@type":"Person","@id":"https:\/\/www.altercampagne.net\/#\/schema\/person\/308dc295a67929d58321ff6b59820daa","name":"Jonas","image":{"@type":"ImageObject","inLanguage":"fr-FR","@id":"https:\/\/secure.gravatar.com\/avatar\/ade7b451791545d463915f445a8aee91b58c48cdcbc1ab2b8583fa2f30e159e4?s=96&d=mm&r=g","url":"https:\/\/secure.gravatar.com\/avatar\/ade7b451791545d463915f445a8aee91b58c48cdcbc1ab2b8583fa2f30e159e4?s=96&d=mm&r=g","contentUrl":"https:\/\/secure.gravatar.com\/avatar\/ade7b451791545d463915f445a8aee91b58c48cdcbc1ab2b8583fa2f30e159e4?s=96&d=mm&r=g","caption":"Jonas"},"url":"https:\/\/www.altercampagne.net\/?author=316"}]}},"_links":{"self":[{"href":"https:\/\/www.altercampagne.net\/index.php?rest_route=\/wp\/v2\/posts\/26471","targetHints":{"allow":["GET"]}}],"collection":[{"href":"https:\/\/www.altercampagne.net\/index.php?rest_route=\/wp\/v2\/posts"}],"about":[{"href":"https:\/\/www.altercampagne.net\/index.php?rest_route=\/wp\/v2\/types\/post"}],"author":[{"embeddable":true,"href":"https:\/\/www.altercampagne.net\/index.php?rest_route=\/wp\/v2\/users\/316"}],"replies":[{"embeddable":true,"href":"https:\/\/www.altercampagne.net\/index.php?rest_route=%2Fwp%2Fv2%2Fcomments&post=26471"}],"version-history":[{"count":3,"href":"https:\/\/www.altercampagne.net\/index.php?rest_route=\/wp\/v2\/posts\/26471\/revisions"}],"predecessor-version":[{"id":26806,"href":"https:\/\/www.altercampagne.net\/index.php?rest_route=\/wp\/v2\/posts\/26471\/revisions\/26806"}],"wp:featuredmedia":[{"embeddable":true,"href":"https:\/\/www.altercampagne.net\/index.php?rest_route=\/wp\/v2\/media\/26710"}],"wp:attachment":[{"href":"https:\/\/www.altercampagne.net\/index.php?rest_route=%2Fwp%2Fv2%2Fmedia&parent=26471"}],"wp:term":[{"taxonomy":"category","embeddable":true,"href":"https:\/\/www.altercampagne.net\/index.php?rest_route=%2Fwp%2Fv2%2Fcategories&post=26471"},{"taxonomy":"post_tag","embeddable":true,"href":"https:\/\/www.altercampagne.net\/index.php?rest_route=%2Fwp%2Fv2%2Ftags&post=26471"}],"curies":[{"name":"wp","href":"https:\/\/api.w.org\/{rel}","templated":true}]}}