{"id":26474,"date":"2022-09-08T17:38:33","date_gmt":"2022-09-08T15:38:33","guid":{"rendered":"https:\/\/www.altercampagne.net\/?p=26474"},"modified":"2022-09-08T20:06:08","modified_gmt":"2022-09-08T18:06:08","slug":"alix-a-la-ferme-de-la-maladiere","status":"publish","type":"post","link":"https:\/\/www.altercampagne.net\/?p=26474","title":{"rendered":"Alix \u00e0 la Ferme de la Maladi\u00e8re"},"content":{"rendered":"\n<p>Ouf, apr\u00e8s une immeeeeeense mont\u00e9e (bravo papa&nbsp;!) nous voil\u00e0 enfin arriv\u00e9.e.s \u00e0&nbsp;\u00ab<a href=\"https:\/\/www.fermedelamaladiere.fr\/\">&nbsp;<strong>la Mala<\/strong><\/a>&nbsp;\u00bb, pile poil avant l\u2019orage. Ce n\u2019est que le 2<sup>\u00e8me <\/sup>de ma vie, mais je n\u2019ai m\u00eame pas peur. Apr\u00e8s tout j\u2019ai 20 mois maintenant et d\u00e9j\u00e0 2 D-tour et une \u00e9chapp\u00e9e belle \u00e0 mon actif. Autant vous dire que j\u2019en ai vu d\u2019autres ! Je suis tr\u00e8s content d\u2019\u00eatre ici car \u00e7a faisait un moment que je n\u2019\u00e9tais pas venu, et moi j&rsquo;adooooore cet endroit. Surtout \u00ab&nbsp;la stabule&nbsp;\u00bb, <strong>cet immense hangar qui est rempli de tr\u00e9sors, de bric et de broc.<\/strong> Il y a toujours de quoi s\u2019occuper, fouiner et gambader\u2026 le pied&nbsp;!<\/p>\n\n\n\n<p>Assez vite, tout le monde s\u2019est install\u00e9 en rond et les copaines ont pr\u00e9sent\u00e9 tous les collectifs qui se partagent les espaces depuis le 20 janvier 2020. Mais bon, moi je connais d\u00e9j\u00e0\u00a0! Je sais qu\u2019ici, tout plein d\u2019activit\u00e9s se c\u00f4toient\u00a0: <strong><a href=\"http:\/\/atelierduzephyr.org\/\">L\u2019atelier du Zephyr<\/a><\/strong>, sp\u00e9cialis\u00e9 dans l\u2019autonomie de l\u2019habitat ( feu de bois, \u00e9olien, cuisson solaire&#8230;)\u00a0; du <strong>culturel<\/strong> avec des spectacles pour les petits et les grands\u00a0; <strong>deux mara\u00eechers<\/strong> qui se sont r\u00e9partis les terres, les serres, et les pommes de terre\u00a0; un <strong>\u00e9levage de poulets<\/strong> en plein air\u00a0; <strong>Sue\u00f1o del arte<\/strong> qui fait du cirque sous un immense d\u00f4me amovible\u00a0; <strong>Cr\u00e9ative Science<\/strong> qui fait de la vulgarisation scientifique\u2026 Et bient\u00f4t, l\u2019asso <strong>Ac&rsquo;cueillir <\/strong>proposera un lieu pour des s\u00e9jours de r\u00e9pits \u00e0 destination de personnes en besoin de protection et\/ou de situations de handicap. C\u2019est beau, un lieu qui m\u00eale comme \u00e7a de <strong>l\u2019agriculture, du social, du culturel<\/strong>, mais aussi du <strong>festif <\/strong>avec la 1<sup>\u00e8re<\/sup> \u00e9dition du festival du Poule Up qui s&rsquo;est d\u00e9roul\u00e9 d\u00e9but juillet.<\/p>\n\n\n\n<figure class=\"wp-block-image size-large\"><a href=\"https:\/\/www.altercampagne.net\/wp-content\/uploads\/2022\/08\/Mala.jpg\"><img loading=\"lazy\" decoding=\"async\" width=\"1024\" height=\"766\" src=\"https:\/\/www.altercampagne.net\/wp-content\/uploads\/2022\/08\/Mala-1024x766.jpg\" alt=\"\" class=\"wp-image-26486\" srcset=\"https:\/\/www.altercampagne.net\/wp-content\/uploads\/2022\/08\/Mala-1024x766.jpg 1024w, https:\/\/www.altercampagne.net\/wp-content\/uploads\/2022\/08\/Mala-300x224.jpg 300w, https:\/\/www.altercampagne.net\/wp-content\/uploads\/2022\/08\/Mala-768x575.jpg 768w, https:\/\/www.altercampagne.net\/wp-content\/uploads\/2022\/08\/Mala-1536x1149.jpg 1536w, https:\/\/www.altercampagne.net\/wp-content\/uploads\/2022\/08\/Mala-610x456.jpg 610w, https:\/\/www.altercampagne.net\/wp-content\/uploads\/2022\/08\/Mala-100x75.jpg 100w, https:\/\/www.altercampagne.net\/wp-content\/uploads\/2022\/08\/Mala-862x645.jpg 862w, https:\/\/www.altercampagne.net\/wp-content\/uploads\/2022\/08\/Mala-1140x853.jpg 1140w, https:\/\/www.altercampagne.net\/wp-content\/uploads\/2022\/08\/Mala.jpg 2048w\" sizes=\"auto, (max-width: 1024px) 100vw, 1024px\" \/><\/a><figcaption>Pr\u00e9sentation des collectifs dans la Stabule<\/figcaption><\/figure>\n\n\n\n<h4 class=\"wp-block-heading\">\u00ab\u00a0Ici, la base c&rsquo;est beaucoup de r\u00e9cup et de d\u00e9brouille\u00a0\u00bb<\/h4>\n\n\n\n<p>Il y a un espace par activit\u00e9 et chaque structure paye un loyer en fonction de l\u2019espace qu\u2019elle occupe&nbsp;que ce soit pour des ateliers ou du stockage. Il y a des r\u00e9unions r\u00e9guli\u00e8rement pour parler de la gestion des espaces, mais pas de ce qu\u2019il s\u2019y passe ce qui permet de fonctionner en toute autonomie, toujours en lien mais sans d\u00e9pendance. Pas b\u00eate&nbsp;! En tout, il y a <strong>10 habitant.e.s et une trentaine d\u2019associ\u00e9.e.s<\/strong>, et il faut bien pouvoir les loger et les nourrir, alors on ne s&rsquo;ennuie jamais.<\/p>\n\n\n\n<p>Enfin si, moi un peu pendant cette pr\u00e9sentation comme je savais d\u00e9j\u00e0 tout \u00e7a\u2026 Du coup, j\u2019ai pr\u00e9f\u00e9r\u00e9 aller jouer avec les chiens qui sont tout doux, et aussi avec mon copain Pistache qui m\u2019a fait faire plein de galipettes et d\u2019acrobaties. Apr\u00e8s, maman m\u2019a fait faire des tours de caddie en attendant le repas. Ici, on mange bien et comme je suis un p&rsquo;tit malin, j&rsquo;en r\u00e9clame \u00e0 tous les r\u00e2teliers, surtout du fromaaaage.&nbsp;Je n\u2019avais pas du tout envie de dormir tant il y a de choses \u00e0 voir et de coins \u00e0 explorer mais bon\u2026 Mes yeux ont d\u00e9cid\u00e9 pour moi.<\/p>\n\n\n\n<figure class=\"wp-block-image size-large is-resized\"><a href=\"https:\/\/www.altercampagne.net\/wp-content\/uploads\/2022\/08\/DSC_4731-1-scaled.jpg\"><img loading=\"lazy\" decoding=\"async\" src=\"https:\/\/www.altercampagne.net\/wp-content\/uploads\/2022\/08\/DSC_4731-1-576x1024.jpg\" alt=\"\" class=\"wp-image-26482\" width=\"187\" height=\"332\" srcset=\"https:\/\/www.altercampagne.net\/wp-content\/uploads\/2022\/08\/DSC_4731-1-576x1024.jpg 576w, https:\/\/www.altercampagne.net\/wp-content\/uploads\/2022\/08\/DSC_4731-1-169x300.jpg 169w, https:\/\/www.altercampagne.net\/wp-content\/uploads\/2022\/08\/DSC_4731-1-768x1365.jpg 768w, https:\/\/www.altercampagne.net\/wp-content\/uploads\/2022\/08\/DSC_4731-1-864x1536.jpg 864w, https:\/\/www.altercampagne.net\/wp-content\/uploads\/2022\/08\/DSC_4731-1-1152x2048.jpg 1152w, https:\/\/www.altercampagne.net\/wp-content\/uploads\/2022\/08\/DSC_4731-1-610x1084.jpg 610w, https:\/\/www.altercampagne.net\/wp-content\/uploads\/2022\/08\/DSC_4731-1-100x178.jpg 100w, https:\/\/www.altercampagne.net\/wp-content\/uploads\/2022\/08\/DSC_4731-1-862x1532.jpg 862w, https:\/\/www.altercampagne.net\/wp-content\/uploads\/2022\/08\/DSC_4731-1-1140x2027.jpg 1140w, https:\/\/www.altercampagne.net\/wp-content\/uploads\/2022\/08\/DSC_4731-1-scaled.jpg 1440w\" sizes=\"auto, (max-width: 187px) 100vw, 187px\" \/><\/a><figcaption>\u00ab\u00a0Je dors pas, je me repose juste les yeux\u00a0\u00bb<\/figcaption><\/figure>\n\n\n\n<h4 class=\"wp-block-heading\">R\u00e9veil brumeux mais heureux<\/h4>\n\n\n\n<p>J&rsquo;essaie de communiquer avec les gens assis en rond autour de moi, ils sont vraiment tr\u00e8s bizarres ils me r\u00e9pondent compl\u00e8tement \u00e0 c\u00f4t\u00e9&#8230; Je les soup\u00e7onne de ne pas \u00eatre tr\u00e8s bien r\u00e9veill\u00e9.e.s mais j&rsquo;ai l&rsquo;impression que les boissons fumantes qu&rsquo;iels boivent leur font du bien.&nbsp;J&rsquo;aime bien quand tout le monde se r\u00e9unit comme \u00e7a autour de cette <strong>immense tabl\u00e9e<\/strong>, mais l\u00e0 je suis un peu d\u00e9\u00e7u, iels parlent, \u00e9coutent et font des signes \u00e9tranges avec les mains, mais pour une fois il n&rsquo;y a rien \u00e0 manger&#8230;&nbsp;<\/p>\n\n\n\n<p>Et tout d&rsquo;un coup, <strong>plein de petits groupes partent dans tous les sens<\/strong> : il y en a qui vont jouer avec de tr\u00e8s tr\u00e8s gros morceaux de <strong>bois<\/strong>, d&rsquo;autres qui s&rsquo;amusent \u00e0 fracasser plein de <strong>cailloux <\/strong>avec de tr\u00e8s gros marteaux. \u00c0 l&rsquo;int\u00e9rieur iels cassent le sol, et il y a aussi plein d&rsquo;<strong>\u00e9tincelles<\/strong>, c&rsquo;est beau ! Au loin j&rsquo;en vois partir avec de gros ciseaux vers <strong>les arbres et la for\u00eat<\/strong>, et d&rsquo;autres arrachent la tapisserie du mur et frottent le <strong>plafond<\/strong>, mais j&rsquo;y reste pas, \u00e7a fait de la poussi\u00e8re qui tombe du ciel, \u00e7a pique les yeux.&nbsp;<\/p>\n\n\n\n<figure class=\"wp-block-gallery columns-3 is-cropped wp-block-gallery-1 is-layout-flex wp-block-gallery-is-layout-flex\"><ul class=\"blocks-gallery-grid\"><li class=\"blocks-gallery-item\"><figure><a href=\"https:\/\/www.altercampagne.net\/wp-content\/uploads\/2022\/09\/2022-08-18-st-denis-sur-coise-7696-1-1024x684.jpg\"><img loading=\"lazy\" decoding=\"async\" width=\"1024\" height=\"684\" src=\"https:\/\/www.altercampagne.net\/wp-content\/uploads\/2022\/09\/2022-08-18-st-denis-sur-coise-7696-1-1024x684.jpg\" alt=\"\" data-id=\"26501\" data-link=\"https:\/\/www.altercampagne.net\/?attachment_id=26501\" class=\"wp-image-26501\" srcset=\"https:\/\/www.altercampagne.net\/wp-content\/uploads\/2022\/09\/2022-08-18-st-denis-sur-coise-7696-1-1024x684.jpg 1024w, https:\/\/www.altercampagne.net\/wp-content\/uploads\/2022\/09\/2022-08-18-st-denis-sur-coise-7696-1-300x200.jpg 300w, https:\/\/www.altercampagne.net\/wp-content\/uploads\/2022\/09\/2022-08-18-st-denis-sur-coise-7696-1-768x513.jpg 768w, https:\/\/www.altercampagne.net\/wp-content\/uploads\/2022\/09\/2022-08-18-st-denis-sur-coise-7696-1-1536x1026.jpg 1536w, https:\/\/www.altercampagne.net\/wp-content\/uploads\/2022\/09\/2022-08-18-st-denis-sur-coise-7696-1-2048x1367.jpg 2048w, https:\/\/www.altercampagne.net\/wp-content\/uploads\/2022\/09\/2022-08-18-st-denis-sur-coise-7696-1-610x407.jpg 610w, https:\/\/www.altercampagne.net\/wp-content\/uploads\/2022\/09\/2022-08-18-st-denis-sur-coise-7696-1-100x67.jpg 100w, https:\/\/www.altercampagne.net\/wp-content\/uploads\/2022\/09\/2022-08-18-st-denis-sur-coise-7696-1-862x576.jpg 862w, https:\/\/www.altercampagne.net\/wp-content\/uploads\/2022\/09\/2022-08-18-st-denis-sur-coise-7696-1-1140x761.jpg 1140w\" sizes=\"auto, (max-width: 1024px) 100vw, 1024px\" \/><\/a><\/figure><\/li><li class=\"blocks-gallery-item\"><figure><a href=\"https:\/\/www.altercampagne.net\/wp-content\/uploads\/2022\/09\/2022-08-18-st-denis-sur-coise-7699-1024x684.jpg\"><img loading=\"lazy\" decoding=\"async\" width=\"1024\" height=\"684\" src=\"https:\/\/www.altercampagne.net\/wp-content\/uploads\/2022\/09\/2022-08-18-st-denis-sur-coise-7699-1024x684.jpg\" alt=\"\" data-id=\"26502\" data-link=\"https:\/\/www.altercampagne.net\/?attachment_id=26502\" class=\"wp-image-26502\" srcset=\"https:\/\/www.altercampagne.net\/wp-content\/uploads\/2022\/09\/2022-08-18-st-denis-sur-coise-7699-1024x684.jpg 1024w, https:\/\/www.altercampagne.net\/wp-content\/uploads\/2022\/09\/2022-08-18-st-denis-sur-coise-7699-300x200.jpg 300w, https:\/\/www.altercampagne.net\/wp-content\/uploads\/2022\/09\/2022-08-18-st-denis-sur-coise-7699-768x513.jpg 768w, https:\/\/www.altercampagne.net\/wp-content\/uploads\/2022\/09\/2022-08-18-st-denis-sur-coise-7699-1536x1026.jpg 1536w, https:\/\/www.altercampagne.net\/wp-content\/uploads\/2022\/09\/2022-08-18-st-denis-sur-coise-7699-2048x1367.jpg 2048w, https:\/\/www.altercampagne.net\/wp-content\/uploads\/2022\/09\/2022-08-18-st-denis-sur-coise-7699-610x407.jpg 610w, https:\/\/www.altercampagne.net\/wp-content\/uploads\/2022\/09\/2022-08-18-st-denis-sur-coise-7699-100x67.jpg 100w, https:\/\/www.altercampagne.net\/wp-content\/uploads\/2022\/09\/2022-08-18-st-denis-sur-coise-7699-862x576.jpg 862w, https:\/\/www.altercampagne.net\/wp-content\/uploads\/2022\/09\/2022-08-18-st-denis-sur-coise-7699-1140x761.jpg 1140w\" sizes=\"auto, (max-width: 1024px) 100vw, 1024px\" \/><\/a><\/figure><\/li><li class=\"blocks-gallery-item\"><figure><a href=\"https:\/\/www.altercampagne.net\/wp-content\/uploads\/2022\/09\/2022-08-18-st-denis-sur-coise-7704-1024x684.jpg\"><img loading=\"lazy\" decoding=\"async\" width=\"1024\" height=\"684\" src=\"https:\/\/www.altercampagne.net\/wp-content\/uploads\/2022\/09\/2022-08-18-st-denis-sur-coise-7704-1024x684.jpg\" alt=\"\" data-id=\"26503\" data-link=\"https:\/\/www.altercampagne.net\/?attachment_id=26503\" class=\"wp-image-26503\" srcset=\"https:\/\/www.altercampagne.net\/wp-content\/uploads\/2022\/09\/2022-08-18-st-denis-sur-coise-7704-1024x684.jpg 1024w, https:\/\/www.altercampagne.net\/wp-content\/uploads\/2022\/09\/2022-08-18-st-denis-sur-coise-7704-300x200.jpg 300w, https:\/\/www.altercampagne.net\/wp-content\/uploads\/2022\/09\/2022-08-18-st-denis-sur-coise-7704-768x513.jpg 768w, https:\/\/www.altercampagne.net\/wp-content\/uploads\/2022\/09\/2022-08-18-st-denis-sur-coise-7704-1536x1026.jpg 1536w, https:\/\/www.altercampagne.net\/wp-content\/uploads\/2022\/09\/2022-08-18-st-denis-sur-coise-7704-2048x1367.jpg 2048w, https:\/\/www.altercampagne.net\/wp-content\/uploads\/2022\/09\/2022-08-18-st-denis-sur-coise-7704-610x407.jpg 610w, https:\/\/www.altercampagne.net\/wp-content\/uploads\/2022\/09\/2022-08-18-st-denis-sur-coise-7704-100x67.jpg 100w, https:\/\/www.altercampagne.net\/wp-content\/uploads\/2022\/09\/2022-08-18-st-denis-sur-coise-7704-862x576.jpg 862w, https:\/\/www.altercampagne.net\/wp-content\/uploads\/2022\/09\/2022-08-18-st-denis-sur-coise-7704-1140x761.jpg 1140w\" sizes=\"auto, (max-width: 1024px) 100vw, 1024px\" \/><\/a><\/figure><\/li><li class=\"blocks-gallery-item\"><figure><a href=\"https:\/\/www.altercampagne.net\/wp-content\/uploads\/2022\/09\/2022-08-18-st-denis-sur-coise-7737-1024x684.jpg\"><img loading=\"lazy\" decoding=\"async\" width=\"1024\" height=\"684\" src=\"https:\/\/www.altercampagne.net\/wp-content\/uploads\/2022\/09\/2022-08-18-st-denis-sur-coise-7737-1024x684.jpg\" alt=\"\" data-id=\"26505\" data-link=\"https:\/\/www.altercampagne.net\/?attachment_id=26505\" class=\"wp-image-26505\" srcset=\"https:\/\/www.altercampagne.net\/wp-content\/uploads\/2022\/09\/2022-08-18-st-denis-sur-coise-7737-1024x684.jpg 1024w, https:\/\/www.altercampagne.net\/wp-content\/uploads\/2022\/09\/2022-08-18-st-denis-sur-coise-7737-300x200.jpg 300w, https:\/\/www.altercampagne.net\/wp-content\/uploads\/2022\/09\/2022-08-18-st-denis-sur-coise-7737-768x513.jpg 768w, https:\/\/www.altercampagne.net\/wp-content\/uploads\/2022\/09\/2022-08-18-st-denis-sur-coise-7737-1536x1026.jpg 1536w, https:\/\/www.altercampagne.net\/wp-content\/uploads\/2022\/09\/2022-08-18-st-denis-sur-coise-7737-2048x1367.jpg 2048w, https:\/\/www.altercampagne.net\/wp-content\/uploads\/2022\/09\/2022-08-18-st-denis-sur-coise-7737-610x407.jpg 610w, https:\/\/www.altercampagne.net\/wp-content\/uploads\/2022\/09\/2022-08-18-st-denis-sur-coise-7737-100x67.jpg 100w, https:\/\/www.altercampagne.net\/wp-content\/uploads\/2022\/09\/2022-08-18-st-denis-sur-coise-7737-862x576.jpg 862w, https:\/\/www.altercampagne.net\/wp-content\/uploads\/2022\/09\/2022-08-18-st-denis-sur-coise-7737-1140x761.jpg 1140w\" sizes=\"auto, (max-width: 1024px) 100vw, 1024px\" \/><\/a><\/figure><\/li><li class=\"blocks-gallery-item\"><figure><a href=\"https:\/\/www.altercampagne.net\/wp-content\/uploads\/2022\/09\/2022-08-18-st-denis-sur-coise-7757-1024x684.jpg\"><img loading=\"lazy\" decoding=\"async\" width=\"1024\" height=\"684\" src=\"https:\/\/www.altercampagne.net\/wp-content\/uploads\/2022\/09\/2022-08-18-st-denis-sur-coise-7757-1024x684.jpg\" alt=\"\" data-id=\"26506\" data-link=\"https:\/\/www.altercampagne.net\/?attachment_id=26506\" class=\"wp-image-26506\" srcset=\"https:\/\/www.altercampagne.net\/wp-content\/uploads\/2022\/09\/2022-08-18-st-denis-sur-coise-7757-1024x684.jpg 1024w, https:\/\/www.altercampagne.net\/wp-content\/uploads\/2022\/09\/2022-08-18-st-denis-sur-coise-7757-300x200.jpg 300w, https:\/\/www.altercampagne.net\/wp-content\/uploads\/2022\/09\/2022-08-18-st-denis-sur-coise-7757-768x513.jpg 768w, https:\/\/www.altercampagne.net\/wp-content\/uploads\/2022\/09\/2022-08-18-st-denis-sur-coise-7757-1536x1026.jpg 1536w, https:\/\/www.altercampagne.net\/wp-content\/uploads\/2022\/09\/2022-08-18-st-denis-sur-coise-7757-2048x1367.jpg 2048w, https:\/\/www.altercampagne.net\/wp-content\/uploads\/2022\/09\/2022-08-18-st-denis-sur-coise-7757-610x407.jpg 610w, https:\/\/www.altercampagne.net\/wp-content\/uploads\/2022\/09\/2022-08-18-st-denis-sur-coise-7757-100x67.jpg 100w, https:\/\/www.altercampagne.net\/wp-content\/uploads\/2022\/09\/2022-08-18-st-denis-sur-coise-7757-862x576.jpg 862w, https:\/\/www.altercampagne.net\/wp-content\/uploads\/2022\/09\/2022-08-18-st-denis-sur-coise-7757-1140x761.jpg 1140w\" sizes=\"auto, (max-width: 1024px) 100vw, 1024px\" \/><\/a><\/figure><\/li><li class=\"blocks-gallery-item\"><figure><a href=\"https:\/\/www.altercampagne.net\/wp-content\/uploads\/2022\/09\/2022-08-18-st-denis-sur-coise-7839-scaled.jpg\"><img loading=\"lazy\" decoding=\"async\" width=\"1024\" height=\"684\" src=\"https:\/\/www.altercampagne.net\/wp-content\/uploads\/2022\/09\/2022-08-18-st-denis-sur-coise-7839-1024x684.jpg\" alt=\"\" data-id=\"26508\" data-full-url=\"https:\/\/www.altercampagne.net\/wp-content\/uploads\/2022\/09\/2022-08-18-st-denis-sur-coise-7839-scaled.jpg\" data-link=\"https:\/\/www.altercampagne.net\/?attachment_id=26508\" class=\"wp-image-26508\" srcset=\"https:\/\/www.altercampagne.net\/wp-content\/uploads\/2022\/09\/2022-08-18-st-denis-sur-coise-7839-1024x684.jpg 1024w, https:\/\/www.altercampagne.net\/wp-content\/uploads\/2022\/09\/2022-08-18-st-denis-sur-coise-7839-300x200.jpg 300w, https:\/\/www.altercampagne.net\/wp-content\/uploads\/2022\/09\/2022-08-18-st-denis-sur-coise-7839-768x513.jpg 768w, https:\/\/www.altercampagne.net\/wp-content\/uploads\/2022\/09\/2022-08-18-st-denis-sur-coise-7839-1536x1026.jpg 1536w, https:\/\/www.altercampagne.net\/wp-content\/uploads\/2022\/09\/2022-08-18-st-denis-sur-coise-7839-2048x1367.jpg 2048w, https:\/\/www.altercampagne.net\/wp-content\/uploads\/2022\/09\/2022-08-18-st-denis-sur-coise-7839-610x407.jpg 610w, https:\/\/www.altercampagne.net\/wp-content\/uploads\/2022\/09\/2022-08-18-st-denis-sur-coise-7839-100x67.jpg 100w, https:\/\/www.altercampagne.net\/wp-content\/uploads\/2022\/09\/2022-08-18-st-denis-sur-coise-7839-862x576.jpg 862w, https:\/\/www.altercampagne.net\/wp-content\/uploads\/2022\/09\/2022-08-18-st-denis-sur-coise-7839-1140x761.jpg 1140w\" sizes=\"auto, (max-width: 1024px) 100vw, 1024px\" \/><\/a><\/figure><\/li><li class=\"blocks-gallery-item\"><figure><a href=\"https:\/\/www.altercampagne.net\/wp-content\/uploads\/2022\/09\/2022-08-18-st-denis-sur-coise-7767-1024x684.jpg\"><img loading=\"lazy\" decoding=\"async\" width=\"1024\" height=\"684\" src=\"https:\/\/www.altercampagne.net\/wp-content\/uploads\/2022\/09\/2022-08-18-st-denis-sur-coise-7767-1024x684.jpg\" alt=\"\" data-id=\"26507\" data-link=\"https:\/\/www.altercampagne.net\/?attachment_id=26507\" class=\"wp-image-26507\" srcset=\"https:\/\/www.altercampagne.net\/wp-content\/uploads\/2022\/09\/2022-08-18-st-denis-sur-coise-7767-1024x684.jpg 1024w, https:\/\/www.altercampagne.net\/wp-content\/uploads\/2022\/09\/2022-08-18-st-denis-sur-coise-7767-300x200.jpg 300w, https:\/\/www.altercampagne.net\/wp-content\/uploads\/2022\/09\/2022-08-18-st-denis-sur-coise-7767-768x513.jpg 768w, https:\/\/www.altercampagne.net\/wp-content\/uploads\/2022\/09\/2022-08-18-st-denis-sur-coise-7767-1536x1026.jpg 1536w, https:\/\/www.altercampagne.net\/wp-content\/uploads\/2022\/09\/2022-08-18-st-denis-sur-coise-7767-2048x1367.jpg 2048w, https:\/\/www.altercampagne.net\/wp-content\/uploads\/2022\/09\/2022-08-18-st-denis-sur-coise-7767-610x407.jpg 610w, https:\/\/www.altercampagne.net\/wp-content\/uploads\/2022\/09\/2022-08-18-st-denis-sur-coise-7767-100x67.jpg 100w, https:\/\/www.altercampagne.net\/wp-content\/uploads\/2022\/09\/2022-08-18-st-denis-sur-coise-7767-862x576.jpg 862w, https:\/\/www.altercampagne.net\/wp-content\/uploads\/2022\/09\/2022-08-18-st-denis-sur-coise-7767-1140x761.jpg 1140w\" sizes=\"auto, (max-width: 1024px) 100vw, 1024px\" \/><\/a><\/figure><\/li><\/ul><figcaption class=\"blocks-gallery-caption\">\u00ab\u00a0Il y en a vraiment pour tous les go\u00fbts !\u00a0\u00bb<\/figcaption><\/figure>\n\n\n\n<p>Je serai bien rest\u00e9 du c\u00f4t\u00e9 de l&rsquo;atelier \u00ab\u00a0<strong>p\u00e2te \u00e0 modeler des pizzas<\/strong>\u00a0\u00bb mais finalement j&rsquo;ai trouv\u00e9 le meilleur coin pour jouer et courir partout : l&rsquo;immense dortoir collectif, avec pleins de lits, de matelas, on peut bouger plein de trucs et il fait chaud. <strong>Le paradis !<\/strong>&nbsp;<\/p>\n\n\n\n<figure class=\"wp-block-gallery columns-3 is-cropped wp-block-gallery-2 is-layout-flex wp-block-gallery-is-layout-flex\"><ul class=\"blocks-gallery-grid\"><li class=\"blocks-gallery-item\"><figure><a href=\"https:\/\/www.altercampagne.net\/wp-content\/uploads\/2022\/08\/DSC_4743-scaled.jpg\"><img loading=\"lazy\" decoding=\"async\" width=\"576\" height=\"1024\" src=\"https:\/\/www.altercampagne.net\/wp-content\/uploads\/2022\/08\/DSC_4743-576x1024.jpg\" alt=\"\" data-id=\"26477\" data-full-url=\"https:\/\/www.altercampagne.net\/wp-content\/uploads\/2022\/08\/DSC_4743-scaled.jpg\" data-link=\"https:\/\/www.altercampagne.net\/?attachment_id=26477\" class=\"wp-image-26477\" srcset=\"https:\/\/www.altercampagne.net\/wp-content\/uploads\/2022\/08\/DSC_4743-576x1024.jpg 576w, https:\/\/www.altercampagne.net\/wp-content\/uploads\/2022\/08\/DSC_4743-169x300.jpg 169w, https:\/\/www.altercampagne.net\/wp-content\/uploads\/2022\/08\/DSC_4743-768x1365.jpg 768w, https:\/\/www.altercampagne.net\/wp-content\/uploads\/2022\/08\/DSC_4743-864x1536.jpg 864w, https:\/\/www.altercampagne.net\/wp-content\/uploads\/2022\/08\/DSC_4743-1152x2048.jpg 1152w, https:\/\/www.altercampagne.net\/wp-content\/uploads\/2022\/08\/DSC_4743-610x1084.jpg 610w, https:\/\/www.altercampagne.net\/wp-content\/uploads\/2022\/08\/DSC_4743-100x178.jpg 100w, https:\/\/www.altercampagne.net\/wp-content\/uploads\/2022\/08\/DSC_4743-862x1532.jpg 862w, https:\/\/www.altercampagne.net\/wp-content\/uploads\/2022\/08\/DSC_4743-1140x2027.jpg 1140w, https:\/\/www.altercampagne.net\/wp-content\/uploads\/2022\/08\/DSC_4743-scaled.jpg 1440w\" sizes=\"auto, (max-width: 576px) 100vw, 576px\" \/><\/a><\/figure><\/li><li class=\"blocks-gallery-item\"><figure><a href=\"https:\/\/www.altercampagne.net\/wp-content\/uploads\/2022\/08\/DSC_4744-scaled.jpg\"><img loading=\"lazy\" decoding=\"async\" width=\"576\" height=\"1024\" src=\"https:\/\/www.altercampagne.net\/wp-content\/uploads\/2022\/08\/DSC_4744-576x1024.jpg\" alt=\"\" data-id=\"26478\" data-full-url=\"https:\/\/www.altercampagne.net\/wp-content\/uploads\/2022\/08\/DSC_4744-scaled.jpg\" data-link=\"https:\/\/www.altercampagne.net\/?attachment_id=26478\" class=\"wp-image-26478\" srcset=\"https:\/\/www.altercampagne.net\/wp-content\/uploads\/2022\/08\/DSC_4744-576x1024.jpg 576w, https:\/\/www.altercampagne.net\/wp-content\/uploads\/2022\/08\/DSC_4744-169x300.jpg 169w, https:\/\/www.altercampagne.net\/wp-content\/uploads\/2022\/08\/DSC_4744-768x1365.jpg 768w, https:\/\/www.altercampagne.net\/wp-content\/uploads\/2022\/08\/DSC_4744-864x1536.jpg 864w, https:\/\/www.altercampagne.net\/wp-content\/uploads\/2022\/08\/DSC_4744-1152x2048.jpg 1152w, https:\/\/www.altercampagne.net\/wp-content\/uploads\/2022\/08\/DSC_4744-610x1084.jpg 610w, https:\/\/www.altercampagne.net\/wp-content\/uploads\/2022\/08\/DSC_4744-100x178.jpg 100w, https:\/\/www.altercampagne.net\/wp-content\/uploads\/2022\/08\/DSC_4744-862x1532.jpg 862w, https:\/\/www.altercampagne.net\/wp-content\/uploads\/2022\/08\/DSC_4744-1140x2027.jpg 1140w, https:\/\/www.altercampagne.net\/wp-content\/uploads\/2022\/08\/DSC_4744-scaled.jpg 1440w\" sizes=\"auto, (max-width: 576px) 100vw, 576px\" \/><\/a><\/figure><\/li><li class=\"blocks-gallery-item\"><figure><a href=\"https:\/\/www.altercampagne.net\/wp-content\/uploads\/2022\/08\/DSC_4749-scaled.jpg\"><img loading=\"lazy\" decoding=\"async\" width=\"576\" height=\"1024\" src=\"https:\/\/www.altercampagne.net\/wp-content\/uploads\/2022\/08\/DSC_4749-576x1024.jpg\" alt=\"\" data-id=\"26479\" data-full-url=\"https:\/\/www.altercampagne.net\/wp-content\/uploads\/2022\/08\/DSC_4749-scaled.jpg\" data-link=\"https:\/\/www.altercampagne.net\/?attachment_id=26479\" class=\"wp-image-26479\" srcset=\"https:\/\/www.altercampagne.net\/wp-content\/uploads\/2022\/08\/DSC_4749-576x1024.jpg 576w, https:\/\/www.altercampagne.net\/wp-content\/uploads\/2022\/08\/DSC_4749-169x300.jpg 169w, https:\/\/www.altercampagne.net\/wp-content\/uploads\/2022\/08\/DSC_4749-768x1365.jpg 768w, https:\/\/www.altercampagne.net\/wp-content\/uploads\/2022\/08\/DSC_4749-864x1536.jpg 864w, https:\/\/www.altercampagne.net\/wp-content\/uploads\/2022\/08\/DSC_4749-1152x2048.jpg 1152w, https:\/\/www.altercampagne.net\/wp-content\/uploads\/2022\/08\/DSC_4749-610x1084.jpg 610w, https:\/\/www.altercampagne.net\/wp-content\/uploads\/2022\/08\/DSC_4749-100x178.jpg 100w, https:\/\/www.altercampagne.net\/wp-content\/uploads\/2022\/08\/DSC_4749-862x1532.jpg 862w, https:\/\/www.altercampagne.net\/wp-content\/uploads\/2022\/08\/DSC_4749-1140x2027.jpg 1140w, https:\/\/www.altercampagne.net\/wp-content\/uploads\/2022\/08\/DSC_4749-scaled.jpg 1440w\" sizes=\"auto, (max-width: 576px) 100vw, 576px\" \/><\/a><\/figure><\/li><li class=\"blocks-gallery-item\"><figure><a href=\"https:\/\/www.altercampagne.net\/wp-content\/uploads\/2022\/08\/DSC_4738-scaled.jpg\"><img loading=\"lazy\" decoding=\"async\" width=\"1024\" height=\"576\" src=\"https:\/\/www.altercampagne.net\/wp-content\/uploads\/2022\/08\/DSC_4738-1024x576.jpg\" alt=\"\" data-id=\"26480\" data-full-url=\"https:\/\/www.altercampagne.net\/wp-content\/uploads\/2022\/08\/DSC_4738-scaled.jpg\" data-link=\"https:\/\/www.altercampagne.net\/?attachment_id=26480\" class=\"wp-image-26480\" srcset=\"https:\/\/www.altercampagne.net\/wp-content\/uploads\/2022\/08\/DSC_4738-1024x576.jpg 1024w, https:\/\/www.altercampagne.net\/wp-content\/uploads\/2022\/08\/DSC_4738-300x169.jpg 300w, https:\/\/www.altercampagne.net\/wp-content\/uploads\/2022\/08\/DSC_4738-768x432.jpg 768w, https:\/\/www.altercampagne.net\/wp-content\/uploads\/2022\/08\/DSC_4738-1536x864.jpg 1536w, https:\/\/www.altercampagne.net\/wp-content\/uploads\/2022\/08\/DSC_4738-2048x1152.jpg 2048w, https:\/\/www.altercampagne.net\/wp-content\/uploads\/2022\/08\/DSC_4738-610x343.jpg 610w, https:\/\/www.altercampagne.net\/wp-content\/uploads\/2022\/08\/DSC_4738-100x56.jpg 100w, https:\/\/www.altercampagne.net\/wp-content\/uploads\/2022\/08\/DSC_4738-862x485.jpg 862w, https:\/\/www.altercampagne.net\/wp-content\/uploads\/2022\/08\/DSC_4738-1140x641.jpg 1140w\" sizes=\"auto, (max-width: 1024px) 100vw, 1024px\" \/><\/a><\/figure><\/li><\/ul><figcaption class=\"blocks-gallery-caption\">\u00ab\u00a0Ici, on n&rsquo;a pas le temps de s&rsquo;ennuyer ! \u00ab\u00a0<\/figcaption><\/figure>\n\n\n\n<h4 class=\"wp-block-heading\">Sue\u00f1o del arte, o\u00f9 l&rsquo;art de la transmission<\/h4>\n\n\n\n<p>C&rsquo;est reparti pour un petit tour de v\u00e9lo&#8230; Je n&rsquo;ai rien vu du paysage, et \u00e0 mon r\u00e9veil je n&rsquo;ai rien compris : on \u00e9tait sous <strong>un grand d\u00f4me<\/strong> et il y avait tout plein d&rsquo;enfants et de jeux. Apr\u00e8s avoir fait plein de mouvements tr\u00e8s \u00e9tranges (<em>d\u00e9cid\u00e9ment les adultes sont tr\u00e8s bizarres quand m\u00eame<\/em>), plusieurs groupes se sont form\u00e9s et rassembl\u00e9s autour d&rsquo;un <strong>grand cerceau<\/strong> suspendu en l&rsquo;air, une <strong>barre <\/strong>attach\u00e9e \u00e0 deux cordes, un <strong>grand rideau rouge<\/strong> et un <strong>hamac vert<\/strong>. L\u00e0, les autres enfants ont montr\u00e9 aux grand.e.s comment y grimper et faire de jolies positions, plus ou moins gracieuses en fonction des personnes&#8230; Apr\u00e8s, on a jou\u00e9 avec des balles, des foulards, des bolas, des diabolos, <strong>c&rsquo;\u00e9tait bien rigolo<\/strong> !&nbsp;<\/p>\n\n\n\n<figure class=\"wp-block-image size-large\"><a href=\"https:\/\/www.altercampagne.net\/wp-content\/uploads\/2022\/09\/2022-08-18-st-denis-sur-coise-7819-scaled.jpg\"><img loading=\"lazy\" decoding=\"async\" width=\"1024\" height=\"684\" src=\"https:\/\/www.altercampagne.net\/wp-content\/uploads\/2022\/09\/2022-08-18-st-denis-sur-coise-7819-1024x684.jpg\" alt=\"\" class=\"wp-image-26498\" srcset=\"https:\/\/www.altercampagne.net\/wp-content\/uploads\/2022\/09\/2022-08-18-st-denis-sur-coise-7819-1024x684.jpg 1024w, https:\/\/www.altercampagne.net\/wp-content\/uploads\/2022\/09\/2022-08-18-st-denis-sur-coise-7819-300x200.jpg 300w, https:\/\/www.altercampagne.net\/wp-content\/uploads\/2022\/09\/2022-08-18-st-denis-sur-coise-7819-768x513.jpg 768w, https:\/\/www.altercampagne.net\/wp-content\/uploads\/2022\/09\/2022-08-18-st-denis-sur-coise-7819-1536x1026.jpg 1536w, https:\/\/www.altercampagne.net\/wp-content\/uploads\/2022\/09\/2022-08-18-st-denis-sur-coise-7819-2048x1367.jpg 2048w, https:\/\/www.altercampagne.net\/wp-content\/uploads\/2022\/09\/2022-08-18-st-denis-sur-coise-7819-610x407.jpg 610w, https:\/\/www.altercampagne.net\/wp-content\/uploads\/2022\/09\/2022-08-18-st-denis-sur-coise-7819-100x67.jpg 100w, https:\/\/www.altercampagne.net\/wp-content\/uploads\/2022\/09\/2022-08-18-st-denis-sur-coise-7819-862x576.jpg 862w, https:\/\/www.altercampagne.net\/wp-content\/uploads\/2022\/09\/2022-08-18-st-denis-sur-coise-7819-1140x761.jpg 1140w\" sizes=\"auto, (max-width: 1024px) 100vw, 1024px\" \/><\/a><\/figure>\n\n\n\n<h4 class=\"wp-block-heading\">A taaaaaaable !<\/h4>\n\n\n\n<p>Au retour \u00e0 la Maladi\u00e8re, la meilleure surprise de la journ\u00e9e : <strong>soir\u00e9e pizza cuites au feu de bois<\/strong> !! J&rsquo;ai l&rsquo;impression que tout le monde \u00e9tait aussi heureux que moi autour de cette immense tabl\u00e9e. Moi, je voulais rester pour les entendre <strong>rire, discuter, savourer et festoyer<\/strong>, j&rsquo;ai essay\u00e9 de rester \u00e9veill\u00e9 mais rien \u00e0 faire\u2026 J&rsquo;ai quand m\u00eame pu entendre au loin les <strong>instruments <\/strong>et leurs <strong>chants <\/strong>(<em>plus ou moins justes au fil des heures<\/em>&#8230;) qui ont berc\u00e9s mon sommeil.&nbsp;<\/p>\n\n\n\n<figure class=\"wp-block-image size-large\"><a href=\"https:\/\/www.altercampagne.net\/wp-content\/uploads\/2022\/09\/2022-08-17-transfert-vers-st-denis-sur-coise-7686-scaled.jpg\"><img loading=\"lazy\" decoding=\"async\" width=\"1024\" height=\"684\" src=\"https:\/\/www.altercampagne.net\/wp-content\/uploads\/2022\/09\/2022-08-17-transfert-vers-st-denis-sur-coise-7686-1024x684.jpg\" alt=\"\" class=\"wp-image-26499\" srcset=\"https:\/\/www.altercampagne.net\/wp-content\/uploads\/2022\/09\/2022-08-17-transfert-vers-st-denis-sur-coise-7686-1024x684.jpg 1024w, https:\/\/www.altercampagne.net\/wp-content\/uploads\/2022\/09\/2022-08-17-transfert-vers-st-denis-sur-coise-7686-300x200.jpg 300w, https:\/\/www.altercampagne.net\/wp-content\/uploads\/2022\/09\/2022-08-17-transfert-vers-st-denis-sur-coise-7686-768x513.jpg 768w, https:\/\/www.altercampagne.net\/wp-content\/uploads\/2022\/09\/2022-08-17-transfert-vers-st-denis-sur-coise-7686-1536x1026.jpg 1536w, https:\/\/www.altercampagne.net\/wp-content\/uploads\/2022\/09\/2022-08-17-transfert-vers-st-denis-sur-coise-7686-2048x1367.jpg 2048w, https:\/\/www.altercampagne.net\/wp-content\/uploads\/2022\/09\/2022-08-17-transfert-vers-st-denis-sur-coise-7686-610x407.jpg 610w, https:\/\/www.altercampagne.net\/wp-content\/uploads\/2022\/09\/2022-08-17-transfert-vers-st-denis-sur-coise-7686-100x67.jpg 100w, https:\/\/www.altercampagne.net\/wp-content\/uploads\/2022\/09\/2022-08-17-transfert-vers-st-denis-sur-coise-7686-862x576.jpg 862w, https:\/\/www.altercampagne.net\/wp-content\/uploads\/2022\/09\/2022-08-17-transfert-vers-st-denis-sur-coise-7686-1140x761.jpg 1140w\" sizes=\"auto, (max-width: 1024px) 100vw, 1024px\" \/><\/a><\/figure>\n\n\n\n<h4 class=\"wp-block-heading\">La chasse au tr\u00e9sor de la Mala<\/h4>\n\n\n\n<p>Le lendemain, j&rsquo;ai accompagn\u00e9 l&rsquo;\u00e9quipe \u00ab&nbsp;<strong>chasse au tr\u00e9sor<\/strong> \u00bb. L&rsquo;objectif : trouver toutes les patates et les rassembler dans de grands bacs. J&rsquo;en ai trouv\u00e9 plein, et m\u00eame des vers de terre et autres insectes.&nbsp;<\/p>\n\n\n\n<figure class=\"wp-block-image size-large\"><a href=\"https:\/\/www.altercampagne.net\/wp-content\/uploads\/2022\/08\/DSC_4739-scaled.jpg\"><img loading=\"lazy\" decoding=\"async\" width=\"1024\" height=\"576\" src=\"https:\/\/www.altercampagne.net\/wp-content\/uploads\/2022\/08\/DSC_4739-1024x576.jpg\" alt=\"\" class=\"wp-image-26481\" srcset=\"https:\/\/www.altercampagne.net\/wp-content\/uploads\/2022\/08\/DSC_4739-1024x576.jpg 1024w, https:\/\/www.altercampagne.net\/wp-content\/uploads\/2022\/08\/DSC_4739-300x169.jpg 300w, https:\/\/www.altercampagne.net\/wp-content\/uploads\/2022\/08\/DSC_4739-768x432.jpg 768w, https:\/\/www.altercampagne.net\/wp-content\/uploads\/2022\/08\/DSC_4739-1536x864.jpg 1536w, https:\/\/www.altercampagne.net\/wp-content\/uploads\/2022\/08\/DSC_4739-2048x1152.jpg 2048w, https:\/\/www.altercampagne.net\/wp-content\/uploads\/2022\/08\/DSC_4739-610x343.jpg 610w, https:\/\/www.altercampagne.net\/wp-content\/uploads\/2022\/08\/DSC_4739-100x56.jpg 100w, https:\/\/www.altercampagne.net\/wp-content\/uploads\/2022\/08\/DSC_4739-862x485.jpg 862w, https:\/\/www.altercampagne.net\/wp-content\/uploads\/2022\/08\/DSC_4739-1140x641.jpg 1140w\" sizes=\"auto, (max-width: 1024px) 100vw, 1024px\" \/><\/a><\/figure>\n\n\n\n<p>Pendant la pause entre deux champs, j&rsquo;ai un peu jou\u00e9 avec les chiens, et fait un petit tour des autres \u00e9quipes. Incroyable, <strong>je n&rsquo;ai pas reconnu les pi\u00e8ces <\/strong>!! Le salon de la future maison d&rsquo;accueil est tout blanc du sol au plafond, les murs de la salle souterraine de la future chaudi\u00e8re sont recouverts de bois, il y a 3 nouveaux passages dans la Stabule&#8230; Je vois que tout le monde a \u00e9t\u00e9 vraiment efficace, <strong>je suis fier de nous<\/strong> !&nbsp;<\/p>\n\n\n\n<figure class=\"wp-block-image size-large\"><img loading=\"lazy\" decoding=\"async\" width=\"1024\" height=\"684\" src=\"https:\/\/www.altercampagne.net\/wp-content\/uploads\/2022\/09\/2022-08-18-st-denis-sur-coise-7717-1024x684.jpg\" alt=\"\" class=\"wp-image-26497\" srcset=\"https:\/\/www.altercampagne.net\/wp-content\/uploads\/2022\/09\/2022-08-18-st-denis-sur-coise-7717-1024x684.jpg 1024w, https:\/\/www.altercampagne.net\/wp-content\/uploads\/2022\/09\/2022-08-18-st-denis-sur-coise-7717-300x200.jpg 300w, https:\/\/www.altercampagne.net\/wp-content\/uploads\/2022\/09\/2022-08-18-st-denis-sur-coise-7717-768x513.jpg 768w, https:\/\/www.altercampagne.net\/wp-content\/uploads\/2022\/09\/2022-08-18-st-denis-sur-coise-7717-1536x1026.jpg 1536w, https:\/\/www.altercampagne.net\/wp-content\/uploads\/2022\/09\/2022-08-18-st-denis-sur-coise-7717-2048x1367.jpg 2048w, https:\/\/www.altercampagne.net\/wp-content\/uploads\/2022\/09\/2022-08-18-st-denis-sur-coise-7717-610x407.jpg 610w, https:\/\/www.altercampagne.net\/wp-content\/uploads\/2022\/09\/2022-08-18-st-denis-sur-coise-7717-100x67.jpg 100w, https:\/\/www.altercampagne.net\/wp-content\/uploads\/2022\/09\/2022-08-18-st-denis-sur-coise-7717-862x576.jpg 862w, https:\/\/www.altercampagne.net\/wp-content\/uploads\/2022\/09\/2022-08-18-st-denis-sur-coise-7717-1140x761.jpg 1140w\" sizes=\"auto, (max-width: 1024px) 100vw, 1024px\" \/><figcaption>Mon grand copain poilu et son jouet pr\u00e9f\u00e9r\u00e9<\/figcaption><\/figure>\n\n\n\n<p><\/p>\n","protected":false},"excerpt":{"rendered":"<p>Ouf, apr\u00e8s une immeeeeeense mont\u00e9e (bravo papa&nbsp;!) nous voil\u00e0 enfin arriv\u00e9.e.s \u00e0&nbsp;\u00ab&nbsp;la Mala&nbsp;\u00bb, pile poil avant l\u2019orage. Ce n\u2019est que le 2\u00e8me de ma vie, mais je n\u2019ai m\u00eame pas peur. Apr\u00e8s tout j\u2019ai 20 mois maintenant et d\u00e9j\u00e0 2 D-tour et une \u00e9chapp\u00e9e belle \u00e0 mon actif. Autant vous &#8230; <\/p>\n<div><a href=\"https:\/\/www.altercampagne.net\/?p=26474\" class=\"more-link\">Read More<\/a><\/div>\n","protected":false},"author":409,"featured_media":26499,"comment_status":"closed","ping_status":"closed","sticky":false,"template":"","format":"standard","meta":{"footnotes":""},"categories":[3471,3483,4311,4357,3490,3485,1],"tags":[],"class_list":["post-26474","post","type-post","status-publish","format-standard","has-post-thumbnail","hentry","category-auvergne-rhone-alpes","category-agriculture","category-alter-d-tour","category-edition-2022","category-culture","category-habitat","category-non-classe"],"yoast_head":"<!-- This site is optimized with the Yoast SEO plugin v27.3 - https:\/\/yoast.com\/product\/yoast-seo-wordpress\/ -->\n<title>Alix \u00e0 la Ferme de la Maladi\u00e8re - AlterTour<\/title>\n<meta name=\"robots\" content=\"index, follow, max-snippet:-1, max-image-preview:large, max-video-preview:-1\" \/>\n<link rel=\"canonical\" href=\"https:\/\/www.altercampagne.net\/?p=26474\" \/>\n<meta property=\"og:locale\" content=\"fr_FR\" \/>\n<meta property=\"og:type\" content=\"article\" \/>\n<meta property=\"og:title\" content=\"Alix \u00e0 la Ferme de la Maladi\u00e8re - AlterTour\" \/>\n<meta property=\"og:description\" content=\"Ouf, apr\u00e8s une immeeeeeense mont\u00e9e (bravo papa&nbsp;!) nous voil\u00e0 enfin arriv\u00e9.e.s \u00e0&nbsp;\u00ab&nbsp;la Mala&nbsp;\u00bb, pile poil avant l\u2019orage. Ce n\u2019est que le 2\u00e8me de ma vie, mais je n\u2019ai m\u00eame pas peur. Apr\u00e8s tout j\u2019ai 20 mois maintenant et d\u00e9j\u00e0 2 D-tour et une \u00e9chapp\u00e9e belle \u00e0 mon actif. Autant vous ... Read More\" \/>\n<meta property=\"og:url\" content=\"https:\/\/www.altercampagne.net\/?p=26474\" \/>\n<meta property=\"og:site_name\" content=\"AlterTour\" \/>\n<meta property=\"article:published_time\" content=\"2022-09-08T15:38:33+00:00\" \/>\n<meta property=\"article:modified_time\" content=\"2022-09-08T18:06:08+00:00\" \/>\n<meta property=\"og:image\" content=\"https:\/\/www.altercampagne.net\/wp-content\/uploads\/2022\/09\/2022-08-17-transfert-vers-st-denis-sur-coise-7686-scaled.jpg\" \/>\n\t<meta property=\"og:image:width\" content=\"2560\" \/>\n\t<meta property=\"og:image:height\" content=\"1709\" \/>\n\t<meta property=\"og:image:type\" content=\"image\/jpeg\" \/>\n<meta name=\"author\" content=\"Nanou\" \/>\n<meta name=\"twitter:card\" content=\"summary_large_image\" \/>\n<meta name=\"twitter:label1\" content=\"\u00c9crit par\" \/>\n\t<meta name=\"twitter:data1\" content=\"Nanou\" \/>\n\t<meta name=\"twitter:label2\" content=\"Dur\u00e9e de lecture estim\u00e9e\" \/>\n\t<meta name=\"twitter:data2\" content=\"9 minutes\" \/>\n<script type=\"application\/ld+json\" class=\"yoast-schema-graph\">{\"@context\":\"https:\\\/\\\/schema.org\",\"@graph\":[{\"@type\":\"Article\",\"@id\":\"https:\\\/\\\/www.altercampagne.net\\\/?p=26474#article\",\"isPartOf\":{\"@id\":\"https:\\\/\\\/www.altercampagne.net\\\/?p=26474\"},\"author\":{\"name\":\"Nanou\",\"@id\":\"https:\\\/\\\/www.altercampagne.net\\\/#\\\/schema\\\/person\\\/fbfcdf491afe56e5a0cd7a078e8cf600\"},\"headline\":\"Alix \u00e0 la Ferme de la Maladi\u00e8re\",\"datePublished\":\"2022-09-08T15:38:33+00:00\",\"dateModified\":\"2022-09-08T18:06:08+00:00\",\"mainEntityOfPage\":{\"@id\":\"https:\\\/\\\/www.altercampagne.net\\\/?p=26474\"},\"wordCount\":1262,\"image\":{\"@id\":\"https:\\\/\\\/www.altercampagne.net\\\/?p=26474#primaryimage\"},\"thumbnailUrl\":\"https:\\\/\\\/www.altercampagne.net\\\/wp-content\\\/uploads\\\/2022\\\/09\\\/2022-08-17-transfert-vers-st-denis-sur-coise-7686-scaled.jpg\",\"articleSection\":[\"Auvergne-Rh\u00f4ne-Alpes\",\"Agriculture\",\"Alter-D-tour\",\"Edition 2022\",\"Culture\",\"Habitat\"],\"inLanguage\":\"fr-FR\"},{\"@type\":\"WebPage\",\"@id\":\"https:\\\/\\\/www.altercampagne.net\\\/?p=26474\",\"url\":\"https:\\\/\\\/www.altercampagne.net\\\/?p=26474\",\"name\":\"Alix \u00e0 la Ferme de la Maladi\u00e8re - AlterTour\",\"isPartOf\":{\"@id\":\"https:\\\/\\\/www.altercampagne.net\\\/#website\"},\"primaryImageOfPage\":{\"@id\":\"https:\\\/\\\/www.altercampagne.net\\\/?p=26474#primaryimage\"},\"image\":{\"@id\":\"https:\\\/\\\/www.altercampagne.net\\\/?p=26474#primaryimage\"},\"thumbnailUrl\":\"https:\\\/\\\/www.altercampagne.net\\\/wp-content\\\/uploads\\\/2022\\\/09\\\/2022-08-17-transfert-vers-st-denis-sur-coise-7686-scaled.jpg\",\"datePublished\":\"2022-09-08T15:38:33+00:00\",\"dateModified\":\"2022-09-08T18:06:08+00:00\",\"author\":{\"@id\":\"https:\\\/\\\/www.altercampagne.net\\\/#\\\/schema\\\/person\\\/fbfcdf491afe56e5a0cd7a078e8cf600\"},\"breadcrumb\":{\"@id\":\"https:\\\/\\\/www.altercampagne.net\\\/?p=26474#breadcrumb\"},\"inLanguage\":\"fr-FR\",\"potentialAction\":[{\"@type\":\"ReadAction\",\"target\":[\"https:\\\/\\\/www.altercampagne.net\\\/?p=26474\"]}]},{\"@type\":\"ImageObject\",\"inLanguage\":\"fr-FR\",\"@id\":\"https:\\\/\\\/www.altercampagne.net\\\/?p=26474#primaryimage\",\"url\":\"https:\\\/\\\/www.altercampagne.net\\\/wp-content\\\/uploads\\\/2022\\\/09\\\/2022-08-17-transfert-vers-st-denis-sur-coise-7686-scaled.jpg\",\"contentUrl\":\"https:\\\/\\\/www.altercampagne.net\\\/wp-content\\\/uploads\\\/2022\\\/09\\\/2022-08-17-transfert-vers-st-denis-sur-coise-7686-scaled.jpg\",\"width\":2560,\"height\":1709},{\"@type\":\"BreadcrumbList\",\"@id\":\"https:\\\/\\\/www.altercampagne.net\\\/?p=26474#breadcrumb\",\"itemListElement\":[{\"@type\":\"ListItem\",\"position\":1,\"name\":\"Accueil\",\"item\":\"https:\\\/\\\/www.altercampagne.net\\\/\"},{\"@type\":\"ListItem\",\"position\":2,\"name\":\"Alix \u00e0 la Ferme de la Maladi\u00e8re\"}]},{\"@type\":\"WebSite\",\"@id\":\"https:\\\/\\\/www.altercampagne.net\\\/#website\",\"url\":\"https:\\\/\\\/www.altercampagne.net\\\/\",\"name\":\"AlterTour\",\"description\":\"Reliez les Alternatives \u00e0 v\u00e9lo\",\"potentialAction\":[{\"@type\":\"SearchAction\",\"target\":{\"@type\":\"EntryPoint\",\"urlTemplate\":\"https:\\\/\\\/www.altercampagne.net\\\/?s={search_term_string}\"},\"query-input\":{\"@type\":\"PropertyValueSpecification\",\"valueRequired\":true,\"valueName\":\"search_term_string\"}}],\"inLanguage\":\"fr-FR\"},{\"@type\":\"Person\",\"@id\":\"https:\\\/\\\/www.altercampagne.net\\\/#\\\/schema\\\/person\\\/fbfcdf491afe56e5a0cd7a078e8cf600\",\"name\":\"Nanou\",\"image\":{\"@type\":\"ImageObject\",\"inLanguage\":\"fr-FR\",\"@id\":\"https:\\\/\\\/secure.gravatar.com\\\/avatar\\\/a247ff5a87cd98960c60fc512382fa2b92e4caecc2011b4ef41fe0d592c271a7?s=96&d=mm&r=g\",\"url\":\"https:\\\/\\\/secure.gravatar.com\\\/avatar\\\/a247ff5a87cd98960c60fc512382fa2b92e4caecc2011b4ef41fe0d592c271a7?s=96&d=mm&r=g\",\"contentUrl\":\"https:\\\/\\\/secure.gravatar.com\\\/avatar\\\/a247ff5a87cd98960c60fc512382fa2b92e4caecc2011b4ef41fe0d592c271a7?s=96&d=mm&r=g\",\"caption\":\"Nanou\"},\"url\":\"https:\\\/\\\/www.altercampagne.net\\\/?author=409\"}]}<\/script>\n<!-- \/ Yoast SEO plugin. -->","yoast_head_json":{"title":"Alix \u00e0 la Ferme de la Maladi\u00e8re - AlterTour","robots":{"index":"index","follow":"follow","max-snippet":"max-snippet:-1","max-image-preview":"max-image-preview:large","max-video-preview":"max-video-preview:-1"},"canonical":"https:\/\/www.altercampagne.net\/?p=26474","og_locale":"fr_FR","og_type":"article","og_title":"Alix \u00e0 la Ferme de la Maladi\u00e8re - AlterTour","og_description":"Ouf, apr\u00e8s une immeeeeeense mont\u00e9e (bravo papa&nbsp;!) nous voil\u00e0 enfin arriv\u00e9.e.s \u00e0&nbsp;\u00ab&nbsp;la Mala&nbsp;\u00bb, pile poil avant l\u2019orage. Ce n\u2019est que le 2\u00e8me de ma vie, mais je n\u2019ai m\u00eame pas peur. Apr\u00e8s tout j\u2019ai 20 mois maintenant et d\u00e9j\u00e0 2 D-tour et une \u00e9chapp\u00e9e belle \u00e0 mon actif. Autant vous ... Read More","og_url":"https:\/\/www.altercampagne.net\/?p=26474","og_site_name":"AlterTour","article_published_time":"2022-09-08T15:38:33+00:00","article_modified_time":"2022-09-08T18:06:08+00:00","og_image":[{"width":2560,"height":1709,"url":"https:\/\/www.altercampagne.net\/wp-content\/uploads\/2022\/09\/2022-08-17-transfert-vers-st-denis-sur-coise-7686-scaled.jpg","type":"image\/jpeg"}],"author":"Nanou","twitter_card":"summary_large_image","twitter_misc":{"\u00c9crit par":"Nanou","Dur\u00e9e de lecture estim\u00e9e":"9 minutes"},"schema":{"@context":"https:\/\/schema.org","@graph":[{"@type":"Article","@id":"https:\/\/www.altercampagne.net\/?p=26474#article","isPartOf":{"@id":"https:\/\/www.altercampagne.net\/?p=26474"},"author":{"name":"Nanou","@id":"https:\/\/www.altercampagne.net\/#\/schema\/person\/fbfcdf491afe56e5a0cd7a078e8cf600"},"headline":"Alix \u00e0 la Ferme de la Maladi\u00e8re","datePublished":"2022-09-08T15:38:33+00:00","dateModified":"2022-09-08T18:06:08+00:00","mainEntityOfPage":{"@id":"https:\/\/www.altercampagne.net\/?p=26474"},"wordCount":1262,"image":{"@id":"https:\/\/www.altercampagne.net\/?p=26474#primaryimage"},"thumbnailUrl":"https:\/\/www.altercampagne.net\/wp-content\/uploads\/2022\/09\/2022-08-17-transfert-vers-st-denis-sur-coise-7686-scaled.jpg","articleSection":["Auvergne-Rh\u00f4ne-Alpes","Agriculture","Alter-D-tour","Edition 2022","Culture","Habitat"],"inLanguage":"fr-FR"},{"@type":"WebPage","@id":"https:\/\/www.altercampagne.net\/?p=26474","url":"https:\/\/www.altercampagne.net\/?p=26474","name":"Alix \u00e0 la Ferme de la Maladi\u00e8re - AlterTour","isPartOf":{"@id":"https:\/\/www.altercampagne.net\/#website"},"primaryImageOfPage":{"@id":"https:\/\/www.altercampagne.net\/?p=26474#primaryimage"},"image":{"@id":"https:\/\/www.altercampagne.net\/?p=26474#primaryimage"},"thumbnailUrl":"https:\/\/www.altercampagne.net\/wp-content\/uploads\/2022\/09\/2022-08-17-transfert-vers-st-denis-sur-coise-7686-scaled.jpg","datePublished":"2022-09-08T15:38:33+00:00","dateModified":"2022-09-08T18:06:08+00:00","author":{"@id":"https:\/\/www.altercampagne.net\/#\/schema\/person\/fbfcdf491afe56e5a0cd7a078e8cf600"},"breadcrumb":{"@id":"https:\/\/www.altercampagne.net\/?p=26474#breadcrumb"},"inLanguage":"fr-FR","potentialAction":[{"@type":"ReadAction","target":["https:\/\/www.altercampagne.net\/?p=26474"]}]},{"@type":"ImageObject","inLanguage":"fr-FR","@id":"https:\/\/www.altercampagne.net\/?p=26474#primaryimage","url":"https:\/\/www.altercampagne.net\/wp-content\/uploads\/2022\/09\/2022-08-17-transfert-vers-st-denis-sur-coise-7686-scaled.jpg","contentUrl":"https:\/\/www.altercampagne.net\/wp-content\/uploads\/2022\/09\/2022-08-17-transfert-vers-st-denis-sur-coise-7686-scaled.jpg","width":2560,"height":1709},{"@type":"BreadcrumbList","@id":"https:\/\/www.altercampagne.net\/?p=26474#breadcrumb","itemListElement":[{"@type":"ListItem","position":1,"name":"Accueil","item":"https:\/\/www.altercampagne.net\/"},{"@type":"ListItem","position":2,"name":"Alix \u00e0 la Ferme de la Maladi\u00e8re"}]},{"@type":"WebSite","@id":"https:\/\/www.altercampagne.net\/#website","url":"https:\/\/www.altercampagne.net\/","name":"AlterTour","description":"Reliez les Alternatives \u00e0 v\u00e9lo","potentialAction":[{"@type":"SearchAction","target":{"@type":"EntryPoint","urlTemplate":"https:\/\/www.altercampagne.net\/?s={search_term_string}"},"query-input":{"@type":"PropertyValueSpecification","valueRequired":true,"valueName":"search_term_string"}}],"inLanguage":"fr-FR"},{"@type":"Person","@id":"https:\/\/www.altercampagne.net\/#\/schema\/person\/fbfcdf491afe56e5a0cd7a078e8cf600","name":"Nanou","image":{"@type":"ImageObject","inLanguage":"fr-FR","@id":"https:\/\/secure.gravatar.com\/avatar\/a247ff5a87cd98960c60fc512382fa2b92e4caecc2011b4ef41fe0d592c271a7?s=96&d=mm&r=g","url":"https:\/\/secure.gravatar.com\/avatar\/a247ff5a87cd98960c60fc512382fa2b92e4caecc2011b4ef41fe0d592c271a7?s=96&d=mm&r=g","contentUrl":"https:\/\/secure.gravatar.com\/avatar\/a247ff5a87cd98960c60fc512382fa2b92e4caecc2011b4ef41fe0d592c271a7?s=96&d=mm&r=g","caption":"Nanou"},"url":"https:\/\/www.altercampagne.net\/?author=409"}]}},"_links":{"self":[{"href":"https:\/\/www.altercampagne.net\/index.php?rest_route=\/wp\/v2\/posts\/26474","targetHints":{"allow":["GET"]}}],"collection":[{"href":"https:\/\/www.altercampagne.net\/index.php?rest_route=\/wp\/v2\/posts"}],"about":[{"href":"https:\/\/www.altercampagne.net\/index.php?rest_route=\/wp\/v2\/types\/post"}],"author":[{"embeddable":true,"href":"https:\/\/www.altercampagne.net\/index.php?rest_route=\/wp\/v2\/users\/409"}],"replies":[{"embeddable":true,"href":"https:\/\/www.altercampagne.net\/index.php?rest_route=%2Fwp%2Fv2%2Fcomments&post=26474"}],"version-history":[{"count":6,"href":"https:\/\/www.altercampagne.net\/index.php?rest_route=\/wp\/v2\/posts\/26474\/revisions"}],"predecessor-version":[{"id":26521,"href":"https:\/\/www.altercampagne.net\/index.php?rest_route=\/wp\/v2\/posts\/26474\/revisions\/26521"}],"wp:featuredmedia":[{"embeddable":true,"href":"https:\/\/www.altercampagne.net\/index.php?rest_route=\/wp\/v2\/media\/26499"}],"wp:attachment":[{"href":"https:\/\/www.altercampagne.net\/index.php?rest_route=%2Fwp%2Fv2%2Fmedia&parent=26474"}],"wp:term":[{"taxonomy":"category","embeddable":true,"href":"https:\/\/www.altercampagne.net\/index.php?rest_route=%2Fwp%2Fv2%2Fcategories&post=26474"},{"taxonomy":"post_tag","embeddable":true,"href":"https:\/\/www.altercampagne.net\/index.php?rest_route=%2Fwp%2Fv2%2Ftags&post=26474"}],"curies":[{"name":"wp","href":"https:\/\/api.w.org\/{rel}","templated":true}]}}