{"id":2669,"date":"2016-01-14T18:47:36","date_gmt":"2016-01-14T17:47:36","guid":{"rendered":"http:\/\/www.altercampagne.net\/?p=2669"},"modified":"2016-01-28T11:21:19","modified_gmt":"2016-01-28T10:21:19","slug":"retour-sur-la-cyclo-climatique","status":"publish","type":"post","link":"https:\/\/www.altercampagne.net\/?p=2669","title":{"rendered":"Retour sur la Cyclo-climatique"},"content":{"rendered":"<div><a href=\"http:\/\/www.altercampagne.net\/wp-content\/uploads\/2016\/01\/Solidarit\u00e9-entre-cyclo-remorqueurs.jpg\"><img loading=\"lazy\" decoding=\"async\" class=\" size-full wp-image-2673 aligncenter\" src=\"http:\/\/www.altercampagne.net\/wp-content\/uploads\/2016\/01\/Solidarit\u00e9-entre-cyclo-remorqueurs.jpg\" alt=\"Solidarit\u00e9-entre-cyclo-remorqueurs\" width=\"900\" height=\"551\" srcset=\"https:\/\/www.altercampagne.net\/wp-content\/uploads\/2016\/01\/Solidarit\u00e9-entre-cyclo-remorqueurs.jpg 900w, https:\/\/www.altercampagne.net\/wp-content\/uploads\/2016\/01\/Solidarit\u00e9-entre-cyclo-remorqueurs-300x184.jpg 300w\" sizes=\"auto, (max-width: 900px) 100vw, 900px\" \/><\/a><\/div>\n<div style=\"text-align: justify;\">Haut les c\u0153urs, bas les masques !<\/div>\n<div style=\"text-align: justify;\"><\/div>\n<div style=\"text-align: justify;\">Ou modeste contribution en vue de rapporter autant que faire se peut les faits &amp; gestes d&rsquo;une poign\u00e9e de h\u00e9rauts aux joyeuses figures, except\u00e9s les matins de grand vent, certes parfois trop pr\u00e9sent,et les apr\u00e8s-midis de gr\u00ealons \u00ab\u00a0gros\u00a0 comme des \u0153ufs d&rsquo;ortolan\u00a0\u00bb,mais heureusement plut\u00f4t rares&#8230;<\/div>\n<div style=\"text-align: justify;\"><\/div>\n<div style=\"text-align: justify;\">Oyez, oyez, gentes jouvencelles, humbles hobereaux, pr\u00eatez-nous donc une oreille mi-attentive, mi-perplexe face \u00e0 une\u00a0 qu\u00eate d&rsquo;une vingtaine de v\u00e9locip\u00e9distes de tous poils, certains m\u00eame harnach\u00e9s de ponchos emplum\u00e9s, d&rsquo;autres encore surmont\u00e9s de casques capara\u00e7onn\u00e9s, mais toutes &amp; tous anim\u00e9s par la m\u00eame d\u00e9termination, farouche &amp; n\u00e9anmoins sereine, de rallier co\u00fbte que co\u00fbte, vaille que vaille, les territoires interdits de toutes manifestations, telle une \u00eele gendarm\u00e9e perdue au milieu d&rsquo;une France en proie \u00e0 l&rsquo;agitation due en partie \u00e0 la fi\u00e8vre m\u00e9diatique de la COP,<\/div>\n<div style=\"text-align: justify;\">la vingt &amp; une uni\u00e8me du nom, pour Curieux d&rsquo;Orgies Plan\u00e9taires, pour Charismatiques Officiants Policiers, ou encore pour une Capitulation Ouvertement Perturb\u00e9e&#8230;<\/div>\n<div style=\"text-align: justify;\"><\/div>\n<div style=\"text-align: justify;\">Quoiqu&rsquo;il en soit, et toutes choses \u00e9tant \u00e9gales par ailleurs, il nous a fallu affronter les \u00e9l\u00e9ments, moutures de vents &amp; de\u00a0 pluies pour nous retarder, certes, mais sans pour autant nous d\u00e9courager, enfin presque&#8230;<\/div>\n<div><a href=\"http:\/\/www.altercampagne.net\/wp-content\/uploads\/2016\/01\/Pause-Caf\u00e9-Echecs-Loto-et-sandwichs.jpg\"><img loading=\"lazy\" decoding=\"async\" class=\" size-full wp-image-2675 aligncenter\" src=\"http:\/\/www.altercampagne.net\/wp-content\/uploads\/2016\/01\/Pause-Caf\u00e9-Echecs-Loto-et-sandwichs.jpg\" alt=\"Pause-Caf\u00e9-Echecs-Loto-et-sandwichs\" width=\"900\" height=\"464\" srcset=\"https:\/\/www.altercampagne.net\/wp-content\/uploads\/2016\/01\/Pause-Caf\u00e9-Echecs-Loto-et-sandwichs.jpg 900w, https:\/\/www.altercampagne.net\/wp-content\/uploads\/2016\/01\/Pause-Caf\u00e9-Echecs-Loto-et-sandwichs-300x155.jpg 300w\" sizes=\"auto, (max-width: 900px) 100vw, 900px\" \/><\/a><\/div>\n<div style=\"text-align: justify;\">\u00a0Mais si l&rsquo;un ou l&rsquo;une tombait par inadvertance, par oubli d&rsquo;appuyer inlassablement sur les p\u00e9dales, par lassitude, par\u00a0 \u00e9puisement m\u00eame, d&rsquo;autres se relevaient dans le m\u00eame temps pour reprendre la place d\u00fbment convoit\u00e9e, ch\u00e8rement acquise, dans un peloton qui se resserrait au fil des heures, masse compacte et pourtant si fr\u00eale, minuscule banc de sardines soud\u00e9es face \u00e0 la mar\u00e9e innombrable dans une nuit pr\u00e9coce, de pr\u00e9dateurs m\u00e9talliques &amp; encaoutchout\u00e9s&#8230;<\/div>\n<div style=\"text-align: justify;\"><\/div>\n<div style=\"text-align: justify;\">Conducteurs englu\u00e9s, agglutin\u00e9s, et pourtant si solitaires, aux yeux vides, au regard fix\u00e9 \u00e0 la lueurs des lanternes\u00a0 \u00e9carlates de leurs infortun\u00e9s compagnons de naufrages \u00e9chou\u00e9s comme eux dans une g\u00e9ante nasse, malheureux crabes qui avancent au ralenti, en files indiennes, \u00e0 heures fixes&#8230;<\/div>\n<div style=\"text-align: justify;\"><\/div>\n<div style=\"text-align: justify;\">Mais qu&rsquo;importe, nous \u00e9tions accueillis par dix, vingt, cent militants, au final, toujours prompts \u00e0 vouloir nous faire partager la chaleur de causes vraiment pas gagn\u00e9es, avec ce qu&rsquo;il faut de proc\u00e9dures aux multiples rebondissements,<\/div>\n<div style=\"text-align: justify;\">ce qu&rsquo;il faut de traque du moindre vice de forme, ce qu&rsquo;il faut de qu\u00eate du plus petit batracien prot\u00e9g\u00e9, avec le tenace et n\u00e9anmoins faramineux projet de faire capoter l&rsquo;un de ces maudits GPI, Grands Projets Inutiles, d\u00e9nomm\u00e9s encore Gros Prurits Inacceptables&#8230;<\/div>\n<div style=\"text-align: justify;\"><\/div>\n<div style=\"text-align: justify;\">Ceux-l\u00e0 m\u00eame qui veulent occuper le sol de nos campagnes &amp; de notre mental aux abois, du projet de d\u00e9charge dans le Bois du roi, \u00e0 Ormoy-Villers, dans l&rsquo;Oise, au stockage de d\u00e9chets amiant\u00e9s dans des casses automobiles, encore dans l&rsquo;Oise, de la centrale au gaz sur un corridor \u00e9cologique, \u00e0 Verberie, toujours dans l&rsquo;Oise, \u00e0 la construction d&rsquo;un centre commercial g\u00e9ant, Europacity, dans le triangle de Gonesse, en Val d&rsquo;Oise&#8230;<\/div>\n<div style=\"text-align: justify;\"><\/div>\n<div style=\"text-align: justify;\">Heureusement, comme dans toute aventure collective &amp; malheureusement trop courte, il nous fallait terminer cette qu\u00eate v\u00e9locip\u00e9dique par une lueur d&rsquo;espoir qui nous fasse oublier cette escorte de la mar\u00e9chauss\u00e9e de pied en cape pour assurer notre s\u00e9curit\u00e9 sinon mentale, du moins physique, routi\u00e8re pour tout dire, ou m\u00eame roturi\u00e8re&#8230;<\/div>\n<div style=\"text-align: justify;\"><\/div>\n<div style=\"text-align: justify;\">Nous, modestes roturiers, avons donc \u00e9t\u00e9 accompagn\u00e9s par de\u00a0 fid\u00e8les cerb\u00e8res pour surmonter l&rsquo;\u00e9prouvante travers\u00e9e d&rsquo;une portion congrue de l&rsquo;\u00cele de France, perdus encore &amp; trop souvent dans le flux &amp; reflux automobilesque avec, en contrepoint, les sillons a\u00e9riens de ces insectes, libellules g\u00e9antes surgies d&rsquo;un autre \u00e2ge, au beau milieu du ciel z\u00e9br\u00e9 de Roissy&#8230;<\/div>\n<div style=\"text-align: justify;\"><a href=\"http:\/\/www.altercampagne.net\/wp-content\/uploads\/2016\/01\/Pique-nique-au-lyc\u00e9e-autoger\u00e9-de-Paris.jpg\"><img loading=\"lazy\" decoding=\"async\" class=\" size-full wp-image-2679 aligncenter\" src=\"http:\/\/www.altercampagne.net\/wp-content\/uploads\/2016\/01\/Pique-nique-au-lyc\u00e9e-autoger\u00e9-de-Paris.jpg\" alt=\"Pique-nique-au-lyc\u00e9e-autoger\u00e9-de-Paris\" width=\"900\" height=\"548\" srcset=\"https:\/\/www.altercampagne.net\/wp-content\/uploads\/2016\/01\/Pique-nique-au-lyc\u00e9e-autoger\u00e9-de-Paris.jpg 900w, https:\/\/www.altercampagne.net\/wp-content\/uploads\/2016\/01\/Pique-nique-au-lyc\u00e9e-autoger\u00e9-de-Paris-300x183.jpg 300w\" sizes=\"auto, (max-width: 900px) 100vw, 900px\" \/><\/a> C&rsquo;est ainsi, le c\u0153ur gros et le regard vide, que nous sommes arriv\u00e9s cahin-caha \u00e0 la Kapitale : nul faste, nulle trompette, pas le moindre p\u00e9tale de roses lanc\u00e9 \u00e0 la vol\u00e9e pour saluer notre passage, nulle ovation ponctu\u00e9e de retentissants \u00ab\u00a0Viva\u00a0\u00bb, de tonitruants \u00ab\u00a0Hourra\u00a0\u00bb, juste quelques coups de klaxons mal embouch\u00e9s pour saluer l&rsquo;entr\u00e9e en lice des deux roues p\u00e9taradants, d\u00e9marrage en trombe \u00e0 la vue de la moindre touche verte en ce paysage min\u00e9ral, &amp; qui se faufilent entre nous tels des crocodiles sournois alors que nous voil\u00e0, pauvres f\u00e9tus de paille emport\u00e9s par le courant vers le Lyc\u00e9e Autog\u00e9r\u00e9 de Paris&#8230;<\/div>\n<div style=\"text-align: justify;\"><\/div>\n<div style=\"text-align: justify;\">Havre de paix pour un pique-nique dans la cour enverdur\u00e9e et au soleil, s&rsquo;il vous pla\u00eet, luxe de la campagne qui s&rsquo;invite en notre compagnie pour mieux r\u00e9chauffer nos peaux et les pierres de ce b\u00e2timent \u00e0 l&rsquo;\u00e2ge probablement v\u00e9n\u00e9rable qui abrite moult activit\u00e9s d&rsquo;expressions &amp; de cr\u00e9ations, d&rsquo;illusions et de contestations, de discussions &amp; de contradictions, de libations et de d\u00e9lib\u00e9rations&#8230;<\/div>\n<div style=\"text-align: justify;\"><\/div>\n<div style=\"text-align: justify;\">Bref, pour finir en beaut\u00e9, nous avons d\u00e9fil\u00e9 en v\u00e9lorution, chant\u00e9s en improvisation, rigol\u00e9s \u00e0 l&rsquo;unisson, en attendant que la ville nous recrache, tel des Jonas dans sa baleine, patients, obstin\u00e9s, bien d\u00e9cid\u00e9s \u00e0 savoir ce qu&rsquo;elle avait dans le\u00a0 ventre, quelles promesses pouvait-elle recel\u00e9e&#8230;<\/div>\n<div><a href=\"http:\/\/www.altercampagne.net\/wp-content\/uploads\/2016\/01\/V\u00e9lorution.jpg\"><img loading=\"lazy\" decoding=\"async\" class=\" size-full wp-image-2674 aligncenter\" src=\"http:\/\/www.altercampagne.net\/wp-content\/uploads\/2016\/01\/V\u00e9lorution.jpg\" alt=\"V\u00e9lorution\" width=\"900\" height=\"605\" srcset=\"https:\/\/www.altercampagne.net\/wp-content\/uploads\/2016\/01\/V\u00e9lorution.jpg 900w, https:\/\/www.altercampagne.net\/wp-content\/uploads\/2016\/01\/V\u00e9lorution-300x202.jpg 300w\" sizes=\"auto, (max-width: 900px) 100vw, 900px\" \/><\/a><\/div>\n<div style=\"text-align: justify;\">Mais non, la montagne a accouch\u00e9, non sans effort, de quelques souris qui sont rentr\u00e9es presque bredouilles, en leur\u00a0 contr\u00e9e apr\u00e8s avoir pourtant tant &amp; tant palabr\u00e9, ergot\u00e9 &amp; n\u00e9goci\u00e9&#8230;<\/div>\n<div><\/div>\n<div>Voil\u00e0-voilou, c&rsquo;est tout pour z&rsquo;aujourd&rsquo;ui ! Bis&rsquo;ouilles !<\/div>\n<div><\/div>\n<div>C&rsquo;\u00e9tait Herv\u00e9, de passage &amp; en direct de Saint-Jans Cappel<\/div>\n","protected":false},"excerpt":{"rendered":"<p>Haut les c\u0153urs, bas les masques ! Ou modeste contribution en vue de rapporter autant que faire se peut les faits &amp; gestes d&rsquo;une poign\u00e9e de h\u00e9rauts aux joyeuses figures, except\u00e9s les matins de grand vent, certes parfois trop pr\u00e9sent,et les apr\u00e8s-midis de gr\u00ealons \u00ab\u00a0gros\u00a0 comme des \u0153ufs d&rsquo;ortolan\u00a0\u00bb,mais heureusement &#8230; <\/p>\n<div><a href=\"https:\/\/www.altercampagne.net\/?p=2669\" class=\"more-link\">Read More<\/a><\/div>\n","protected":false},"author":215,"featured_media":0,"comment_status":"closed","ping_status":"closed","sticky":false,"template":"","format":"standard","meta":{"footnotes":""},"categories":[1],"tags":[44,233,538,539],"class_list":["post-2669","post","type-post","status-publish","format-standard","hentry","category-non-classe","tag-climat","tag-cop21","tag-cyclo-climatique","tag-tour-cyclo","no-post-thumbnail"],"yoast_head":"<!-- This site is optimized with the Yoast SEO plugin v27.3 - https:\/\/yoast.com\/product\/yoast-seo-wordpress\/ -->\n<title>Retour sur la Cyclo-climatique - AlterTour<\/title>\n<meta name=\"robots\" content=\"index, follow, max-snippet:-1, max-image-preview:large, max-video-preview:-1\" \/>\n<link rel=\"canonical\" href=\"https:\/\/www.altercampagne.net\/?p=2669\" \/>\n<meta property=\"og:locale\" content=\"fr_FR\" \/>\n<meta property=\"og:type\" content=\"article\" \/>\n<meta property=\"og:title\" content=\"Retour sur la Cyclo-climatique - AlterTour\" \/>\n<meta property=\"og:description\" content=\"Haut les c\u0153urs, bas les masques ! Ou modeste contribution en vue de rapporter autant que faire se peut les faits &amp; gestes d&rsquo;une poign\u00e9e de h\u00e9rauts aux joyeuses figures, except\u00e9s les matins de grand vent, certes parfois trop pr\u00e9sent,et les apr\u00e8s-midis de gr\u00ealons \u00ab\u00a0gros\u00a0 comme des \u0153ufs d&rsquo;ortolan\u00a0\u00bb,mais heureusement ... Read More\" \/>\n<meta property=\"og:url\" content=\"https:\/\/www.altercampagne.net\/?p=2669\" \/>\n<meta property=\"og:site_name\" content=\"AlterTour\" \/>\n<meta property=\"article:published_time\" content=\"2016-01-14T17:47:36+00:00\" \/>\n<meta property=\"article:modified_time\" content=\"2016-01-28T10:21:19+00:00\" \/>\n<meta property=\"og:image\" content=\"http:\/\/www.altercampagne.net\/wp-content\/uploads\/2016\/01\/Solidarit\u00e9-entre-cyclo-remorqueurs.jpg\" \/>\n<meta name=\"author\" content=\"AlterTour\" \/>\n<meta name=\"twitter:card\" content=\"summary_large_image\" \/>\n<meta name=\"twitter:label1\" content=\"\u00c9crit par\" \/>\n\t<meta name=\"twitter:data1\" content=\"AlterTour\" \/>\n\t<meta name=\"twitter:label2\" content=\"Dur\u00e9e de lecture estim\u00e9e\" \/>\n\t<meta name=\"twitter:data2\" content=\"5 minutes\" \/>\n<script type=\"application\/ld+json\" class=\"yoast-schema-graph\">{\"@context\":\"https:\\\/\\\/schema.org\",\"@graph\":[{\"@type\":\"Article\",\"@id\":\"https:\\\/\\\/www.altercampagne.net\\\/?p=2669#article\",\"isPartOf\":{\"@id\":\"https:\\\/\\\/www.altercampagne.net\\\/?p=2669\"},\"author\":{\"name\":\"AlterTour\",\"@id\":\"https:\\\/\\\/www.altercampagne.net\\\/#\\\/schema\\\/person\\\/e5b68c803196f649c2152249d262d94a\"},\"headline\":\"Retour sur la Cyclo-climatique\",\"datePublished\":\"2016-01-14T17:47:36+00:00\",\"dateModified\":\"2016-01-28T10:21:19+00:00\",\"mainEntityOfPage\":{\"@id\":\"https:\\\/\\\/www.altercampagne.net\\\/?p=2669\"},\"wordCount\":964,\"keywords\":[\"climat\",\"cop21\",\"cyclo-climatique\",\"tour cyclo\"],\"inLanguage\":\"fr-FR\"},{\"@type\":\"WebPage\",\"@id\":\"https:\\\/\\\/www.altercampagne.net\\\/?p=2669\",\"url\":\"https:\\\/\\\/www.altercampagne.net\\\/?p=2669\",\"name\":\"Retour sur la Cyclo-climatique - AlterTour\",\"isPartOf\":{\"@id\":\"https:\\\/\\\/www.altercampagne.net\\\/#website\"},\"datePublished\":\"2016-01-14T17:47:36+00:00\",\"dateModified\":\"2016-01-28T10:21:19+00:00\",\"author\":{\"@id\":\"https:\\\/\\\/www.altercampagne.net\\\/#\\\/schema\\\/person\\\/e5b68c803196f649c2152249d262d94a\"},\"breadcrumb\":{\"@id\":\"https:\\\/\\\/www.altercampagne.net\\\/?p=2669#breadcrumb\"},\"inLanguage\":\"fr-FR\",\"potentialAction\":[{\"@type\":\"ReadAction\",\"target\":[\"https:\\\/\\\/www.altercampagne.net\\\/?p=2669\"]}]},{\"@type\":\"BreadcrumbList\",\"@id\":\"https:\\\/\\\/www.altercampagne.net\\\/?p=2669#breadcrumb\",\"itemListElement\":[{\"@type\":\"ListItem\",\"position\":1,\"name\":\"Accueil\",\"item\":\"https:\\\/\\\/www.altercampagne.net\\\/\"},{\"@type\":\"ListItem\",\"position\":2,\"name\":\"Retour sur la Cyclo-climatique\"}]},{\"@type\":\"WebSite\",\"@id\":\"https:\\\/\\\/www.altercampagne.net\\\/#website\",\"url\":\"https:\\\/\\\/www.altercampagne.net\\\/\",\"name\":\"AlterTour\",\"description\":\"Reliez les Alternatives \u00e0 v\u00e9lo\",\"potentialAction\":[{\"@type\":\"SearchAction\",\"target\":{\"@type\":\"EntryPoint\",\"urlTemplate\":\"https:\\\/\\\/www.altercampagne.net\\\/?s={search_term_string}\"},\"query-input\":{\"@type\":\"PropertyValueSpecification\",\"valueRequired\":true,\"valueName\":\"search_term_string\"}}],\"inLanguage\":\"fr-FR\"},{\"@type\":\"Person\",\"@id\":\"https:\\\/\\\/www.altercampagne.net\\\/#\\\/schema\\\/person\\\/e5b68c803196f649c2152249d262d94a\",\"name\":\"AlterTour\",\"image\":{\"@type\":\"ImageObject\",\"inLanguage\":\"fr-FR\",\"@id\":\"https:\\\/\\\/secure.gravatar.com\\\/avatar\\\/3f2ed77f8506b8ea264ad5938bb0114bfa10f35b64086a66dfbb6e9f58ad9693?s=96&d=mm&r=g\",\"url\":\"https:\\\/\\\/secure.gravatar.com\\\/avatar\\\/3f2ed77f8506b8ea264ad5938bb0114bfa10f35b64086a66dfbb6e9f58ad9693?s=96&d=mm&r=g\",\"contentUrl\":\"https:\\\/\\\/secure.gravatar.com\\\/avatar\\\/3f2ed77f8506b8ea264ad5938bb0114bfa10f35b64086a66dfbb6e9f58ad9693?s=96&d=mm&r=g\",\"caption\":\"AlterTour\"},\"url\":\"https:\\\/\\\/www.altercampagne.net\\\/?author=215\"}]}<\/script>\n<!-- \/ Yoast SEO plugin. -->","yoast_head_json":{"title":"Retour sur la Cyclo-climatique - AlterTour","robots":{"index":"index","follow":"follow","max-snippet":"max-snippet:-1","max-image-preview":"max-image-preview:large","max-video-preview":"max-video-preview:-1"},"canonical":"https:\/\/www.altercampagne.net\/?p=2669","og_locale":"fr_FR","og_type":"article","og_title":"Retour sur la Cyclo-climatique - AlterTour","og_description":"Haut les c\u0153urs, bas les masques ! Ou modeste contribution en vue de rapporter autant que faire se peut les faits &amp; gestes d&rsquo;une poign\u00e9e de h\u00e9rauts aux joyeuses figures, except\u00e9s les matins de grand vent, certes parfois trop pr\u00e9sent,et les apr\u00e8s-midis de gr\u00ealons \u00ab\u00a0gros\u00a0 comme des \u0153ufs d&rsquo;ortolan\u00a0\u00bb,mais heureusement ... Read More","og_url":"https:\/\/www.altercampagne.net\/?p=2669","og_site_name":"AlterTour","article_published_time":"2016-01-14T17:47:36+00:00","article_modified_time":"2016-01-28T10:21:19+00:00","og_image":[{"url":"http:\/\/www.altercampagne.net\/wp-content\/uploads\/2016\/01\/Solidarit\u00e9-entre-cyclo-remorqueurs.jpg","type":"","width":"","height":""}],"author":"AlterTour","twitter_card":"summary_large_image","twitter_misc":{"\u00c9crit par":"AlterTour","Dur\u00e9e de lecture estim\u00e9e":"5 minutes"},"schema":{"@context":"https:\/\/schema.org","@graph":[{"@type":"Article","@id":"https:\/\/www.altercampagne.net\/?p=2669#article","isPartOf":{"@id":"https:\/\/www.altercampagne.net\/?p=2669"},"author":{"name":"AlterTour","@id":"https:\/\/www.altercampagne.net\/#\/schema\/person\/e5b68c803196f649c2152249d262d94a"},"headline":"Retour sur la Cyclo-climatique","datePublished":"2016-01-14T17:47:36+00:00","dateModified":"2016-01-28T10:21:19+00:00","mainEntityOfPage":{"@id":"https:\/\/www.altercampagne.net\/?p=2669"},"wordCount":964,"keywords":["climat","cop21","cyclo-climatique","tour cyclo"],"inLanguage":"fr-FR"},{"@type":"WebPage","@id":"https:\/\/www.altercampagne.net\/?p=2669","url":"https:\/\/www.altercampagne.net\/?p=2669","name":"Retour sur la Cyclo-climatique - AlterTour","isPartOf":{"@id":"https:\/\/www.altercampagne.net\/#website"},"datePublished":"2016-01-14T17:47:36+00:00","dateModified":"2016-01-28T10:21:19+00:00","author":{"@id":"https:\/\/www.altercampagne.net\/#\/schema\/person\/e5b68c803196f649c2152249d262d94a"},"breadcrumb":{"@id":"https:\/\/www.altercampagne.net\/?p=2669#breadcrumb"},"inLanguage":"fr-FR","potentialAction":[{"@type":"ReadAction","target":["https:\/\/www.altercampagne.net\/?p=2669"]}]},{"@type":"BreadcrumbList","@id":"https:\/\/www.altercampagne.net\/?p=2669#breadcrumb","itemListElement":[{"@type":"ListItem","position":1,"name":"Accueil","item":"https:\/\/www.altercampagne.net\/"},{"@type":"ListItem","position":2,"name":"Retour sur la Cyclo-climatique"}]},{"@type":"WebSite","@id":"https:\/\/www.altercampagne.net\/#website","url":"https:\/\/www.altercampagne.net\/","name":"AlterTour","description":"Reliez les Alternatives \u00e0 v\u00e9lo","potentialAction":[{"@type":"SearchAction","target":{"@type":"EntryPoint","urlTemplate":"https:\/\/www.altercampagne.net\/?s={search_term_string}"},"query-input":{"@type":"PropertyValueSpecification","valueRequired":true,"valueName":"search_term_string"}}],"inLanguage":"fr-FR"},{"@type":"Person","@id":"https:\/\/www.altercampagne.net\/#\/schema\/person\/e5b68c803196f649c2152249d262d94a","name":"AlterTour","image":{"@type":"ImageObject","inLanguage":"fr-FR","@id":"https:\/\/secure.gravatar.com\/avatar\/3f2ed77f8506b8ea264ad5938bb0114bfa10f35b64086a66dfbb6e9f58ad9693?s=96&d=mm&r=g","url":"https:\/\/secure.gravatar.com\/avatar\/3f2ed77f8506b8ea264ad5938bb0114bfa10f35b64086a66dfbb6e9f58ad9693?s=96&d=mm&r=g","contentUrl":"https:\/\/secure.gravatar.com\/avatar\/3f2ed77f8506b8ea264ad5938bb0114bfa10f35b64086a66dfbb6e9f58ad9693?s=96&d=mm&r=g","caption":"AlterTour"},"url":"https:\/\/www.altercampagne.net\/?author=215"}]}},"_links":{"self":[{"href":"https:\/\/www.altercampagne.net\/index.php?rest_route=\/wp\/v2\/posts\/2669","targetHints":{"allow":["GET"]}}],"collection":[{"href":"https:\/\/www.altercampagne.net\/index.php?rest_route=\/wp\/v2\/posts"}],"about":[{"href":"https:\/\/www.altercampagne.net\/index.php?rest_route=\/wp\/v2\/types\/post"}],"author":[{"embeddable":true,"href":"https:\/\/www.altercampagne.net\/index.php?rest_route=\/wp\/v2\/users\/215"}],"replies":[{"embeddable":true,"href":"https:\/\/www.altercampagne.net\/index.php?rest_route=%2Fwp%2Fv2%2Fcomments&post=2669"}],"version-history":[{"count":0,"href":"https:\/\/www.altercampagne.net\/index.php?rest_route=\/wp\/v2\/posts\/2669\/revisions"}],"wp:attachment":[{"href":"https:\/\/www.altercampagne.net\/index.php?rest_route=%2Fwp%2Fv2%2Fmedia&parent=2669"}],"wp:term":[{"taxonomy":"category","embeddable":true,"href":"https:\/\/www.altercampagne.net\/index.php?rest_route=%2Fwp%2Fv2%2Fcategories&post=2669"},{"taxonomy":"post_tag","embeddable":true,"href":"https:\/\/www.altercampagne.net\/index.php?rest_route=%2Fwp%2Fv2%2Ftags&post=2669"}],"curies":[{"name":"wp","href":"https:\/\/api.w.org\/{rel}","templated":true}]}}