{"id":2684,"date":"2016-01-15T11:14:32","date_gmt":"2016-01-15T10:14:32","guid":{"rendered":"http:\/\/www.altercampagne.net\/?p=2684"},"modified":"2024-08-27T16:55:12","modified_gmt":"2024-08-27T14:55:12","slug":"table-ronde-des-tours-cyclo-militants","status":"publish","type":"post","link":"https:\/\/www.altercampagne.net\/?p=2684","title":{"rendered":"Table ronde des Tours cyclo-militants"},"content":{"rendered":"<p>La table ronde des Tours cyclo-militants aura lieu \u00e0 l&rsquo;occasion du <a href=\"http:\/\/www.cyclo-camping.international\/festival\/\" target=\"_blank\" rel=\"noopener noreferrer\">Festival international du voyage \u00e0 v\u00e9lo<\/a> dimanche 17 janvier de 16h15 \u00e0 17h15 \u00e0 l&rsquo;Espace Daniel Sorano, 16 rue Charles Path\u00e9 \u00e0 Vincennes (M\u00e9tro 1, station Ch\u00e2teau de Vincennes ou RER A, station Vincennes).<\/p>\n<p>Cyclo-camping International nous accueille dans son festival afin d&rsquo;\u00e9changer sur la pratique de l&rsquo;itin\u00e9rance cyclo en collectif au service d&rsquo;une cause, d&rsquo;une lutte, d&rsquo;une utopie&#8230;<\/p>\n<p>Seront pr\u00e9sents :<\/p>\n<p>&#8211; Val\u00e9rie Marquez, Baptiste Arnaud et Mathieu Fromont pour l&rsquo;<a href=\"http:\/\/www.altercampagne.net\/\" target=\"_blank\" rel=\"noopener noreferrer\">AlterTour\u00a0<\/a><\/p>\n<p>&#8211; Ir\u00e8ne Gunepin pour les <a href=\"https:\/\/burehaleurs.wordpress.com\/\" target=\"_blank\" rel=\"noopener noreferrer\">Bure Haleurs<\/a><\/p>\n<p>&#8211; Lara Jovignot pour la <a href=\"https:\/\/www.facebook.com\/cyclobiblio\/\" target=\"_blank\" rel=\"noopener noreferrer\">Cyclo Biblio<\/a><\/p>\n<p>&#8211; Martin Boutry pour la <a href=\"http:\/\/www.cyclopaysannpdc.net\/le-cyclo-climatique-sinvite-sur-les-routes\/\" target=\"_blank\" rel=\"noopener noreferrer\">Cyclo-climatique <\/a><\/p>\n<p>&#8211; Nad\u00e8ge Constant pour la <a href=\"http:\/\/eurovelo3.fr\/\" target=\"_blank\" rel=\"noopener noreferrer\">Cyclotranseurope<\/a><\/p>\n<p>&#8211; Anne Gilbert et Michel Delmotte pour la <a href=\"http:\/\/www.dynamobile.net\/\" target=\"_blank\" rel=\"noopener noreferrer\">Dynamobile<\/a><\/p>\n<p>&#8211; Herv\u00e9 Jacquemot et Jos\u00e9 Corps pour <a href=\"https:\/\/www.ecotopiabiketour.net\/?lang=fr\" target=\"_blank\" rel=\"noopener noreferrer\">Ecotopia Biketour<\/a><\/p>\n<p>&#8211; Alain Michel pour <a href=\"http:\/\/www.af3v.org\/Plus-Belle-La-Voie-2015.html\" target=\"_blank\" rel=\"noopener noreferrer\">Plus belle la voie<\/a><\/p>\n<p>Venez nous rencontrer et \u00e9changer avec nous, nous taurons peut-\u00eatre le plaisir de rouler ensemble tr\u00e8s prochainement.<\/p>\n<p>Entr\u00e9e libre et gratuite<\/p>\n","protected":false},"excerpt":{"rendered":"<p>La table ronde des Tours cyclo-militants aura lieu \u00e0 l&rsquo;occasion du Festival international du voyage \u00e0 v\u00e9lo dimanche 17 janvier de 16h15 \u00e0 17h15 \u00e0 l&rsquo;Espace Daniel Sorano, 16 rue Charles Path\u00e9 \u00e0 Vincennes (M\u00e9tro 1, station Ch\u00e2teau de Vincennes ou RER A, station Vincennes). Cyclo-camping International nous accueille dans &#8230; <\/p>\n<div><a href=\"https:\/\/www.altercampagne.net\/?p=2684\" class=\"more-link\">Read More<\/a><\/div>\n","protected":false},"author":214,"featured_media":2700,"comment_status":"closed","ping_status":"closed","sticky":false,"template":"","format":"standard","meta":{"footnotes":""},"categories":[3932],"tags":[550,1668,561,560,559,558,557,556,555,554,553,552,551,171,549,548,547,546,545,543,542,541,538,481,383,358],"class_list":["post-2684","post","type-post","status-publish","format-standard","has-post-thumbnail","hentry","category-velo","tag-valerie-marquez","tag-cyclo-militant","tag-irene-gunepin","tag-alain-michel","tag-jose-corps","tag-herve-jacquemot","tag-michel-delmotte","tag-anne-gilbert","tag-nadege-constant","tag-martin-boutry","tag-lara-jovignot","tag-mathieu-fromont","tag-baptiste-arnaud","tag-bure-haleurs","tag-ecotopia-biketour","tag-tours-cyclo-militants","tag-tour-cyclo-militant","tag-festival-international-du-voyage-a-velo","tag-plus-belle-la-voie","tag-dynamobile","tag-cyclo-biblio","tag-cyclotraneurope","tag-cyclo-climatique","tag-cyclo-camping-international","tag-altertour-2016","tag-altertour"],"yoast_head":"<!-- This site is optimized with the Yoast SEO plugin v27.3 - https:\/\/yoast.com\/product\/yoast-seo-wordpress\/ -->\n<title>Table ronde des Tours cyclo-militants - AlterTour<\/title>\n<meta name=\"robots\" content=\"index, follow, max-snippet:-1, max-image-preview:large, max-video-preview:-1\" \/>\n<link rel=\"canonical\" href=\"https:\/\/www.altercampagne.net\/?p=2684\" \/>\n<meta property=\"og:locale\" content=\"fr_FR\" \/>\n<meta property=\"og:type\" content=\"article\" \/>\n<meta property=\"og:title\" content=\"Table ronde des Tours cyclo-militants - AlterTour\" \/>\n<meta property=\"og:description\" content=\"La table ronde des Tours cyclo-militants aura lieu \u00e0 l&rsquo;occasion du Festival international du voyage \u00e0 v\u00e9lo dimanche 17 janvier de 16h15 \u00e0 17h15 \u00e0 l&rsquo;Espace Daniel Sorano, 16 rue Charles Path\u00e9 \u00e0 Vincennes (M\u00e9tro 1, station Ch\u00e2teau de Vincennes ou RER A, station Vincennes). Cyclo-camping International nous accueille dans ... Read More\" \/>\n<meta property=\"og:url\" content=\"https:\/\/www.altercampagne.net\/?p=2684\" \/>\n<meta property=\"og:site_name\" content=\"AlterTour\" \/>\n<meta property=\"article:published_time\" content=\"2016-01-15T10:14:32+00:00\" \/>\n<meta property=\"article:modified_time\" content=\"2024-08-27T14:55:12+00:00\" \/>\n<meta property=\"og:image\" content=\"https:\/\/www.altercampagne.net\/wp-content\/uploads\/2016\/01\/2016-01-15-table-ronde-tours-cyclo-militants.jpg\" \/>\n\t<meta property=\"og:image:width\" content=\"842\" \/>\n\t<meta property=\"og:image:height\" content=\"1191\" \/>\n\t<meta property=\"og:image:type\" content=\"image\/jpeg\" \/>\n<meta name=\"author\" content=\"Mathieu\" \/>\n<meta name=\"twitter:card\" content=\"summary_large_image\" \/>\n<meta name=\"twitter:label1\" content=\"\u00c9crit par\" \/>\n\t<meta name=\"twitter:data1\" content=\"Mathieu\" \/>\n\t<meta name=\"twitter:label2\" content=\"Dur\u00e9e de lecture estim\u00e9e\" \/>\n\t<meta name=\"twitter:data2\" content=\"2 minutes\" \/>\n<script type=\"application\/ld+json\" class=\"yoast-schema-graph\">{\"@context\":\"https:\\\/\\\/schema.org\",\"@graph\":[{\"@type\":\"Article\",\"@id\":\"https:\\\/\\\/www.altercampagne.net\\\/?p=2684#article\",\"isPartOf\":{\"@id\":\"https:\\\/\\\/www.altercampagne.net\\\/?p=2684\"},\"author\":{\"name\":\"Mathieu\",\"@id\":\"https:\\\/\\\/www.altercampagne.net\\\/#\\\/schema\\\/person\\\/0f261460c09e430caa0f9bcffa319109\"},\"headline\":\"Table ronde des Tours cyclo-militants\",\"datePublished\":\"2016-01-15T10:14:32+00:00\",\"dateModified\":\"2024-08-27T14:55:12+00:00\",\"mainEntityOfPage\":{\"@id\":\"https:\\\/\\\/www.altercampagne.net\\\/?p=2684\"},\"wordCount\":171,\"image\":{\"@id\":\"https:\\\/\\\/www.altercampagne.net\\\/?p=2684#primaryimage\"},\"thumbnailUrl\":\"https:\\\/\\\/www.altercampagne.net\\\/wp-content\\\/uploads\\\/2016\\\/01\\\/2016-01-15-table-ronde-tours-cyclo-militants.jpg\",\"keywords\":[\"Val\u00e9rie Marquez\",\"cyclo-militant\",\"Ir\u00e8ne Gunepin\",\"Alain Michel\",\"Jos\u00e9 Corps\",\"Herv\u00e9 Jacquemot\",\"Michel Delmotte\",\"Anne Gilbert\",\"Nad\u00e8ge Constant\",\"Martin Boutry\",\"Lara Jovignot\",\"Mathieu Fromont\",\"Baptiste Arnaud\",\"Bure Haleurs\",\"ecotopia biketour\",\"tours cyclo-militants\",\"tour cyclo-militant\",\"festival international du voyage \u00e0 v\u00e9lo\",\"plus belle la voie\",\"dynamobile\",\"cyclo biblio\",\"cyclotraneurope\",\"cyclo-climatique\",\"cyclo-camping international\",\"AlterTour 2016\",\"AlterTour\"],\"articleSection\":[\"V\u00e9lo\"],\"inLanguage\":\"fr-FR\"},{\"@type\":\"WebPage\",\"@id\":\"https:\\\/\\\/www.altercampagne.net\\\/?p=2684\",\"url\":\"https:\\\/\\\/www.altercampagne.net\\\/?p=2684\",\"name\":\"Table ronde des Tours cyclo-militants - AlterTour\",\"isPartOf\":{\"@id\":\"https:\\\/\\\/www.altercampagne.net\\\/#website\"},\"primaryImageOfPage\":{\"@id\":\"https:\\\/\\\/www.altercampagne.net\\\/?p=2684#primaryimage\"},\"image\":{\"@id\":\"https:\\\/\\\/www.altercampagne.net\\\/?p=2684#primaryimage\"},\"thumbnailUrl\":\"https:\\\/\\\/www.altercampagne.net\\\/wp-content\\\/uploads\\\/2016\\\/01\\\/2016-01-15-table-ronde-tours-cyclo-militants.jpg\",\"datePublished\":\"2016-01-15T10:14:32+00:00\",\"dateModified\":\"2024-08-27T14:55:12+00:00\",\"author\":{\"@id\":\"https:\\\/\\\/www.altercampagne.net\\\/#\\\/schema\\\/person\\\/0f261460c09e430caa0f9bcffa319109\"},\"breadcrumb\":{\"@id\":\"https:\\\/\\\/www.altercampagne.net\\\/?p=2684#breadcrumb\"},\"inLanguage\":\"fr-FR\",\"potentialAction\":[{\"@type\":\"ReadAction\",\"target\":[\"https:\\\/\\\/www.altercampagne.net\\\/?p=2684\"]}]},{\"@type\":\"ImageObject\",\"inLanguage\":\"fr-FR\",\"@id\":\"https:\\\/\\\/www.altercampagne.net\\\/?p=2684#primaryimage\",\"url\":\"https:\\\/\\\/www.altercampagne.net\\\/wp-content\\\/uploads\\\/2016\\\/01\\\/2016-01-15-table-ronde-tours-cyclo-militants.jpg\",\"contentUrl\":\"https:\\\/\\\/www.altercampagne.net\\\/wp-content\\\/uploads\\\/2016\\\/01\\\/2016-01-15-table-ronde-tours-cyclo-militants.jpg\",\"width\":842,\"height\":1191},{\"@type\":\"BreadcrumbList\",\"@id\":\"https:\\\/\\\/www.altercampagne.net\\\/?p=2684#breadcrumb\",\"itemListElement\":[{\"@type\":\"ListItem\",\"position\":1,\"name\":\"Accueil\",\"item\":\"https:\\\/\\\/www.altercampagne.net\\\/\"},{\"@type\":\"ListItem\",\"position\":2,\"name\":\"Table ronde des Tours cyclo-militants\"}]},{\"@type\":\"WebSite\",\"@id\":\"https:\\\/\\\/www.altercampagne.net\\\/#website\",\"url\":\"https:\\\/\\\/www.altercampagne.net\\\/\",\"name\":\"AlterTour\",\"description\":\"Reliez les Alternatives \u00e0 v\u00e9lo\",\"potentialAction\":[{\"@type\":\"SearchAction\",\"target\":{\"@type\":\"EntryPoint\",\"urlTemplate\":\"https:\\\/\\\/www.altercampagne.net\\\/?s={search_term_string}\"},\"query-input\":{\"@type\":\"PropertyValueSpecification\",\"valueRequired\":true,\"valueName\":\"search_term_string\"}}],\"inLanguage\":\"fr-FR\"},{\"@type\":\"Person\",\"@id\":\"https:\\\/\\\/www.altercampagne.net\\\/#\\\/schema\\\/person\\\/0f261460c09e430caa0f9bcffa319109\",\"name\":\"Mathieu\",\"image\":{\"@type\":\"ImageObject\",\"inLanguage\":\"fr-FR\",\"@id\":\"https:\\\/\\\/secure.gravatar.com\\\/avatar\\\/aa9d3d24c83f2141e5e2709d0f63d09a99f6be6bb7a50abc4915838d9f54501a?s=96&d=mm&r=g\",\"url\":\"https:\\\/\\\/secure.gravatar.com\\\/avatar\\\/aa9d3d24c83f2141e5e2709d0f63d09a99f6be6bb7a50abc4915838d9f54501a?s=96&d=mm&r=g\",\"contentUrl\":\"https:\\\/\\\/secure.gravatar.com\\\/avatar\\\/aa9d3d24c83f2141e5e2709d0f63d09a99f6be6bb7a50abc4915838d9f54501a?s=96&d=mm&r=g\",\"caption\":\"Mathieu\"},\"url\":\"https:\\\/\\\/www.altercampagne.net\\\/?author=214\"}]}<\/script>\n<!-- \/ Yoast SEO plugin. -->","yoast_head_json":{"title":"Table ronde des Tours cyclo-militants - AlterTour","robots":{"index":"index","follow":"follow","max-snippet":"max-snippet:-1","max-image-preview":"max-image-preview:large","max-video-preview":"max-video-preview:-1"},"canonical":"https:\/\/www.altercampagne.net\/?p=2684","og_locale":"fr_FR","og_type":"article","og_title":"Table ronde des Tours cyclo-militants - AlterTour","og_description":"La table ronde des Tours cyclo-militants aura lieu \u00e0 l&rsquo;occasion du Festival international du voyage \u00e0 v\u00e9lo dimanche 17 janvier de 16h15 \u00e0 17h15 \u00e0 l&rsquo;Espace Daniel Sorano, 16 rue Charles Path\u00e9 \u00e0 Vincennes (M\u00e9tro 1, station Ch\u00e2teau de Vincennes ou RER A, station Vincennes). Cyclo-camping International nous accueille dans ... Read More","og_url":"https:\/\/www.altercampagne.net\/?p=2684","og_site_name":"AlterTour","article_published_time":"2016-01-15T10:14:32+00:00","article_modified_time":"2024-08-27T14:55:12+00:00","og_image":[{"width":842,"height":1191,"url":"https:\/\/www.altercampagne.net\/wp-content\/uploads\/2016\/01\/2016-01-15-table-ronde-tours-cyclo-militants.jpg","type":"image\/jpeg"}],"author":"Mathieu","twitter_card":"summary_large_image","twitter_misc":{"\u00c9crit par":"Mathieu","Dur\u00e9e de lecture estim\u00e9e":"2 minutes"},"schema":{"@context":"https:\/\/schema.org","@graph":[{"@type":"Article","@id":"https:\/\/www.altercampagne.net\/?p=2684#article","isPartOf":{"@id":"https:\/\/www.altercampagne.net\/?p=2684"},"author":{"name":"Mathieu","@id":"https:\/\/www.altercampagne.net\/#\/schema\/person\/0f261460c09e430caa0f9bcffa319109"},"headline":"Table ronde des Tours cyclo-militants","datePublished":"2016-01-15T10:14:32+00:00","dateModified":"2024-08-27T14:55:12+00:00","mainEntityOfPage":{"@id":"https:\/\/www.altercampagne.net\/?p=2684"},"wordCount":171,"image":{"@id":"https:\/\/www.altercampagne.net\/?p=2684#primaryimage"},"thumbnailUrl":"https:\/\/www.altercampagne.net\/wp-content\/uploads\/2016\/01\/2016-01-15-table-ronde-tours-cyclo-militants.jpg","keywords":["Val\u00e9rie Marquez","cyclo-militant","Ir\u00e8ne Gunepin","Alain Michel","Jos\u00e9 Corps","Herv\u00e9 Jacquemot","Michel Delmotte","Anne Gilbert","Nad\u00e8ge Constant","Martin Boutry","Lara Jovignot","Mathieu Fromont","Baptiste Arnaud","Bure Haleurs","ecotopia biketour","tours cyclo-militants","tour cyclo-militant","festival international du voyage \u00e0 v\u00e9lo","plus belle la voie","dynamobile","cyclo biblio","cyclotraneurope","cyclo-climatique","cyclo-camping international","AlterTour 2016","AlterTour"],"articleSection":["V\u00e9lo"],"inLanguage":"fr-FR"},{"@type":"WebPage","@id":"https:\/\/www.altercampagne.net\/?p=2684","url":"https:\/\/www.altercampagne.net\/?p=2684","name":"Table ronde des Tours cyclo-militants - AlterTour","isPartOf":{"@id":"https:\/\/www.altercampagne.net\/#website"},"primaryImageOfPage":{"@id":"https:\/\/www.altercampagne.net\/?p=2684#primaryimage"},"image":{"@id":"https:\/\/www.altercampagne.net\/?p=2684#primaryimage"},"thumbnailUrl":"https:\/\/www.altercampagne.net\/wp-content\/uploads\/2016\/01\/2016-01-15-table-ronde-tours-cyclo-militants.jpg","datePublished":"2016-01-15T10:14:32+00:00","dateModified":"2024-08-27T14:55:12+00:00","author":{"@id":"https:\/\/www.altercampagne.net\/#\/schema\/person\/0f261460c09e430caa0f9bcffa319109"},"breadcrumb":{"@id":"https:\/\/www.altercampagne.net\/?p=2684#breadcrumb"},"inLanguage":"fr-FR","potentialAction":[{"@type":"ReadAction","target":["https:\/\/www.altercampagne.net\/?p=2684"]}]},{"@type":"ImageObject","inLanguage":"fr-FR","@id":"https:\/\/www.altercampagne.net\/?p=2684#primaryimage","url":"https:\/\/www.altercampagne.net\/wp-content\/uploads\/2016\/01\/2016-01-15-table-ronde-tours-cyclo-militants.jpg","contentUrl":"https:\/\/www.altercampagne.net\/wp-content\/uploads\/2016\/01\/2016-01-15-table-ronde-tours-cyclo-militants.jpg","width":842,"height":1191},{"@type":"BreadcrumbList","@id":"https:\/\/www.altercampagne.net\/?p=2684#breadcrumb","itemListElement":[{"@type":"ListItem","position":1,"name":"Accueil","item":"https:\/\/www.altercampagne.net\/"},{"@type":"ListItem","position":2,"name":"Table ronde des Tours cyclo-militants"}]},{"@type":"WebSite","@id":"https:\/\/www.altercampagne.net\/#website","url":"https:\/\/www.altercampagne.net\/","name":"AlterTour","description":"Reliez les Alternatives \u00e0 v\u00e9lo","potentialAction":[{"@type":"SearchAction","target":{"@type":"EntryPoint","urlTemplate":"https:\/\/www.altercampagne.net\/?s={search_term_string}"},"query-input":{"@type":"PropertyValueSpecification","valueRequired":true,"valueName":"search_term_string"}}],"inLanguage":"fr-FR"},{"@type":"Person","@id":"https:\/\/www.altercampagne.net\/#\/schema\/person\/0f261460c09e430caa0f9bcffa319109","name":"Mathieu","image":{"@type":"ImageObject","inLanguage":"fr-FR","@id":"https:\/\/secure.gravatar.com\/avatar\/aa9d3d24c83f2141e5e2709d0f63d09a99f6be6bb7a50abc4915838d9f54501a?s=96&d=mm&r=g","url":"https:\/\/secure.gravatar.com\/avatar\/aa9d3d24c83f2141e5e2709d0f63d09a99f6be6bb7a50abc4915838d9f54501a?s=96&d=mm&r=g","contentUrl":"https:\/\/secure.gravatar.com\/avatar\/aa9d3d24c83f2141e5e2709d0f63d09a99f6be6bb7a50abc4915838d9f54501a?s=96&d=mm&r=g","caption":"Mathieu"},"url":"https:\/\/www.altercampagne.net\/?author=214"}]}},"_links":{"self":[{"href":"https:\/\/www.altercampagne.net\/index.php?rest_route=\/wp\/v2\/posts\/2684","targetHints":{"allow":["GET"]}}],"collection":[{"href":"https:\/\/www.altercampagne.net\/index.php?rest_route=\/wp\/v2\/posts"}],"about":[{"href":"https:\/\/www.altercampagne.net\/index.php?rest_route=\/wp\/v2\/types\/post"}],"author":[{"embeddable":true,"href":"https:\/\/www.altercampagne.net\/index.php?rest_route=\/wp\/v2\/users\/214"}],"replies":[{"embeddable":true,"href":"https:\/\/www.altercampagne.net\/index.php?rest_route=%2Fwp%2Fv2%2Fcomments&post=2684"}],"version-history":[{"count":2,"href":"https:\/\/www.altercampagne.net\/index.php?rest_route=\/wp\/v2\/posts\/2684\/revisions"}],"predecessor-version":[{"id":28635,"href":"https:\/\/www.altercampagne.net\/index.php?rest_route=\/wp\/v2\/posts\/2684\/revisions\/28635"}],"wp:featuredmedia":[{"embeddable":true,"href":"https:\/\/www.altercampagne.net\/index.php?rest_route=\/wp\/v2\/media\/2700"}],"wp:attachment":[{"href":"https:\/\/www.altercampagne.net\/index.php?rest_route=%2Fwp%2Fv2%2Fmedia&parent=2684"}],"wp:term":[{"taxonomy":"category","embeddable":true,"href":"https:\/\/www.altercampagne.net\/index.php?rest_route=%2Fwp%2Fv2%2Fcategories&post=2684"},{"taxonomy":"post_tag","embeddable":true,"href":"https:\/\/www.altercampagne.net\/index.php?rest_route=%2Fwp%2Fv2%2Ftags&post=2684"}],"curies":[{"name":"wp","href":"https:\/\/api.w.org\/{rel}","templated":true}]}}