{"id":26921,"date":"2022-10-02T16:33:24","date_gmt":"2022-10-02T14:33:24","guid":{"rendered":"https:\/\/www.altercampagne.net\/?p=26921"},"modified":"2022-10-03T17:03:04","modified_gmt":"2022-10-03T15:03:04","slug":"lat-est-deja-de-retour-2023-cest-demain","status":"publish","type":"post","link":"https:\/\/www.altercampagne.net\/?p=26921","title":{"rendered":"L&rsquo;AT est d\u00e9j\u00e0 de retour, 2023 c&rsquo;est demain"},"content":{"rendered":"\n<p>Apr\u00e8s une courte pause, les cyclistes se sont retrouv\u00e9.es pour <strong>le premier week-end d&rsquo;organisation<\/strong> de l&rsquo;ann\u00e9e \u00e0  Lyon, dans les locaux de la <a href=\"http:\/\/friche-lamartine.org\/\">Friche Lamartine<\/a>. D\u00e8s le matin, nous \u00e9tions nombreux.ses \u00e0 arpenter le grand local avec un week-end riche en activit\u00e9s et en d\u00e9cisions.<\/p>\n\n\n\n<p>Pour commencer, on a fait un petit <strong>bilan de l&rsquo;\u00e9dition pr\u00e9c\u00e9dente<\/strong> en plusieurs temps : tout d&rsquo;abord en petits groupes avant une restitution collective et finalement avec l&rsquo;ajout des r\u00e9ponses arriv\u00e9e par mail. Le r\u00e9sultat a donn\u00e9 un joli tableau affich\u00e9 au mur et a surtout lanc\u00e9 de nombreuses r\u00e9flexions sur les GT&rsquo;s (Groupe de travail) qui se prolongera le lendemain mais aussi tout au long de l&rsquo;ann\u00e9e.<\/p>\n\n\n\n<figure class=\"wp-block-image size-large\"><a href=\"https:\/\/www.altercampagne.net\/wp-content\/uploads\/2022\/10\/AT23_220925_Pleniere_01_20.jpg\"><img loading=\"lazy\" decoding=\"async\" width=\"1024\" height=\"682\" src=\"https:\/\/www.altercampagne.net\/wp-content\/uploads\/2022\/10\/AT23_220925_Pleniere_01_20-1024x682.jpg\" alt=\"\" class=\"wp-image-26922\" srcset=\"https:\/\/www.altercampagne.net\/wp-content\/uploads\/2022\/10\/AT23_220925_Pleniere_01_20-1024x682.jpg 1024w, https:\/\/www.altercampagne.net\/wp-content\/uploads\/2022\/10\/AT23_220925_Pleniere_01_20-300x200.jpg 300w, https:\/\/www.altercampagne.net\/wp-content\/uploads\/2022\/10\/AT23_220925_Pleniere_01_20-768x511.jpg 768w, https:\/\/www.altercampagne.net\/wp-content\/uploads\/2022\/10\/AT23_220925_Pleniere_01_20-1536x1023.jpg 1536w, https:\/\/www.altercampagne.net\/wp-content\/uploads\/2022\/10\/AT23_220925_Pleniere_01_20-610x406.jpg 610w, https:\/\/www.altercampagne.net\/wp-content\/uploads\/2022\/10\/AT23_220925_Pleniere_01_20-100x67.jpg 100w, https:\/\/www.altercampagne.net\/wp-content\/uploads\/2022\/10\/AT23_220925_Pleniere_01_20-862x574.jpg 862w, https:\/\/www.altercampagne.net\/wp-content\/uploads\/2022\/10\/AT23_220925_Pleniere_01_20-1140x759.jpg 1140w, https:\/\/www.altercampagne.net\/wp-content\/uploads\/2022\/10\/AT23_220925_Pleniere_01_20.jpg 1622w\" sizes=\"auto, (max-width: 1024px) 100vw, 1024px\" \/><\/a><\/figure>\n\n\n\n<p>Ensemble, nous avons ensuite tent\u00e9 de retrouver tout ce qui constitue <strong>une ann\u00e9e d&rsquo;organisation<\/strong>, c&rsquo;\u00e9tait ludique et instructif, tout le monde s&rsquo;est m\u00e9lang\u00e9 pour essayer de former un calendrier humain assez repr\u00e9sentatif d&rsquo;une ann\u00e9e.<\/p>\n\n\n\n<figure class=\"wp-block-image size-large\"><a href=\"https:\/\/www.altercampagne.net\/wp-content\/uploads\/2022\/10\/AT23_220925_Pleniere_01_16.jpg\"><img loading=\"lazy\" decoding=\"async\" width=\"1024\" height=\"682\" src=\"https:\/\/www.altercampagne.net\/wp-content\/uploads\/2022\/10\/AT23_220925_Pleniere_01_16-1024x682.jpg\" alt=\"\" class=\"wp-image-26923\" srcset=\"https:\/\/www.altercampagne.net\/wp-content\/uploads\/2022\/10\/AT23_220925_Pleniere_01_16-1024x682.jpg 1024w, https:\/\/www.altercampagne.net\/wp-content\/uploads\/2022\/10\/AT23_220925_Pleniere_01_16-300x200.jpg 300w, https:\/\/www.altercampagne.net\/wp-content\/uploads\/2022\/10\/AT23_220925_Pleniere_01_16-768x511.jpg 768w, https:\/\/www.altercampagne.net\/wp-content\/uploads\/2022\/10\/AT23_220925_Pleniere_01_16-1536x1023.jpg 1536w, https:\/\/www.altercampagne.net\/wp-content\/uploads\/2022\/10\/AT23_220925_Pleniere_01_16-610x406.jpg 610w, https:\/\/www.altercampagne.net\/wp-content\/uploads\/2022\/10\/AT23_220925_Pleniere_01_16-100x67.jpg 100w, https:\/\/www.altercampagne.net\/wp-content\/uploads\/2022\/10\/AT23_220925_Pleniere_01_16-862x574.jpg 862w, https:\/\/www.altercampagne.net\/wp-content\/uploads\/2022\/10\/AT23_220925_Pleniere_01_16-1140x759.jpg 1140w, https:\/\/www.altercampagne.net\/wp-content\/uploads\/2022\/10\/AT23_220925_Pleniere_01_16.jpg 1622w\" sizes=\"auto, (max-width: 1024px) 100vw, 1024px\" \/><\/a><\/figure>\n\n\n\n<p><img loading=\"lazy\" decoding=\"async\" src=\"https:\/\/lh3.googleusercontent.com\/1_jvf6OFORR95faIlxSDdWMeCigU5WJgfG-l7RsqkXDuPbiI8YIVJD7BtUBPax8rcIXtIff3ArR3Bt4LBQ18VetN_jTnrWo0tFbTtBG-oFPN9B8X_AbT-3TJ0An1nuuvWani7qU8mpZk2sc0kXvfGR50VAx07kI5kc-VZ-gNc48mreDwtyJBJMl7PQ\" width=\"602\" height=\"331\"><\/p>\n\n\n\n<h5 class=\"wp-block-heading\">Et le gros morceau&#8230;<\/h5>\n\n\n\n<p>Mais autant de personnes (une cinquantaine sur le week-end) s&rsquo;\u00e9taient d\u00e9plac\u00e9es \u00e0 Lyon, c&rsquo;\u00e9tait aussi (et surtout?) pour <strong>choisir la zone de l&rsquo;ann\u00e9e \u00e0 venir<\/strong> ! Rapidement, chacun.e a essayer de convaincre l&rsquo;assembl\u00e9e que telle ou telle r\u00e9gion serait id\u00e9ale pour le Tour et pourquoi. Apr\u00e8s une premi\u00e8re apr\u00e8s-midi, trois propositions sortaient du lot : le Nord et la Belgique, le Sud Ouest et les Landes ou bien un trajet qui partirait de notre point d&rsquo;arriv\u00e9e en 2022 (Clermont) pour se diriger vers l&rsquo;Alsace.<br>Ce n&rsquo;est que le lendemain que nous allions prendre une d\u00e9cision avec notamment l&rsquo;aide du <a href=\"https:\/\/mieuxvoter.fr\/\">jugement majoritaire<\/a> (un outil bien pratique qui propose un autre mod\u00e8le de vote) et sans trop de d\u00e9bat, c&rsquo;est le trajet <strong>de Clermont \u00e0 Strasbourg<\/strong> qui a \u00e9t\u00e9 choisi pour le Tour 2023. Champagne, hourras, embrassades et bonheur collectif, la d\u00e9cision se f\u00eate mais il faut d\u00e9j\u00e0 se lancer dans la prochaine : <strong>le d\u00e9frichage<\/strong>. <br><a href=\"https:\/\/framaforms.org\/aide-nous-a-trouver-des-alternatives-a-visiter-avec-laltertour-et-lalter-d-tour-en-2023-1663598019\">Si vous voulez aider \u00e0 trouver des alternatives \u00e0 visiter dans la zone choisie, vous pouvez r\u00e9pondre au formulaire d\u00e9di\u00e9 juste ici.<\/a><\/p>\n\n\n\n<figure class=\"wp-block-image size-large\"><a href=\"https:\/\/www.altercampagne.net\/wp-content\/uploads\/2022\/10\/Parcours-2023a-scaled.jpg\"><img loading=\"lazy\" decoding=\"async\" width=\"1024\" height=\"1024\" src=\"https:\/\/www.altercampagne.net\/wp-content\/uploads\/2022\/10\/Parcours-2023a-1024x1024.jpg\" alt=\"\" class=\"wp-image-26929\" srcset=\"https:\/\/www.altercampagne.net\/wp-content\/uploads\/2022\/10\/Parcours-2023a-1024x1024.jpg 1024w, https:\/\/www.altercampagne.net\/wp-content\/uploads\/2022\/10\/Parcours-2023a-300x300.jpg 300w, https:\/\/www.altercampagne.net\/wp-content\/uploads\/2022\/10\/Parcours-2023a-150x150.jpg 150w, https:\/\/www.altercampagne.net\/wp-content\/uploads\/2022\/10\/Parcours-2023a-768x768.jpg 768w, https:\/\/www.altercampagne.net\/wp-content\/uploads\/2022\/10\/Parcours-2023a-1536x1536.jpg 1536w, https:\/\/www.altercampagne.net\/wp-content\/uploads\/2022\/10\/Parcours-2023a-2048x2048.jpg 2048w, https:\/\/www.altercampagne.net\/wp-content\/uploads\/2022\/10\/Parcours-2023a-610x610.jpg 610w, https:\/\/www.altercampagne.net\/wp-content\/uploads\/2022\/10\/Parcours-2023a-100x100.jpg 100w, https:\/\/www.altercampagne.net\/wp-content\/uploads\/2022\/10\/Parcours-2023a-862x862.jpg 862w, https:\/\/www.altercampagne.net\/wp-content\/uploads\/2022\/10\/Parcours-2023a-1140x1140.jpg 1140w\" sizes=\"auto, (max-width: 1024px) 100vw, 1024px\" \/><\/a><\/figure>\n\n\n\n<h5 class=\"wp-block-heading\">Mais ce n&rsquo;est pas tout&#8230;<\/h5>\n\n\n\n<p>Ce week-end c&rsquo;\u00e9tait aussi une soir\u00e9e \u00e9pique sous les averses de gr\u00eale, serr\u00e9.es \u00e0 quarante sous une tonnelle&#8230;<\/p>\n\n\n\n<p>C&rsquo;\u00e9tait la pr\u00e9sentation de l&rsquo;<strong>Echapp\u00e9e Belle F\u00e9ministe<\/strong> qui nous a rejoint le samedi matin (plus d&rsquo;infos \u00e0 venir mais visiblement c&rsquo;\u00e9tait bien!)&#8230;<\/p>\n\n\n\n<p>C&rsquo;\u00e9tait le lancement de nouveaux GT et la continuation de certains anciens (si \u00e7a t&rsquo;int\u00e9resse, il y a encore de la place pour parler de plein de sujets : <strong>R\u00e8glement int\u00e9rieur &#8211; Penser la rencontre &#8211; V\u00e9hicules &#8211; Enfants &#8211; F\u00e9minismes &#8211; Communication &#8211; Prendre Soin &#8211; Tempo &#8211; Alimentation &#8211; Gestion des conflits &#8211; S\u00e9rigraphie<\/strong>)&#8230;<\/p>\n\n\n\n<figure class=\"wp-block-image size-large\"><a href=\"https:\/\/www.altercampagne.net\/wp-content\/uploads\/2022\/10\/AT23_220925_Pleniere_01_31.jpg\"><img loading=\"lazy\" decoding=\"async\" width=\"1024\" height=\"682\" src=\"https:\/\/www.altercampagne.net\/wp-content\/uploads\/2022\/10\/AT23_220925_Pleniere_01_31-1024x682.jpg\" alt=\"\" class=\"wp-image-26930\" srcset=\"https:\/\/www.altercampagne.net\/wp-content\/uploads\/2022\/10\/AT23_220925_Pleniere_01_31-1024x682.jpg 1024w, https:\/\/www.altercampagne.net\/wp-content\/uploads\/2022\/10\/AT23_220925_Pleniere_01_31-300x200.jpg 300w, https:\/\/www.altercampagne.net\/wp-content\/uploads\/2022\/10\/AT23_220925_Pleniere_01_31-768x511.jpg 768w, https:\/\/www.altercampagne.net\/wp-content\/uploads\/2022\/10\/AT23_220925_Pleniere_01_31-1536x1023.jpg 1536w, https:\/\/www.altercampagne.net\/wp-content\/uploads\/2022\/10\/AT23_220925_Pleniere_01_31-610x406.jpg 610w, https:\/\/www.altercampagne.net\/wp-content\/uploads\/2022\/10\/AT23_220925_Pleniere_01_31-100x67.jpg 100w, https:\/\/www.altercampagne.net\/wp-content\/uploads\/2022\/10\/AT23_220925_Pleniere_01_31-862x574.jpg 862w, https:\/\/www.altercampagne.net\/wp-content\/uploads\/2022\/10\/AT23_220925_Pleniere_01_31-1140x759.jpg 1140w, https:\/\/www.altercampagne.net\/wp-content\/uploads\/2022\/10\/AT23_220925_Pleniere_01_31.jpg 1622w\" sizes=\"auto, (max-width: 1024px) 100vw, 1024px\" \/><\/a><\/figure>\n\n\n\n<p>C&rsquo;\u00e9tait aussi l&rsquo;occasion de valider les dates des <strong>prochains week-ends de l&rsquo;ann\u00e9e<\/strong>&#8230;<br><\/p>\n\n\n\n<figure class=\"wp-block-image size-large\"><a href=\"https:\/\/www.altercampagne.net\/wp-content\/uploads\/2022\/10\/dates-2022-23.jpg\"><img loading=\"lazy\" decoding=\"async\" width=\"1000\" height=\"331\" src=\"https:\/\/www.altercampagne.net\/wp-content\/uploads\/2022\/10\/dates-2022-23.jpg\" alt=\"\" class=\"wp-image-26928\" srcset=\"https:\/\/www.altercampagne.net\/wp-content\/uploads\/2022\/10\/dates-2022-23.jpg 1000w, https:\/\/www.altercampagne.net\/wp-content\/uploads\/2022\/10\/dates-2022-23-300x99.jpg 300w, https:\/\/www.altercampagne.net\/wp-content\/uploads\/2022\/10\/dates-2022-23-768x254.jpg 768w, https:\/\/www.altercampagne.net\/wp-content\/uploads\/2022\/10\/dates-2022-23-610x202.jpg 610w, https:\/\/www.altercampagne.net\/wp-content\/uploads\/2022\/10\/dates-2022-23-100x33.jpg 100w, https:\/\/www.altercampagne.net\/wp-content\/uploads\/2022\/10\/dates-2022-23-862x285.jpg 862w\" sizes=\"auto, (max-width: 1000px) 100vw, 1000px\" \/><\/a><\/figure>\n\n\n\n<p>Et puis c&rsquo;\u00e9tait aussi tous ces moments simples, ces sourires, ces retrouvailles, ces repas partag\u00e9s, ces discussions tout le long de la journ\u00e9e, la beaut\u00e9 des amiti\u00e9s fortes ou naissantes, bref de la joie tout plein.<\/p>\n\n\n\n<p>Et pour conclure, je ne peux pas manquer de <strong>remercier Eric et Nico<\/strong> pour l&rsquo;organisation du week-end et leur implication dans le d\u00e9roul\u00e9 de celui-ci, MERCI donc \u00e0 eux et \u00e0 tous les participant.es de ce beau moment !<\/p>\n\n\n\n<figure class=\"wp-block-image size-large\"><a href=\"https:\/\/www.altercampagne.net\/wp-content\/uploads\/2022\/10\/eric-et-nico.jpg\"><img loading=\"lazy\" decoding=\"async\" width=\"1024\" height=\"597\" src=\"https:\/\/www.altercampagne.net\/wp-content\/uploads\/2022\/10\/eric-et-nico-1024x597.jpg\" alt=\"\" class=\"wp-image-26927\" srcset=\"https:\/\/www.altercampagne.net\/wp-content\/uploads\/2022\/10\/eric-et-nico-1024x597.jpg 1024w, https:\/\/www.altercampagne.net\/wp-content\/uploads\/2022\/10\/eric-et-nico-300x175.jpg 300w, https:\/\/www.altercampagne.net\/wp-content\/uploads\/2022\/10\/eric-et-nico-768x448.jpg 768w, https:\/\/www.altercampagne.net\/wp-content\/uploads\/2022\/10\/eric-et-nico-610x356.jpg 610w, https:\/\/www.altercampagne.net\/wp-content\/uploads\/2022\/10\/eric-et-nico-100x58.jpg 100w, https:\/\/www.altercampagne.net\/wp-content\/uploads\/2022\/10\/eric-et-nico-862x503.jpg 862w, https:\/\/www.altercampagne.net\/wp-content\/uploads\/2022\/10\/eric-et-nico-1140x665.jpg 1140w, https:\/\/www.altercampagne.net\/wp-content\/uploads\/2022\/10\/eric-et-nico.jpg 1521w\" sizes=\"auto, (max-width: 1024px) 100vw, 1024px\" \/><\/a><figcaption>\u00ab\u00a0Organiser une pl\u00e9ni\u00e8re, c&rsquo;est <em>fastoche<\/em>\u00a0\u00bb selon Nico ! Qui s&rsquo;occupe des prochaines alors?<\/figcaption><\/figure>\n\n\n\n<p class=\"has-text-align-right\">Jonas<\/p>\n","protected":false},"excerpt":{"rendered":"<p>Voil\u00e0 le compte-rendu du premier week-end d&rsquo;organisation de l&rsquo;ann\u00e9e.<\/p>\n","protected":false},"author":316,"featured_media":26926,"comment_status":"closed","ping_status":"closed","sticky":false,"template":"","format":"standard","meta":{"footnotes":""},"categories":[4054],"tags":[62,388,2696,4431],"class_list":["post-26921","post","type-post","status-publish","format-standard","has-post-thumbnail","hentry","category-temoignages","tag-lyon","tag-septembre","tag-organisation","tag-4431"],"yoast_head":"<!-- This site is optimized with the Yoast SEO plugin v27.3 - https:\/\/yoast.com\/product\/yoast-seo-wordpress\/ -->\n<title>L&#039;AT est d\u00e9j\u00e0 de retour, 2023 c&#039;est demain - AlterTour<\/title>\n<meta name=\"robots\" content=\"index, follow, max-snippet:-1, max-image-preview:large, max-video-preview:-1\" \/>\n<link rel=\"canonical\" href=\"https:\/\/www.altercampagne.net\/?p=26921\" \/>\n<meta property=\"og:locale\" content=\"fr_FR\" \/>\n<meta property=\"og:type\" content=\"article\" \/>\n<meta property=\"og:title\" content=\"L&#039;AT est d\u00e9j\u00e0 de retour, 2023 c&#039;est demain - AlterTour\" \/>\n<meta property=\"og:description\" content=\"Voil\u00e0 le compte-rendu du premier week-end d&#039;organisation de l&#039;ann\u00e9e.\" \/>\n<meta property=\"og:url\" content=\"https:\/\/www.altercampagne.net\/?p=26921\" \/>\n<meta property=\"og:site_name\" content=\"AlterTour\" \/>\n<meta property=\"article:published_time\" content=\"2022-10-02T14:33:24+00:00\" \/>\n<meta property=\"article:modified_time\" content=\"2022-10-03T15:03:04+00:00\" \/>\n<meta property=\"og:image\" content=\"https:\/\/www.altercampagne.net\/wp-content\/uploads\/2022\/10\/AT23_220925_Pleniere_01_24-web-cour.jpg\" \/>\n\t<meta property=\"og:image:width\" content=\"1470\" \/>\n\t<meta property=\"og:image:height\" content=\"814\" \/>\n\t<meta property=\"og:image:type\" content=\"image\/jpeg\" \/>\n<meta name=\"author\" content=\"Jonas\" \/>\n<meta name=\"twitter:card\" content=\"summary_large_image\" \/>\n<meta name=\"twitter:label1\" content=\"\u00c9crit par\" \/>\n\t<meta name=\"twitter:data1\" content=\"Jonas\" \/>\n\t<meta name=\"twitter:label2\" content=\"Dur\u00e9e de lecture estim\u00e9e\" \/>\n\t<meta name=\"twitter:data2\" content=\"5 minutes\" \/>\n<script type=\"application\/ld+json\" class=\"yoast-schema-graph\">{\"@context\":\"https:\\\/\\\/schema.org\",\"@graph\":[{\"@type\":\"Article\",\"@id\":\"https:\\\/\\\/www.altercampagne.net\\\/?p=26921#article\",\"isPartOf\":{\"@id\":\"https:\\\/\\\/www.altercampagne.net\\\/?p=26921\"},\"author\":{\"name\":\"Jonas\",\"@id\":\"https:\\\/\\\/www.altercampagne.net\\\/#\\\/schema\\\/person\\\/308dc295a67929d58321ff6b59820daa\"},\"headline\":\"L&rsquo;AT est d\u00e9j\u00e0 de retour, 2023 c&rsquo;est demain\",\"datePublished\":\"2022-10-02T14:33:24+00:00\",\"dateModified\":\"2022-10-03T15:03:04+00:00\",\"mainEntityOfPage\":{\"@id\":\"https:\\\/\\\/www.altercampagne.net\\\/?p=26921\"},\"wordCount\":612,\"image\":{\"@id\":\"https:\\\/\\\/www.altercampagne.net\\\/?p=26921#primaryimage\"},\"thumbnailUrl\":\"https:\\\/\\\/www.altercampagne.net\\\/wp-content\\\/uploads\\\/2022\\\/10\\\/AT23_220925_Pleniere_01_24-web-cour.jpg\",\"keywords\":[\"lyon\",\"septembre\",\"organisation\",\"2023\"],\"articleSection\":[\"T\u00e9moignages\"],\"inLanguage\":\"fr-FR\"},{\"@type\":\"WebPage\",\"@id\":\"https:\\\/\\\/www.altercampagne.net\\\/?p=26921\",\"url\":\"https:\\\/\\\/www.altercampagne.net\\\/?p=26921\",\"name\":\"L'AT est d\u00e9j\u00e0 de retour, 2023 c'est demain - AlterTour\",\"isPartOf\":{\"@id\":\"https:\\\/\\\/www.altercampagne.net\\\/#website\"},\"primaryImageOfPage\":{\"@id\":\"https:\\\/\\\/www.altercampagne.net\\\/?p=26921#primaryimage\"},\"image\":{\"@id\":\"https:\\\/\\\/www.altercampagne.net\\\/?p=26921#primaryimage\"},\"thumbnailUrl\":\"https:\\\/\\\/www.altercampagne.net\\\/wp-content\\\/uploads\\\/2022\\\/10\\\/AT23_220925_Pleniere_01_24-web-cour.jpg\",\"datePublished\":\"2022-10-02T14:33:24+00:00\",\"dateModified\":\"2022-10-03T15:03:04+00:00\",\"author\":{\"@id\":\"https:\\\/\\\/www.altercampagne.net\\\/#\\\/schema\\\/person\\\/308dc295a67929d58321ff6b59820daa\"},\"breadcrumb\":{\"@id\":\"https:\\\/\\\/www.altercampagne.net\\\/?p=26921#breadcrumb\"},\"inLanguage\":\"fr-FR\",\"potentialAction\":[{\"@type\":\"ReadAction\",\"target\":[\"https:\\\/\\\/www.altercampagne.net\\\/?p=26921\"]}]},{\"@type\":\"ImageObject\",\"inLanguage\":\"fr-FR\",\"@id\":\"https:\\\/\\\/www.altercampagne.net\\\/?p=26921#primaryimage\",\"url\":\"https:\\\/\\\/www.altercampagne.net\\\/wp-content\\\/uploads\\\/2022\\\/10\\\/AT23_220925_Pleniere_01_24-web-cour.jpg\",\"contentUrl\":\"https:\\\/\\\/www.altercampagne.net\\\/wp-content\\\/uploads\\\/2022\\\/10\\\/AT23_220925_Pleniere_01_24-web-cour.jpg\",\"width\":1470,\"height\":814},{\"@type\":\"BreadcrumbList\",\"@id\":\"https:\\\/\\\/www.altercampagne.net\\\/?p=26921#breadcrumb\",\"itemListElement\":[{\"@type\":\"ListItem\",\"position\":1,\"name\":\"Accueil\",\"item\":\"https:\\\/\\\/www.altercampagne.net\\\/\"},{\"@type\":\"ListItem\",\"position\":2,\"name\":\"L&rsquo;AT est d\u00e9j\u00e0 de retour, 2023 c&rsquo;est demain\"}]},{\"@type\":\"WebSite\",\"@id\":\"https:\\\/\\\/www.altercampagne.net\\\/#website\",\"url\":\"https:\\\/\\\/www.altercampagne.net\\\/\",\"name\":\"AlterTour\",\"description\":\"Reliez les Alternatives \u00e0 v\u00e9lo\",\"potentialAction\":[{\"@type\":\"SearchAction\",\"target\":{\"@type\":\"EntryPoint\",\"urlTemplate\":\"https:\\\/\\\/www.altercampagne.net\\\/?s={search_term_string}\"},\"query-input\":{\"@type\":\"PropertyValueSpecification\",\"valueRequired\":true,\"valueName\":\"search_term_string\"}}],\"inLanguage\":\"fr-FR\"},{\"@type\":\"Person\",\"@id\":\"https:\\\/\\\/www.altercampagne.net\\\/#\\\/schema\\\/person\\\/308dc295a67929d58321ff6b59820daa\",\"name\":\"Jonas\",\"image\":{\"@type\":\"ImageObject\",\"inLanguage\":\"fr-FR\",\"@id\":\"https:\\\/\\\/secure.gravatar.com\\\/avatar\\\/ade7b451791545d463915f445a8aee91b58c48cdcbc1ab2b8583fa2f30e159e4?s=96&d=mm&r=g\",\"url\":\"https:\\\/\\\/secure.gravatar.com\\\/avatar\\\/ade7b451791545d463915f445a8aee91b58c48cdcbc1ab2b8583fa2f30e159e4?s=96&d=mm&r=g\",\"contentUrl\":\"https:\\\/\\\/secure.gravatar.com\\\/avatar\\\/ade7b451791545d463915f445a8aee91b58c48cdcbc1ab2b8583fa2f30e159e4?s=96&d=mm&r=g\",\"caption\":\"Jonas\"},\"url\":\"https:\\\/\\\/www.altercampagne.net\\\/?author=316\"}]}<\/script>\n<!-- \/ Yoast SEO plugin. -->","yoast_head_json":{"title":"L'AT est d\u00e9j\u00e0 de retour, 2023 c'est demain - AlterTour","robots":{"index":"index","follow":"follow","max-snippet":"max-snippet:-1","max-image-preview":"max-image-preview:large","max-video-preview":"max-video-preview:-1"},"canonical":"https:\/\/www.altercampagne.net\/?p=26921","og_locale":"fr_FR","og_type":"article","og_title":"L'AT est d\u00e9j\u00e0 de retour, 2023 c'est demain - AlterTour","og_description":"Voil\u00e0 le compte-rendu du premier week-end d'organisation de l'ann\u00e9e.","og_url":"https:\/\/www.altercampagne.net\/?p=26921","og_site_name":"AlterTour","article_published_time":"2022-10-02T14:33:24+00:00","article_modified_time":"2022-10-03T15:03:04+00:00","og_image":[{"width":1470,"height":814,"url":"https:\/\/www.altercampagne.net\/wp-content\/uploads\/2022\/10\/AT23_220925_Pleniere_01_24-web-cour.jpg","type":"image\/jpeg"}],"author":"Jonas","twitter_card":"summary_large_image","twitter_misc":{"\u00c9crit par":"Jonas","Dur\u00e9e de lecture estim\u00e9e":"5 minutes"},"schema":{"@context":"https:\/\/schema.org","@graph":[{"@type":"Article","@id":"https:\/\/www.altercampagne.net\/?p=26921#article","isPartOf":{"@id":"https:\/\/www.altercampagne.net\/?p=26921"},"author":{"name":"Jonas","@id":"https:\/\/www.altercampagne.net\/#\/schema\/person\/308dc295a67929d58321ff6b59820daa"},"headline":"L&rsquo;AT est d\u00e9j\u00e0 de retour, 2023 c&rsquo;est demain","datePublished":"2022-10-02T14:33:24+00:00","dateModified":"2022-10-03T15:03:04+00:00","mainEntityOfPage":{"@id":"https:\/\/www.altercampagne.net\/?p=26921"},"wordCount":612,"image":{"@id":"https:\/\/www.altercampagne.net\/?p=26921#primaryimage"},"thumbnailUrl":"https:\/\/www.altercampagne.net\/wp-content\/uploads\/2022\/10\/AT23_220925_Pleniere_01_24-web-cour.jpg","keywords":["lyon","septembre","organisation","2023"],"articleSection":["T\u00e9moignages"],"inLanguage":"fr-FR"},{"@type":"WebPage","@id":"https:\/\/www.altercampagne.net\/?p=26921","url":"https:\/\/www.altercampagne.net\/?p=26921","name":"L'AT est d\u00e9j\u00e0 de retour, 2023 c'est demain - AlterTour","isPartOf":{"@id":"https:\/\/www.altercampagne.net\/#website"},"primaryImageOfPage":{"@id":"https:\/\/www.altercampagne.net\/?p=26921#primaryimage"},"image":{"@id":"https:\/\/www.altercampagne.net\/?p=26921#primaryimage"},"thumbnailUrl":"https:\/\/www.altercampagne.net\/wp-content\/uploads\/2022\/10\/AT23_220925_Pleniere_01_24-web-cour.jpg","datePublished":"2022-10-02T14:33:24+00:00","dateModified":"2022-10-03T15:03:04+00:00","author":{"@id":"https:\/\/www.altercampagne.net\/#\/schema\/person\/308dc295a67929d58321ff6b59820daa"},"breadcrumb":{"@id":"https:\/\/www.altercampagne.net\/?p=26921#breadcrumb"},"inLanguage":"fr-FR","potentialAction":[{"@type":"ReadAction","target":["https:\/\/www.altercampagne.net\/?p=26921"]}]},{"@type":"ImageObject","inLanguage":"fr-FR","@id":"https:\/\/www.altercampagne.net\/?p=26921#primaryimage","url":"https:\/\/www.altercampagne.net\/wp-content\/uploads\/2022\/10\/AT23_220925_Pleniere_01_24-web-cour.jpg","contentUrl":"https:\/\/www.altercampagne.net\/wp-content\/uploads\/2022\/10\/AT23_220925_Pleniere_01_24-web-cour.jpg","width":1470,"height":814},{"@type":"BreadcrumbList","@id":"https:\/\/www.altercampagne.net\/?p=26921#breadcrumb","itemListElement":[{"@type":"ListItem","position":1,"name":"Accueil","item":"https:\/\/www.altercampagne.net\/"},{"@type":"ListItem","position":2,"name":"L&rsquo;AT est d\u00e9j\u00e0 de retour, 2023 c&rsquo;est demain"}]},{"@type":"WebSite","@id":"https:\/\/www.altercampagne.net\/#website","url":"https:\/\/www.altercampagne.net\/","name":"AlterTour","description":"Reliez les Alternatives \u00e0 v\u00e9lo","potentialAction":[{"@type":"SearchAction","target":{"@type":"EntryPoint","urlTemplate":"https:\/\/www.altercampagne.net\/?s={search_term_string}"},"query-input":{"@type":"PropertyValueSpecification","valueRequired":true,"valueName":"search_term_string"}}],"inLanguage":"fr-FR"},{"@type":"Person","@id":"https:\/\/www.altercampagne.net\/#\/schema\/person\/308dc295a67929d58321ff6b59820daa","name":"Jonas","image":{"@type":"ImageObject","inLanguage":"fr-FR","@id":"https:\/\/secure.gravatar.com\/avatar\/ade7b451791545d463915f445a8aee91b58c48cdcbc1ab2b8583fa2f30e159e4?s=96&d=mm&r=g","url":"https:\/\/secure.gravatar.com\/avatar\/ade7b451791545d463915f445a8aee91b58c48cdcbc1ab2b8583fa2f30e159e4?s=96&d=mm&r=g","contentUrl":"https:\/\/secure.gravatar.com\/avatar\/ade7b451791545d463915f445a8aee91b58c48cdcbc1ab2b8583fa2f30e159e4?s=96&d=mm&r=g","caption":"Jonas"},"url":"https:\/\/www.altercampagne.net\/?author=316"}]}},"_links":{"self":[{"href":"https:\/\/www.altercampagne.net\/index.php?rest_route=\/wp\/v2\/posts\/26921","targetHints":{"allow":["GET"]}}],"collection":[{"href":"https:\/\/www.altercampagne.net\/index.php?rest_route=\/wp\/v2\/posts"}],"about":[{"href":"https:\/\/www.altercampagne.net\/index.php?rest_route=\/wp\/v2\/types\/post"}],"author":[{"embeddable":true,"href":"https:\/\/www.altercampagne.net\/index.php?rest_route=\/wp\/v2\/users\/316"}],"replies":[{"embeddable":true,"href":"https:\/\/www.altercampagne.net\/index.php?rest_route=%2Fwp%2Fv2%2Fcomments&post=26921"}],"version-history":[{"count":6,"href":"https:\/\/www.altercampagne.net\/index.php?rest_route=\/wp\/v2\/posts\/26921\/revisions"}],"predecessor-version":[{"id":26985,"href":"https:\/\/www.altercampagne.net\/index.php?rest_route=\/wp\/v2\/posts\/26921\/revisions\/26985"}],"wp:featuredmedia":[{"embeddable":true,"href":"https:\/\/www.altercampagne.net\/index.php?rest_route=\/wp\/v2\/media\/26926"}],"wp:attachment":[{"href":"https:\/\/www.altercampagne.net\/index.php?rest_route=%2Fwp%2Fv2%2Fmedia&parent=26921"}],"wp:term":[{"taxonomy":"category","embeddable":true,"href":"https:\/\/www.altercampagne.net\/index.php?rest_route=%2Fwp%2Fv2%2Fcategories&post=26921"},{"taxonomy":"post_tag","embeddable":true,"href":"https:\/\/www.altercampagne.net\/index.php?rest_route=%2Fwp%2Fv2%2Ftags&post=26921"}],"curies":[{"name":"wp","href":"https:\/\/api.w.org\/{rel}","templated":true}]}}