{"id":26937,"date":"2022-10-02T22:58:41","date_gmt":"2022-10-02T20:58:41","guid":{"rendered":"https:\/\/www.altercampagne.net\/?p=26937"},"modified":"2022-10-02T22:58:42","modified_gmt":"2022-10-02T20:58:42","slug":"la-ferme-de-segonds-nous-regala","status":"publish","type":"post","link":"https:\/\/www.altercampagne.net\/?p=26937","title":{"rendered":"La ferme de Segonds nous r\u00e9gala"},"content":{"rendered":"\n<p>Week-end charg\u00e9 pour les cyclistes qui arpentent le S\u00e9gala (sud-ouest de l&rsquo;Aveyron) dans la torpeur caniculaire de mi-ao\u00fbt.<br>Au d\u00e9part de <a href=\"https:\/\/www.altercampagne.net\/?p=26408\">la ferme des Tronques<\/a>, la route est vallon\u00e9e et magnifique et m\u00eame notre pause caf\u00e9 est digne d&rsquo;\u00eatre relat\u00e9e. C&rsquo;est qu&rsquo;on passe par Vabre Tizac et le caf\u00e9 culturel <a href=\"https:\/\/www.facebook.com\/chezpiccolo\">Chez Piccolo <\/a>qui propose des <strong>animations r\u00e9guli\u00e8res dans un cadre accueillant et chaleureux<\/strong>. Quelques jours apr\u00e8s nous, c&rsquo;est le groupe<a href=\"https:\/\/www.youtube.com\/watch?v=7_QwD6F4kVU\"> Java<\/a> qui venait mettre le feu sous le chapiteau haut en couleurs.<\/p>\n\n\n\n<figure class=\"wp-block-image size-large\"><a href=\"https:\/\/www.altercampagne.net\/wp-content\/uploads\/2022\/10\/IMG_20220813_104839-web-scaled.jpg\"><img loading=\"lazy\" decoding=\"async\" width=\"1024\" height=\"518\" src=\"https:\/\/www.altercampagne.net\/wp-content\/uploads\/2022\/10\/IMG_20220813_104839-web-1024x518.jpg\" alt=\"\" class=\"wp-image-26941\" srcset=\"https:\/\/www.altercampagne.net\/wp-content\/uploads\/2022\/10\/IMG_20220813_104839-web-1024x518.jpg 1024w, https:\/\/www.altercampagne.net\/wp-content\/uploads\/2022\/10\/IMG_20220813_104839-web-300x152.jpg 300w, https:\/\/www.altercampagne.net\/wp-content\/uploads\/2022\/10\/IMG_20220813_104839-web-768x389.jpg 768w, https:\/\/www.altercampagne.net\/wp-content\/uploads\/2022\/10\/IMG_20220813_104839-web-1536x778.jpg 1536w, https:\/\/www.altercampagne.net\/wp-content\/uploads\/2022\/10\/IMG_20220813_104839-web-2048x1037.jpg 2048w, https:\/\/www.altercampagne.net\/wp-content\/uploads\/2022\/10\/IMG_20220813_104839-web-610x309.jpg 610w, https:\/\/www.altercampagne.net\/wp-content\/uploads\/2022\/10\/IMG_20220813_104839-web-100x51.jpg 100w, https:\/\/www.altercampagne.net\/wp-content\/uploads\/2022\/10\/IMG_20220813_104839-web-862x436.jpg 862w, https:\/\/www.altercampagne.net\/wp-content\/uploads\/2022\/10\/IMG_20220813_104839-web-1140x577.jpg 1140w\" sizes=\"auto, (max-width: 1024px) 100vw, 1024px\" \/><\/a><\/figure>\n\n\n\n<p>Un caf\u00e9 et quelques montagnes russes plus tard, on arrive \u00e0 <a href=\"https:\/\/www.altercampagne.net\/?p=25583\">la ferme de Segonds<\/a> et ses vieux murs de pierres au charme authentique. Reprise il y a trois ans par 8 associ\u00e9.es et 80 soci\u00e9taires de la S.C.I. portant le projet, <strong>la ferme porte trois activit\u00e9s diff\u00e9rentes : le pain, le mara\u00eechage et les brebis<\/strong>.<\/p>\n\n\n\n<figure class=\"wp-block-image size-large\"><a href=\"https:\/\/www.altercampagne.net\/wp-content\/uploads\/2022\/10\/PFS-168-scaled.jpeg\"><img loading=\"lazy\" decoding=\"async\" width=\"1024\" height=\"454\" src=\"https:\/\/www.altercampagne.net\/wp-content\/uploads\/2022\/10\/PFS-168-1024x454.jpeg\" alt=\"\" class=\"wp-image-26942\" srcset=\"https:\/\/www.altercampagne.net\/wp-content\/uploads\/2022\/10\/PFS-168-1024x454.jpeg 1024w, https:\/\/www.altercampagne.net\/wp-content\/uploads\/2022\/10\/PFS-168-300x133.jpeg 300w, https:\/\/www.altercampagne.net\/wp-content\/uploads\/2022\/10\/PFS-168-768x340.jpeg 768w, https:\/\/www.altercampagne.net\/wp-content\/uploads\/2022\/10\/PFS-168-1536x681.jpeg 1536w, https:\/\/www.altercampagne.net\/wp-content\/uploads\/2022\/10\/PFS-168-2048x908.jpeg 2048w, https:\/\/www.altercampagne.net\/wp-content\/uploads\/2022\/10\/PFS-168-610x270.jpeg 610w, https:\/\/www.altercampagne.net\/wp-content\/uploads\/2022\/10\/PFS-168-100x44.jpeg 100w, https:\/\/www.altercampagne.net\/wp-content\/uploads\/2022\/10\/PFS-168-862x382.jpeg 862w, https:\/\/www.altercampagne.net\/wp-content\/uploads\/2022\/10\/PFS-168-1140x505.jpeg 1140w\" sizes=\"auto, (max-width: 1024px) 100vw, 1024px\" \/><\/a><\/figure>\n\n\n\n<figure class=\"wp-block-image size-large\"><a href=\"https:\/\/www.altercampagne.net\/wp-content\/uploads\/2022\/10\/PFS-35web-scaled.jpg\"><img loading=\"lazy\" decoding=\"async\" width=\"1024\" height=\"628\" src=\"https:\/\/www.altercampagne.net\/wp-content\/uploads\/2022\/10\/PFS-35web-1024x628.jpg\" alt=\"\" class=\"wp-image-26946\" srcset=\"https:\/\/www.altercampagne.net\/wp-content\/uploads\/2022\/10\/PFS-35web-1024x628.jpg 1024w, https:\/\/www.altercampagne.net\/wp-content\/uploads\/2022\/10\/PFS-35web-300x184.jpg 300w, https:\/\/www.altercampagne.net\/wp-content\/uploads\/2022\/10\/PFS-35web-768x471.jpg 768w, https:\/\/www.altercampagne.net\/wp-content\/uploads\/2022\/10\/PFS-35web-1536x942.jpg 1536w, https:\/\/www.altercampagne.net\/wp-content\/uploads\/2022\/10\/PFS-35web-2048x1256.jpg 2048w, https:\/\/www.altercampagne.net\/wp-content\/uploads\/2022\/10\/PFS-35web-610x374.jpg 610w, https:\/\/www.altercampagne.net\/wp-content\/uploads\/2022\/10\/PFS-35web-100x61.jpg 100w, https:\/\/www.altercampagne.net\/wp-content\/uploads\/2022\/10\/PFS-35web-862x529.jpg 862w, https:\/\/www.altercampagne.net\/wp-content\/uploads\/2022\/10\/PFS-35web-1140x699.jpg 1140w\" sizes=\"auto, (max-width: 1024px) 100vw, 1024px\" \/><\/a><figcaption>La pr\u00e9sentation des lieux par la joyeuse \u00e9quipe de Segonds.<\/figcaption><\/figure>\n\n\n\n<p>Autour du collectif, \u00e7a gravite et les \u00e9nergies se multiplient si bien que les r\u00e9flexions sont fr\u00e9quentes pour amender le projet pas \u00e0 pas. L&rsquo;AlterTour est rest\u00e9 deux jours sur place et a pu participer \u00e0 de <strong>nombreux ateliers\/temps d&rsquo;\u00e9changes.<\/strong><br>Je n&rsquo;ai malheureusement pas pu assister \u00e0 toutes les activit\u00e9s propos\u00e9es mais j&rsquo;ai r\u00e9ussi \u00e0 recueillir plusieurs t\u00e9moignages de ces pr\u00e9cieux moments pass\u00e9s l\u00e0-bas. <\/p>\n\n\n\n<h3 class=\"wp-block-heading\">Atelier de transformation de l\u00e9gumes<\/h3>\n\n\n\n<figure class=\"wp-block-image size-large\"><a href=\"https:\/\/www.altercampagne.net\/wp-content\/uploads\/2022\/10\/PFS-114-scaled.jpeg\"><img loading=\"lazy\" decoding=\"async\" width=\"1024\" height=\"768\" src=\"https:\/\/www.altercampagne.net\/wp-content\/uploads\/2022\/10\/PFS-114-1024x768.jpeg\" alt=\"\" class=\"wp-image-26943\" srcset=\"https:\/\/www.altercampagne.net\/wp-content\/uploads\/2022\/10\/PFS-114-1024x768.jpeg 1024w, https:\/\/www.altercampagne.net\/wp-content\/uploads\/2022\/10\/PFS-114-300x225.jpeg 300w, https:\/\/www.altercampagne.net\/wp-content\/uploads\/2022\/10\/PFS-114-768x576.jpeg 768w, https:\/\/www.altercampagne.net\/wp-content\/uploads\/2022\/10\/PFS-114-1536x1153.jpeg 1536w, https:\/\/www.altercampagne.net\/wp-content\/uploads\/2022\/10\/PFS-114-2048x1537.jpeg 2048w, https:\/\/www.altercampagne.net\/wp-content\/uploads\/2022\/10\/PFS-114-610x458.jpeg 610w, https:\/\/www.altercampagne.net\/wp-content\/uploads\/2022\/10\/PFS-114-100x75.jpeg 100w, https:\/\/www.altercampagne.net\/wp-content\/uploads\/2022\/10\/PFS-114-862x647.jpeg 862w, https:\/\/www.altercampagne.net\/wp-content\/uploads\/2022\/10\/PFS-114-1140x855.jpeg 1140w\" sizes=\"auto, (max-width: 1024px) 100vw, 1024px\" \/><\/a><\/figure>\n\n\n\n<p><em>Tatiana, la boulang\u00e8re, a propos\u00e9 un atelier de transformation qui a eu beaucoup de succ\u00e8s. Toustes sont ravi.e.s de rester sous l\u2019auvent en bois, dans la cour, \u00e0 l\u2019abri du soleil et de la canicule qui ne c\u00e8de pas. <br>Dans un premier temps, les \u00e9quipes r\u00e9cup\u00e8rent<strong> les l\u00e9gumes et les herbes aromatiques<\/strong> dans l\u2019immense potager en grande partie sous serre. On retourne faire une ratatouille g\u00e9ante qui sera aussit\u00f4t cuite et st\u00e9rilis\u00e9e pour l\u2019hiver. Plus long, mais tr\u00e8s agr\u00e9able, l\u2019effeuillage des longues branches de basilic pour une pr\u00e9paration congel\u00e9e. Pour l\u2019heure, le basilic-citron embaume et nous plongeons la t\u00eate premi\u00e8re dans les bacs pour un \u00ab\u00a0bain\u00a0\u00bb in\u00e9dit et joyeux. <br>Plus qu\u2019un atelier, c\u2019est un chantier participatif qui permet d\u2019<strong>\u00e9changer en mots et en chansons.<\/strong><\/em><br>T\u00e9moignage de Danielle<\/p>\n\n\n\n<h3 class=\"wp-block-heading\">Atelier ardoises<\/h3>\n\n\n\n<figure class=\"wp-block-image size-large\"><a href=\"https:\/\/www.altercampagne.net\/wp-content\/uploads\/2022\/10\/PFS-111-scaled.jpeg\"><img loading=\"lazy\" decoding=\"async\" width=\"768\" height=\"1024\" src=\"https:\/\/www.altercampagne.net\/wp-content\/uploads\/2022\/10\/PFS-111-768x1024.jpeg\" alt=\"\" class=\"wp-image-26944\" srcset=\"https:\/\/www.altercampagne.net\/wp-content\/uploads\/2022\/10\/PFS-111-768x1024.jpeg 768w, https:\/\/www.altercampagne.net\/wp-content\/uploads\/2022\/10\/PFS-111-225x300.jpeg 225w, https:\/\/www.altercampagne.net\/wp-content\/uploads\/2022\/10\/PFS-111-1152x1536.jpeg 1152w, https:\/\/www.altercampagne.net\/wp-content\/uploads\/2022\/10\/PFS-111-1536x2048.jpeg 1536w, https:\/\/www.altercampagne.net\/wp-content\/uploads\/2022\/10\/PFS-111-610x813.jpeg 610w, https:\/\/www.altercampagne.net\/wp-content\/uploads\/2022\/10\/PFS-111-100x133.jpeg 100w, https:\/\/www.altercampagne.net\/wp-content\/uploads\/2022\/10\/PFS-111-862x1150.jpeg 862w, https:\/\/www.altercampagne.net\/wp-content\/uploads\/2022\/10\/PFS-111-1140x1520.jpeg 1140w, https:\/\/www.altercampagne.net\/wp-content\/uploads\/2022\/10\/PFS-111-scaled.jpeg 1920w\" sizes=\"auto, (max-width: 768px) 100vw, 768px\" \/><\/a><\/figure>\n\n\n\n<p><em>Pyo et Denis nous accueillent ce matin pour un chantier participatif de r\u00e9novation de la toiture en ardoise de la grange. Toutes les g\u00e9n\u00e9rations mettent la main \u00e0 la patte. <strong>Il faut trier par taille, isoler les ardoises cass\u00e9es issues de la r\u00e9cup<\/strong>. C&rsquo;est rapide, efficace et convivial. L&rsquo;\u00e9quipe d&rsquo; altercyclistes a permis d&rsquo;\u00e9conomiser un temps consid\u00e9rable pour la ferme de Segonds.<\/em><br>T\u00e9moignage de Kylian<\/p>\n\n\n\n<h3 class=\"wp-block-heading\">Atelier de d\u00e9sherbage <\/h3>\n\n\n\n<h5 class=\"wp-block-heading\">des rangs de carottes bio avec la super maraich\u00e8re Oriane<\/h5>\n\n\n\n<p><em>A la main, on a <strong>arrach\u00e9 plusieurs plantes envahissantes<\/strong> : panic, camomille, pourpier&#8230;On a d&rsquo;ailleurs gard\u00e9 les feuilles du pourpier pour faire un d\u00e9licieux pimpage dans la salade du midi ! On \u00e9tait 6 ou 7 \u00e0 participer et en 2h30 on a d\u00e9sherb\u00e9 environ 8 planches de 3 rangs de semis de carottes chacune.\u00a0\u00a0Dans la ferme, Oriane fait du <strong>mara\u00eechage diversifi\u00e9<\/strong>, et sa production est vendue sous forme de panier, elle conna\u00eet donc \u00e0 l&rsquo;avance les quantit\u00e9 de commandes qu&rsquo;elle a \u00e0 produire. <\/em><\/p>\n\n\n\n<figure class=\"wp-block-image size-large\"><a href=\"https:\/\/www.altercampagne.net\/wp-content\/uploads\/2022\/10\/PFS-75-web-scaled.jpg\"><img loading=\"lazy\" decoding=\"async\" width=\"1024\" height=\"587\" src=\"https:\/\/www.altercampagne.net\/wp-content\/uploads\/2022\/10\/PFS-75-web-1024x587.jpg\" alt=\"\" class=\"wp-image-26948\" srcset=\"https:\/\/www.altercampagne.net\/wp-content\/uploads\/2022\/10\/PFS-75-web-1024x587.jpg 1024w, https:\/\/www.altercampagne.net\/wp-content\/uploads\/2022\/10\/PFS-75-web-300x172.jpg 300w, https:\/\/www.altercampagne.net\/wp-content\/uploads\/2022\/10\/PFS-75-web-768x440.jpg 768w, https:\/\/www.altercampagne.net\/wp-content\/uploads\/2022\/10\/PFS-75-web-1536x880.jpg 1536w, https:\/\/www.altercampagne.net\/wp-content\/uploads\/2022\/10\/PFS-75-web-2048x1174.jpg 2048w, https:\/\/www.altercampagne.net\/wp-content\/uploads\/2022\/10\/PFS-75-web-610x350.jpg 610w, https:\/\/www.altercampagne.net\/wp-content\/uploads\/2022\/10\/PFS-75-web-100x57.jpg 100w, https:\/\/www.altercampagne.net\/wp-content\/uploads\/2022\/10\/PFS-75-web-862x494.jpg 862w, https:\/\/www.altercampagne.net\/wp-content\/uploads\/2022\/10\/PFS-75-web-1140x653.jpg 1140w\" sizes=\"auto, (max-width: 1024px) 100vw, 1024px\" \/><\/a><figcaption>Et visiblement, on a particip\u00e9 \u00e0 la fabrication du pain aussi \ud83d\ude42 Ou peut-\u00eatre \u00e9tait-ce la d\u00e9licieuse p\u00e2te \u00e0 pizzas?<\/figcaption><\/figure>\n\n\n\n<p><em>La ferme r\u00e9unit aussi <strong>2 paysans boulangers<\/strong> qui cultivent leur c\u00e9r\u00e9ales, fabrique leur farine et leurs pains sur place. Les machines utilis\u00e9es par chacun.e proviennent de la <a href=\"http:\/\/www.cuma.fr\/\">CUMA, le r\u00e9seau des Coop\u00e9ratives d&rsquo;Utilisation de Mat\u00e9riel Agricole<\/a>, qui mutualise entre ses membres du mat\u00e9riel on\u00e9reux pour le travail agricole, et qui propose aussi de la formation, etc. <br>Un grand merci \u00e0 Oriane pour ce moment de partage et la d\u00e9couverte d&rsquo;un petit bout de son quotidien.<\/em><br>T\u00e9moignage d&rsquo;Amandine<\/p>\n\n\n\n<h3 class=\"wp-block-heading\">Atelier-\u00e9changes avec le collectif LBD<\/h3>\n\n\n\n<figure class=\"wp-block-image size-large\"><a href=\"https:\/\/www.altercampagne.net\/wp-content\/uploads\/2022\/10\/PFS-62-scaled.jpeg\"><img loading=\"lazy\" decoding=\"async\" width=\"1024\" height=\"768\" src=\"https:\/\/www.altercampagne.net\/wp-content\/uploads\/2022\/10\/PFS-62-1024x768.jpeg\" alt=\"\" class=\"wp-image-26947\" srcset=\"https:\/\/www.altercampagne.net\/wp-content\/uploads\/2022\/10\/PFS-62-1024x768.jpeg 1024w, https:\/\/www.altercampagne.net\/wp-content\/uploads\/2022\/10\/PFS-62-300x225.jpeg 300w, https:\/\/www.altercampagne.net\/wp-content\/uploads\/2022\/10\/PFS-62-768x576.jpeg 768w, https:\/\/www.altercampagne.net\/wp-content\/uploads\/2022\/10\/PFS-62-1536x1152.jpeg 1536w, https:\/\/www.altercampagne.net\/wp-content\/uploads\/2022\/10\/PFS-62-2048x1536.jpeg 2048w, https:\/\/www.altercampagne.net\/wp-content\/uploads\/2022\/10\/PFS-62-610x458.jpeg 610w, https:\/\/www.altercampagne.net\/wp-content\/uploads\/2022\/10\/PFS-62-100x75.jpeg 100w, https:\/\/www.altercampagne.net\/wp-content\/uploads\/2022\/10\/PFS-62-862x647.jpeg 862w, https:\/\/www.altercampagne.net\/wp-content\/uploads\/2022\/10\/PFS-62-1140x855.jpeg 1140w\" sizes=\"auto, (max-width: 1024px) 100vw, 1024px\" \/><\/a><\/figure>\n\n\n\n<p>\u00ab\u00a0<em>D\u00e9broussailler les id\u00e9es re\u00e7ues en campagne<\/em>\u00ab\u00a0, voil\u00e0 la volont\u00e9 du collectif <strong><a href=\"https:\/\/collectiflbd.wixsite.com\/alacambrouss\">Les Bonnes D\u00e9broussailleuses<\/a><\/strong>, une association <a href=\"https:\/\/fr.wikipedia.org\/wiki\/Lesbiennes,_gays,_bisexuels_et_transgenres\">LGBTQIA+<\/a> qui est active dans le sud Aveyron depuis 2020 pour \u00ab\u00a0<em><strong>partager, rencontrer, d\u00e9construire ensemble et surtout de rendre visible les questions LGBTQIA+ dans nos campagnes<\/strong><\/em>\u00ab\u00a0. C&rsquo;est que les questions de genre et d&rsquo;orientation sexuelle sont particuli\u00e8rement compliqu\u00e9es \u00e0 la campagne et dans des milieux souvent tr\u00e8s genr\u00e9s. <br>Les profils des membres du collectif sont vari\u00e9s et cette apr\u00e8s-midi, c&rsquo;est Eugene qui anime le temps de discussions. Il a voulu propos\u00e9 des espaces et des r\u00e9ponses \u00e0 ce qu&rsquo;il n&rsquo;avait pas pu obtenir \u00e0 l&rsquo;\u00e9poque o\u00f9 il se posait tout plein de questions. <br>En avril 2021, le collectif organise la Gay Pride Aveyronnaise \u00e0 Villefranche de Rouergue et la mobilisation rencontre un joli succ\u00e8s populaire. Dans le coin, la dynamique est bonne et d&rsquo;autres temps de rencontre sont r\u00e9guli\u00e8rement mis sur pied comme <em>L&rsquo;Ap\u00e9ro clito<\/em> ou <em>Le Cercle de tapettes champ\u00eatres<\/em>.<\/p>\n\n\n\n<p class=\"has-text-align-right\">Jonas \u00e0 la r\u00e9daction avec le soutien de Danielle, Kylian et Amandine.<br>Marco et Jean-Michel aux photos.<\/p>\n","protected":false},"excerpt":{"rendered":"<p>Week-end charg\u00e9 pour les cyclistes qui arpentent le S\u00e9gala (sud-ouest de l&rsquo;Aveyron) dans la torpeur caniculaire de mi-ao\u00fbt.<br \/>\nA la ferme de Segonds, on partage plusieurs moments de grande qualit\u00e9 !<\/p>\n","protected":false},"author":316,"featured_media":26951,"comment_status":"closed","ping_status":"closed","sticky":false,"template":"","format":"standard","meta":{"footnotes":""},"categories":[3483,3489,4357,3480,1,3540],"tags":[],"class_list":["post-26937","post","type-post","status-publish","format-standard","has-post-thumbnail","hentry","category-agriculture","category-alimentation","category-edition-2022","category-occitanie","category-non-classe","category-transverse"],"yoast_head":"<!-- This site is optimized with the Yoast SEO plugin v27.3 - https:\/\/yoast.com\/product\/yoast-seo-wordpress\/ -->\n<title>La ferme de Segonds nous r\u00e9gala - AlterTour<\/title>\n<meta name=\"robots\" content=\"index, follow, max-snippet:-1, max-image-preview:large, max-video-preview:-1\" \/>\n<link rel=\"canonical\" href=\"https:\/\/www.altercampagne.net\/?p=26937\" \/>\n<meta property=\"og:locale\" content=\"fr_FR\" \/>\n<meta property=\"og:type\" content=\"article\" \/>\n<meta property=\"og:title\" content=\"La ferme de Segonds nous r\u00e9gala - AlterTour\" \/>\n<meta property=\"og:description\" content=\"Week-end charg\u00e9 pour les cyclistes qui arpentent le S\u00e9gala (sud-ouest de l&#039;Aveyron) dans la torpeur caniculaire de mi-ao\u00fbt. A la ferme de Segonds, on partage plusieurs moments de grande qualit\u00e9 !\" \/>\n<meta property=\"og:url\" content=\"https:\/\/www.altercampagne.net\/?p=26937\" \/>\n<meta property=\"og:site_name\" content=\"AlterTour\" \/>\n<meta property=\"article:published_time\" content=\"2022-10-02T20:58:41+00:00\" \/>\n<meta property=\"article:modified_time\" content=\"2022-10-02T20:58:42+00:00\" \/>\n<meta property=\"og:image\" content=\"https:\/\/www.altercampagne.net\/wp-content\/uploads\/2022\/10\/PFS-74web-scaled.jpg\" \/>\n\t<meta property=\"og:image:width\" content=\"2560\" \/>\n\t<meta property=\"og:image:height\" content=\"1468\" \/>\n\t<meta property=\"og:image:type\" content=\"image\/jpeg\" \/>\n<meta name=\"author\" content=\"Jonas\" \/>\n<meta name=\"twitter:card\" content=\"summary_large_image\" \/>\n<meta name=\"twitter:label1\" content=\"\u00c9crit par\" \/>\n\t<meta name=\"twitter:data1\" content=\"Jonas\" \/>\n\t<meta name=\"twitter:label2\" content=\"Dur\u00e9e de lecture estim\u00e9e\" \/>\n\t<meta name=\"twitter:data2\" content=\"6 minutes\" \/>\n<script type=\"application\/ld+json\" class=\"yoast-schema-graph\">{\"@context\":\"https:\\\/\\\/schema.org\",\"@graph\":[{\"@type\":\"Article\",\"@id\":\"https:\\\/\\\/www.altercampagne.net\\\/?p=26937#article\",\"isPartOf\":{\"@id\":\"https:\\\/\\\/www.altercampagne.net\\\/?p=26937\"},\"author\":{\"name\":\"Jonas\",\"@id\":\"https:\\\/\\\/www.altercampagne.net\\\/#\\\/schema\\\/person\\\/308dc295a67929d58321ff6b59820daa\"},\"headline\":\"La ferme de Segonds nous r\u00e9gala\",\"datePublished\":\"2022-10-02T20:58:41+00:00\",\"dateModified\":\"2022-10-02T20:58:42+00:00\",\"mainEntityOfPage\":{\"@id\":\"https:\\\/\\\/www.altercampagne.net\\\/?p=26937\"},\"wordCount\":892,\"image\":{\"@id\":\"https:\\\/\\\/www.altercampagne.net\\\/?p=26937#primaryimage\"},\"thumbnailUrl\":\"https:\\\/\\\/www.altercampagne.net\\\/wp-content\\\/uploads\\\/2022\\\/10\\\/PFS-74web-scaled.jpg\",\"articleSection\":{\"0\":\"Agriculture\",\"1\":\"Alimentation\",\"2\":\"Edition 2022\",\"3\":\"Occitanie\",\"5\":\"Transverse\"},\"inLanguage\":\"fr-FR\"},{\"@type\":\"WebPage\",\"@id\":\"https:\\\/\\\/www.altercampagne.net\\\/?p=26937\",\"url\":\"https:\\\/\\\/www.altercampagne.net\\\/?p=26937\",\"name\":\"La ferme de Segonds nous r\u00e9gala - AlterTour\",\"isPartOf\":{\"@id\":\"https:\\\/\\\/www.altercampagne.net\\\/#website\"},\"primaryImageOfPage\":{\"@id\":\"https:\\\/\\\/www.altercampagne.net\\\/?p=26937#primaryimage\"},\"image\":{\"@id\":\"https:\\\/\\\/www.altercampagne.net\\\/?p=26937#primaryimage\"},\"thumbnailUrl\":\"https:\\\/\\\/www.altercampagne.net\\\/wp-content\\\/uploads\\\/2022\\\/10\\\/PFS-74web-scaled.jpg\",\"datePublished\":\"2022-10-02T20:58:41+00:00\",\"dateModified\":\"2022-10-02T20:58:42+00:00\",\"author\":{\"@id\":\"https:\\\/\\\/www.altercampagne.net\\\/#\\\/schema\\\/person\\\/308dc295a67929d58321ff6b59820daa\"},\"breadcrumb\":{\"@id\":\"https:\\\/\\\/www.altercampagne.net\\\/?p=26937#breadcrumb\"},\"inLanguage\":\"fr-FR\",\"potentialAction\":[{\"@type\":\"ReadAction\",\"target\":[\"https:\\\/\\\/www.altercampagne.net\\\/?p=26937\"]}]},{\"@type\":\"ImageObject\",\"inLanguage\":\"fr-FR\",\"@id\":\"https:\\\/\\\/www.altercampagne.net\\\/?p=26937#primaryimage\",\"url\":\"https:\\\/\\\/www.altercampagne.net\\\/wp-content\\\/uploads\\\/2022\\\/10\\\/PFS-74web-scaled.jpg\",\"contentUrl\":\"https:\\\/\\\/www.altercampagne.net\\\/wp-content\\\/uploads\\\/2022\\\/10\\\/PFS-74web-scaled.jpg\",\"width\":2560,\"height\":1468},{\"@type\":\"BreadcrumbList\",\"@id\":\"https:\\\/\\\/www.altercampagne.net\\\/?p=26937#breadcrumb\",\"itemListElement\":[{\"@type\":\"ListItem\",\"position\":1,\"name\":\"Accueil\",\"item\":\"https:\\\/\\\/www.altercampagne.net\\\/\"},{\"@type\":\"ListItem\",\"position\":2,\"name\":\"La ferme de Segonds nous r\u00e9gala\"}]},{\"@type\":\"WebSite\",\"@id\":\"https:\\\/\\\/www.altercampagne.net\\\/#website\",\"url\":\"https:\\\/\\\/www.altercampagne.net\\\/\",\"name\":\"AlterTour\",\"description\":\"Reliez les Alternatives \u00e0 v\u00e9lo\",\"potentialAction\":[{\"@type\":\"SearchAction\",\"target\":{\"@type\":\"EntryPoint\",\"urlTemplate\":\"https:\\\/\\\/www.altercampagne.net\\\/?s={search_term_string}\"},\"query-input\":{\"@type\":\"PropertyValueSpecification\",\"valueRequired\":true,\"valueName\":\"search_term_string\"}}],\"inLanguage\":\"fr-FR\"},{\"@type\":\"Person\",\"@id\":\"https:\\\/\\\/www.altercampagne.net\\\/#\\\/schema\\\/person\\\/308dc295a67929d58321ff6b59820daa\",\"name\":\"Jonas\",\"image\":{\"@type\":\"ImageObject\",\"inLanguage\":\"fr-FR\",\"@id\":\"https:\\\/\\\/secure.gravatar.com\\\/avatar\\\/ade7b451791545d463915f445a8aee91b58c48cdcbc1ab2b8583fa2f30e159e4?s=96&d=mm&r=g\",\"url\":\"https:\\\/\\\/secure.gravatar.com\\\/avatar\\\/ade7b451791545d463915f445a8aee91b58c48cdcbc1ab2b8583fa2f30e159e4?s=96&d=mm&r=g\",\"contentUrl\":\"https:\\\/\\\/secure.gravatar.com\\\/avatar\\\/ade7b451791545d463915f445a8aee91b58c48cdcbc1ab2b8583fa2f30e159e4?s=96&d=mm&r=g\",\"caption\":\"Jonas\"},\"url\":\"https:\\\/\\\/www.altercampagne.net\\\/?author=316\"}]}<\/script>\n<!-- \/ Yoast SEO plugin. -->","yoast_head_json":{"title":"La ferme de Segonds nous r\u00e9gala - AlterTour","robots":{"index":"index","follow":"follow","max-snippet":"max-snippet:-1","max-image-preview":"max-image-preview:large","max-video-preview":"max-video-preview:-1"},"canonical":"https:\/\/www.altercampagne.net\/?p=26937","og_locale":"fr_FR","og_type":"article","og_title":"La ferme de Segonds nous r\u00e9gala - AlterTour","og_description":"Week-end charg\u00e9 pour les cyclistes qui arpentent le S\u00e9gala (sud-ouest de l'Aveyron) dans la torpeur caniculaire de mi-ao\u00fbt. A la ferme de Segonds, on partage plusieurs moments de grande qualit\u00e9 !","og_url":"https:\/\/www.altercampagne.net\/?p=26937","og_site_name":"AlterTour","article_published_time":"2022-10-02T20:58:41+00:00","article_modified_time":"2022-10-02T20:58:42+00:00","og_image":[{"width":2560,"height":1468,"url":"https:\/\/www.altercampagne.net\/wp-content\/uploads\/2022\/10\/PFS-74web-scaled.jpg","type":"image\/jpeg"}],"author":"Jonas","twitter_card":"summary_large_image","twitter_misc":{"\u00c9crit par":"Jonas","Dur\u00e9e de lecture estim\u00e9e":"6 minutes"},"schema":{"@context":"https:\/\/schema.org","@graph":[{"@type":"Article","@id":"https:\/\/www.altercampagne.net\/?p=26937#article","isPartOf":{"@id":"https:\/\/www.altercampagne.net\/?p=26937"},"author":{"name":"Jonas","@id":"https:\/\/www.altercampagne.net\/#\/schema\/person\/308dc295a67929d58321ff6b59820daa"},"headline":"La ferme de Segonds nous r\u00e9gala","datePublished":"2022-10-02T20:58:41+00:00","dateModified":"2022-10-02T20:58:42+00:00","mainEntityOfPage":{"@id":"https:\/\/www.altercampagne.net\/?p=26937"},"wordCount":892,"image":{"@id":"https:\/\/www.altercampagne.net\/?p=26937#primaryimage"},"thumbnailUrl":"https:\/\/www.altercampagne.net\/wp-content\/uploads\/2022\/10\/PFS-74web-scaled.jpg","articleSection":{"0":"Agriculture","1":"Alimentation","2":"Edition 2022","3":"Occitanie","5":"Transverse"},"inLanguage":"fr-FR"},{"@type":"WebPage","@id":"https:\/\/www.altercampagne.net\/?p=26937","url":"https:\/\/www.altercampagne.net\/?p=26937","name":"La ferme de Segonds nous r\u00e9gala - AlterTour","isPartOf":{"@id":"https:\/\/www.altercampagne.net\/#website"},"primaryImageOfPage":{"@id":"https:\/\/www.altercampagne.net\/?p=26937#primaryimage"},"image":{"@id":"https:\/\/www.altercampagne.net\/?p=26937#primaryimage"},"thumbnailUrl":"https:\/\/www.altercampagne.net\/wp-content\/uploads\/2022\/10\/PFS-74web-scaled.jpg","datePublished":"2022-10-02T20:58:41+00:00","dateModified":"2022-10-02T20:58:42+00:00","author":{"@id":"https:\/\/www.altercampagne.net\/#\/schema\/person\/308dc295a67929d58321ff6b59820daa"},"breadcrumb":{"@id":"https:\/\/www.altercampagne.net\/?p=26937#breadcrumb"},"inLanguage":"fr-FR","potentialAction":[{"@type":"ReadAction","target":["https:\/\/www.altercampagne.net\/?p=26937"]}]},{"@type":"ImageObject","inLanguage":"fr-FR","@id":"https:\/\/www.altercampagne.net\/?p=26937#primaryimage","url":"https:\/\/www.altercampagne.net\/wp-content\/uploads\/2022\/10\/PFS-74web-scaled.jpg","contentUrl":"https:\/\/www.altercampagne.net\/wp-content\/uploads\/2022\/10\/PFS-74web-scaled.jpg","width":2560,"height":1468},{"@type":"BreadcrumbList","@id":"https:\/\/www.altercampagne.net\/?p=26937#breadcrumb","itemListElement":[{"@type":"ListItem","position":1,"name":"Accueil","item":"https:\/\/www.altercampagne.net\/"},{"@type":"ListItem","position":2,"name":"La ferme de Segonds nous r\u00e9gala"}]},{"@type":"WebSite","@id":"https:\/\/www.altercampagne.net\/#website","url":"https:\/\/www.altercampagne.net\/","name":"AlterTour","description":"Reliez les Alternatives \u00e0 v\u00e9lo","potentialAction":[{"@type":"SearchAction","target":{"@type":"EntryPoint","urlTemplate":"https:\/\/www.altercampagne.net\/?s={search_term_string}"},"query-input":{"@type":"PropertyValueSpecification","valueRequired":true,"valueName":"search_term_string"}}],"inLanguage":"fr-FR"},{"@type":"Person","@id":"https:\/\/www.altercampagne.net\/#\/schema\/person\/308dc295a67929d58321ff6b59820daa","name":"Jonas","image":{"@type":"ImageObject","inLanguage":"fr-FR","@id":"https:\/\/secure.gravatar.com\/avatar\/ade7b451791545d463915f445a8aee91b58c48cdcbc1ab2b8583fa2f30e159e4?s=96&d=mm&r=g","url":"https:\/\/secure.gravatar.com\/avatar\/ade7b451791545d463915f445a8aee91b58c48cdcbc1ab2b8583fa2f30e159e4?s=96&d=mm&r=g","contentUrl":"https:\/\/secure.gravatar.com\/avatar\/ade7b451791545d463915f445a8aee91b58c48cdcbc1ab2b8583fa2f30e159e4?s=96&d=mm&r=g","caption":"Jonas"},"url":"https:\/\/www.altercampagne.net\/?author=316"}]}},"_links":{"self":[{"href":"https:\/\/www.altercampagne.net\/index.php?rest_route=\/wp\/v2\/posts\/26937","targetHints":{"allow":["GET"]}}],"collection":[{"href":"https:\/\/www.altercampagne.net\/index.php?rest_route=\/wp\/v2\/posts"}],"about":[{"href":"https:\/\/www.altercampagne.net\/index.php?rest_route=\/wp\/v2\/types\/post"}],"author":[{"embeddable":true,"href":"https:\/\/www.altercampagne.net\/index.php?rest_route=\/wp\/v2\/users\/316"}],"replies":[{"embeddable":true,"href":"https:\/\/www.altercampagne.net\/index.php?rest_route=%2Fwp%2Fv2%2Fcomments&post=26937"}],"version-history":[{"count":7,"href":"https:\/\/www.altercampagne.net\/index.php?rest_route=\/wp\/v2\/posts\/26937\/revisions"}],"predecessor-version":[{"id":26956,"href":"https:\/\/www.altercampagne.net\/index.php?rest_route=\/wp\/v2\/posts\/26937\/revisions\/26956"}],"wp:featuredmedia":[{"embeddable":true,"href":"https:\/\/www.altercampagne.net\/index.php?rest_route=\/wp\/v2\/media\/26951"}],"wp:attachment":[{"href":"https:\/\/www.altercampagne.net\/index.php?rest_route=%2Fwp%2Fv2%2Fmedia&parent=26937"}],"wp:term":[{"taxonomy":"category","embeddable":true,"href":"https:\/\/www.altercampagne.net\/index.php?rest_route=%2Fwp%2Fv2%2Fcategories&post=26937"},{"taxonomy":"post_tag","embeddable":true,"href":"https:\/\/www.altercampagne.net\/index.php?rest_route=%2Fwp%2Fv2%2Ftags&post=26937"}],"curies":[{"name":"wp","href":"https:\/\/api.w.org\/{rel}","templated":true}]}}