{"id":26959,"date":"2022-11-02T11:08:47","date_gmt":"2022-11-02T10:08:47","guid":{"rendered":"https:\/\/www.altercampagne.net\/?p=26959"},"modified":"2022-11-02T11:08:48","modified_gmt":"2022-11-02T10:08:48","slug":"un-tour-de-france-alternatif-solidaire-et-ecologique-a-destination-de-clermont-ferrand","status":"publish","type":"post","link":"https:\/\/www.altercampagne.net\/?p=26959","title":{"rendered":"Un tour de France alternatif, solidaire et \u00e9cologique \u00e0 destination de Clermont-Ferrand"},"content":{"rendered":"\n<p>L&rsquo;AlterTour f\u00eate cette ann\u00e9e ses 15 ans. Environ 400 cyclistes ont travers\u00e9 la France pendant 6 semaines \u00e0 la rencontre d&rsquo;initiatives solidaires et \u00e9cologiques. Cette ann\u00e9e, ils sont partis de Nice le 12 juillet dernier et ils arriveront \u00e0 Clermont-Ferrand dimanche28 ao\u00fbt.<\/p>\n\n\n\n<p>Ils sont pr\u00e8s de 400 cyclistes \u00e0 avoir enfourch\u00e9 leur v\u00e9lo le 12 juillet au d\u00e9part de Nice.&nbsp;Depuis, ils&nbsp;sillonnent les routes de France pour l\u2019<a href=\"https:\/\/www.altercampagne.net\/\">AlterTour<\/a>&nbsp;qui f\u00eate cette ann\u00e9e ses 15 ans.&nbsp;Le groupe faisait une \u00e9tape, vendredi 26 ao\u00fbt, \u00e0&nbsp;Issoire&nbsp;dans le Puy-de-D\u00f4me.&nbsp;Pour une grande partie d\u2019entre eux, cette exp\u00e9rience est un v\u00e9ritable exploit sportif.&nbsp;<em>\u00ab Je ne fais jamais de v\u00e9lo le reste de l\u2019ann\u00e9e, <\/em>\u00e9voque Ang\u00e9lique&nbsp;Mangon, l\u2019une des participantes<em>.<\/em><em>&nbsp;On fait parfois jusqu\u2019\u00e0 70 kilom\u00e8tres par jour au maximum.<\/em><em>&nbsp;Au d\u00e9but de l\u2019\u00e9t\u00e9, on \u00e9tait dans les C\u00e9vennes et il y avait beaucoup de d\u00e9nivel\u00e9s, on a eu des grosses journ\u00e9es surtout avec les fortes&nbsp;<\/em><em>chaleurs \u00bb<\/em>.<\/p>\n\n\n\n<h4 class=\"wp-block-heading\">A la qu\u00eate d&rsquo;initiatives solidaires et \u00e9cologiques<\/h4>\n\n\n\n<p>L\u2019objectif de l\u2019AlterTour&nbsp;n\u2019est pas uniquement de faire du&nbsp;v\u00e9lo, mais&nbsp;aussi d\u2019aller \u00e0 la d\u00e9couverte d\u2019initiatives \u00e9cologiques, solidaires et culturelles \u00e0 travers toute la France.&nbsp;\u00c0&nbsp;Issoire, les cyclistes ont d\u00e9couvert la&nbsp;Ressourcerie&nbsp;qui r\u00e9cup\u00e8re, r\u00e9pare et revend les dons de particuliers.&nbsp;<em>\u00ab C\u2019est la premi\u00e8re fois que l\u2019on accueille un gros groupe de 60 personnes et qui connaissent les enjeux du climat et des d\u00e9chets, <\/em>explique Guillaume Benoit, coordinateur de la&nbsp;Ressourcerie&nbsp;d&rsquo;Issoire<em>.<\/em><em>&nbsp;C\u2019est tr\u00e8s int\u00e9ressant de partager leurs comp\u00e9tences, leurs points de vue, leurs connaissances sur leur participation aux ateliers \u00bb<\/em>.<\/p>\n\n\n\n<p><br>R\u00e9duire ses d\u00e9chets, r\u00e9parer ce qui est cass\u00e9, acheter de l\u2019occasion, autant de bonnes pratiques que les cyclistes pourront emmener avec eux dans leurs sacoches.&nbsp;<em>\u00ab Moi quand j\u2019ai commenc\u00e9 le Tour, j\u2019\u00e9tais sur ma phase d\u2019\u00e9veil \u00e9cologique, <\/em>raconte Steevy&nbsp;Soudry, participant \u00e0 l&rsquo;AlterTour<em>.&nbsp;De rencontrer plein de milieux qui sont tr\u00e8s vari\u00e9s, \u00e7a donne une connaissance de ce qu\u2019on veut faire, de ce qui nous parle, de ce qui nous parle moins et de ce dans quoi on aimerait mettre de l\u2019\u00e9nergie, en lien avec ces sujets \u00bb<\/em>. <\/p>\n\n\n\n<p><br>Une lutte et un voyage qui se terminent cette ann\u00e9e le dimanche 28 ao\u00fbt \u00e0&nbsp;Cournon-d\u2019Auvergne, avec le collectif&nbsp;V\u00e9lorution.<\/p>\n\n\n\n<p class=\"has-text-align-right\"><strong><a href=\"https:\/\/france3-regions.francetvinfo.fr\/auvergne-rhone-alpes\/puy-de-dome\/issoire\/un-tour-de-france-alternatif-solidaire-et-ecologique-a-destination-de-clermont-ferrand-2602276.html\" target=\"_blank\" rel=\"noreferrer noopener\">Anne-Claire Huet &#8211; France 3 Auvergne<\/a><\/strong><\/p>\n","protected":false},"excerpt":{"rendered":"<p>L&rsquo;AlterTour f\u00eate cette ann\u00e9e ses 15 ans. Environ 400 cyclistes ont travers\u00e9 la France pendant 6 semaines \u00e0 la rencontre d&rsquo;initiatives solidaires et \u00e9cologiques. Cette ann\u00e9e, ils sont partis de Nice le 12 juillet dernier et ils arriveront \u00e0 Clermont-Ferrand dimanche28 ao\u00fbt. Ils sont pr\u00e8s de 400 cyclistes \u00e0 avoir &#8230; <\/p>\n<div><a href=\"https:\/\/www.altercampagne.net\/?p=26959\" class=\"more-link\">Read More<\/a><\/div>\n","protected":false},"author":361,"featured_media":26960,"comment_status":"closed","ping_status":"closed","sticky":false,"template":"","format":"standard","meta":{"footnotes":""},"categories":[3471,4313,4357,239,3540,3932],"tags":[4432,4433,4434,4435,4436],"class_list":["post-26959","post","type-post","status-publish","format-standard","has-post-thumbnail","hentry","category-auvergne-rhone-alpes","category-altertour","category-edition-2022","category-revue-de-presse","category-transverse","category-velo","tag-fr3-auvergne","tag-issoire","tag-clermont-ferrand-2","tag-la-ressourcerie","tag-collectif-velorution"],"yoast_head":"<!-- This site is optimized with the Yoast SEO plugin v27.3 - https:\/\/yoast.com\/product\/yoast-seo-wordpress\/ -->\n<title>Un tour de France alternatif, solidaire et \u00e9cologique \u00e0 destination de Clermont-Ferrand - AlterTour<\/title>\n<meta name=\"robots\" content=\"index, follow, max-snippet:-1, max-image-preview:large, max-video-preview:-1\" \/>\n<link rel=\"canonical\" href=\"https:\/\/www.altercampagne.net\/?p=26959\" \/>\n<meta property=\"og:locale\" content=\"fr_FR\" \/>\n<meta property=\"og:type\" content=\"article\" \/>\n<meta property=\"og:title\" content=\"Un tour de France alternatif, solidaire et \u00e9cologique \u00e0 destination de Clermont-Ferrand - AlterTour\" \/>\n<meta property=\"og:description\" content=\"L&rsquo;AlterTour f\u00eate cette ann\u00e9e ses 15 ans. Environ 400 cyclistes ont travers\u00e9 la France pendant 6 semaines \u00e0 la rencontre d&rsquo;initiatives solidaires et \u00e9cologiques. Cette ann\u00e9e, ils sont partis de Nice le 12 juillet dernier et ils arriveront \u00e0 Clermont-Ferrand dimanche28 ao\u00fbt. Ils sont pr\u00e8s de 400 cyclistes \u00e0 avoir ... Read More\" \/>\n<meta property=\"og:url\" content=\"https:\/\/www.altercampagne.net\/?p=26959\" \/>\n<meta property=\"og:site_name\" content=\"AlterTour\" \/>\n<meta property=\"article:published_time\" content=\"2022-11-02T10:08:47+00:00\" \/>\n<meta property=\"article:modified_time\" content=\"2022-11-02T10:08:48+00:00\" \/>\n<meta property=\"og:image\" content=\"https:\/\/www.altercampagne.net\/wp-content\/uploads\/2022\/10\/IMGP4667.jpg\" \/>\n\t<meta property=\"og:image:width\" content=\"1294\" \/>\n\t<meta property=\"og:image:height\" content=\"864\" \/>\n\t<meta property=\"og:image:type\" content=\"image\/jpeg\" \/>\n<meta name=\"author\" content=\"Pauline\" \/>\n<meta name=\"twitter:card\" content=\"summary_large_image\" \/>\n<meta name=\"twitter:label1\" content=\"\u00c9crit par\" \/>\n\t<meta name=\"twitter:data1\" content=\"Pauline\" \/>\n\t<meta name=\"twitter:label2\" content=\"Dur\u00e9e de lecture estim\u00e9e\" \/>\n\t<meta name=\"twitter:data2\" content=\"2 minutes\" \/>\n<script type=\"application\/ld+json\" class=\"yoast-schema-graph\">{\"@context\":\"https:\\\/\\\/schema.org\",\"@graph\":[{\"@type\":\"Article\",\"@id\":\"https:\\\/\\\/www.altercampagne.net\\\/?p=26959#article\",\"isPartOf\":{\"@id\":\"https:\\\/\\\/www.altercampagne.net\\\/?p=26959\"},\"author\":{\"name\":\"Pauline\",\"@id\":\"https:\\\/\\\/www.altercampagne.net\\\/#\\\/schema\\\/person\\\/caf30ed73e072285b8f761300370ddb5\"},\"headline\":\"Un tour de France alternatif, solidaire et \u00e9cologique \u00e0 destination de Clermont-Ferrand\",\"datePublished\":\"2022-11-02T10:08:47+00:00\",\"dateModified\":\"2022-11-02T10:08:48+00:00\",\"mainEntityOfPage\":{\"@id\":\"https:\\\/\\\/www.altercampagne.net\\\/?p=26959\"},\"wordCount\":452,\"image\":{\"@id\":\"https:\\\/\\\/www.altercampagne.net\\\/?p=26959#primaryimage\"},\"thumbnailUrl\":\"https:\\\/\\\/www.altercampagne.net\\\/wp-content\\\/uploads\\\/2022\\\/10\\\/IMGP4667.jpg\",\"keywords\":[\"FR3 Auvergne\",\"Issoire\",\"Clermont Ferrand\",\"La Ressourcerie\",\"collectif V\u00e9lorution\"],\"articleSection\":[\"Auvergne-Rh\u00f4ne-Alpes\",\"AlterTour\",\"Edition 2022\",\"Revue de presse\",\"Transverse\",\"V\u00e9lo\"],\"inLanguage\":\"fr-FR\"},{\"@type\":\"WebPage\",\"@id\":\"https:\\\/\\\/www.altercampagne.net\\\/?p=26959\",\"url\":\"https:\\\/\\\/www.altercampagne.net\\\/?p=26959\",\"name\":\"Un tour de France alternatif, solidaire et \u00e9cologique \u00e0 destination de Clermont-Ferrand - AlterTour\",\"isPartOf\":{\"@id\":\"https:\\\/\\\/www.altercampagne.net\\\/#website\"},\"primaryImageOfPage\":{\"@id\":\"https:\\\/\\\/www.altercampagne.net\\\/?p=26959#primaryimage\"},\"image\":{\"@id\":\"https:\\\/\\\/www.altercampagne.net\\\/?p=26959#primaryimage\"},\"thumbnailUrl\":\"https:\\\/\\\/www.altercampagne.net\\\/wp-content\\\/uploads\\\/2022\\\/10\\\/IMGP4667.jpg\",\"datePublished\":\"2022-11-02T10:08:47+00:00\",\"dateModified\":\"2022-11-02T10:08:48+00:00\",\"author\":{\"@id\":\"https:\\\/\\\/www.altercampagne.net\\\/#\\\/schema\\\/person\\\/caf30ed73e072285b8f761300370ddb5\"},\"breadcrumb\":{\"@id\":\"https:\\\/\\\/www.altercampagne.net\\\/?p=26959#breadcrumb\"},\"inLanguage\":\"fr-FR\",\"potentialAction\":[{\"@type\":\"ReadAction\",\"target\":[\"https:\\\/\\\/www.altercampagne.net\\\/?p=26959\"]}]},{\"@type\":\"ImageObject\",\"inLanguage\":\"fr-FR\",\"@id\":\"https:\\\/\\\/www.altercampagne.net\\\/?p=26959#primaryimage\",\"url\":\"https:\\\/\\\/www.altercampagne.net\\\/wp-content\\\/uploads\\\/2022\\\/10\\\/IMGP4667.jpg\",\"contentUrl\":\"https:\\\/\\\/www.altercampagne.net\\\/wp-content\\\/uploads\\\/2022\\\/10\\\/IMGP4667.jpg\",\"width\":1294,\"height\":864},{\"@type\":\"BreadcrumbList\",\"@id\":\"https:\\\/\\\/www.altercampagne.net\\\/?p=26959#breadcrumb\",\"itemListElement\":[{\"@type\":\"ListItem\",\"position\":1,\"name\":\"Accueil\",\"item\":\"https:\\\/\\\/www.altercampagne.net\\\/\"},{\"@type\":\"ListItem\",\"position\":2,\"name\":\"Un tour de France alternatif, solidaire et \u00e9cologique \u00e0 destination de Clermont-Ferrand\"}]},{\"@type\":\"WebSite\",\"@id\":\"https:\\\/\\\/www.altercampagne.net\\\/#website\",\"url\":\"https:\\\/\\\/www.altercampagne.net\\\/\",\"name\":\"AlterTour\",\"description\":\"Reliez les Alternatives \u00e0 v\u00e9lo\",\"potentialAction\":[{\"@type\":\"SearchAction\",\"target\":{\"@type\":\"EntryPoint\",\"urlTemplate\":\"https:\\\/\\\/www.altercampagne.net\\\/?s={search_term_string}\"},\"query-input\":{\"@type\":\"PropertyValueSpecification\",\"valueRequired\":true,\"valueName\":\"search_term_string\"}}],\"inLanguage\":\"fr-FR\"},{\"@type\":\"Person\",\"@id\":\"https:\\\/\\\/www.altercampagne.net\\\/#\\\/schema\\\/person\\\/caf30ed73e072285b8f761300370ddb5\",\"name\":\"Pauline\",\"image\":{\"@type\":\"ImageObject\",\"inLanguage\":\"fr-FR\",\"@id\":\"https:\\\/\\\/secure.gravatar.com\\\/avatar\\\/f84b78638c34b3d6ac7339a8ef00413d11da3b09ee578a762504104ff060cde7?s=96&d=mm&r=g\",\"url\":\"https:\\\/\\\/secure.gravatar.com\\\/avatar\\\/f84b78638c34b3d6ac7339a8ef00413d11da3b09ee578a762504104ff060cde7?s=96&d=mm&r=g\",\"contentUrl\":\"https:\\\/\\\/secure.gravatar.com\\\/avatar\\\/f84b78638c34b3d6ac7339a8ef00413d11da3b09ee578a762504104ff060cde7?s=96&d=mm&r=g\",\"caption\":\"Pauline\"},\"url\":\"https:\\\/\\\/www.altercampagne.net\\\/?author=361\"}]}<\/script>\n<!-- \/ Yoast SEO plugin. -->","yoast_head_json":{"title":"Un tour de France alternatif, solidaire et \u00e9cologique \u00e0 destination de Clermont-Ferrand - AlterTour","robots":{"index":"index","follow":"follow","max-snippet":"max-snippet:-1","max-image-preview":"max-image-preview:large","max-video-preview":"max-video-preview:-1"},"canonical":"https:\/\/www.altercampagne.net\/?p=26959","og_locale":"fr_FR","og_type":"article","og_title":"Un tour de France alternatif, solidaire et \u00e9cologique \u00e0 destination de Clermont-Ferrand - AlterTour","og_description":"L&rsquo;AlterTour f\u00eate cette ann\u00e9e ses 15 ans. Environ 400 cyclistes ont travers\u00e9 la France pendant 6 semaines \u00e0 la rencontre d&rsquo;initiatives solidaires et \u00e9cologiques. Cette ann\u00e9e, ils sont partis de Nice le 12 juillet dernier et ils arriveront \u00e0 Clermont-Ferrand dimanche28 ao\u00fbt. Ils sont pr\u00e8s de 400 cyclistes \u00e0 avoir ... Read More","og_url":"https:\/\/www.altercampagne.net\/?p=26959","og_site_name":"AlterTour","article_published_time":"2022-11-02T10:08:47+00:00","article_modified_time":"2022-11-02T10:08:48+00:00","og_image":[{"width":1294,"height":864,"url":"https:\/\/www.altercampagne.net\/wp-content\/uploads\/2022\/10\/IMGP4667.jpg","type":"image\/jpeg"}],"author":"Pauline","twitter_card":"summary_large_image","twitter_misc":{"\u00c9crit par":"Pauline","Dur\u00e9e de lecture estim\u00e9e":"2 minutes"},"schema":{"@context":"https:\/\/schema.org","@graph":[{"@type":"Article","@id":"https:\/\/www.altercampagne.net\/?p=26959#article","isPartOf":{"@id":"https:\/\/www.altercampagne.net\/?p=26959"},"author":{"name":"Pauline","@id":"https:\/\/www.altercampagne.net\/#\/schema\/person\/caf30ed73e072285b8f761300370ddb5"},"headline":"Un tour de France alternatif, solidaire et \u00e9cologique \u00e0 destination de Clermont-Ferrand","datePublished":"2022-11-02T10:08:47+00:00","dateModified":"2022-11-02T10:08:48+00:00","mainEntityOfPage":{"@id":"https:\/\/www.altercampagne.net\/?p=26959"},"wordCount":452,"image":{"@id":"https:\/\/www.altercampagne.net\/?p=26959#primaryimage"},"thumbnailUrl":"https:\/\/www.altercampagne.net\/wp-content\/uploads\/2022\/10\/IMGP4667.jpg","keywords":["FR3 Auvergne","Issoire","Clermont Ferrand","La Ressourcerie","collectif V\u00e9lorution"],"articleSection":["Auvergne-Rh\u00f4ne-Alpes","AlterTour","Edition 2022","Revue de presse","Transverse","V\u00e9lo"],"inLanguage":"fr-FR"},{"@type":"WebPage","@id":"https:\/\/www.altercampagne.net\/?p=26959","url":"https:\/\/www.altercampagne.net\/?p=26959","name":"Un tour de France alternatif, solidaire et \u00e9cologique \u00e0 destination de Clermont-Ferrand - AlterTour","isPartOf":{"@id":"https:\/\/www.altercampagne.net\/#website"},"primaryImageOfPage":{"@id":"https:\/\/www.altercampagne.net\/?p=26959#primaryimage"},"image":{"@id":"https:\/\/www.altercampagne.net\/?p=26959#primaryimage"},"thumbnailUrl":"https:\/\/www.altercampagne.net\/wp-content\/uploads\/2022\/10\/IMGP4667.jpg","datePublished":"2022-11-02T10:08:47+00:00","dateModified":"2022-11-02T10:08:48+00:00","author":{"@id":"https:\/\/www.altercampagne.net\/#\/schema\/person\/caf30ed73e072285b8f761300370ddb5"},"breadcrumb":{"@id":"https:\/\/www.altercampagne.net\/?p=26959#breadcrumb"},"inLanguage":"fr-FR","potentialAction":[{"@type":"ReadAction","target":["https:\/\/www.altercampagne.net\/?p=26959"]}]},{"@type":"ImageObject","inLanguage":"fr-FR","@id":"https:\/\/www.altercampagne.net\/?p=26959#primaryimage","url":"https:\/\/www.altercampagne.net\/wp-content\/uploads\/2022\/10\/IMGP4667.jpg","contentUrl":"https:\/\/www.altercampagne.net\/wp-content\/uploads\/2022\/10\/IMGP4667.jpg","width":1294,"height":864},{"@type":"BreadcrumbList","@id":"https:\/\/www.altercampagne.net\/?p=26959#breadcrumb","itemListElement":[{"@type":"ListItem","position":1,"name":"Accueil","item":"https:\/\/www.altercampagne.net\/"},{"@type":"ListItem","position":2,"name":"Un tour de France alternatif, solidaire et \u00e9cologique \u00e0 destination de Clermont-Ferrand"}]},{"@type":"WebSite","@id":"https:\/\/www.altercampagne.net\/#website","url":"https:\/\/www.altercampagne.net\/","name":"AlterTour","description":"Reliez les Alternatives \u00e0 v\u00e9lo","potentialAction":[{"@type":"SearchAction","target":{"@type":"EntryPoint","urlTemplate":"https:\/\/www.altercampagne.net\/?s={search_term_string}"},"query-input":{"@type":"PropertyValueSpecification","valueRequired":true,"valueName":"search_term_string"}}],"inLanguage":"fr-FR"},{"@type":"Person","@id":"https:\/\/www.altercampagne.net\/#\/schema\/person\/caf30ed73e072285b8f761300370ddb5","name":"Pauline","image":{"@type":"ImageObject","inLanguage":"fr-FR","@id":"https:\/\/secure.gravatar.com\/avatar\/f84b78638c34b3d6ac7339a8ef00413d11da3b09ee578a762504104ff060cde7?s=96&d=mm&r=g","url":"https:\/\/secure.gravatar.com\/avatar\/f84b78638c34b3d6ac7339a8ef00413d11da3b09ee578a762504104ff060cde7?s=96&d=mm&r=g","contentUrl":"https:\/\/secure.gravatar.com\/avatar\/f84b78638c34b3d6ac7339a8ef00413d11da3b09ee578a762504104ff060cde7?s=96&d=mm&r=g","caption":"Pauline"},"url":"https:\/\/www.altercampagne.net\/?author=361"}]}},"_links":{"self":[{"href":"https:\/\/www.altercampagne.net\/index.php?rest_route=\/wp\/v2\/posts\/26959","targetHints":{"allow":["GET"]}}],"collection":[{"href":"https:\/\/www.altercampagne.net\/index.php?rest_route=\/wp\/v2\/posts"}],"about":[{"href":"https:\/\/www.altercampagne.net\/index.php?rest_route=\/wp\/v2\/types\/post"}],"author":[{"embeddable":true,"href":"https:\/\/www.altercampagne.net\/index.php?rest_route=\/wp\/v2\/users\/361"}],"replies":[{"embeddable":true,"href":"https:\/\/www.altercampagne.net\/index.php?rest_route=%2Fwp%2Fv2%2Fcomments&post=26959"}],"version-history":[{"count":3,"href":"https:\/\/www.altercampagne.net\/index.php?rest_route=\/wp\/v2\/posts\/26959\/revisions"}],"predecessor-version":[{"id":27099,"href":"https:\/\/www.altercampagne.net\/index.php?rest_route=\/wp\/v2\/posts\/26959\/revisions\/27099"}],"wp:featuredmedia":[{"embeddable":true,"href":"https:\/\/www.altercampagne.net\/index.php?rest_route=\/wp\/v2\/media\/26960"}],"wp:attachment":[{"href":"https:\/\/www.altercampagne.net\/index.php?rest_route=%2Fwp%2Fv2%2Fmedia&parent=26959"}],"wp:term":[{"taxonomy":"category","embeddable":true,"href":"https:\/\/www.altercampagne.net\/index.php?rest_route=%2Fwp%2Fv2%2Fcategories&post=26959"},{"taxonomy":"post_tag","embeddable":true,"href":"https:\/\/www.altercampagne.net\/index.php?rest_route=%2Fwp%2Fv2%2Ftags&post=26959"}],"curies":[{"name":"wp","href":"https:\/\/api.w.org\/{rel}","templated":true}]}}