{"id":26962,"date":"2022-11-02T11:08:34","date_gmt":"2022-11-02T10:08:34","guid":{"rendered":"https:\/\/www.altercampagne.net\/?p=26962"},"modified":"2022-11-02T11:08:36","modified_gmt":"2022-11-02T10:08:36","slug":"lalter-tour-a-fait-une-halte-en-uzege","status":"publish","type":"post","link":"https:\/\/www.altercampagne.net\/?p=26962","title":{"rendered":"L\u2019Alter Tour a fait une halte en Uz\u00e8ge"},"content":{"rendered":"\n<p>Sophie Mazon, pr\u00e9sidente du collectif pour la sauvegarde de l\u2019Uz\u00e8ge, recevait l\u2019Alter Tour dans sa ferme pour une \u00e9tape. L\u2019Alter Tour, c\u2019est un tour \u00e0 v\u00e9lo qui part \u00e0 la rencontre des alternatives (agriculture, \u00e9conomie, habitat, environnement, \u00e9nergie, social et consommation). Ici c\u2019\u00e9tait pour \u00e9voquer Amazon et la ZAC des Sablas.<\/p>\n\n\n\n<p>Pour cette 15e \u00e9dition, le parcours a commenc\u00e9 le 11 juillet de Nice et se finira le 28 ao\u00fbt \u00e0 Clermont-Ferrand. La dur\u00e9e d\u2019inscription est libre (la moyenne est d\u2019une semaine). <\/p>\n\n\n\n<p>\u00ab\u00a0Les inscriptions sont notre seule source de revenus. On est autonomes. Il y a un camion avec la cuisine, les douches, les toilettes s\u00e8ches et un minibus avec neuf places au cas o\u00f9 il y aurait des personnes fatigu\u00e9es ou bless\u00e9es. On a aussi une remorque avec vingt v\u00e9los que l\u2019on pr\u00eate aux personnes qui n\u2019en ont pas. Tout ce qu\u2019il nous faut c\u2019est un point d\u2019eau et de la place pour recevoir environ 60 personnes\u00a0\u00bb, explique Pauline Drillet, coordinatrice. L\u2019organisation se fait pendant une ann\u00e9e par les b\u00e9n\u00e9voles pr\u00e9parateurs d\u2019\u00e9tapes. \u00ab\u00a0On change de zone chaque ann\u00e9e. En moyenne on pr\u00e9voit de rouler un jour sur deux\u00a0\u00bb, pr\u00e9cise-t-elle. Le but est d\u2019aller \u00e0 la rencontre des alternatives pour \u00eatre inspir\u00e9 et garder espoir, de parler des alternatives visit\u00e9es sur internet et de montrer un autre type de fonctionnement collectif et horizontal.<\/p>\n\n\n\n<p>\u00ab\u00a0L\u2019Alter Tour on le construit tous ensemble et il fonctionne ensemble : quand on roule, pour faire la cuisine, la vaisselle, etc. Tout le monde participe et la transmission d\u2019informations est primordiale pour que tout se passe bien. Tous les jours il y a une r\u00e9partition des t\u00e2ches sur la base du volontariat.\u00a0\u00bb Certaines personnes changent de vie apr\u00e8s leur participation au tour : changement de travail, roule plus \u00e0 v\u00e9lo, plus de participation au collectif, etc.<\/p>\n\n\n\n<p class=\"has-text-align-right\"><strong><a href=\"https:\/\/www.midilibre.fr\/2022\/08\/04\/lalter-tour-a-fait-une-halte-en-uzege-10471344.php\" target=\"_blank\" rel=\"noreferrer noopener\">Correspondant Midi Libre<\/a><\/strong><\/p>\n","protected":false},"excerpt":{"rendered":"<p>Sophie Mazon, pr\u00e9sidente du collectif pour la sauvegarde de l\u2019Uz\u00e8ge, recevait l\u2019Alter Tour dans sa ferme pour une \u00e9tape. L\u2019Alter Tour, c\u2019est un tour \u00e0 v\u00e9lo qui part \u00e0 la rencontre des alternatives (agriculture, \u00e9conomie, habitat, environnement, \u00e9nergie, social et consommation). Ici c\u2019\u00e9tait pour \u00e9voquer Amazon et la ZAC des &#8230; <\/p>\n<div><a href=\"https:\/\/www.altercampagne.net\/?p=26962\" class=\"more-link\">Read More<\/a><\/div>\n","protected":false},"author":361,"featured_media":26964,"comment_status":"closed","ping_status":"closed","sticky":false,"template":"","format":"standard","meta":{"footnotes":""},"categories":[4313,4357,239,3480,3540],"tags":[4437,4438],"class_list":["post-26962","post","type-post","status-publish","format-standard","has-post-thumbnail","hentry","category-altertour","category-edition-2022","category-revue-de-presse","category-occitanie","category-transverse","tag-zac-des-sablas","tag-sauvegarde-de-luzege"],"yoast_head":"<!-- This site is optimized with the Yoast SEO plugin v27.3 - https:\/\/yoast.com\/product\/yoast-seo-wordpress\/ -->\n<title>L\u2019Alter Tour a fait une halte en Uz\u00e8ge - AlterTour<\/title>\n<meta name=\"robots\" content=\"index, follow, max-snippet:-1, max-image-preview:large, max-video-preview:-1\" \/>\n<link rel=\"canonical\" href=\"https:\/\/www.altercampagne.net\/?p=26962\" \/>\n<meta property=\"og:locale\" content=\"fr_FR\" \/>\n<meta property=\"og:type\" content=\"article\" \/>\n<meta property=\"og:title\" content=\"L\u2019Alter Tour a fait une halte en Uz\u00e8ge - AlterTour\" \/>\n<meta property=\"og:description\" content=\"Sophie Mazon, pr\u00e9sidente du collectif pour la sauvegarde de l\u2019Uz\u00e8ge, recevait l\u2019Alter Tour dans sa ferme pour une \u00e9tape. L\u2019Alter Tour, c\u2019est un tour \u00e0 v\u00e9lo qui part \u00e0 la rencontre des alternatives (agriculture, \u00e9conomie, habitat, environnement, \u00e9nergie, social et consommation). Ici c\u2019\u00e9tait pour \u00e9voquer Amazon et la ZAC des ... Read More\" \/>\n<meta property=\"og:url\" content=\"https:\/\/www.altercampagne.net\/?p=26962\" \/>\n<meta property=\"og:site_name\" content=\"AlterTour\" \/>\n<meta property=\"article:published_time\" content=\"2022-11-02T10:08:34+00:00\" \/>\n<meta property=\"article:modified_time\" content=\"2022-11-02T10:08:36+00:00\" \/>\n<meta property=\"og:image\" content=\"https:\/\/www.altercampagne.net\/wp-content\/uploads\/2022\/10\/ALT028041.jpg\" \/>\n\t<meta property=\"og:image:width\" content=\"1300\" \/>\n\t<meta property=\"og:image:height\" content=\"872\" \/>\n\t<meta property=\"og:image:type\" content=\"image\/jpeg\" \/>\n<meta name=\"author\" content=\"Pauline\" \/>\n<meta name=\"twitter:card\" content=\"summary_large_image\" \/>\n<meta name=\"twitter:label1\" content=\"\u00c9crit par\" \/>\n\t<meta name=\"twitter:data1\" content=\"Pauline\" \/>\n\t<meta name=\"twitter:label2\" content=\"Dur\u00e9e de lecture estim\u00e9e\" \/>\n\t<meta name=\"twitter:data2\" content=\"2 minutes\" \/>\n<script type=\"application\/ld+json\" class=\"yoast-schema-graph\">{\"@context\":\"https:\\\/\\\/schema.org\",\"@graph\":[{\"@type\":\"Article\",\"@id\":\"https:\\\/\\\/www.altercampagne.net\\\/?p=26962#article\",\"isPartOf\":{\"@id\":\"https:\\\/\\\/www.altercampagne.net\\\/?p=26962\"},\"author\":{\"name\":\"Pauline\",\"@id\":\"https:\\\/\\\/www.altercampagne.net\\\/#\\\/schema\\\/person\\\/caf30ed73e072285b8f761300370ddb5\"},\"headline\":\"L\u2019Alter Tour a fait une halte en Uz\u00e8ge\",\"datePublished\":\"2022-11-02T10:08:34+00:00\",\"dateModified\":\"2022-11-02T10:08:36+00:00\",\"mainEntityOfPage\":{\"@id\":\"https:\\\/\\\/www.altercampagne.net\\\/?p=26962\"},\"wordCount\":342,\"image\":{\"@id\":\"https:\\\/\\\/www.altercampagne.net\\\/?p=26962#primaryimage\"},\"thumbnailUrl\":\"https:\\\/\\\/www.altercampagne.net\\\/wp-content\\\/uploads\\\/2022\\\/10\\\/ALT028041.jpg\",\"keywords\":[\"ZAC des Sablas\",\"Sauvegarde de l&#039;Uz\u00e8ge\"],\"articleSection\":[\"AlterTour\",\"Edition 2022\",\"Revue de presse\",\"Occitanie\",\"Transverse\"],\"inLanguage\":\"fr-FR\"},{\"@type\":\"WebPage\",\"@id\":\"https:\\\/\\\/www.altercampagne.net\\\/?p=26962\",\"url\":\"https:\\\/\\\/www.altercampagne.net\\\/?p=26962\",\"name\":\"L\u2019Alter Tour a fait une halte en Uz\u00e8ge - AlterTour\",\"isPartOf\":{\"@id\":\"https:\\\/\\\/www.altercampagne.net\\\/#website\"},\"primaryImageOfPage\":{\"@id\":\"https:\\\/\\\/www.altercampagne.net\\\/?p=26962#primaryimage\"},\"image\":{\"@id\":\"https:\\\/\\\/www.altercampagne.net\\\/?p=26962#primaryimage\"},\"thumbnailUrl\":\"https:\\\/\\\/www.altercampagne.net\\\/wp-content\\\/uploads\\\/2022\\\/10\\\/ALT028041.jpg\",\"datePublished\":\"2022-11-02T10:08:34+00:00\",\"dateModified\":\"2022-11-02T10:08:36+00:00\",\"author\":{\"@id\":\"https:\\\/\\\/www.altercampagne.net\\\/#\\\/schema\\\/person\\\/caf30ed73e072285b8f761300370ddb5\"},\"breadcrumb\":{\"@id\":\"https:\\\/\\\/www.altercampagne.net\\\/?p=26962#breadcrumb\"},\"inLanguage\":\"fr-FR\",\"potentialAction\":[{\"@type\":\"ReadAction\",\"target\":[\"https:\\\/\\\/www.altercampagne.net\\\/?p=26962\"]}]},{\"@type\":\"ImageObject\",\"inLanguage\":\"fr-FR\",\"@id\":\"https:\\\/\\\/www.altercampagne.net\\\/?p=26962#primaryimage\",\"url\":\"https:\\\/\\\/www.altercampagne.net\\\/wp-content\\\/uploads\\\/2022\\\/10\\\/ALT028041.jpg\",\"contentUrl\":\"https:\\\/\\\/www.altercampagne.net\\\/wp-content\\\/uploads\\\/2022\\\/10\\\/ALT028041.jpg\",\"width\":1300,\"height\":872},{\"@type\":\"BreadcrumbList\",\"@id\":\"https:\\\/\\\/www.altercampagne.net\\\/?p=26962#breadcrumb\",\"itemListElement\":[{\"@type\":\"ListItem\",\"position\":1,\"name\":\"Accueil\",\"item\":\"https:\\\/\\\/www.altercampagne.net\\\/\"},{\"@type\":\"ListItem\",\"position\":2,\"name\":\"L\u2019Alter Tour a fait une halte en Uz\u00e8ge\"}]},{\"@type\":\"WebSite\",\"@id\":\"https:\\\/\\\/www.altercampagne.net\\\/#website\",\"url\":\"https:\\\/\\\/www.altercampagne.net\\\/\",\"name\":\"AlterTour\",\"description\":\"Reliez les Alternatives \u00e0 v\u00e9lo\",\"potentialAction\":[{\"@type\":\"SearchAction\",\"target\":{\"@type\":\"EntryPoint\",\"urlTemplate\":\"https:\\\/\\\/www.altercampagne.net\\\/?s={search_term_string}\"},\"query-input\":{\"@type\":\"PropertyValueSpecification\",\"valueRequired\":true,\"valueName\":\"search_term_string\"}}],\"inLanguage\":\"fr-FR\"},{\"@type\":\"Person\",\"@id\":\"https:\\\/\\\/www.altercampagne.net\\\/#\\\/schema\\\/person\\\/caf30ed73e072285b8f761300370ddb5\",\"name\":\"Pauline\",\"image\":{\"@type\":\"ImageObject\",\"inLanguage\":\"fr-FR\",\"@id\":\"https:\\\/\\\/secure.gravatar.com\\\/avatar\\\/f84b78638c34b3d6ac7339a8ef00413d11da3b09ee578a762504104ff060cde7?s=96&d=mm&r=g\",\"url\":\"https:\\\/\\\/secure.gravatar.com\\\/avatar\\\/f84b78638c34b3d6ac7339a8ef00413d11da3b09ee578a762504104ff060cde7?s=96&d=mm&r=g\",\"contentUrl\":\"https:\\\/\\\/secure.gravatar.com\\\/avatar\\\/f84b78638c34b3d6ac7339a8ef00413d11da3b09ee578a762504104ff060cde7?s=96&d=mm&r=g\",\"caption\":\"Pauline\"},\"url\":\"https:\\\/\\\/www.altercampagne.net\\\/?author=361\"}]}<\/script>\n<!-- \/ Yoast SEO plugin. -->","yoast_head_json":{"title":"L\u2019Alter Tour a fait une halte en Uz\u00e8ge - AlterTour","robots":{"index":"index","follow":"follow","max-snippet":"max-snippet:-1","max-image-preview":"max-image-preview:large","max-video-preview":"max-video-preview:-1"},"canonical":"https:\/\/www.altercampagne.net\/?p=26962","og_locale":"fr_FR","og_type":"article","og_title":"L\u2019Alter Tour a fait une halte en Uz\u00e8ge - AlterTour","og_description":"Sophie Mazon, pr\u00e9sidente du collectif pour la sauvegarde de l\u2019Uz\u00e8ge, recevait l\u2019Alter Tour dans sa ferme pour une \u00e9tape. L\u2019Alter Tour, c\u2019est un tour \u00e0 v\u00e9lo qui part \u00e0 la rencontre des alternatives (agriculture, \u00e9conomie, habitat, environnement, \u00e9nergie, social et consommation). Ici c\u2019\u00e9tait pour \u00e9voquer Amazon et la ZAC des ... Read More","og_url":"https:\/\/www.altercampagne.net\/?p=26962","og_site_name":"AlterTour","article_published_time":"2022-11-02T10:08:34+00:00","article_modified_time":"2022-11-02T10:08:36+00:00","og_image":[{"width":1300,"height":872,"url":"https:\/\/www.altercampagne.net\/wp-content\/uploads\/2022\/10\/ALT028041.jpg","type":"image\/jpeg"}],"author":"Pauline","twitter_card":"summary_large_image","twitter_misc":{"\u00c9crit par":"Pauline","Dur\u00e9e de lecture estim\u00e9e":"2 minutes"},"schema":{"@context":"https:\/\/schema.org","@graph":[{"@type":"Article","@id":"https:\/\/www.altercampagne.net\/?p=26962#article","isPartOf":{"@id":"https:\/\/www.altercampagne.net\/?p=26962"},"author":{"name":"Pauline","@id":"https:\/\/www.altercampagne.net\/#\/schema\/person\/caf30ed73e072285b8f761300370ddb5"},"headline":"L\u2019Alter Tour a fait une halte en Uz\u00e8ge","datePublished":"2022-11-02T10:08:34+00:00","dateModified":"2022-11-02T10:08:36+00:00","mainEntityOfPage":{"@id":"https:\/\/www.altercampagne.net\/?p=26962"},"wordCount":342,"image":{"@id":"https:\/\/www.altercampagne.net\/?p=26962#primaryimage"},"thumbnailUrl":"https:\/\/www.altercampagne.net\/wp-content\/uploads\/2022\/10\/ALT028041.jpg","keywords":["ZAC des Sablas","Sauvegarde de l&#039;Uz\u00e8ge"],"articleSection":["AlterTour","Edition 2022","Revue de presse","Occitanie","Transverse"],"inLanguage":"fr-FR"},{"@type":"WebPage","@id":"https:\/\/www.altercampagne.net\/?p=26962","url":"https:\/\/www.altercampagne.net\/?p=26962","name":"L\u2019Alter Tour a fait une halte en Uz\u00e8ge - AlterTour","isPartOf":{"@id":"https:\/\/www.altercampagne.net\/#website"},"primaryImageOfPage":{"@id":"https:\/\/www.altercampagne.net\/?p=26962#primaryimage"},"image":{"@id":"https:\/\/www.altercampagne.net\/?p=26962#primaryimage"},"thumbnailUrl":"https:\/\/www.altercampagne.net\/wp-content\/uploads\/2022\/10\/ALT028041.jpg","datePublished":"2022-11-02T10:08:34+00:00","dateModified":"2022-11-02T10:08:36+00:00","author":{"@id":"https:\/\/www.altercampagne.net\/#\/schema\/person\/caf30ed73e072285b8f761300370ddb5"},"breadcrumb":{"@id":"https:\/\/www.altercampagne.net\/?p=26962#breadcrumb"},"inLanguage":"fr-FR","potentialAction":[{"@type":"ReadAction","target":["https:\/\/www.altercampagne.net\/?p=26962"]}]},{"@type":"ImageObject","inLanguage":"fr-FR","@id":"https:\/\/www.altercampagne.net\/?p=26962#primaryimage","url":"https:\/\/www.altercampagne.net\/wp-content\/uploads\/2022\/10\/ALT028041.jpg","contentUrl":"https:\/\/www.altercampagne.net\/wp-content\/uploads\/2022\/10\/ALT028041.jpg","width":1300,"height":872},{"@type":"BreadcrumbList","@id":"https:\/\/www.altercampagne.net\/?p=26962#breadcrumb","itemListElement":[{"@type":"ListItem","position":1,"name":"Accueil","item":"https:\/\/www.altercampagne.net\/"},{"@type":"ListItem","position":2,"name":"L\u2019Alter Tour a fait une halte en Uz\u00e8ge"}]},{"@type":"WebSite","@id":"https:\/\/www.altercampagne.net\/#website","url":"https:\/\/www.altercampagne.net\/","name":"AlterTour","description":"Reliez les Alternatives \u00e0 v\u00e9lo","potentialAction":[{"@type":"SearchAction","target":{"@type":"EntryPoint","urlTemplate":"https:\/\/www.altercampagne.net\/?s={search_term_string}"},"query-input":{"@type":"PropertyValueSpecification","valueRequired":true,"valueName":"search_term_string"}}],"inLanguage":"fr-FR"},{"@type":"Person","@id":"https:\/\/www.altercampagne.net\/#\/schema\/person\/caf30ed73e072285b8f761300370ddb5","name":"Pauline","image":{"@type":"ImageObject","inLanguage":"fr-FR","@id":"https:\/\/secure.gravatar.com\/avatar\/f84b78638c34b3d6ac7339a8ef00413d11da3b09ee578a762504104ff060cde7?s=96&d=mm&r=g","url":"https:\/\/secure.gravatar.com\/avatar\/f84b78638c34b3d6ac7339a8ef00413d11da3b09ee578a762504104ff060cde7?s=96&d=mm&r=g","contentUrl":"https:\/\/secure.gravatar.com\/avatar\/f84b78638c34b3d6ac7339a8ef00413d11da3b09ee578a762504104ff060cde7?s=96&d=mm&r=g","caption":"Pauline"},"url":"https:\/\/www.altercampagne.net\/?author=361"}]}},"_links":{"self":[{"href":"https:\/\/www.altercampagne.net\/index.php?rest_route=\/wp\/v2\/posts\/26962","targetHints":{"allow":["GET"]}}],"collection":[{"href":"https:\/\/www.altercampagne.net\/index.php?rest_route=\/wp\/v2\/posts"}],"about":[{"href":"https:\/\/www.altercampagne.net\/index.php?rest_route=\/wp\/v2\/types\/post"}],"author":[{"embeddable":true,"href":"https:\/\/www.altercampagne.net\/index.php?rest_route=\/wp\/v2\/users\/361"}],"replies":[{"embeddable":true,"href":"https:\/\/www.altercampagne.net\/index.php?rest_route=%2Fwp%2Fv2%2Fcomments&post=26962"}],"version-history":[{"count":1,"href":"https:\/\/www.altercampagne.net\/index.php?rest_route=\/wp\/v2\/posts\/26962\/revisions"}],"predecessor-version":[{"id":26965,"href":"https:\/\/www.altercampagne.net\/index.php?rest_route=\/wp\/v2\/posts\/26962\/revisions\/26965"}],"wp:featuredmedia":[{"embeddable":true,"href":"https:\/\/www.altercampagne.net\/index.php?rest_route=\/wp\/v2\/media\/26964"}],"wp:attachment":[{"href":"https:\/\/www.altercampagne.net\/index.php?rest_route=%2Fwp%2Fv2%2Fmedia&parent=26962"}],"wp:term":[{"taxonomy":"category","embeddable":true,"href":"https:\/\/www.altercampagne.net\/index.php?rest_route=%2Fwp%2Fv2%2Fcategories&post=26962"},{"taxonomy":"post_tag","embeddable":true,"href":"https:\/\/www.altercampagne.net\/index.php?rest_route=%2Fwp%2Fv2%2Ftags&post=26962"}],"curies":[{"name":"wp","href":"https:\/\/api.w.org\/{rel}","templated":true}]}}