{"id":26966,"date":"2022-10-03T12:00:49","date_gmt":"2022-10-03T10:00:49","guid":{"rendered":"https:\/\/www.altercampagne.net\/?p=26966"},"modified":"2022-10-03T12:00:50","modified_gmt":"2022-10-03T10:00:50","slug":"pedale-camarade-le-nouveau-monde-est-devant-toi%e2%80%89","status":"publish","type":"post","link":"https:\/\/www.altercampagne.net\/?p=26966","title":{"rendered":"P\u00e9dale camarade, le nouveau monde est devant toi\u2009!"},"content":{"rendered":"\n<h6 class=\"wp-block-heading\"><strong>Initiative<\/strong> &#8211; D\u00e9marr\u00e9s mi-juillet, l\u2019AlterTour et l\u2019Alter-D-Tour rallieront Clermont-Ferrand fin ao\u00fbt. Ils rassemblent plus de 500\u00a0cyclistes de tous \u00e2ges, \u00e0 la rencontre de lieux de vie et de production \u00e9coresponsables.<\/h6>\n\n\n\n<p>Retournac (Haute-Loire), envoy\u00e9e sp\u00e9ciale.<\/p>\n\n\n\n<p>La ferme des Fromentaux, \u00e7a se m\u00e9rite\u2009! Par grappes, la vingtaine de participants \u00e0 l\u2019Alter-D-Tour 2022 rejoignent leur lieu d\u2019\u00e9tape, \u00e0 Retournac (Haute-Loire), au c\u0153ur de l\u2019Auvergne. Partis \u00e0 9&nbsp;heures, ils ont parcouru une trentaine de kilom\u00e8tres, dont pas mal de c\u00f4tes, et, \u00e0 la fin, un sacr\u00e9 raidillon qui \u00e9prouve les mollets, surtout quand on p\u00e9dale sur des v\u00e9los lest\u00e9s de lourdes sacoches contenant mat\u00e9riels de camping, v\u00eatements et ravitaillement pour plusieurs jours. Cette fois, les l\u00e9gumes, la viande et le pain seront fournis par leur h\u00f4te, boulang\u00e8re paysanne, ou achet\u00e9s \u00e0 des producteurs locaux.<\/p>\n\n\n\n<p>Depuis deux ans, l\u2019Alter-D-Tour propose aux amateurs de v\u00e9lo de sillonner une r\u00e9gion de France, durant quelques jours ou plus, \u00e0 la d\u00e9couverte de lieux de vie alternatifs ou de collectifs en lutte contre des projets \u00e9cocides. Petit fr\u00e8re de \u00adl\u2019AlterTour cr\u00e9\u00e9 il y a quinze ans, l\u2019Alter-D-Tour se d\u00e9roule durant la m\u00eame p\u00e9riode, du 11&nbsp;juillet au 27&nbsp;ao\u00fbt, mais sur un parcours restreint, comportant moins d\u2019\u00e9tapes et des temps plus longs pour partager la vie des accueillants, apprendre d\u2019eux et leur donner des coups de main sur des chantiers participatifs. Le Tour est parti cette ann\u00e9e de Nice (Alpes-Maritimes), tandis que le D-Tour d\u00e9marrait de Bess\u00e8ges, dans les C\u00e9vennes. Les deux se rejoindront \u00e0 Clermont-Ferrand (Puy-de-D\u00f4me) \u00e0 la fin du mois d\u2019ao\u00fbt.<\/p>\n\n\n\n<h2 class=\"wp-block-heading\">Faire de la ferme un lieu d\u2019accueil et de transmission<\/h2>\n\n\n\n<p>La formule \u00ab\u2009ralentie\u2009\u00bb est pl\u00e9biscit\u00e9e par Vincent, la trentaine, originaire de Collonges-au-Mont-d\u2019Or (Rh\u00f4ne). En\u00a02013, quand il d\u00e9couvre l\u2019aventure dans la r\u00e9gion Bourgogne-Franche-Comt\u00e9, c\u2019est <em>\u00ab\u2009tout un univers\u2009\u00bb<\/em> qui s\u2019ouvre \u00e0 lui. Le jeune ing\u00e9nieur a d\u00e9j\u00e0 la fibre \u00e9colo puisqu\u2019il travaille dans une grosse association, Hespul, qui d\u00e9veloppe des projets photovolta\u00efques \u00e0 partir de l\u2019\u00e9nergie solaire. <em>\u00ab\u2009L\u2019ambiance m\u2019a plu, les rencontres et l\u2019organisation en autogestion aussi. Et, au fil des ann\u00e9es, cela ne se d\u00e9ment pas\u2009!\u2009\u00bb<\/em> explique celui qui n\u2019h\u00e9site pas \u00e0 se porter volontaire pour toutes les t\u00e2ches collectives et \u00e0 partager son exp\u00e9rience avec les nouveaux. Apr\u00e8s huit AlterTour, il a trouv\u00e9 son bonheur depuis deux ans avec \u00adl\u2019Alter-D-Tour. Il est l\u00e0 pour trois semaines. Fleur, sa compagne, va le rejoindre une semaine avec Alix, leur fils d\u2019un an et demi.<\/p>\n\n\n\n<p>Apr\u00e8s avoir plant\u00e9 leurs tentes dans le pr\u00e9, les participants s\u2019installent autour de la grande table, sous la tonnelle, pour un repas en commun pr\u00e9par\u00e9 par leurs soins. \u00c0 Retournac, c\u2019est Terrie-Lou qui accueille le groupe. La trentenaire fait visiter la ferme o\u00f9 elle a grandi. Ses parents s\u2019y sont install\u00e9s au d\u00e9but des ann\u00e9es 1980. Il y a dix ans, ils ont souhait\u00e9 prendre leur retraite. Terrie-Lou d\u00e9cide alors de revenir. <em>\u00ab\u2009J\u2019aime cet endroit et quand on a la chance d\u2019avoir des terres, il faut en faire quelque chose\u2009\u00bb<\/em>, affirme-t-elle. Elle expose au groupe de l\u2019Alter-D-Tour les diff\u00e9rentes activit\u00e9s qui se sont d\u00e9velopp\u00e9es sur place depuis que le lieu est devenu une sorte d\u2019\u00e9cohameau o\u00f9 vivent quatorze adultes et six enfants. <em>\u00ab\u2009Chaque famille a son habitat individuel et partage des espaces communs, d\u00e9veloppe sa propre activit\u00e9 et donne un coup de main aux autres quand c\u2019est n\u00e9cessaire\u2009\u00bb<\/em>, d\u00e9taille la propri\u00e9taire. Aujourd\u2019hui, Terrie-Lou se concentre sur la fili\u00e8re pain, qu\u2019elle ma\u00eetrise du choix des semences jusqu\u2019\u00e0 la vente de sa production, en passant par la moisson et la transformation du grain en farine. Tr\u00e8s attentive \u00e0 produire du pain bio de qualit\u00e9, elle s\u00e9lectionne les graines, les trie m\u00e9caniquement, puis manuellement. Elle a \u00e9galement un moulin, qui tient dans un petit container \u00e0 deux pas du fournil d\u2019o\u00f9 sort la farine.<\/p>\n\n\n\n<p>La jeune femme a d\u00e9cid\u00e9 de faire des Fromentaux <em>\u00ab\u2009un lieu d\u2019accueil et de transmission\u2009\u00bb<\/em>. C\u2019est dans cet esprit qu\u2019elle a ouvert la guinguette des Pimprenelles, qui propose une fois par semaine une soir\u00e9e culturelle autour d\u2019un repas festif. Des groupes de voyageurs, des exil\u00e9s et des colos viennent r\u00e9guli\u00e8rement assister \u00e0 la fabrication du pain ou participer \u00e0 des ateliers. Parfois, ils aident aussi aux travaux en \u00e9change du g\u00eete et du couvert. \u00c0&nbsp;l\u2019occasion du passage de l\u2019Alter-D-Tour, une conf\u00e9rence gesticul\u00e9e f\u00e9ministe a \u00e9t\u00e9 programm\u00e9e. Document\u00e9e et dr\u00f4le, cette performance de Marion Sanejouand, de la compagnie l\u2019Un-Femme, rappelle utilement \u00e0 chacune et surtout \u00e0 chacun que si un homme sur deux est une femme, la juste place de ces derni\u00e8res dans la soci\u00e9t\u00e9 reste encore \u00e0 conqu\u00e9rir.<\/p>\n\n\n\n<h2 class=\"wp-block-heading\">Engag\u00e9s contre les grands projets inutiles<\/h2>\n\n\n\n<p>Les th\u00e9matiques de l\u2019\u00e9galit\u00e9 femmes-hommes et de l\u2019inclusion irriguent en effet l\u2019Alter-D-Tour. Une lecture collective, li\u00e9e au genre, est propos\u00e9e le surlendemain autour d\u2019un livre choisi par la librairie associative Pied-de-biche, situ\u00e9e \u00e0 M\u00e9z\u00e8res, un village tout proche.<\/p>\n\n\n\n<p>Mais le copieux programme d\u2019\u00e9tape des altercyclistes ne s\u2019arr\u00eate pas l\u00e0\u2009: <em>\u00ab\u2009Demain, nous irons chez Renaud Daumas, un voisin mara\u00eecher en traction animale, tr\u00e8s engag\u00e9 \u00e0 France Nature Environnement et aussi \u00e9lu \u00e9cologiste ind\u00e9pendant au conseil g\u00e9n\u00e9ral de Haute-Loire. Il est aussi l\u2019un des fers de lance de la Lutte des sucs, qui s\u2019oppose au doublement de la RN88, un grand projet routier inutile qui va d\u00e9truire de pr\u00e9cieuses zones humides dans la r\u00e9gion\u2009\u00bb<\/em>, lance J\u00e9r\u00f4me, copr\u00e9sident d\u2019AlterCampagne, l\u2019association qui organise l\u2019AlterTour et l\u2019Alter-D-Tour, tr\u00e8s impliqu\u00e9, lui aussi, contre l\u2019artificialisation des sols.<\/p>\n\n\n\n<p>Une fois effectu\u00e9e la visite du site, les participants sont invit\u00e9s au rituel du briefing. <em>\u00ab\u2009Il y a tout le temps des gens qui arrivent et qui partent. Donc, il nous faut \u00e0 chaque \u00e9tape pr\u00e9senter l\u2019organisation, la r\u00e9partition des t\u00e2ches et le fonctionnement de la vie du groupe\u2009\u00bb<\/em>, explique Liam, la responsable de l\u2019\u00e9tape. Bruno, septuag\u00e9naire \u00e0 la barbe et chevelure blanches, \u00e9coute les consignes d\u2019une oreille distraite. Et pour cause\u2009: il les conna\u00eet par c\u0153ur, car c\u2019est la neuvi\u00e8me\u00a0fois cons\u00e9cutive qu\u2019il fait \u00adl\u2019AlterTour. \u00ab <em>\u2009L\u2019id\u00e9e d\u2019aller rencontrer des producteurs \u00e0 travers toute la France m\u2019a motiv\u00e9\u2009<\/em>\u00bb, se rappelle ce fid\u00e8le, cofondateur du journal <em>la D\u00e9croissance<\/em>, qui participe \u00e0 chaque \u00e9dition en quasi-int\u00e9gralit\u00e9, tandis, qu\u2019en moyenne, les autres \u00ab\u2009alters\u2009\u00bb se joignent \u00e0 l\u2019aventure pour une semaine. Il s\u2019est int\u00e9ress\u00e9 \u00e0 l\u2019AlterTour d\u00e8s sa cr\u00e9ation en 2008. <em>\u00ab\u2009Au d\u00e9part, il s\u2019agissait d\u2019un \u00e9v\u00e9nement cr\u00e9\u00e9 par un collectif issu de la Conf\u00e9d\u00e9ration paysanne, de Greenpeace, d\u2019Attac et d\u2019autres organisations pour c\u00e9l\u00e9brer la lutte victorieuse contre la culture d\u2019OGM en plein champ en 2007. Ils ont d\u00e9cid\u00e9 de faire un tour de France \u00e0 la rencontre de tous les paysans qui s\u2019\u00e9taient impliqu\u00e9s dans ce combat. La logistique \u00e9tait tout autre\u2009: les cyclistes \u00e9taient escort\u00e9s par un bus et se relayaient tous les 60\u00a0km pour effectuer des \u00e9tapes de 180\u00a0km par jour. C\u2019est ainsi qu\u2019est n\u00e9e l\u2019id\u00e9e d\u2019organiser, chaque ann\u00e9e, un tour de France \u00e0 v\u00e9lo \u00e0 la rencontre de celles et ceux qui produisent de la nourriture de qualit\u00e9 et se mobilisent pour la pr\u00e9servation de la nature\u2009\u00bb<\/em>, explique le militant \u00e9cologiste.<\/p>\n\n\n\n<h2 class=\"wp-block-heading\">Principes de base, l\u2019entraide et la bienveillance<\/h2>\n\n\n\n<p>Pour Sylvie, la quarantaine, qui vit \u00e0 Saint-Marcellin (Is\u00e8re), entre Grenoble et Valence, c\u2019est le bapt\u00eame du feu. Arriv\u00e9e la veille au soir, elle a d\u00e9couvert l\u2019AlterTour par le bouche-\u00e0-oreille il y a un an. Peu sportive, elle est n\u00e9anmoins adepte du cyclo-camping, tr\u00e8s attir\u00e9e par les circulations douces et surtout par l\u2019id\u00e9e de <em>\u00ab\u2009rencontrer des personnes nouvelles, qui ont des modes de vie respectueux de l\u2019environnement et mettent en \u0153uvre leurs principes\u2009\u00bb<\/em>. \u00c0 la faveur d\u2019une colo de son fils, cette professeure des \u00e9coles participe \u00e0 l\u2019Alter-D-Tour pour une semaine. Elle appr\u00e9cie l\u2019entraide entre les participants et la bienveillance comme <em>\u00ab\u2009principe de base\u2009\u00bb<\/em> dans le groupe. <em>\u00ab\u2009Participer \u00e0 cette aventure me permet de lutter contre l\u2019\u00e9co- anxi\u00e9t\u00e9 en constatant que des alternatives \u00e0 la consommation outranci\u00e8re sont possibles. \u00c0 la rentr\u00e9e, j\u2019essaierai de faire partager cela \u00e0 mes \u00e9l\u00e8ves<\/em>, promet-elle. <em>C\u2019est important de se nourrir d\u2019autres modes de vie et de production pour pouvoir les transmettre et battre un peu en br\u00e8che ce dont les enfants sont abreuv\u00e9s par la t\u00e9l\u00e9vision.\u2009\u00bb<\/em> Son seul regret\u2009: <em>\u00ab\u2009Il n\u2019y a pas beaucoup de mixit\u00e9 sociale dans le groupe. Nous avons tous fait des \u00e9tudes et<\/em> <em>nous sommes plut\u00f4t des intellos\u2026\u2009<\/em>\u00bb<\/p>\n\n\n\n<h2 class=\"wp-block-heading\">Un tremplin vers un investissement associatif<\/h2>\n\n\n\n<p>Sur ce point, Salom\u00e9, 20&nbsp;ans, qui int\u00e8gre l\u2019\u00c9cole normale \u00e0 la rentr\u00e9e, apr\u00e8s deux ans de pr\u00e9pa \u00ab\u2009sciences sociales\u2009\u00bb \u00e0 Lyon, est d\u2019accord. Elle a d\u00e9couvert l\u2019AlterTour il y a deux ans. En 2020, elle y participe avec son groupe de scouts, et l\u2019exp\u00e9rience lui pla\u00eet. <em>\u00ab\u2009Surtout l\u2019aspect interg\u00e9n\u00e9rationnel, le fait que l\u2019on vive en collectivit\u00e9, que l\u2019on soit en autogestion et que chacun puisse se voir confier des responsabilit\u00e9s. Avant, je n\u2019avais connu que la famille et l\u2019\u00e9cole qui sont des endroits tr\u00e8s impr\u00e9gn\u00e9s de hi\u00e9rarchie\u2009\u00bb<\/em>, se souvient la jeune fille blonde aux cheveux courts, qui, depuis, n\u2019a cess\u00e9 de rallier des amies \u00e0 cette aventure. Pour l\u2019\u00e9dition&nbsp;2022, avec Zohra, Anouk, Marine, Ma\u00efwen, Juliette et Manon, elles forment un groupe de sept camarades de classe \u00e0 p\u00e9daler de concert. <em>\u00ab\u2009On reste juste une semaine, mais c\u2019\u00e9tait une bonne mani\u00e8re de passer du temps ensemble, entre filles, en apprenant des choses\u2009\u00bb<\/em>, compl\u00e8te Manon, qui a d\u00e9j\u00e0 particip\u00e9 \u00e0 \u00adl\u2019Alter-D-Tour l\u2019an pass\u00e9, dans la r\u00e9gion de Blois.<\/p>\n\n\n\n<p>Cela peut aussi \u00eatre un bon tremplin pour un engagement associatif, et pourquoi pas dans la structure qui organise les AlterTour et Alter-D-Tour. \u00c0 l\u2019issue de leur p\u00e9riple, les participants sont invit\u00e9s \u00e0 s\u2019investir dans la mesure de leurs disponibilit\u00e9s dans la pr\u00e9paration des prochaines \u00e9ditions. <em>\u00ab\u2009Cela peut \u00eatre en d\u00e9frichant une r\u00e9gion \u00e0 la recherche d\u2019accueillants, en alimentant le site Internet ou en donnant un coup de main pour g\u00e9rer les inscriptions\u2009\u00bb<\/em>, d\u00e9taille J\u00e9r\u00f4me.<\/p>\n\n\n\n<p>Et le besoin en b\u00e9n\u00e9voles est appel\u00e9 \u00e0 s\u2019intensifier, vu l\u2019engouement suscit\u00e9 par \u00adl\u2019AlterTour, totalisant pr\u00e8s de 500&nbsp;participants qui auront d\u00e9couvert tout ou partie des 100&nbsp;lieux alternatifs s\u00e9lectionn\u00e9s. <em>\u00ab\u2009En 2022, en plus des AlterTour et Alter-D-Tour, des \u00c9chapp\u00e9es belles ont \u00e9t\u00e9 cr\u00e9\u00e9es sur le m\u00eame principe. Les participants sont en totale autonomie et les groupes n\u2019exc\u00e8dent pas 20&nbsp;personnes. La seule mani\u00e8re de faire grossir l\u2019aventure sans la d\u00e9naturer, c\u2019est de la d\u00e9multiplier<\/em>, analyse le copr\u00e9sident de l\u2019association. <em>Pour beaucoup, s\u2019engager \u00e0 nos c\u00f4t\u00e9s est aussi une mani\u00e8re de ne pas rompre les liens tiss\u00e9s durant l\u2019\u00e9t\u00e9.\u2009\u00bb<\/em> Et d\u2019ancrer dans leur quotidien les exp\u00e9riences v\u00e9cues sur la route.<\/p>\n\n\n\n<p class=\"has-text-align-right\"><strong><a href=\"https:\/\/www.humanite.fr\/societe\/tourisme-social\/pedale-camarade-le-nouveau-monde-est-devant-toi-760560\">Eug\u00e9nie Barbezat &#8211; L&rsquo;Humanit\u00e9<\/a><\/strong><\/p>\n","protected":false},"excerpt":{"rendered":"<p>Initiative &#8211; D\u00e9marr\u00e9s mi-juillet, l\u2019AlterTour et l\u2019Alter-D-Tour rallieront Clermont-Ferrand fin ao\u00fbt. Ils rassemblent plus de 500\u00a0cyclistes de tous \u00e2ges, \u00e0 la rencontre de lieux de vie et de production \u00e9coresponsables. Retournac (Haute-Loire), envoy\u00e9e sp\u00e9ciale. La ferme des Fromentaux, \u00e7a se m\u00e9rite\u2009! Par grappes, la vingtaine de participants \u00e0 l\u2019Alter-D-Tour 2022 &#8230; <\/p>\n<div><a href=\"https:\/\/www.altercampagne.net\/?p=26966\" class=\"more-link\">Read More<\/a><\/div>\n","protected":false},"author":361,"featured_media":26968,"comment_status":"closed","ping_status":"closed","sticky":false,"template":"","format":"standard","meta":{"footnotes":""},"categories":[3471,3483,3489,4311,4357,239,3932],"tags":[4440,4441,4442],"class_list":["post-26966","post","type-post","status-publish","format-standard","has-post-thumbnail","hentry","category-auvergne-rhone-alpes","category-agriculture","category-alimentation","category-alter-d-tour","category-edition-2022","category-revue-de-presse","category-velo","tag-guinguette-des-pimprenelles","tag-compagnie-lun-femme","tag-retournac"],"yoast_head":"<!-- This site is optimized with the Yoast SEO plugin v27.3 - https:\/\/yoast.com\/product\/yoast-seo-wordpress\/ -->\n<title>P\u00e9dale camarade, le nouveau monde est devant toi\u2009! - AlterTour<\/title>\n<meta name=\"robots\" content=\"index, follow, max-snippet:-1, max-image-preview:large, max-video-preview:-1\" \/>\n<link rel=\"canonical\" href=\"https:\/\/www.altercampagne.net\/?p=26966\" \/>\n<meta property=\"og:locale\" content=\"fr_FR\" \/>\n<meta property=\"og:type\" content=\"article\" \/>\n<meta property=\"og:title\" content=\"P\u00e9dale camarade, le nouveau monde est devant toi\u2009! - AlterTour\" \/>\n<meta property=\"og:description\" content=\"Initiative &#8211; D\u00e9marr\u00e9s mi-juillet, l\u2019AlterTour et l\u2019Alter-D-Tour rallieront Clermont-Ferrand fin ao\u00fbt. Ils rassemblent plus de 500\u00a0cyclistes de tous \u00e2ges, \u00e0 la rencontre de lieux de vie et de production \u00e9coresponsables. Retournac (Haute-Loire), envoy\u00e9e sp\u00e9ciale. La ferme des Fromentaux, \u00e7a se m\u00e9rite\u2009! Par grappes, la vingtaine de participants \u00e0 l\u2019Alter-D-Tour 2022 ... Read More\" \/>\n<meta property=\"og:url\" content=\"https:\/\/www.altercampagne.net\/?p=26966\" \/>\n<meta property=\"og:site_name\" content=\"AlterTour\" \/>\n<meta property=\"article:published_time\" content=\"2022-10-03T10:00:49+00:00\" \/>\n<meta property=\"article:modified_time\" content=\"2022-10-03T10:00:50+00:00\" \/>\n<meta property=\"og:image\" content=\"https:\/\/www.altercampagne.net\/wp-content\/uploads\/2022\/10\/illu-lhuma-dtour.jpg\" \/>\n\t<meta property=\"og:image:width\" content=\"898\" \/>\n\t<meta property=\"og:image:height\" content=\"506\" \/>\n\t<meta property=\"og:image:type\" content=\"image\/jpeg\" \/>\n<meta name=\"author\" content=\"Pauline\" \/>\n<meta name=\"twitter:card\" content=\"summary_large_image\" \/>\n<meta name=\"twitter:label1\" content=\"\u00c9crit par\" \/>\n\t<meta name=\"twitter:data1\" content=\"Pauline\" \/>\n\t<meta name=\"twitter:label2\" content=\"Dur\u00e9e de lecture estim\u00e9e\" \/>\n\t<meta name=\"twitter:data2\" content=\"9 minutes\" \/>\n<script type=\"application\/ld+json\" class=\"yoast-schema-graph\">{\"@context\":\"https:\\\/\\\/schema.org\",\"@graph\":[{\"@type\":\"Article\",\"@id\":\"https:\\\/\\\/www.altercampagne.net\\\/?p=26966#article\",\"isPartOf\":{\"@id\":\"https:\\\/\\\/www.altercampagne.net\\\/?p=26966\"},\"author\":{\"name\":\"Pauline\",\"@id\":\"https:\\\/\\\/www.altercampagne.net\\\/#\\\/schema\\\/person\\\/caf30ed73e072285b8f761300370ddb5\"},\"headline\":\"P\u00e9dale camarade, le nouveau monde est devant toi\u2009!\",\"datePublished\":\"2022-10-03T10:00:49+00:00\",\"dateModified\":\"2022-10-03T10:00:50+00:00\",\"mainEntityOfPage\":{\"@id\":\"https:\\\/\\\/www.altercampagne.net\\\/?p=26966\"},\"wordCount\":1987,\"image\":{\"@id\":\"https:\\\/\\\/www.altercampagne.net\\\/?p=26966#primaryimage\"},\"thumbnailUrl\":\"https:\\\/\\\/www.altercampagne.net\\\/wp-content\\\/uploads\\\/2022\\\/10\\\/illu-lhuma-dtour.jpg\",\"keywords\":[\"guinguette des Pimprenelles\",\"compagnie l&#039;un-femme\",\"Retournac\"],\"articleSection\":[\"Auvergne-Rh\u00f4ne-Alpes\",\"Agriculture\",\"Alimentation\",\"Alter-D-tour\",\"Edition 2022\",\"Revue de presse\",\"V\u00e9lo\"],\"inLanguage\":\"fr-FR\"},{\"@type\":\"WebPage\",\"@id\":\"https:\\\/\\\/www.altercampagne.net\\\/?p=26966\",\"url\":\"https:\\\/\\\/www.altercampagne.net\\\/?p=26966\",\"name\":\"P\u00e9dale camarade, le nouveau monde est devant toi\u2009! - AlterTour\",\"isPartOf\":{\"@id\":\"https:\\\/\\\/www.altercampagne.net\\\/#website\"},\"primaryImageOfPage\":{\"@id\":\"https:\\\/\\\/www.altercampagne.net\\\/?p=26966#primaryimage\"},\"image\":{\"@id\":\"https:\\\/\\\/www.altercampagne.net\\\/?p=26966#primaryimage\"},\"thumbnailUrl\":\"https:\\\/\\\/www.altercampagne.net\\\/wp-content\\\/uploads\\\/2022\\\/10\\\/illu-lhuma-dtour.jpg\",\"datePublished\":\"2022-10-03T10:00:49+00:00\",\"dateModified\":\"2022-10-03T10:00:50+00:00\",\"author\":{\"@id\":\"https:\\\/\\\/www.altercampagne.net\\\/#\\\/schema\\\/person\\\/caf30ed73e072285b8f761300370ddb5\"},\"breadcrumb\":{\"@id\":\"https:\\\/\\\/www.altercampagne.net\\\/?p=26966#breadcrumb\"},\"inLanguage\":\"fr-FR\",\"potentialAction\":[{\"@type\":\"ReadAction\",\"target\":[\"https:\\\/\\\/www.altercampagne.net\\\/?p=26966\"]}]},{\"@type\":\"ImageObject\",\"inLanguage\":\"fr-FR\",\"@id\":\"https:\\\/\\\/www.altercampagne.net\\\/?p=26966#primaryimage\",\"url\":\"https:\\\/\\\/www.altercampagne.net\\\/wp-content\\\/uploads\\\/2022\\\/10\\\/illu-lhuma-dtour.jpg\",\"contentUrl\":\"https:\\\/\\\/www.altercampagne.net\\\/wp-content\\\/uploads\\\/2022\\\/10\\\/illu-lhuma-dtour.jpg\",\"width\":898,\"height\":506},{\"@type\":\"BreadcrumbList\",\"@id\":\"https:\\\/\\\/www.altercampagne.net\\\/?p=26966#breadcrumb\",\"itemListElement\":[{\"@type\":\"ListItem\",\"position\":1,\"name\":\"Accueil\",\"item\":\"https:\\\/\\\/www.altercampagne.net\\\/\"},{\"@type\":\"ListItem\",\"position\":2,\"name\":\"P\u00e9dale camarade, le nouveau monde est devant toi\u2009!\"}]},{\"@type\":\"WebSite\",\"@id\":\"https:\\\/\\\/www.altercampagne.net\\\/#website\",\"url\":\"https:\\\/\\\/www.altercampagne.net\\\/\",\"name\":\"AlterTour\",\"description\":\"Reliez les Alternatives \u00e0 v\u00e9lo\",\"potentialAction\":[{\"@type\":\"SearchAction\",\"target\":{\"@type\":\"EntryPoint\",\"urlTemplate\":\"https:\\\/\\\/www.altercampagne.net\\\/?s={search_term_string}\"},\"query-input\":{\"@type\":\"PropertyValueSpecification\",\"valueRequired\":true,\"valueName\":\"search_term_string\"}}],\"inLanguage\":\"fr-FR\"},{\"@type\":\"Person\",\"@id\":\"https:\\\/\\\/www.altercampagne.net\\\/#\\\/schema\\\/person\\\/caf30ed73e072285b8f761300370ddb5\",\"name\":\"Pauline\",\"image\":{\"@type\":\"ImageObject\",\"inLanguage\":\"fr-FR\",\"@id\":\"https:\\\/\\\/secure.gravatar.com\\\/avatar\\\/f84b78638c34b3d6ac7339a8ef00413d11da3b09ee578a762504104ff060cde7?s=96&d=mm&r=g\",\"url\":\"https:\\\/\\\/secure.gravatar.com\\\/avatar\\\/f84b78638c34b3d6ac7339a8ef00413d11da3b09ee578a762504104ff060cde7?s=96&d=mm&r=g\",\"contentUrl\":\"https:\\\/\\\/secure.gravatar.com\\\/avatar\\\/f84b78638c34b3d6ac7339a8ef00413d11da3b09ee578a762504104ff060cde7?s=96&d=mm&r=g\",\"caption\":\"Pauline\"},\"url\":\"https:\\\/\\\/www.altercampagne.net\\\/?author=361\"}]}<\/script>\n<!-- \/ Yoast SEO plugin. -->","yoast_head_json":{"title":"P\u00e9dale camarade, le nouveau monde est devant toi\u2009! - AlterTour","robots":{"index":"index","follow":"follow","max-snippet":"max-snippet:-1","max-image-preview":"max-image-preview:large","max-video-preview":"max-video-preview:-1"},"canonical":"https:\/\/www.altercampagne.net\/?p=26966","og_locale":"fr_FR","og_type":"article","og_title":"P\u00e9dale camarade, le nouveau monde est devant toi\u2009! - AlterTour","og_description":"Initiative &#8211; D\u00e9marr\u00e9s mi-juillet, l\u2019AlterTour et l\u2019Alter-D-Tour rallieront Clermont-Ferrand fin ao\u00fbt. Ils rassemblent plus de 500\u00a0cyclistes de tous \u00e2ges, \u00e0 la rencontre de lieux de vie et de production \u00e9coresponsables. Retournac (Haute-Loire), envoy\u00e9e sp\u00e9ciale. La ferme des Fromentaux, \u00e7a se m\u00e9rite\u2009! Par grappes, la vingtaine de participants \u00e0 l\u2019Alter-D-Tour 2022 ... Read More","og_url":"https:\/\/www.altercampagne.net\/?p=26966","og_site_name":"AlterTour","article_published_time":"2022-10-03T10:00:49+00:00","article_modified_time":"2022-10-03T10:00:50+00:00","og_image":[{"width":898,"height":506,"url":"https:\/\/www.altercampagne.net\/wp-content\/uploads\/2022\/10\/illu-lhuma-dtour.jpg","type":"image\/jpeg"}],"author":"Pauline","twitter_card":"summary_large_image","twitter_misc":{"\u00c9crit par":"Pauline","Dur\u00e9e de lecture estim\u00e9e":"9 minutes"},"schema":{"@context":"https:\/\/schema.org","@graph":[{"@type":"Article","@id":"https:\/\/www.altercampagne.net\/?p=26966#article","isPartOf":{"@id":"https:\/\/www.altercampagne.net\/?p=26966"},"author":{"name":"Pauline","@id":"https:\/\/www.altercampagne.net\/#\/schema\/person\/caf30ed73e072285b8f761300370ddb5"},"headline":"P\u00e9dale camarade, le nouveau monde est devant toi\u2009!","datePublished":"2022-10-03T10:00:49+00:00","dateModified":"2022-10-03T10:00:50+00:00","mainEntityOfPage":{"@id":"https:\/\/www.altercampagne.net\/?p=26966"},"wordCount":1987,"image":{"@id":"https:\/\/www.altercampagne.net\/?p=26966#primaryimage"},"thumbnailUrl":"https:\/\/www.altercampagne.net\/wp-content\/uploads\/2022\/10\/illu-lhuma-dtour.jpg","keywords":["guinguette des Pimprenelles","compagnie l&#039;un-femme","Retournac"],"articleSection":["Auvergne-Rh\u00f4ne-Alpes","Agriculture","Alimentation","Alter-D-tour","Edition 2022","Revue de presse","V\u00e9lo"],"inLanguage":"fr-FR"},{"@type":"WebPage","@id":"https:\/\/www.altercampagne.net\/?p=26966","url":"https:\/\/www.altercampagne.net\/?p=26966","name":"P\u00e9dale camarade, le nouveau monde est devant toi\u2009! - AlterTour","isPartOf":{"@id":"https:\/\/www.altercampagne.net\/#website"},"primaryImageOfPage":{"@id":"https:\/\/www.altercampagne.net\/?p=26966#primaryimage"},"image":{"@id":"https:\/\/www.altercampagne.net\/?p=26966#primaryimage"},"thumbnailUrl":"https:\/\/www.altercampagne.net\/wp-content\/uploads\/2022\/10\/illu-lhuma-dtour.jpg","datePublished":"2022-10-03T10:00:49+00:00","dateModified":"2022-10-03T10:00:50+00:00","author":{"@id":"https:\/\/www.altercampagne.net\/#\/schema\/person\/caf30ed73e072285b8f761300370ddb5"},"breadcrumb":{"@id":"https:\/\/www.altercampagne.net\/?p=26966#breadcrumb"},"inLanguage":"fr-FR","potentialAction":[{"@type":"ReadAction","target":["https:\/\/www.altercampagne.net\/?p=26966"]}]},{"@type":"ImageObject","inLanguage":"fr-FR","@id":"https:\/\/www.altercampagne.net\/?p=26966#primaryimage","url":"https:\/\/www.altercampagne.net\/wp-content\/uploads\/2022\/10\/illu-lhuma-dtour.jpg","contentUrl":"https:\/\/www.altercampagne.net\/wp-content\/uploads\/2022\/10\/illu-lhuma-dtour.jpg","width":898,"height":506},{"@type":"BreadcrumbList","@id":"https:\/\/www.altercampagne.net\/?p=26966#breadcrumb","itemListElement":[{"@type":"ListItem","position":1,"name":"Accueil","item":"https:\/\/www.altercampagne.net\/"},{"@type":"ListItem","position":2,"name":"P\u00e9dale camarade, le nouveau monde est devant toi\u2009!"}]},{"@type":"WebSite","@id":"https:\/\/www.altercampagne.net\/#website","url":"https:\/\/www.altercampagne.net\/","name":"AlterTour","description":"Reliez les Alternatives \u00e0 v\u00e9lo","potentialAction":[{"@type":"SearchAction","target":{"@type":"EntryPoint","urlTemplate":"https:\/\/www.altercampagne.net\/?s={search_term_string}"},"query-input":{"@type":"PropertyValueSpecification","valueRequired":true,"valueName":"search_term_string"}}],"inLanguage":"fr-FR"},{"@type":"Person","@id":"https:\/\/www.altercampagne.net\/#\/schema\/person\/caf30ed73e072285b8f761300370ddb5","name":"Pauline","image":{"@type":"ImageObject","inLanguage":"fr-FR","@id":"https:\/\/secure.gravatar.com\/avatar\/f84b78638c34b3d6ac7339a8ef00413d11da3b09ee578a762504104ff060cde7?s=96&d=mm&r=g","url":"https:\/\/secure.gravatar.com\/avatar\/f84b78638c34b3d6ac7339a8ef00413d11da3b09ee578a762504104ff060cde7?s=96&d=mm&r=g","contentUrl":"https:\/\/secure.gravatar.com\/avatar\/f84b78638c34b3d6ac7339a8ef00413d11da3b09ee578a762504104ff060cde7?s=96&d=mm&r=g","caption":"Pauline"},"url":"https:\/\/www.altercampagne.net\/?author=361"}]}},"_links":{"self":[{"href":"https:\/\/www.altercampagne.net\/index.php?rest_route=\/wp\/v2\/posts\/26966","targetHints":{"allow":["GET"]}}],"collection":[{"href":"https:\/\/www.altercampagne.net\/index.php?rest_route=\/wp\/v2\/posts"}],"about":[{"href":"https:\/\/www.altercampagne.net\/index.php?rest_route=\/wp\/v2\/types\/post"}],"author":[{"embeddable":true,"href":"https:\/\/www.altercampagne.net\/index.php?rest_route=\/wp\/v2\/users\/361"}],"replies":[{"embeddable":true,"href":"https:\/\/www.altercampagne.net\/index.php?rest_route=%2Fwp%2Fv2%2Fcomments&post=26966"}],"version-history":[{"count":1,"href":"https:\/\/www.altercampagne.net\/index.php?rest_route=\/wp\/v2\/posts\/26966\/revisions"}],"predecessor-version":[{"id":26967,"href":"https:\/\/www.altercampagne.net\/index.php?rest_route=\/wp\/v2\/posts\/26966\/revisions\/26967"}],"wp:featuredmedia":[{"embeddable":true,"href":"https:\/\/www.altercampagne.net\/index.php?rest_route=\/wp\/v2\/media\/26968"}],"wp:attachment":[{"href":"https:\/\/www.altercampagne.net\/index.php?rest_route=%2Fwp%2Fv2%2Fmedia&parent=26966"}],"wp:term":[{"taxonomy":"category","embeddable":true,"href":"https:\/\/www.altercampagne.net\/index.php?rest_route=%2Fwp%2Fv2%2Fcategories&post=26966"},{"taxonomy":"post_tag","embeddable":true,"href":"https:\/\/www.altercampagne.net\/index.php?rest_route=%2Fwp%2Fv2%2Ftags&post=26966"}],"curies":[{"name":"wp","href":"https:\/\/api.w.org\/{rel}","templated":true}]}}