{"id":26969,"date":"2022-11-02T11:07:45","date_gmt":"2022-11-02T10:07:45","guid":{"rendered":"https:\/\/www.altercampagne.net\/?p=26969"},"modified":"2022-11-02T11:07:46","modified_gmt":"2022-11-02T10:07:46","slug":"la-petite-revolution-des-cyclistes-de-lalter-d-tour-en-visite-a-la-ferme-de-sarlieve-a-cournon","status":"publish","type":"post","link":"https:\/\/www.altercampagne.net\/?p=26969","title":{"rendered":"La petite r\u00e9volution des cyclistes de l&rsquo;Alter-D-Tour, en visite \u00e0 la Ferme de Sarli\u00e8ve, \u00e0 Cournon"},"content":{"rendered":"\n<p>Et si la r\u00e9volution se faisait \u00e0 coups de p\u00e9dale ? Ce dimanche 28 ao\u00fbt, les collectifs <a href=\"https:\/\/www.facebook.com\/velorutionclermont\/\">V\u00e9lorution<\/a> et <a href=\"https:\/\/www.velocite63.fr\/\">V\u00e9lo-Cit\u00e9<\/a>, qui militent pour l\u2019utilisation de la bicyclette, organisent une manifestation en deux roues dans les rues de la m\u00e9tropole clermontoise. Ils seront rejoints par un groupe de cyclistes aux mollets engourdis par plusieurs semaines de p\u00e9dalage sur les routes de France : les coureurs de l\u2019Alter-D-Tour.<\/p>\n\n\n\n<p>Cela fait 15 ans que des b\u00e9n\u00e9voles organisent chaque \u00e9t\u00e9 ce tour de France \u00e0 v\u00e9lo des initiatives porteuses de solutions de la transition \u00e9cologique et sociale.<\/p>\n\n\n\n<h3 class=\"wp-block-heading\">\u00ab Une petite fourmili\u00e8re avec une grosse force collective \u00bb<\/h3>\n\n\n\n<p>Hier, ils \u00e9taient \u00e0 la ferme de Sarli\u00e8ve, \u00e0 Cournon (Puy-de-D\u00f4me) pour donner un coup de pouce aux paysans qui exploitent ces 80 hectares de terre jouxtant l\u2019autoroute A75. Au programme, l\u2019am\u00e9nagement d\u2019une parcelle de 500 m\u00e8tres sur laquelle les ch\u00e8vres de la ferme iront p\u00e2turer.<\/p>\n\n\n\n<p>\u00ab L\u2019id\u00e9e est que la production animale serve la production v\u00e9g\u00e9tale, expose Audrey Vigignol, l\u2019une des trois associ\u00e9es de la coop\u00e9rative qui porte la ferme. Les brebis vont p\u00e2turer les chaumes [tiges rest\u00e9es au sol apr\u00e8s la moisson] et fertiliser la terre avec leurs excr\u00e9ments \u00bb. Une alternative \u00e0 l\u2019agriculture sp\u00e9cialis\u00e9e et productiviste.<\/p>\n\n\n\n<p>Rapidement, les cyclistes forment des tandems pour enfoncer d\u2019\u00e9pais tasseaux de bois \u00e0 coups de masse. Une b\u00e9n\u00e9vole sugg\u00e8re une analogie : \u00ab on est une petite fourmili\u00e8re avec une grosse force collective \u00bb. \u00ab Faire ensemble, c\u2019est une bonne fa\u00e7on de se rencontrer \u00bb, s\u2019enthousiasme Elsa Abdessadok, tr\u00e9sori\u00e8re de l\u2019association.<\/p>\n\n\n\n<p>Venue de Belgique pour faire son premier Alter-D-Tour, Lison Faustier a les marques de bronzage d\u2019une grimpeuse du Tour de France.&nbsp; \u00ab Voir ces potagers, mara\u00eechers, ces projets de lutte&#8230; \u00c7a entretient l\u2019espoir \u00bb. L\u2019espoir de quoi ? D\u2019une plan\u00e8te non dop\u00e9e demain.<\/p>\n\n\n\n<p>\u00ab Apr\u00e8s les chantiers, certaines fermes nous disent \u00ab\u00a0vous nous avez fait gagner deux semaines de boulot\u00a0\u00bb \u00bb, raconte Fleur Grappin, qui voyage avec son fils. En une heure, plusieurs tasseaux sont d\u00e9j\u00e0 plant\u00e9s et le filet \u00e0 mouton commence \u00e0 \u00eatre d\u00e9ploy\u00e9.<\/p>\n\n\n\n<p>Le d\u00e9part de la V\u00e9lorution est \u00e0 11 h 30, depuis les locaux de l\u2019Association La Roue Tourne (Clermont-Ferrand). \u00c0, 12 h 30, un pique-nique est organis\u00e9 sur la parcelle du jardin Rabanesse.<\/p>\n\n\n\n<p class=\"has-text-align-right\"><strong><a href=\"https:\/\/www.lamontagne.fr\/cournon-d-auvergne-63800\/actualites\/la-petite-revolution-des-cyclistes-de-l-altertour-en-visite-a-la-ferme-de-sarlieve-a-cournon_14176863\/\" target=\"_blank\" rel=\"noreferrer noopener\">R\u00e9mi Bayol &#8211; La Montagne<\/a><\/strong><\/p>\n","protected":false},"excerpt":{"rendered":"<p>Et si la r\u00e9volution se faisait \u00e0 coups de p\u00e9dale ? Ce dimanche 28 ao\u00fbt, les collectifs V\u00e9lorution et V\u00e9lo-Cit\u00e9, qui militent pour l\u2019utilisation de la bicyclette, organisent une manifestation en deux roues dans les rues de la m\u00e9tropole clermontoise. Ils seront rejoints par un groupe de cyclistes aux mollets &#8230; <\/p>\n<div><a href=\"https:\/\/www.altercampagne.net\/?p=26969\" class=\"more-link\">Read More<\/a><\/div>\n","protected":false},"author":361,"featured_media":26970,"comment_status":"closed","ping_status":"closed","sticky":false,"template":"","format":"standard","meta":{"footnotes":""},"categories":[3471,3483,4313,4311,4357,239,3932],"tags":[102,4434,4443,4444,4445],"class_list":["post-26969","post","type-post","status-publish","format-standard","has-post-thumbnail","hentry","category-auvergne-rhone-alpes","category-agriculture","category-altertour","category-alter-d-tour","category-edition-2022","category-revue-de-presse","category-velo","tag-velorution","tag-clermont-ferrand-2","tag-cournon-dauvergne-2","tag-ferme-de-sarlieve","tag-velo-cite"],"yoast_head":"<!-- This site is optimized with the Yoast SEO plugin v27.3 - https:\/\/yoast.com\/product\/yoast-seo-wordpress\/ -->\n<title>La petite r\u00e9volution des cyclistes de l&#039;Alter-D-Tour, en visite \u00e0 la Ferme de Sarli\u00e8ve, \u00e0 Cournon - AlterTour<\/title>\n<meta name=\"robots\" content=\"index, follow, max-snippet:-1, max-image-preview:large, max-video-preview:-1\" \/>\n<link rel=\"canonical\" href=\"https:\/\/www.altercampagne.net\/?p=26969\" \/>\n<meta property=\"og:locale\" content=\"fr_FR\" \/>\n<meta property=\"og:type\" content=\"article\" \/>\n<meta property=\"og:title\" content=\"La petite r\u00e9volution des cyclistes de l&#039;Alter-D-Tour, en visite \u00e0 la Ferme de Sarli\u00e8ve, \u00e0 Cournon - AlterTour\" \/>\n<meta property=\"og:description\" content=\"Et si la r\u00e9volution se faisait \u00e0 coups de p\u00e9dale ? Ce dimanche 28 ao\u00fbt, les collectifs V\u00e9lorution et V\u00e9lo-Cit\u00e9, qui militent pour l\u2019utilisation de la bicyclette, organisent une manifestation en deux roues dans les rues de la m\u00e9tropole clermontoise. Ils seront rejoints par un groupe de cyclistes aux mollets ... Read More\" \/>\n<meta property=\"og:url\" content=\"https:\/\/www.altercampagne.net\/?p=26969\" \/>\n<meta property=\"og:site_name\" content=\"AlterTour\" \/>\n<meta property=\"article:published_time\" content=\"2022-11-02T10:07:45+00:00\" \/>\n<meta property=\"article:modified_time\" content=\"2022-11-02T10:07:46+00:00\" \/>\n<meta property=\"og:image\" content=\"https:\/\/www.altercampagne.net\/wp-content\/uploads\/2022\/10\/AT-2022-96.jpg\" \/>\n\t<meta property=\"og:image:width\" content=\"1110\" \/>\n\t<meta property=\"og:image:height\" content=\"738\" \/>\n\t<meta property=\"og:image:type\" content=\"image\/jpeg\" \/>\n<meta name=\"author\" content=\"Pauline\" \/>\n<meta name=\"twitter:card\" content=\"summary_large_image\" \/>\n<meta name=\"twitter:label1\" content=\"\u00c9crit par\" \/>\n\t<meta name=\"twitter:data1\" content=\"Pauline\" \/>\n\t<meta name=\"twitter:label2\" content=\"Dur\u00e9e de lecture estim\u00e9e\" \/>\n\t<meta name=\"twitter:data2\" content=\"2 minutes\" \/>\n<script type=\"application\/ld+json\" class=\"yoast-schema-graph\">{\"@context\":\"https:\\\/\\\/schema.org\",\"@graph\":[{\"@type\":\"Article\",\"@id\":\"https:\\\/\\\/www.altercampagne.net\\\/?p=26969#article\",\"isPartOf\":{\"@id\":\"https:\\\/\\\/www.altercampagne.net\\\/?p=26969\"},\"author\":{\"name\":\"Pauline\",\"@id\":\"https:\\\/\\\/www.altercampagne.net\\\/#\\\/schema\\\/person\\\/caf30ed73e072285b8f761300370ddb5\"},\"headline\":\"La petite r\u00e9volution des cyclistes de l&rsquo;Alter-D-Tour, en visite \u00e0 la Ferme de Sarli\u00e8ve, \u00e0 Cournon\",\"datePublished\":\"2022-11-02T10:07:45+00:00\",\"dateModified\":\"2022-11-02T10:07:46+00:00\",\"mainEntityOfPage\":{\"@id\":\"https:\\\/\\\/www.altercampagne.net\\\/?p=26969\"},\"wordCount\":423,\"image\":{\"@id\":\"https:\\\/\\\/www.altercampagne.net\\\/?p=26969#primaryimage\"},\"thumbnailUrl\":\"https:\\\/\\\/www.altercampagne.net\\\/wp-content\\\/uploads\\\/2022\\\/10\\\/AT-2022-96.jpg\",\"keywords\":[\"v\u00e9lorution\",\"Clermont Ferrand\",\"Cournon d&#039;Auvergne\",\"Ferme de Sarli\u00e8ve\",\"v\u00e9lo-cit\u00e9\"],\"articleSection\":[\"Auvergne-Rh\u00f4ne-Alpes\",\"Agriculture\",\"AlterTour\",\"Alter-D-tour\",\"Edition 2022\",\"Revue de presse\",\"V\u00e9lo\"],\"inLanguage\":\"fr-FR\"},{\"@type\":\"WebPage\",\"@id\":\"https:\\\/\\\/www.altercampagne.net\\\/?p=26969\",\"url\":\"https:\\\/\\\/www.altercampagne.net\\\/?p=26969\",\"name\":\"La petite r\u00e9volution des cyclistes de l'Alter-D-Tour, en visite \u00e0 la Ferme de Sarli\u00e8ve, \u00e0 Cournon - AlterTour\",\"isPartOf\":{\"@id\":\"https:\\\/\\\/www.altercampagne.net\\\/#website\"},\"primaryImageOfPage\":{\"@id\":\"https:\\\/\\\/www.altercampagne.net\\\/?p=26969#primaryimage\"},\"image\":{\"@id\":\"https:\\\/\\\/www.altercampagne.net\\\/?p=26969#primaryimage\"},\"thumbnailUrl\":\"https:\\\/\\\/www.altercampagne.net\\\/wp-content\\\/uploads\\\/2022\\\/10\\\/AT-2022-96.jpg\",\"datePublished\":\"2022-11-02T10:07:45+00:00\",\"dateModified\":\"2022-11-02T10:07:46+00:00\",\"author\":{\"@id\":\"https:\\\/\\\/www.altercampagne.net\\\/#\\\/schema\\\/person\\\/caf30ed73e072285b8f761300370ddb5\"},\"breadcrumb\":{\"@id\":\"https:\\\/\\\/www.altercampagne.net\\\/?p=26969#breadcrumb\"},\"inLanguage\":\"fr-FR\",\"potentialAction\":[{\"@type\":\"ReadAction\",\"target\":[\"https:\\\/\\\/www.altercampagne.net\\\/?p=26969\"]}]},{\"@type\":\"ImageObject\",\"inLanguage\":\"fr-FR\",\"@id\":\"https:\\\/\\\/www.altercampagne.net\\\/?p=26969#primaryimage\",\"url\":\"https:\\\/\\\/www.altercampagne.net\\\/wp-content\\\/uploads\\\/2022\\\/10\\\/AT-2022-96.jpg\",\"contentUrl\":\"https:\\\/\\\/www.altercampagne.net\\\/wp-content\\\/uploads\\\/2022\\\/10\\\/AT-2022-96.jpg\",\"width\":1110,\"height\":738},{\"@type\":\"BreadcrumbList\",\"@id\":\"https:\\\/\\\/www.altercampagne.net\\\/?p=26969#breadcrumb\",\"itemListElement\":[{\"@type\":\"ListItem\",\"position\":1,\"name\":\"Accueil\",\"item\":\"https:\\\/\\\/www.altercampagne.net\\\/\"},{\"@type\":\"ListItem\",\"position\":2,\"name\":\"La petite r\u00e9volution des cyclistes de l&rsquo;Alter-D-Tour, en visite \u00e0 la Ferme de Sarli\u00e8ve, \u00e0 Cournon\"}]},{\"@type\":\"WebSite\",\"@id\":\"https:\\\/\\\/www.altercampagne.net\\\/#website\",\"url\":\"https:\\\/\\\/www.altercampagne.net\\\/\",\"name\":\"AlterTour\",\"description\":\"Reliez les Alternatives \u00e0 v\u00e9lo\",\"potentialAction\":[{\"@type\":\"SearchAction\",\"target\":{\"@type\":\"EntryPoint\",\"urlTemplate\":\"https:\\\/\\\/www.altercampagne.net\\\/?s={search_term_string}\"},\"query-input\":{\"@type\":\"PropertyValueSpecification\",\"valueRequired\":true,\"valueName\":\"search_term_string\"}}],\"inLanguage\":\"fr-FR\"},{\"@type\":\"Person\",\"@id\":\"https:\\\/\\\/www.altercampagne.net\\\/#\\\/schema\\\/person\\\/caf30ed73e072285b8f761300370ddb5\",\"name\":\"Pauline\",\"image\":{\"@type\":\"ImageObject\",\"inLanguage\":\"fr-FR\",\"@id\":\"https:\\\/\\\/secure.gravatar.com\\\/avatar\\\/f84b78638c34b3d6ac7339a8ef00413d11da3b09ee578a762504104ff060cde7?s=96&d=mm&r=g\",\"url\":\"https:\\\/\\\/secure.gravatar.com\\\/avatar\\\/f84b78638c34b3d6ac7339a8ef00413d11da3b09ee578a762504104ff060cde7?s=96&d=mm&r=g\",\"contentUrl\":\"https:\\\/\\\/secure.gravatar.com\\\/avatar\\\/f84b78638c34b3d6ac7339a8ef00413d11da3b09ee578a762504104ff060cde7?s=96&d=mm&r=g\",\"caption\":\"Pauline\"},\"url\":\"https:\\\/\\\/www.altercampagne.net\\\/?author=361\"}]}<\/script>\n<!-- \/ Yoast SEO plugin. -->","yoast_head_json":{"title":"La petite r\u00e9volution des cyclistes de l'Alter-D-Tour, en visite \u00e0 la Ferme de Sarli\u00e8ve, \u00e0 Cournon - AlterTour","robots":{"index":"index","follow":"follow","max-snippet":"max-snippet:-1","max-image-preview":"max-image-preview:large","max-video-preview":"max-video-preview:-1"},"canonical":"https:\/\/www.altercampagne.net\/?p=26969","og_locale":"fr_FR","og_type":"article","og_title":"La petite r\u00e9volution des cyclistes de l'Alter-D-Tour, en visite \u00e0 la Ferme de Sarli\u00e8ve, \u00e0 Cournon - AlterTour","og_description":"Et si la r\u00e9volution se faisait \u00e0 coups de p\u00e9dale ? Ce dimanche 28 ao\u00fbt, les collectifs V\u00e9lorution et V\u00e9lo-Cit\u00e9, qui militent pour l\u2019utilisation de la bicyclette, organisent une manifestation en deux roues dans les rues de la m\u00e9tropole clermontoise. Ils seront rejoints par un groupe de cyclistes aux mollets ... Read More","og_url":"https:\/\/www.altercampagne.net\/?p=26969","og_site_name":"AlterTour","article_published_time":"2022-11-02T10:07:45+00:00","article_modified_time":"2022-11-02T10:07:46+00:00","og_image":[{"width":1110,"height":738,"url":"https:\/\/www.altercampagne.net\/wp-content\/uploads\/2022\/10\/AT-2022-96.jpg","type":"image\/jpeg"}],"author":"Pauline","twitter_card":"summary_large_image","twitter_misc":{"\u00c9crit par":"Pauline","Dur\u00e9e de lecture estim\u00e9e":"2 minutes"},"schema":{"@context":"https:\/\/schema.org","@graph":[{"@type":"Article","@id":"https:\/\/www.altercampagne.net\/?p=26969#article","isPartOf":{"@id":"https:\/\/www.altercampagne.net\/?p=26969"},"author":{"name":"Pauline","@id":"https:\/\/www.altercampagne.net\/#\/schema\/person\/caf30ed73e072285b8f761300370ddb5"},"headline":"La petite r\u00e9volution des cyclistes de l&rsquo;Alter-D-Tour, en visite \u00e0 la Ferme de Sarli\u00e8ve, \u00e0 Cournon","datePublished":"2022-11-02T10:07:45+00:00","dateModified":"2022-11-02T10:07:46+00:00","mainEntityOfPage":{"@id":"https:\/\/www.altercampagne.net\/?p=26969"},"wordCount":423,"image":{"@id":"https:\/\/www.altercampagne.net\/?p=26969#primaryimage"},"thumbnailUrl":"https:\/\/www.altercampagne.net\/wp-content\/uploads\/2022\/10\/AT-2022-96.jpg","keywords":["v\u00e9lorution","Clermont Ferrand","Cournon d&#039;Auvergne","Ferme de Sarli\u00e8ve","v\u00e9lo-cit\u00e9"],"articleSection":["Auvergne-Rh\u00f4ne-Alpes","Agriculture","AlterTour","Alter-D-tour","Edition 2022","Revue de presse","V\u00e9lo"],"inLanguage":"fr-FR"},{"@type":"WebPage","@id":"https:\/\/www.altercampagne.net\/?p=26969","url":"https:\/\/www.altercampagne.net\/?p=26969","name":"La petite r\u00e9volution des cyclistes de l'Alter-D-Tour, en visite \u00e0 la Ferme de Sarli\u00e8ve, \u00e0 Cournon - AlterTour","isPartOf":{"@id":"https:\/\/www.altercampagne.net\/#website"},"primaryImageOfPage":{"@id":"https:\/\/www.altercampagne.net\/?p=26969#primaryimage"},"image":{"@id":"https:\/\/www.altercampagne.net\/?p=26969#primaryimage"},"thumbnailUrl":"https:\/\/www.altercampagne.net\/wp-content\/uploads\/2022\/10\/AT-2022-96.jpg","datePublished":"2022-11-02T10:07:45+00:00","dateModified":"2022-11-02T10:07:46+00:00","author":{"@id":"https:\/\/www.altercampagne.net\/#\/schema\/person\/caf30ed73e072285b8f761300370ddb5"},"breadcrumb":{"@id":"https:\/\/www.altercampagne.net\/?p=26969#breadcrumb"},"inLanguage":"fr-FR","potentialAction":[{"@type":"ReadAction","target":["https:\/\/www.altercampagne.net\/?p=26969"]}]},{"@type":"ImageObject","inLanguage":"fr-FR","@id":"https:\/\/www.altercampagne.net\/?p=26969#primaryimage","url":"https:\/\/www.altercampagne.net\/wp-content\/uploads\/2022\/10\/AT-2022-96.jpg","contentUrl":"https:\/\/www.altercampagne.net\/wp-content\/uploads\/2022\/10\/AT-2022-96.jpg","width":1110,"height":738},{"@type":"BreadcrumbList","@id":"https:\/\/www.altercampagne.net\/?p=26969#breadcrumb","itemListElement":[{"@type":"ListItem","position":1,"name":"Accueil","item":"https:\/\/www.altercampagne.net\/"},{"@type":"ListItem","position":2,"name":"La petite r\u00e9volution des cyclistes de l&rsquo;Alter-D-Tour, en visite \u00e0 la Ferme de Sarli\u00e8ve, \u00e0 Cournon"}]},{"@type":"WebSite","@id":"https:\/\/www.altercampagne.net\/#website","url":"https:\/\/www.altercampagne.net\/","name":"AlterTour","description":"Reliez les Alternatives \u00e0 v\u00e9lo","potentialAction":[{"@type":"SearchAction","target":{"@type":"EntryPoint","urlTemplate":"https:\/\/www.altercampagne.net\/?s={search_term_string}"},"query-input":{"@type":"PropertyValueSpecification","valueRequired":true,"valueName":"search_term_string"}}],"inLanguage":"fr-FR"},{"@type":"Person","@id":"https:\/\/www.altercampagne.net\/#\/schema\/person\/caf30ed73e072285b8f761300370ddb5","name":"Pauline","image":{"@type":"ImageObject","inLanguage":"fr-FR","@id":"https:\/\/secure.gravatar.com\/avatar\/f84b78638c34b3d6ac7339a8ef00413d11da3b09ee578a762504104ff060cde7?s=96&d=mm&r=g","url":"https:\/\/secure.gravatar.com\/avatar\/f84b78638c34b3d6ac7339a8ef00413d11da3b09ee578a762504104ff060cde7?s=96&d=mm&r=g","contentUrl":"https:\/\/secure.gravatar.com\/avatar\/f84b78638c34b3d6ac7339a8ef00413d11da3b09ee578a762504104ff060cde7?s=96&d=mm&r=g","caption":"Pauline"},"url":"https:\/\/www.altercampagne.net\/?author=361"}]}},"_links":{"self":[{"href":"https:\/\/www.altercampagne.net\/index.php?rest_route=\/wp\/v2\/posts\/26969","targetHints":{"allow":["GET"]}}],"collection":[{"href":"https:\/\/www.altercampagne.net\/index.php?rest_route=\/wp\/v2\/posts"}],"about":[{"href":"https:\/\/www.altercampagne.net\/index.php?rest_route=\/wp\/v2\/types\/post"}],"author":[{"embeddable":true,"href":"https:\/\/www.altercampagne.net\/index.php?rest_route=\/wp\/v2\/users\/361"}],"replies":[{"embeddable":true,"href":"https:\/\/www.altercampagne.net\/index.php?rest_route=%2Fwp%2Fv2%2Fcomments&post=26969"}],"version-history":[{"count":2,"href":"https:\/\/www.altercampagne.net\/index.php?rest_route=\/wp\/v2\/posts\/26969\/revisions"}],"predecessor-version":[{"id":27098,"href":"https:\/\/www.altercampagne.net\/index.php?rest_route=\/wp\/v2\/posts\/26969\/revisions\/27098"}],"wp:featuredmedia":[{"embeddable":true,"href":"https:\/\/www.altercampagne.net\/index.php?rest_route=\/wp\/v2\/media\/26970"}],"wp:attachment":[{"href":"https:\/\/www.altercampagne.net\/index.php?rest_route=%2Fwp%2Fv2%2Fmedia&parent=26969"}],"wp:term":[{"taxonomy":"category","embeddable":true,"href":"https:\/\/www.altercampagne.net\/index.php?rest_route=%2Fwp%2Fv2%2Fcategories&post=26969"},{"taxonomy":"post_tag","embeddable":true,"href":"https:\/\/www.altercampagne.net\/index.php?rest_route=%2Fwp%2Fv2%2Ftags&post=26969"}],"curies":[{"name":"wp","href":"https:\/\/api.w.org\/{rel}","templated":true}]}}