{"id":26972,"date":"2022-11-02T11:07:14","date_gmt":"2022-11-02T10:07:14","guid":{"rendered":"https:\/\/www.altercampagne.net\/?p=26972"},"modified":"2022-11-02T11:07:15","modified_gmt":"2022-11-02T10:07:15","slug":"laltertour-arrive-dans-le-puy-de-dome-la-rencontre-du-bio-et-du-velo","status":"publish","type":"post","link":"https:\/\/www.altercampagne.net\/?p=26972","title":{"rendered":"L&rsquo;AlterTour arrive dans le Puy-de-D\u00f4me : la rencontre du bio et du v\u00e9lo"},"content":{"rendered":"\n<p>Depuis 2008, l\u2019AlterTour sillonne les routes de France \u00e0 la d\u00e9couverte de ceux qui vivent autrement, soucieux de l\u2019avenir. Cette ann\u00e9e, les cyclistes passeront par l\u2019Auvergne.<\/p>\n\n\n\n<p>\u00ab&nbsp;Tout a commenc\u00e9 en 2008. \u00c0 cette \u00e9poque, le d\u00e9bat sur les OGM fait rage. Nous, on a voulu c\u00e9l\u00e9brer ceux qui luttaient contre tout \u00e7a.&nbsp;\u00bb Les uns les autres se rassemblent. Ensemble, ils cr\u00e9ent l\u2019AlterTour.<\/p>\n\n\n\n<h3 class=\"wp-block-heading\">Environ quatre cents cyclistes mobilis\u00e9s<\/h3>\n\n\n\n<p>L\u2019objectif\u2009? \u00c0 coups de p\u00e9dale, les b\u00e9n\u00e9voles vont \u00e0 la rencontre d\u2019agriculteurs, de citoyens, qui choisissent de vivre autrement. \u00ab&nbsp;Au d\u00e9but on se concentrait seulement sur les modes d\u2019agricultures alternatives. Et puis tr\u00e8s vite, on s\u2019est int\u00e9ress\u00e9 \u00e0 la probl\u00e9matique de l\u2019habitat, de l\u2019\u00e9nergie et m\u00eame de l\u2019\u00e9ducation. Tout \u00e7a est li\u00e9 au final.&nbsp;\u00bb d\u00e9taille la jeune femme.<br>Le tour \u00e0 v\u00e9lo a commenc\u00e9 le 11 juillet au d\u00e9part de Nice. Avec environ quatre cents cyclistes mobilis\u00e9s, l\u2019objectif n\u2019est pas de \u00ab&nbsp;tracer&nbsp;\u00bb mais bien de pr\u00f4ner un mode de locomotion douce, de prendre le temps et de rencontrer les acteurs de l\u2019\u00e9cologie.<\/p>\n\n\n\n<h3 class=\"wp-block-heading\">Tour de France de la coop\u00e9ration<\/h3>\n\n\n\n<blockquote class=\"wp-block-quote is-layout-flow wp-block-quote-is-layout-flow\"><p>\u00ab&nbsp;On reste une nuit ou deux sur les sites. Prairies \u00e0 la campagne, terrain de foot en ville, on a juste besoin d\u2019espace. Nous sommes totalement autonomes gr\u00e2ce au camion qui nous accompagne&nbsp;\u00bb<\/p><cite>Pauline (Coordinatrice du projet)<\/cite><\/blockquote>\n\n\n\n<p>\u00c0 l\u2019int\u00e9rieur, des douches et toilettes s\u00e8ches, et m\u00eame quelques r\u00e9chauds. R\u00e9el tour de France pr\u00f4nant la coop\u00e9ration. Les arr\u00eats dans les fermes bios sont l\u2019occasion de faire les achats afin de redonner des forces aux cyclistes.<br>Les \u00e9tapes font en moyenne une trentaine de kilom\u00e8tres, rendant accessible le p\u00e9riple \u00e0 tous. \u00ab&nbsp;Le plus ancien a soixante-dix&nbsp;ans\u2009!&nbsp;\u00bb s\u2019amuse Pauline.<br>L\u2019AlterTour bouclera sa quinzi\u00e8me \u00e9dition en capitale auvergnate. Avec l\u2019aide du Collectif v\u00e9lorution de Clermont-Ferrand, les bicyclettes arpenteront la ville, le dimanche 28&nbsp;ao\u00fbt. Les \u00ab&nbsp;alter cyclistes&nbsp;\u00bb c\u00e9l\u00e9breront, une derni\u00e8re fois, ceux qui ne participent pas \u00e0 la course effr\u00e9n\u00e9e du \u00ab&nbsp;produire plus, co\u00fbte que co\u00fbte.&nbsp;\u00bb&nbsp;<\/p>\n\n\n\n<p class=\"has-text-align-right\"><strong><a href=\"https:\/\/www.lamontagne.fr\/clermont-ferrand-63000\/actualites\/l-altertour-arrive-dans-le-puy-de-dome-la-rencontre-du-bio-et-du-velo_14174572\/\">Marie Bernard &#8211; La Montagne<\/a><\/strong><\/p>\n","protected":false},"excerpt":{"rendered":"<p>Depuis 2008, l\u2019AlterTour sillonne les routes de France \u00e0 la d\u00e9couverte de ceux qui vivent autrement, soucieux de l\u2019avenir. Cette ann\u00e9e, les cyclistes passeront par l\u2019Auvergne. \u00ab&nbsp;Tout a commenc\u00e9 en 2008. \u00c0 cette \u00e9poque, le d\u00e9bat sur les OGM fait rage. Nous, on a voulu c\u00e9l\u00e9brer ceux qui luttaient contre &#8230; <\/p>\n<div><a href=\"https:\/\/www.altercampagne.net\/?p=26972\" class=\"more-link\">Read More<\/a><\/div>\n","protected":false},"author":361,"featured_media":26973,"comment_status":"closed","ping_status":"closed","sticky":false,"template":"","format":"standard","meta":{"footnotes":""},"categories":[3471,4313,4357,239],"tags":[],"class_list":["post-26972","post","type-post","status-publish","format-standard","has-post-thumbnail","hentry","category-auvergne-rhone-alpes","category-altertour","category-edition-2022","category-revue-de-presse"],"yoast_head":"<!-- This site is optimized with the Yoast SEO plugin v27.3 - https:\/\/yoast.com\/product\/yoast-seo-wordpress\/ -->\n<title>L&#039;AlterTour arrive dans le Puy-de-D\u00f4me : la rencontre du bio et du v\u00e9lo - AlterTour<\/title>\n<meta name=\"robots\" content=\"index, follow, max-snippet:-1, max-image-preview:large, max-video-preview:-1\" \/>\n<link rel=\"canonical\" href=\"https:\/\/www.altercampagne.net\/?p=26972\" \/>\n<meta property=\"og:locale\" content=\"fr_FR\" \/>\n<meta property=\"og:type\" content=\"article\" \/>\n<meta property=\"og:title\" content=\"L&#039;AlterTour arrive dans le Puy-de-D\u00f4me : la rencontre du bio et du v\u00e9lo - AlterTour\" \/>\n<meta property=\"og:description\" content=\"Depuis 2008, l\u2019AlterTour sillonne les routes de France \u00e0 la d\u00e9couverte de ceux qui vivent autrement, soucieux de l\u2019avenir. Cette ann\u00e9e, les cyclistes passeront par l\u2019Auvergne. \u00ab&nbsp;Tout a commenc\u00e9 en 2008. \u00c0 cette \u00e9poque, le d\u00e9bat sur les OGM fait rage. Nous, on a voulu c\u00e9l\u00e9brer ceux qui luttaient contre ... Read More\" \/>\n<meta property=\"og:url\" content=\"https:\/\/www.altercampagne.net\/?p=26972\" \/>\n<meta property=\"og:site_name\" content=\"AlterTour\" \/>\n<meta property=\"article:published_time\" content=\"2022-11-02T10:07:14+00:00\" \/>\n<meta property=\"article:modified_time\" content=\"2022-11-02T10:07:15+00:00\" \/>\n<meta property=\"og:image\" content=\"https:\/\/www.altercampagne.net\/wp-content\/uploads\/2022\/10\/MG_104221.jpg\" \/>\n\t<meta property=\"og:image:width\" content=\"1002\" \/>\n\t<meta property=\"og:image:height\" content=\"668\" \/>\n\t<meta property=\"og:image:type\" content=\"image\/jpeg\" \/>\n<meta name=\"author\" content=\"Pauline\" \/>\n<meta name=\"twitter:card\" content=\"summary_large_image\" \/>\n<meta name=\"twitter:label1\" content=\"\u00c9crit par\" \/>\n\t<meta name=\"twitter:data1\" content=\"Pauline\" \/>\n\t<meta name=\"twitter:label2\" content=\"Dur\u00e9e de lecture estim\u00e9e\" \/>\n\t<meta name=\"twitter:data2\" content=\"2 minutes\" \/>\n<script type=\"application\/ld+json\" class=\"yoast-schema-graph\">{\"@context\":\"https:\\\/\\\/schema.org\",\"@graph\":[{\"@type\":\"Article\",\"@id\":\"https:\\\/\\\/www.altercampagne.net\\\/?p=26972#article\",\"isPartOf\":{\"@id\":\"https:\\\/\\\/www.altercampagne.net\\\/?p=26972\"},\"author\":{\"name\":\"Pauline\",\"@id\":\"https:\\\/\\\/www.altercampagne.net\\\/#\\\/schema\\\/person\\\/caf30ed73e072285b8f761300370ddb5\"},\"headline\":\"L&rsquo;AlterTour arrive dans le Puy-de-D\u00f4me : la rencontre du bio et du v\u00e9lo\",\"datePublished\":\"2022-11-02T10:07:14+00:00\",\"dateModified\":\"2022-11-02T10:07:15+00:00\",\"mainEntityOfPage\":{\"@id\":\"https:\\\/\\\/www.altercampagne.net\\\/?p=26972\"},\"wordCount\":403,\"image\":{\"@id\":\"https:\\\/\\\/www.altercampagne.net\\\/?p=26972#primaryimage\"},\"thumbnailUrl\":\"https:\\\/\\\/www.altercampagne.net\\\/wp-content\\\/uploads\\\/2022\\\/10\\\/MG_104221.jpg\",\"articleSection\":[\"Auvergne-Rh\u00f4ne-Alpes\",\"AlterTour\",\"Edition 2022\",\"Revue de presse\"],\"inLanguage\":\"fr-FR\"},{\"@type\":\"WebPage\",\"@id\":\"https:\\\/\\\/www.altercampagne.net\\\/?p=26972\",\"url\":\"https:\\\/\\\/www.altercampagne.net\\\/?p=26972\",\"name\":\"L'AlterTour arrive dans le Puy-de-D\u00f4me : la rencontre du bio et du v\u00e9lo - AlterTour\",\"isPartOf\":{\"@id\":\"https:\\\/\\\/www.altercampagne.net\\\/#website\"},\"primaryImageOfPage\":{\"@id\":\"https:\\\/\\\/www.altercampagne.net\\\/?p=26972#primaryimage\"},\"image\":{\"@id\":\"https:\\\/\\\/www.altercampagne.net\\\/?p=26972#primaryimage\"},\"thumbnailUrl\":\"https:\\\/\\\/www.altercampagne.net\\\/wp-content\\\/uploads\\\/2022\\\/10\\\/MG_104221.jpg\",\"datePublished\":\"2022-11-02T10:07:14+00:00\",\"dateModified\":\"2022-11-02T10:07:15+00:00\",\"author\":{\"@id\":\"https:\\\/\\\/www.altercampagne.net\\\/#\\\/schema\\\/person\\\/caf30ed73e072285b8f761300370ddb5\"},\"breadcrumb\":{\"@id\":\"https:\\\/\\\/www.altercampagne.net\\\/?p=26972#breadcrumb\"},\"inLanguage\":\"fr-FR\",\"potentialAction\":[{\"@type\":\"ReadAction\",\"target\":[\"https:\\\/\\\/www.altercampagne.net\\\/?p=26972\"]}]},{\"@type\":\"ImageObject\",\"inLanguage\":\"fr-FR\",\"@id\":\"https:\\\/\\\/www.altercampagne.net\\\/?p=26972#primaryimage\",\"url\":\"https:\\\/\\\/www.altercampagne.net\\\/wp-content\\\/uploads\\\/2022\\\/10\\\/MG_104221.jpg\",\"contentUrl\":\"https:\\\/\\\/www.altercampagne.net\\\/wp-content\\\/uploads\\\/2022\\\/10\\\/MG_104221.jpg\",\"width\":1002,\"height\":668},{\"@type\":\"BreadcrumbList\",\"@id\":\"https:\\\/\\\/www.altercampagne.net\\\/?p=26972#breadcrumb\",\"itemListElement\":[{\"@type\":\"ListItem\",\"position\":1,\"name\":\"Accueil\",\"item\":\"https:\\\/\\\/www.altercampagne.net\\\/\"},{\"@type\":\"ListItem\",\"position\":2,\"name\":\"L&rsquo;AlterTour arrive dans le Puy-de-D\u00f4me : la rencontre du bio et du v\u00e9lo\"}]},{\"@type\":\"WebSite\",\"@id\":\"https:\\\/\\\/www.altercampagne.net\\\/#website\",\"url\":\"https:\\\/\\\/www.altercampagne.net\\\/\",\"name\":\"AlterTour\",\"description\":\"Reliez les Alternatives \u00e0 v\u00e9lo\",\"potentialAction\":[{\"@type\":\"SearchAction\",\"target\":{\"@type\":\"EntryPoint\",\"urlTemplate\":\"https:\\\/\\\/www.altercampagne.net\\\/?s={search_term_string}\"},\"query-input\":{\"@type\":\"PropertyValueSpecification\",\"valueRequired\":true,\"valueName\":\"search_term_string\"}}],\"inLanguage\":\"fr-FR\"},{\"@type\":\"Person\",\"@id\":\"https:\\\/\\\/www.altercampagne.net\\\/#\\\/schema\\\/person\\\/caf30ed73e072285b8f761300370ddb5\",\"name\":\"Pauline\",\"image\":{\"@type\":\"ImageObject\",\"inLanguage\":\"fr-FR\",\"@id\":\"https:\\\/\\\/secure.gravatar.com\\\/avatar\\\/f84b78638c34b3d6ac7339a8ef00413d11da3b09ee578a762504104ff060cde7?s=96&d=mm&r=g\",\"url\":\"https:\\\/\\\/secure.gravatar.com\\\/avatar\\\/f84b78638c34b3d6ac7339a8ef00413d11da3b09ee578a762504104ff060cde7?s=96&d=mm&r=g\",\"contentUrl\":\"https:\\\/\\\/secure.gravatar.com\\\/avatar\\\/f84b78638c34b3d6ac7339a8ef00413d11da3b09ee578a762504104ff060cde7?s=96&d=mm&r=g\",\"caption\":\"Pauline\"},\"url\":\"https:\\\/\\\/www.altercampagne.net\\\/?author=361\"}]}<\/script>\n<!-- \/ Yoast SEO plugin. -->","yoast_head_json":{"title":"L'AlterTour arrive dans le Puy-de-D\u00f4me : la rencontre du bio et du v\u00e9lo - AlterTour","robots":{"index":"index","follow":"follow","max-snippet":"max-snippet:-1","max-image-preview":"max-image-preview:large","max-video-preview":"max-video-preview:-1"},"canonical":"https:\/\/www.altercampagne.net\/?p=26972","og_locale":"fr_FR","og_type":"article","og_title":"L'AlterTour arrive dans le Puy-de-D\u00f4me : la rencontre du bio et du v\u00e9lo - AlterTour","og_description":"Depuis 2008, l\u2019AlterTour sillonne les routes de France \u00e0 la d\u00e9couverte de ceux qui vivent autrement, soucieux de l\u2019avenir. Cette ann\u00e9e, les cyclistes passeront par l\u2019Auvergne. \u00ab&nbsp;Tout a commenc\u00e9 en 2008. \u00c0 cette \u00e9poque, le d\u00e9bat sur les OGM fait rage. Nous, on a voulu c\u00e9l\u00e9brer ceux qui luttaient contre ... Read More","og_url":"https:\/\/www.altercampagne.net\/?p=26972","og_site_name":"AlterTour","article_published_time":"2022-11-02T10:07:14+00:00","article_modified_time":"2022-11-02T10:07:15+00:00","og_image":[{"width":1002,"height":668,"url":"https:\/\/www.altercampagne.net\/wp-content\/uploads\/2022\/10\/MG_104221.jpg","type":"image\/jpeg"}],"author":"Pauline","twitter_card":"summary_large_image","twitter_misc":{"\u00c9crit par":"Pauline","Dur\u00e9e de lecture estim\u00e9e":"2 minutes"},"schema":{"@context":"https:\/\/schema.org","@graph":[{"@type":"Article","@id":"https:\/\/www.altercampagne.net\/?p=26972#article","isPartOf":{"@id":"https:\/\/www.altercampagne.net\/?p=26972"},"author":{"name":"Pauline","@id":"https:\/\/www.altercampagne.net\/#\/schema\/person\/caf30ed73e072285b8f761300370ddb5"},"headline":"L&rsquo;AlterTour arrive dans le Puy-de-D\u00f4me : la rencontre du bio et du v\u00e9lo","datePublished":"2022-11-02T10:07:14+00:00","dateModified":"2022-11-02T10:07:15+00:00","mainEntityOfPage":{"@id":"https:\/\/www.altercampagne.net\/?p=26972"},"wordCount":403,"image":{"@id":"https:\/\/www.altercampagne.net\/?p=26972#primaryimage"},"thumbnailUrl":"https:\/\/www.altercampagne.net\/wp-content\/uploads\/2022\/10\/MG_104221.jpg","articleSection":["Auvergne-Rh\u00f4ne-Alpes","AlterTour","Edition 2022","Revue de presse"],"inLanguage":"fr-FR"},{"@type":"WebPage","@id":"https:\/\/www.altercampagne.net\/?p=26972","url":"https:\/\/www.altercampagne.net\/?p=26972","name":"L'AlterTour arrive dans le Puy-de-D\u00f4me : la rencontre du bio et du v\u00e9lo - AlterTour","isPartOf":{"@id":"https:\/\/www.altercampagne.net\/#website"},"primaryImageOfPage":{"@id":"https:\/\/www.altercampagne.net\/?p=26972#primaryimage"},"image":{"@id":"https:\/\/www.altercampagne.net\/?p=26972#primaryimage"},"thumbnailUrl":"https:\/\/www.altercampagne.net\/wp-content\/uploads\/2022\/10\/MG_104221.jpg","datePublished":"2022-11-02T10:07:14+00:00","dateModified":"2022-11-02T10:07:15+00:00","author":{"@id":"https:\/\/www.altercampagne.net\/#\/schema\/person\/caf30ed73e072285b8f761300370ddb5"},"breadcrumb":{"@id":"https:\/\/www.altercampagne.net\/?p=26972#breadcrumb"},"inLanguage":"fr-FR","potentialAction":[{"@type":"ReadAction","target":["https:\/\/www.altercampagne.net\/?p=26972"]}]},{"@type":"ImageObject","inLanguage":"fr-FR","@id":"https:\/\/www.altercampagne.net\/?p=26972#primaryimage","url":"https:\/\/www.altercampagne.net\/wp-content\/uploads\/2022\/10\/MG_104221.jpg","contentUrl":"https:\/\/www.altercampagne.net\/wp-content\/uploads\/2022\/10\/MG_104221.jpg","width":1002,"height":668},{"@type":"BreadcrumbList","@id":"https:\/\/www.altercampagne.net\/?p=26972#breadcrumb","itemListElement":[{"@type":"ListItem","position":1,"name":"Accueil","item":"https:\/\/www.altercampagne.net\/"},{"@type":"ListItem","position":2,"name":"L&rsquo;AlterTour arrive dans le Puy-de-D\u00f4me : la rencontre du bio et du v\u00e9lo"}]},{"@type":"WebSite","@id":"https:\/\/www.altercampagne.net\/#website","url":"https:\/\/www.altercampagne.net\/","name":"AlterTour","description":"Reliez les Alternatives \u00e0 v\u00e9lo","potentialAction":[{"@type":"SearchAction","target":{"@type":"EntryPoint","urlTemplate":"https:\/\/www.altercampagne.net\/?s={search_term_string}"},"query-input":{"@type":"PropertyValueSpecification","valueRequired":true,"valueName":"search_term_string"}}],"inLanguage":"fr-FR"},{"@type":"Person","@id":"https:\/\/www.altercampagne.net\/#\/schema\/person\/caf30ed73e072285b8f761300370ddb5","name":"Pauline","image":{"@type":"ImageObject","inLanguage":"fr-FR","@id":"https:\/\/secure.gravatar.com\/avatar\/f84b78638c34b3d6ac7339a8ef00413d11da3b09ee578a762504104ff060cde7?s=96&d=mm&r=g","url":"https:\/\/secure.gravatar.com\/avatar\/f84b78638c34b3d6ac7339a8ef00413d11da3b09ee578a762504104ff060cde7?s=96&d=mm&r=g","contentUrl":"https:\/\/secure.gravatar.com\/avatar\/f84b78638c34b3d6ac7339a8ef00413d11da3b09ee578a762504104ff060cde7?s=96&d=mm&r=g","caption":"Pauline"},"url":"https:\/\/www.altercampagne.net\/?author=361"}]}},"_links":{"self":[{"href":"https:\/\/www.altercampagne.net\/index.php?rest_route=\/wp\/v2\/posts\/26972","targetHints":{"allow":["GET"]}}],"collection":[{"href":"https:\/\/www.altercampagne.net\/index.php?rest_route=\/wp\/v2\/posts"}],"about":[{"href":"https:\/\/www.altercampagne.net\/index.php?rest_route=\/wp\/v2\/types\/post"}],"author":[{"embeddable":true,"href":"https:\/\/www.altercampagne.net\/index.php?rest_route=\/wp\/v2\/users\/361"}],"replies":[{"embeddable":true,"href":"https:\/\/www.altercampagne.net\/index.php?rest_route=%2Fwp%2Fv2%2Fcomments&post=26972"}],"version-history":[{"count":3,"href":"https:\/\/www.altercampagne.net\/index.php?rest_route=\/wp\/v2\/posts\/26972\/revisions"}],"predecessor-version":[{"id":27097,"href":"https:\/\/www.altercampagne.net\/index.php?rest_route=\/wp\/v2\/posts\/26972\/revisions\/27097"}],"wp:featuredmedia":[{"embeddable":true,"href":"https:\/\/www.altercampagne.net\/index.php?rest_route=\/wp\/v2\/media\/26973"}],"wp:attachment":[{"href":"https:\/\/www.altercampagne.net\/index.php?rest_route=%2Fwp%2Fv2%2Fmedia&parent=26972"}],"wp:term":[{"taxonomy":"category","embeddable":true,"href":"https:\/\/www.altercampagne.net\/index.php?rest_route=%2Fwp%2Fv2%2Fcategories&post=26972"},{"taxonomy":"post_tag","embeddable":true,"href":"https:\/\/www.altercampagne.net\/index.php?rest_route=%2Fwp%2Fv2%2Ftags&post=26972"}],"curies":[{"name":"wp","href":"https:\/\/api.w.org\/{rel}","templated":true}]}}