{"id":26977,"date":"2022-11-02T11:06:40","date_gmt":"2022-11-02T10:06:40","guid":{"rendered":"https:\/\/www.altercampagne.net\/?p=26977"},"modified":"2022-11-02T11:06:41","modified_gmt":"2022-11-02T10:06:41","slug":"les-initiatives-de-laltertour-a-vauvert","status":"publish","type":"post","link":"https:\/\/www.altercampagne.net\/?p=26977","title":{"rendered":"Les initiatives de l&rsquo;AlterTour \u00e0 Vauvert"},"content":{"rendered":"\n<p>L\u2019initiative citoyenne AlterTour propose une rencontre \u00e0 v\u00e9lo des projets de transition \u00e9cologique. Agriculture bio, mobilit\u00e9 douce, vivre ensemble, \u00a0\u00bb pour tous ceux qui ont une envie d\u2019agir concr\u00e8tement pour un monde plus \u00e9cologique et solidaire \u00ab\u00a0, expliquent les organisateurs. Chaque jour, apr\u00e8s une vir\u00e9e \u00e0 v\u00e9lo, les participants d\u00e9couvrent des lieux vou\u00e9s \u00e0 cette cause. Plus de 400 cyclistes chaque ann\u00e9e se relayent l\u2019\u00e9t\u00e9 de Nice \u00e0 Clermont-Ferrand.<\/p>\n\n\n\n<p>Deux journ\u00e9es sont d\u00e9di\u00e9es \u00e0 aux initiatives vauverdoises. Le tour arrivera le 31 juillet vers 19 heures pour d\u00e9couvrir l\u2019association Alter\u2019\u00c9co30 qui exp\u00e9rimente des outils techniques et humains pour vivre ensemble autrement. Ils seront h\u00e9berg\u00e9s sur le lieu EchoVert, au m\u00eame endroit. Le lendemain, les participants pourront rencontrer en ville l\u2019\u00e9picerie Epi\u2019vrac, produits vrac et bio en soci\u00e9t\u00e9 coop\u00e9rative, le caf\u00e9 boutique associatif Le Solidaire, fond\u00e9 sur l\u2019entraide, le partage et la participation, le Secours catholique.<\/p>\n\n\n\n<p>Concerts, th\u00e9\u00e2tres, soir\u00e9es musicales improvis\u00e9es, cr\u00e9ativit\u00e9 compl\u00e8tent les moments d\u2019\u00e9change et de r\u00e9flexion personnelle. Des rencontres engag\u00e9es mais sans engagement.<\/p>\n\n\n\n<p class=\"has-text-align-right\">&#8211; <strong><a href=\"https:\/\/www.midilibre.fr\/2022\/07\/23\/les-initiatives-de-laltertour-10451133.php\">Correspondant Midi Libre<\/a><\/strong><\/p>\n","protected":false},"excerpt":{"rendered":"<p>L\u2019initiative citoyenne AlterTour propose une rencontre \u00e0 v\u00e9lo des projets de transition \u00e9cologique. Agriculture bio, mobilit\u00e9 douce, vivre ensemble, \u00a0\u00bb pour tous ceux qui ont une envie d\u2019agir concr\u00e8tement pour un monde plus \u00e9cologique et solidaire \u00ab\u00a0, expliquent les organisateurs. Chaque jour, apr\u00e8s une vir\u00e9e \u00e0 v\u00e9lo, les participants d\u00e9couvrent &#8230; <\/p>\n<div><a href=\"https:\/\/www.altercampagne.net\/?p=26977\" class=\"more-link\">Read More<\/a><\/div>\n","protected":false},"author":361,"featured_media":26978,"comment_status":"closed","ping_status":"closed","sticky":false,"template":"","format":"standard","meta":{"footnotes":""},"categories":[4313,3489,4357,239,3480,3488],"tags":[3031,3134,3167,4446],"class_list":["post-26977","post","type-post","status-publish","format-standard","has-post-thumbnail","hentry","category-altertour","category-alimentation","category-edition-2022","category-revue-de-presse","category-occitanie","category-social","tag-vauvert","tag-echovert","tag-altereco30","tag-epivrac"],"yoast_head":"<!-- This site is optimized with the Yoast SEO plugin v27.3 - https:\/\/yoast.com\/product\/yoast-seo-wordpress\/ -->\n<title>Les initiatives de l&#039;AlterTour \u00e0 Vauvert - AlterTour<\/title>\n<meta name=\"robots\" content=\"index, follow, max-snippet:-1, max-image-preview:large, max-video-preview:-1\" \/>\n<link rel=\"canonical\" href=\"https:\/\/www.altercampagne.net\/?p=26977\" \/>\n<meta property=\"og:locale\" content=\"fr_FR\" \/>\n<meta property=\"og:type\" content=\"article\" \/>\n<meta property=\"og:title\" content=\"Les initiatives de l&#039;AlterTour \u00e0 Vauvert - AlterTour\" \/>\n<meta property=\"og:description\" content=\"L\u2019initiative citoyenne AlterTour propose une rencontre \u00e0 v\u00e9lo des projets de transition \u00e9cologique. Agriculture bio, mobilit\u00e9 douce, vivre ensemble, \u00a0\u00bb pour tous ceux qui ont une envie d\u2019agir concr\u00e8tement pour un monde plus \u00e9cologique et solidaire \u00ab\u00a0, expliquent les organisateurs. Chaque jour, apr\u00e8s une vir\u00e9e \u00e0 v\u00e9lo, les participants d\u00e9couvrent ... Read More\" \/>\n<meta property=\"og:url\" content=\"https:\/\/www.altercampagne.net\/?p=26977\" \/>\n<meta property=\"og:site_name\" content=\"AlterTour\" \/>\n<meta property=\"article:published_time\" content=\"2022-11-02T10:06:40+00:00\" \/>\n<meta property=\"article:modified_time\" content=\"2022-11-02T10:06:41+00:00\" \/>\n<meta property=\"og:image\" content=\"https:\/\/www.altercampagne.net\/wp-content\/uploads\/2022\/10\/MG_09791.jpg\" \/>\n\t<meta property=\"og:image:width\" content=\"1002\" \/>\n\t<meta property=\"og:image:height\" content=\"666\" \/>\n\t<meta property=\"og:image:type\" content=\"image\/jpeg\" \/>\n<meta name=\"author\" content=\"Pauline\" \/>\n<meta name=\"twitter:card\" content=\"summary_large_image\" \/>\n<meta name=\"twitter:label1\" content=\"\u00c9crit par\" \/>\n\t<meta name=\"twitter:data1\" content=\"Pauline\" \/>\n\t<meta name=\"twitter:label2\" content=\"Dur\u00e9e de lecture estim\u00e9e\" \/>\n\t<meta name=\"twitter:data2\" content=\"1 minute\" \/>\n<script type=\"application\/ld+json\" class=\"yoast-schema-graph\">{\"@context\":\"https:\\\/\\\/schema.org\",\"@graph\":[{\"@type\":\"Article\",\"@id\":\"https:\\\/\\\/www.altercampagne.net\\\/?p=26977#article\",\"isPartOf\":{\"@id\":\"https:\\\/\\\/www.altercampagne.net\\\/?p=26977\"},\"author\":{\"name\":\"Pauline\",\"@id\":\"https:\\\/\\\/www.altercampagne.net\\\/#\\\/schema\\\/person\\\/caf30ed73e072285b8f761300370ddb5\"},\"headline\":\"Les initiatives de l&rsquo;AlterTour \u00e0 Vauvert\",\"datePublished\":\"2022-11-02T10:06:40+00:00\",\"dateModified\":\"2022-11-02T10:06:41+00:00\",\"mainEntityOfPage\":{\"@id\":\"https:\\\/\\\/www.altercampagne.net\\\/?p=26977\"},\"wordCount\":199,\"image\":{\"@id\":\"https:\\\/\\\/www.altercampagne.net\\\/?p=26977#primaryimage\"},\"thumbnailUrl\":\"https:\\\/\\\/www.altercampagne.net\\\/wp-content\\\/uploads\\\/2022\\\/10\\\/MG_09791.jpg\",\"keywords\":[\"Vauvert\",\"Echovert\",\"Alter'Eco30\",\"Epi&#039;vrac\"],\"articleSection\":[\"AlterTour\",\"Alimentation\",\"Edition 2022\",\"Revue de presse\",\"Occitanie\",\"Social\"],\"inLanguage\":\"fr-FR\"},{\"@type\":\"WebPage\",\"@id\":\"https:\\\/\\\/www.altercampagne.net\\\/?p=26977\",\"url\":\"https:\\\/\\\/www.altercampagne.net\\\/?p=26977\",\"name\":\"Les initiatives de l'AlterTour \u00e0 Vauvert - AlterTour\",\"isPartOf\":{\"@id\":\"https:\\\/\\\/www.altercampagne.net\\\/#website\"},\"primaryImageOfPage\":{\"@id\":\"https:\\\/\\\/www.altercampagne.net\\\/?p=26977#primaryimage\"},\"image\":{\"@id\":\"https:\\\/\\\/www.altercampagne.net\\\/?p=26977#primaryimage\"},\"thumbnailUrl\":\"https:\\\/\\\/www.altercampagne.net\\\/wp-content\\\/uploads\\\/2022\\\/10\\\/MG_09791.jpg\",\"datePublished\":\"2022-11-02T10:06:40+00:00\",\"dateModified\":\"2022-11-02T10:06:41+00:00\",\"author\":{\"@id\":\"https:\\\/\\\/www.altercampagne.net\\\/#\\\/schema\\\/person\\\/caf30ed73e072285b8f761300370ddb5\"},\"breadcrumb\":{\"@id\":\"https:\\\/\\\/www.altercampagne.net\\\/?p=26977#breadcrumb\"},\"inLanguage\":\"fr-FR\",\"potentialAction\":[{\"@type\":\"ReadAction\",\"target\":[\"https:\\\/\\\/www.altercampagne.net\\\/?p=26977\"]}]},{\"@type\":\"ImageObject\",\"inLanguage\":\"fr-FR\",\"@id\":\"https:\\\/\\\/www.altercampagne.net\\\/?p=26977#primaryimage\",\"url\":\"https:\\\/\\\/www.altercampagne.net\\\/wp-content\\\/uploads\\\/2022\\\/10\\\/MG_09791.jpg\",\"contentUrl\":\"https:\\\/\\\/www.altercampagne.net\\\/wp-content\\\/uploads\\\/2022\\\/10\\\/MG_09791.jpg\",\"width\":1002,\"height\":666},{\"@type\":\"BreadcrumbList\",\"@id\":\"https:\\\/\\\/www.altercampagne.net\\\/?p=26977#breadcrumb\",\"itemListElement\":[{\"@type\":\"ListItem\",\"position\":1,\"name\":\"Accueil\",\"item\":\"https:\\\/\\\/www.altercampagne.net\\\/\"},{\"@type\":\"ListItem\",\"position\":2,\"name\":\"Les initiatives de l&rsquo;AlterTour \u00e0 Vauvert\"}]},{\"@type\":\"WebSite\",\"@id\":\"https:\\\/\\\/www.altercampagne.net\\\/#website\",\"url\":\"https:\\\/\\\/www.altercampagne.net\\\/\",\"name\":\"AlterTour\",\"description\":\"Reliez les Alternatives \u00e0 v\u00e9lo\",\"potentialAction\":[{\"@type\":\"SearchAction\",\"target\":{\"@type\":\"EntryPoint\",\"urlTemplate\":\"https:\\\/\\\/www.altercampagne.net\\\/?s={search_term_string}\"},\"query-input\":{\"@type\":\"PropertyValueSpecification\",\"valueRequired\":true,\"valueName\":\"search_term_string\"}}],\"inLanguage\":\"fr-FR\"},{\"@type\":\"Person\",\"@id\":\"https:\\\/\\\/www.altercampagne.net\\\/#\\\/schema\\\/person\\\/caf30ed73e072285b8f761300370ddb5\",\"name\":\"Pauline\",\"image\":{\"@type\":\"ImageObject\",\"inLanguage\":\"fr-FR\",\"@id\":\"https:\\\/\\\/secure.gravatar.com\\\/avatar\\\/f84b78638c34b3d6ac7339a8ef00413d11da3b09ee578a762504104ff060cde7?s=96&d=mm&r=g\",\"url\":\"https:\\\/\\\/secure.gravatar.com\\\/avatar\\\/f84b78638c34b3d6ac7339a8ef00413d11da3b09ee578a762504104ff060cde7?s=96&d=mm&r=g\",\"contentUrl\":\"https:\\\/\\\/secure.gravatar.com\\\/avatar\\\/f84b78638c34b3d6ac7339a8ef00413d11da3b09ee578a762504104ff060cde7?s=96&d=mm&r=g\",\"caption\":\"Pauline\"},\"url\":\"https:\\\/\\\/www.altercampagne.net\\\/?author=361\"}]}<\/script>\n<!-- \/ Yoast SEO plugin. -->","yoast_head_json":{"title":"Les initiatives de l'AlterTour \u00e0 Vauvert - AlterTour","robots":{"index":"index","follow":"follow","max-snippet":"max-snippet:-1","max-image-preview":"max-image-preview:large","max-video-preview":"max-video-preview:-1"},"canonical":"https:\/\/www.altercampagne.net\/?p=26977","og_locale":"fr_FR","og_type":"article","og_title":"Les initiatives de l'AlterTour \u00e0 Vauvert - AlterTour","og_description":"L\u2019initiative citoyenne AlterTour propose une rencontre \u00e0 v\u00e9lo des projets de transition \u00e9cologique. Agriculture bio, mobilit\u00e9 douce, vivre ensemble, \u00a0\u00bb pour tous ceux qui ont une envie d\u2019agir concr\u00e8tement pour un monde plus \u00e9cologique et solidaire \u00ab\u00a0, expliquent les organisateurs. Chaque jour, apr\u00e8s une vir\u00e9e \u00e0 v\u00e9lo, les participants d\u00e9couvrent ... Read More","og_url":"https:\/\/www.altercampagne.net\/?p=26977","og_site_name":"AlterTour","article_published_time":"2022-11-02T10:06:40+00:00","article_modified_time":"2022-11-02T10:06:41+00:00","og_image":[{"width":1002,"height":666,"url":"https:\/\/www.altercampagne.net\/wp-content\/uploads\/2022\/10\/MG_09791.jpg","type":"image\/jpeg"}],"author":"Pauline","twitter_card":"summary_large_image","twitter_misc":{"\u00c9crit par":"Pauline","Dur\u00e9e de lecture estim\u00e9e":"1 minute"},"schema":{"@context":"https:\/\/schema.org","@graph":[{"@type":"Article","@id":"https:\/\/www.altercampagne.net\/?p=26977#article","isPartOf":{"@id":"https:\/\/www.altercampagne.net\/?p=26977"},"author":{"name":"Pauline","@id":"https:\/\/www.altercampagne.net\/#\/schema\/person\/caf30ed73e072285b8f761300370ddb5"},"headline":"Les initiatives de l&rsquo;AlterTour \u00e0 Vauvert","datePublished":"2022-11-02T10:06:40+00:00","dateModified":"2022-11-02T10:06:41+00:00","mainEntityOfPage":{"@id":"https:\/\/www.altercampagne.net\/?p=26977"},"wordCount":199,"image":{"@id":"https:\/\/www.altercampagne.net\/?p=26977#primaryimage"},"thumbnailUrl":"https:\/\/www.altercampagne.net\/wp-content\/uploads\/2022\/10\/MG_09791.jpg","keywords":["Vauvert","Echovert","Alter'Eco30","Epi&#039;vrac"],"articleSection":["AlterTour","Alimentation","Edition 2022","Revue de presse","Occitanie","Social"],"inLanguage":"fr-FR"},{"@type":"WebPage","@id":"https:\/\/www.altercampagne.net\/?p=26977","url":"https:\/\/www.altercampagne.net\/?p=26977","name":"Les initiatives de l'AlterTour \u00e0 Vauvert - AlterTour","isPartOf":{"@id":"https:\/\/www.altercampagne.net\/#website"},"primaryImageOfPage":{"@id":"https:\/\/www.altercampagne.net\/?p=26977#primaryimage"},"image":{"@id":"https:\/\/www.altercampagne.net\/?p=26977#primaryimage"},"thumbnailUrl":"https:\/\/www.altercampagne.net\/wp-content\/uploads\/2022\/10\/MG_09791.jpg","datePublished":"2022-11-02T10:06:40+00:00","dateModified":"2022-11-02T10:06:41+00:00","author":{"@id":"https:\/\/www.altercampagne.net\/#\/schema\/person\/caf30ed73e072285b8f761300370ddb5"},"breadcrumb":{"@id":"https:\/\/www.altercampagne.net\/?p=26977#breadcrumb"},"inLanguage":"fr-FR","potentialAction":[{"@type":"ReadAction","target":["https:\/\/www.altercampagne.net\/?p=26977"]}]},{"@type":"ImageObject","inLanguage":"fr-FR","@id":"https:\/\/www.altercampagne.net\/?p=26977#primaryimage","url":"https:\/\/www.altercampagne.net\/wp-content\/uploads\/2022\/10\/MG_09791.jpg","contentUrl":"https:\/\/www.altercampagne.net\/wp-content\/uploads\/2022\/10\/MG_09791.jpg","width":1002,"height":666},{"@type":"BreadcrumbList","@id":"https:\/\/www.altercampagne.net\/?p=26977#breadcrumb","itemListElement":[{"@type":"ListItem","position":1,"name":"Accueil","item":"https:\/\/www.altercampagne.net\/"},{"@type":"ListItem","position":2,"name":"Les initiatives de l&rsquo;AlterTour \u00e0 Vauvert"}]},{"@type":"WebSite","@id":"https:\/\/www.altercampagne.net\/#website","url":"https:\/\/www.altercampagne.net\/","name":"AlterTour","description":"Reliez les Alternatives \u00e0 v\u00e9lo","potentialAction":[{"@type":"SearchAction","target":{"@type":"EntryPoint","urlTemplate":"https:\/\/www.altercampagne.net\/?s={search_term_string}"},"query-input":{"@type":"PropertyValueSpecification","valueRequired":true,"valueName":"search_term_string"}}],"inLanguage":"fr-FR"},{"@type":"Person","@id":"https:\/\/www.altercampagne.net\/#\/schema\/person\/caf30ed73e072285b8f761300370ddb5","name":"Pauline","image":{"@type":"ImageObject","inLanguage":"fr-FR","@id":"https:\/\/secure.gravatar.com\/avatar\/f84b78638c34b3d6ac7339a8ef00413d11da3b09ee578a762504104ff060cde7?s=96&d=mm&r=g","url":"https:\/\/secure.gravatar.com\/avatar\/f84b78638c34b3d6ac7339a8ef00413d11da3b09ee578a762504104ff060cde7?s=96&d=mm&r=g","contentUrl":"https:\/\/secure.gravatar.com\/avatar\/f84b78638c34b3d6ac7339a8ef00413d11da3b09ee578a762504104ff060cde7?s=96&d=mm&r=g","caption":"Pauline"},"url":"https:\/\/www.altercampagne.net\/?author=361"}]}},"_links":{"self":[{"href":"https:\/\/www.altercampagne.net\/index.php?rest_route=\/wp\/v2\/posts\/26977","targetHints":{"allow":["GET"]}}],"collection":[{"href":"https:\/\/www.altercampagne.net\/index.php?rest_route=\/wp\/v2\/posts"}],"about":[{"href":"https:\/\/www.altercampagne.net\/index.php?rest_route=\/wp\/v2\/types\/post"}],"author":[{"embeddable":true,"href":"https:\/\/www.altercampagne.net\/index.php?rest_route=\/wp\/v2\/users\/361"}],"replies":[{"embeddable":true,"href":"https:\/\/www.altercampagne.net\/index.php?rest_route=%2Fwp%2Fv2%2Fcomments&post=26977"}],"version-history":[{"count":1,"href":"https:\/\/www.altercampagne.net\/index.php?rest_route=\/wp\/v2\/posts\/26977\/revisions"}],"predecessor-version":[{"id":26979,"href":"https:\/\/www.altercampagne.net\/index.php?rest_route=\/wp\/v2\/posts\/26977\/revisions\/26979"}],"wp:featuredmedia":[{"embeddable":true,"href":"https:\/\/www.altercampagne.net\/index.php?rest_route=\/wp\/v2\/media\/26978"}],"wp:attachment":[{"href":"https:\/\/www.altercampagne.net\/index.php?rest_route=%2Fwp%2Fv2%2Fmedia&parent=26977"}],"wp:term":[{"taxonomy":"category","embeddable":true,"href":"https:\/\/www.altercampagne.net\/index.php?rest_route=%2Fwp%2Fv2%2Fcategories&post=26977"},{"taxonomy":"post_tag","embeddable":true,"href":"https:\/\/www.altercampagne.net\/index.php?rest_route=%2Fwp%2Fv2%2Ftags&post=26977"}],"curies":[{"name":"wp","href":"https:\/\/api.w.org\/{rel}","templated":true}]}}