{"id":26980,"date":"2022-11-02T11:05:58","date_gmt":"2022-11-02T10:05:58","guid":{"rendered":"https:\/\/www.altercampagne.net\/?p=26980"},"modified":"2022-11-02T11:06:00","modified_gmt":"2022-11-02T10:06:00","slug":"lalter-tour-2022-de-passage-a-villeneuve-et-causse-et-diege","status":"publish","type":"post","link":"https:\/\/www.altercampagne.net\/?p=26980","title":{"rendered":"L\u2019Alter Tour 2022 de passage \u00e0 Villeneuve et Causse-et-Di\u00e8ge"},"content":{"rendered":"\n<p>L\u2019AlterTour ? C\u2019est une joyeuse bande de citoyen\u00b7nes qui part \u00e0 la rencontre de celles et ceux qui font le monde de demain. De 0 \u00e0 99 ans, ils prennent leur v\u00e9lo pour 3 \u00e0 4h chaque jour et s\u2019arr\u00eatent pour visiter des alternatives, des projets porteurs de solutions pour la transition : permaculture, monnaies locales, \u00e9co-lieux, habitat partag\u00e9, \u00e9nergies renouvelables&#8230; Parfois ils mettent la main \u00e0 la p\u00e2te pour un chantier participatif (mara\u00eechage, \u00e9co-construction) ou profitent de leur passage pour soutenir un collectif local (action de d\u00e9sob\u00e9issance anti-pub, mobilisation contre un grand projet inutile, manifestation \u00e0 v\u00e9lo&#8230;).<\/p>\n\n\n\n<p>Apr\u00e8s une belle travers\u00e9e de l\u2019Aveyron et un passage \u00e0 la ferme de Segonds dans le Bas-S\u00e9gala, ces joyeux p\u00e9dalheureux feront deux haltes sur le Causse le lundi 15 ao\u00fbt.<\/p>\n\n\n\n<p>Vous pourrez les retrouver \u00e0 La M\u00e9langeuse \u00e0 partir de12 heures : repas partag\u00e9 (auberge espagnole). 14 heures : petite visite du site et temps d\u2019\u00e9changes. Comment ce lieu, une ancienne carri\u00e8re et usine \u00e0 chaux en cours de reforestation, est mis au service du bien commun ?<\/p>\n\n\n\n<p>Favorisation de la biodiversit\u00e9; pr\u00e9servation des ressources, sobri\u00e9t\u00e9 et r\u00e9silience; avec un focus particulier sur les outils relationnels collectifs et interpersonnels, l\u2019autogestion, l\u2019autonomie d\u2019usage et les moyens de gouvernance exp\u00e9riment\u00e9s par les usagers.<\/p>\n\n\n\n<p>Et aux Communs de La Marinie, \u00e0 partir de 21 heures, pour une soir\u00e9e d\u2019\u00e9change sur la propri\u00e9t\u00e9 d\u2019usage en compagnie de membres des associations Les Communs de la Marinie et Garza Loca.<\/p>\n\n\n\n<p>Adresses et Contacts : Les Communs de La Marinie : La Marinie 12700 Causse et Di\u00e8ge ; <a href=\"mailto:lescommunsdelamarinie@lespassageres.org\">lescommunsdelamarinie@lespassageres.org<\/a>. <a href=\"https:\/\/lescommunsdelamarinie.fr\/\" target=\"_blank\" rel=\"noreferrer noopener\">lescommunsdelamarinie.fr\/<\/a> La M\u00e9langeuse : la gare, 12260 Villeneuve-Gare. <a href=\"mailto:labarrejaire@lamelangeuse.org\">labarrejaire@lamelangeuse.org<\/a>. <a href=\"http:\/\/labarrejaire.blogspot.com\/\" target=\"_blank\" rel=\"noreferrer noopener\">labarrejaire.blogspot.com\/<\/a><\/p>\n\n\n\n<p class=\"has-text-align-right\"><strong><a href=\"https:\/\/www.ladepeche.fr\/2022\/08\/13\/lalter-tour-2022-de-passage-a-villeneuve-et-causse-et-diege-10486844.php\">La D\u00e9p\u00eache du Midi<\/a><\/strong><\/p>\n","protected":false},"excerpt":{"rendered":"<p>L\u2019AlterTour ? C\u2019est une joyeuse bande de citoyen\u00b7nes qui part \u00e0 la rencontre de celles et ceux qui font le monde de demain. De 0 \u00e0 99 ans, ils prennent leur v\u00e9lo pour 3 \u00e0 4h chaque jour et s\u2019arr\u00eatent pour visiter des alternatives, des projets porteurs de solutions pour &#8230; <\/p>\n<div><a href=\"https:\/\/www.altercampagne.net\/?p=26980\" class=\"more-link\">Read More<\/a><\/div>\n","protected":false},"author":361,"featured_media":26981,"comment_status":"closed","ping_status":"closed","sticky":false,"template":"","format":"standard","meta":{"footnotes":""},"categories":[3471,4313,4357,239],"tags":[4423,4424,4426,4427],"class_list":["post-26980","post","type-post","status-publish","format-standard","has-post-thumbnail","hentry","category-auvergne-rhone-alpes","category-altertour","category-edition-2022","category-revue-de-presse","tag-les-communs-de-la-marinie","tag-causse-et-diege","tag-la-melangeuse","tag-villeneuve-gare"],"yoast_head":"<!-- This site is optimized with the Yoast SEO plugin v27.3 - https:\/\/yoast.com\/product\/yoast-seo-wordpress\/ -->\n<title>L\u2019Alter Tour 2022 de passage \u00e0 Villeneuve et Causse-et-Di\u00e8ge - AlterTour<\/title>\n<meta name=\"robots\" content=\"index, follow, max-snippet:-1, max-image-preview:large, max-video-preview:-1\" \/>\n<link rel=\"canonical\" href=\"https:\/\/www.altercampagne.net\/?p=26980\" \/>\n<meta property=\"og:locale\" content=\"fr_FR\" \/>\n<meta property=\"og:type\" content=\"article\" \/>\n<meta property=\"og:title\" content=\"L\u2019Alter Tour 2022 de passage \u00e0 Villeneuve et Causse-et-Di\u00e8ge - AlterTour\" \/>\n<meta property=\"og:description\" content=\"L\u2019AlterTour ? C\u2019est une joyeuse bande de citoyen\u00b7nes qui part \u00e0 la rencontre de celles et ceux qui font le monde de demain. De 0 \u00e0 99 ans, ils prennent leur v\u00e9lo pour 3 \u00e0 4h chaque jour et s\u2019arr\u00eatent pour visiter des alternatives, des projets porteurs de solutions pour ... Read More\" \/>\n<meta property=\"og:url\" content=\"https:\/\/www.altercampagne.net\/?p=26980\" \/>\n<meta property=\"og:site_name\" content=\"AlterTour\" \/>\n<meta property=\"article:published_time\" content=\"2022-11-02T10:05:58+00:00\" \/>\n<meta property=\"article:modified_time\" content=\"2022-11-02T10:06:00+00:00\" \/>\n<meta property=\"og:image\" content=\"https:\/\/www.altercampagne.net\/wp-content\/uploads\/2022\/10\/IMG2022081614545521.jpg\" \/>\n\t<meta property=\"og:image:width\" content=\"804\" \/>\n\t<meta property=\"og:image:height\" content=\"448\" \/>\n\t<meta property=\"og:image:type\" content=\"image\/jpeg\" \/>\n<meta name=\"author\" content=\"Pauline\" \/>\n<meta name=\"twitter:card\" content=\"summary_large_image\" \/>\n<meta name=\"twitter:label1\" content=\"\u00c9crit par\" \/>\n\t<meta name=\"twitter:data1\" content=\"Pauline\" \/>\n\t<meta name=\"twitter:label2\" content=\"Dur\u00e9e de lecture estim\u00e9e\" \/>\n\t<meta name=\"twitter:data2\" content=\"2 minutes\" \/>\n<script type=\"application\/ld+json\" class=\"yoast-schema-graph\">{\"@context\":\"https:\\\/\\\/schema.org\",\"@graph\":[{\"@type\":\"Article\",\"@id\":\"https:\\\/\\\/www.altercampagne.net\\\/?p=26980#article\",\"isPartOf\":{\"@id\":\"https:\\\/\\\/www.altercampagne.net\\\/?p=26980\"},\"author\":{\"name\":\"Pauline\",\"@id\":\"https:\\\/\\\/www.altercampagne.net\\\/#\\\/schema\\\/person\\\/caf30ed73e072285b8f761300370ddb5\"},\"headline\":\"L\u2019Alter Tour 2022 de passage \u00e0 Villeneuve et Causse-et-Di\u00e8ge\",\"datePublished\":\"2022-11-02T10:05:58+00:00\",\"dateModified\":\"2022-11-02T10:06:00+00:00\",\"mainEntityOfPage\":{\"@id\":\"https:\\\/\\\/www.altercampagne.net\\\/?p=26980\"},\"wordCount\":299,\"image\":{\"@id\":\"https:\\\/\\\/www.altercampagne.net\\\/?p=26980#primaryimage\"},\"thumbnailUrl\":\"https:\\\/\\\/www.altercampagne.net\\\/wp-content\\\/uploads\\\/2022\\\/10\\\/IMG2022081614545521.jpg\",\"keywords\":[\"les communs de la marinie\",\"causse et di\u00e8ge\",\"La m\u00e9langeuse\",\"Villeneuve Gare\"],\"articleSection\":[\"Auvergne-Rh\u00f4ne-Alpes\",\"AlterTour\",\"Edition 2022\",\"Revue de presse\"],\"inLanguage\":\"fr-FR\"},{\"@type\":\"WebPage\",\"@id\":\"https:\\\/\\\/www.altercampagne.net\\\/?p=26980\",\"url\":\"https:\\\/\\\/www.altercampagne.net\\\/?p=26980\",\"name\":\"L\u2019Alter Tour 2022 de passage \u00e0 Villeneuve et Causse-et-Di\u00e8ge - AlterTour\",\"isPartOf\":{\"@id\":\"https:\\\/\\\/www.altercampagne.net\\\/#website\"},\"primaryImageOfPage\":{\"@id\":\"https:\\\/\\\/www.altercampagne.net\\\/?p=26980#primaryimage\"},\"image\":{\"@id\":\"https:\\\/\\\/www.altercampagne.net\\\/?p=26980#primaryimage\"},\"thumbnailUrl\":\"https:\\\/\\\/www.altercampagne.net\\\/wp-content\\\/uploads\\\/2022\\\/10\\\/IMG2022081614545521.jpg\",\"datePublished\":\"2022-11-02T10:05:58+00:00\",\"dateModified\":\"2022-11-02T10:06:00+00:00\",\"author\":{\"@id\":\"https:\\\/\\\/www.altercampagne.net\\\/#\\\/schema\\\/person\\\/caf30ed73e072285b8f761300370ddb5\"},\"breadcrumb\":{\"@id\":\"https:\\\/\\\/www.altercampagne.net\\\/?p=26980#breadcrumb\"},\"inLanguage\":\"fr-FR\",\"potentialAction\":[{\"@type\":\"ReadAction\",\"target\":[\"https:\\\/\\\/www.altercampagne.net\\\/?p=26980\"]}]},{\"@type\":\"ImageObject\",\"inLanguage\":\"fr-FR\",\"@id\":\"https:\\\/\\\/www.altercampagne.net\\\/?p=26980#primaryimage\",\"url\":\"https:\\\/\\\/www.altercampagne.net\\\/wp-content\\\/uploads\\\/2022\\\/10\\\/IMG2022081614545521.jpg\",\"contentUrl\":\"https:\\\/\\\/www.altercampagne.net\\\/wp-content\\\/uploads\\\/2022\\\/10\\\/IMG2022081614545521.jpg\",\"width\":804,\"height\":448},{\"@type\":\"BreadcrumbList\",\"@id\":\"https:\\\/\\\/www.altercampagne.net\\\/?p=26980#breadcrumb\",\"itemListElement\":[{\"@type\":\"ListItem\",\"position\":1,\"name\":\"Accueil\",\"item\":\"https:\\\/\\\/www.altercampagne.net\\\/\"},{\"@type\":\"ListItem\",\"position\":2,\"name\":\"L\u2019Alter Tour 2022 de passage \u00e0 Villeneuve et Causse-et-Di\u00e8ge\"}]},{\"@type\":\"WebSite\",\"@id\":\"https:\\\/\\\/www.altercampagne.net\\\/#website\",\"url\":\"https:\\\/\\\/www.altercampagne.net\\\/\",\"name\":\"AlterTour\",\"description\":\"Reliez les Alternatives \u00e0 v\u00e9lo\",\"potentialAction\":[{\"@type\":\"SearchAction\",\"target\":{\"@type\":\"EntryPoint\",\"urlTemplate\":\"https:\\\/\\\/www.altercampagne.net\\\/?s={search_term_string}\"},\"query-input\":{\"@type\":\"PropertyValueSpecification\",\"valueRequired\":true,\"valueName\":\"search_term_string\"}}],\"inLanguage\":\"fr-FR\"},{\"@type\":\"Person\",\"@id\":\"https:\\\/\\\/www.altercampagne.net\\\/#\\\/schema\\\/person\\\/caf30ed73e072285b8f761300370ddb5\",\"name\":\"Pauline\",\"image\":{\"@type\":\"ImageObject\",\"inLanguage\":\"fr-FR\",\"@id\":\"https:\\\/\\\/secure.gravatar.com\\\/avatar\\\/f84b78638c34b3d6ac7339a8ef00413d11da3b09ee578a762504104ff060cde7?s=96&d=mm&r=g\",\"url\":\"https:\\\/\\\/secure.gravatar.com\\\/avatar\\\/f84b78638c34b3d6ac7339a8ef00413d11da3b09ee578a762504104ff060cde7?s=96&d=mm&r=g\",\"contentUrl\":\"https:\\\/\\\/secure.gravatar.com\\\/avatar\\\/f84b78638c34b3d6ac7339a8ef00413d11da3b09ee578a762504104ff060cde7?s=96&d=mm&r=g\",\"caption\":\"Pauline\"},\"url\":\"https:\\\/\\\/www.altercampagne.net\\\/?author=361\"}]}<\/script>\n<!-- \/ Yoast SEO plugin. -->","yoast_head_json":{"title":"L\u2019Alter Tour 2022 de passage \u00e0 Villeneuve et Causse-et-Di\u00e8ge - AlterTour","robots":{"index":"index","follow":"follow","max-snippet":"max-snippet:-1","max-image-preview":"max-image-preview:large","max-video-preview":"max-video-preview:-1"},"canonical":"https:\/\/www.altercampagne.net\/?p=26980","og_locale":"fr_FR","og_type":"article","og_title":"L\u2019Alter Tour 2022 de passage \u00e0 Villeneuve et Causse-et-Di\u00e8ge - AlterTour","og_description":"L\u2019AlterTour ? C\u2019est une joyeuse bande de citoyen\u00b7nes qui part \u00e0 la rencontre de celles et ceux qui font le monde de demain. De 0 \u00e0 99 ans, ils prennent leur v\u00e9lo pour 3 \u00e0 4h chaque jour et s\u2019arr\u00eatent pour visiter des alternatives, des projets porteurs de solutions pour ... Read More","og_url":"https:\/\/www.altercampagne.net\/?p=26980","og_site_name":"AlterTour","article_published_time":"2022-11-02T10:05:58+00:00","article_modified_time":"2022-11-02T10:06:00+00:00","og_image":[{"width":804,"height":448,"url":"https:\/\/www.altercampagne.net\/wp-content\/uploads\/2022\/10\/IMG2022081614545521.jpg","type":"image\/jpeg"}],"author":"Pauline","twitter_card":"summary_large_image","twitter_misc":{"\u00c9crit par":"Pauline","Dur\u00e9e de lecture estim\u00e9e":"2 minutes"},"schema":{"@context":"https:\/\/schema.org","@graph":[{"@type":"Article","@id":"https:\/\/www.altercampagne.net\/?p=26980#article","isPartOf":{"@id":"https:\/\/www.altercampagne.net\/?p=26980"},"author":{"name":"Pauline","@id":"https:\/\/www.altercampagne.net\/#\/schema\/person\/caf30ed73e072285b8f761300370ddb5"},"headline":"L\u2019Alter Tour 2022 de passage \u00e0 Villeneuve et Causse-et-Di\u00e8ge","datePublished":"2022-11-02T10:05:58+00:00","dateModified":"2022-11-02T10:06:00+00:00","mainEntityOfPage":{"@id":"https:\/\/www.altercampagne.net\/?p=26980"},"wordCount":299,"image":{"@id":"https:\/\/www.altercampagne.net\/?p=26980#primaryimage"},"thumbnailUrl":"https:\/\/www.altercampagne.net\/wp-content\/uploads\/2022\/10\/IMG2022081614545521.jpg","keywords":["les communs de la marinie","causse et di\u00e8ge","La m\u00e9langeuse","Villeneuve Gare"],"articleSection":["Auvergne-Rh\u00f4ne-Alpes","AlterTour","Edition 2022","Revue de presse"],"inLanguage":"fr-FR"},{"@type":"WebPage","@id":"https:\/\/www.altercampagne.net\/?p=26980","url":"https:\/\/www.altercampagne.net\/?p=26980","name":"L\u2019Alter Tour 2022 de passage \u00e0 Villeneuve et Causse-et-Di\u00e8ge - AlterTour","isPartOf":{"@id":"https:\/\/www.altercampagne.net\/#website"},"primaryImageOfPage":{"@id":"https:\/\/www.altercampagne.net\/?p=26980#primaryimage"},"image":{"@id":"https:\/\/www.altercampagne.net\/?p=26980#primaryimage"},"thumbnailUrl":"https:\/\/www.altercampagne.net\/wp-content\/uploads\/2022\/10\/IMG2022081614545521.jpg","datePublished":"2022-11-02T10:05:58+00:00","dateModified":"2022-11-02T10:06:00+00:00","author":{"@id":"https:\/\/www.altercampagne.net\/#\/schema\/person\/caf30ed73e072285b8f761300370ddb5"},"breadcrumb":{"@id":"https:\/\/www.altercampagne.net\/?p=26980#breadcrumb"},"inLanguage":"fr-FR","potentialAction":[{"@type":"ReadAction","target":["https:\/\/www.altercampagne.net\/?p=26980"]}]},{"@type":"ImageObject","inLanguage":"fr-FR","@id":"https:\/\/www.altercampagne.net\/?p=26980#primaryimage","url":"https:\/\/www.altercampagne.net\/wp-content\/uploads\/2022\/10\/IMG2022081614545521.jpg","contentUrl":"https:\/\/www.altercampagne.net\/wp-content\/uploads\/2022\/10\/IMG2022081614545521.jpg","width":804,"height":448},{"@type":"BreadcrumbList","@id":"https:\/\/www.altercampagne.net\/?p=26980#breadcrumb","itemListElement":[{"@type":"ListItem","position":1,"name":"Accueil","item":"https:\/\/www.altercampagne.net\/"},{"@type":"ListItem","position":2,"name":"L\u2019Alter Tour 2022 de passage \u00e0 Villeneuve et Causse-et-Di\u00e8ge"}]},{"@type":"WebSite","@id":"https:\/\/www.altercampagne.net\/#website","url":"https:\/\/www.altercampagne.net\/","name":"AlterTour","description":"Reliez les Alternatives \u00e0 v\u00e9lo","potentialAction":[{"@type":"SearchAction","target":{"@type":"EntryPoint","urlTemplate":"https:\/\/www.altercampagne.net\/?s={search_term_string}"},"query-input":{"@type":"PropertyValueSpecification","valueRequired":true,"valueName":"search_term_string"}}],"inLanguage":"fr-FR"},{"@type":"Person","@id":"https:\/\/www.altercampagne.net\/#\/schema\/person\/caf30ed73e072285b8f761300370ddb5","name":"Pauline","image":{"@type":"ImageObject","inLanguage":"fr-FR","@id":"https:\/\/secure.gravatar.com\/avatar\/f84b78638c34b3d6ac7339a8ef00413d11da3b09ee578a762504104ff060cde7?s=96&d=mm&r=g","url":"https:\/\/secure.gravatar.com\/avatar\/f84b78638c34b3d6ac7339a8ef00413d11da3b09ee578a762504104ff060cde7?s=96&d=mm&r=g","contentUrl":"https:\/\/secure.gravatar.com\/avatar\/f84b78638c34b3d6ac7339a8ef00413d11da3b09ee578a762504104ff060cde7?s=96&d=mm&r=g","caption":"Pauline"},"url":"https:\/\/www.altercampagne.net\/?author=361"}]}},"_links":{"self":[{"href":"https:\/\/www.altercampagne.net\/index.php?rest_route=\/wp\/v2\/posts\/26980","targetHints":{"allow":["GET"]}}],"collection":[{"href":"https:\/\/www.altercampagne.net\/index.php?rest_route=\/wp\/v2\/posts"}],"about":[{"href":"https:\/\/www.altercampagne.net\/index.php?rest_route=\/wp\/v2\/types\/post"}],"author":[{"embeddable":true,"href":"https:\/\/www.altercampagne.net\/index.php?rest_route=\/wp\/v2\/users\/361"}],"replies":[{"embeddable":true,"href":"https:\/\/www.altercampagne.net\/index.php?rest_route=%2Fwp%2Fv2%2Fcomments&post=26980"}],"version-history":[{"count":1,"href":"https:\/\/www.altercampagne.net\/index.php?rest_route=\/wp\/v2\/posts\/26980\/revisions"}],"predecessor-version":[{"id":26982,"href":"https:\/\/www.altercampagne.net\/index.php?rest_route=\/wp\/v2\/posts\/26980\/revisions\/26982"}],"wp:featuredmedia":[{"embeddable":true,"href":"https:\/\/www.altercampagne.net\/index.php?rest_route=\/wp\/v2\/media\/26981"}],"wp:attachment":[{"href":"https:\/\/www.altercampagne.net\/index.php?rest_route=%2Fwp%2Fv2%2Fmedia&parent=26980"}],"wp:term":[{"taxonomy":"category","embeddable":true,"href":"https:\/\/www.altercampagne.net\/index.php?rest_route=%2Fwp%2Fv2%2Fcategories&post=26980"},{"taxonomy":"post_tag","embeddable":true,"href":"https:\/\/www.altercampagne.net\/index.php?rest_route=%2Fwp%2Fv2%2Ftags&post=26980"}],"curies":[{"name":"wp","href":"https:\/\/api.w.org\/{rel}","templated":true}]}}