{"id":26999,"date":"2022-10-26T10:59:01","date_gmt":"2022-10-26T08:59:01","guid":{"rendered":"https:\/\/www.altercampagne.net\/?p=26999"},"modified":"2022-10-26T14:17:10","modified_gmt":"2022-10-26T12:17:10","slug":"lassemblee-generale-aura-lieu-a-paris-le-long-weekend-du-11-novembre","status":"publish","type":"post","link":"https:\/\/www.altercampagne.net\/?p=26999","title":{"rendered":"L&rsquo;Assembl\u00e9e G\u00e9n\u00e9rale aura lieu \u00e0 Paris le long weekend du 11 novembre"},"content":{"rendered":"\n<p><strong>Vendredi 11, samedi 12 et dimanche 13 novembre<\/strong>&nbsp;\u00e0 Paris auront lieu l\u2019Assembl\u00e9e G\u00e9n\u00e9rale d\u2019Altercampagne et le prochain weekend de pr\u00e9paration, viens y participer avec nous !<\/p>\n\n\n\n<p>L&rsquo;adresse o\u00f9 nous trouver 1 passage Jacqueline Giraud dans le douzi\u00e8me : c&rsquo;est la maison du Z\u00e9ro D\u00e9chet qui nous accueille. Alors ne tarde plus pour prendre tes billets de train (pour les frais de trajets tu peux les d\u00e9duire de tes imp\u00f4ts \u00e0 hauteur de 66% ou&nbsp;bien te faire rembourser).<\/p>\n\n\n\n<p><strong>Tu peux juste venir faire un coucou, rester 1h, 1 journ\u00e9e ou tout le week-end, \u00e0 ta convenance, inscris-toi dans le doc partag\u00e9<\/strong> envoy\u00e9 par mail, ou mets nous un petit mot \u00e0 &nbsp;contact@altertour.net ou sur la page <a href=\"https:\/\/fr-fr.facebook.com\/AlterTour\/\" target=\"_blank\" rel=\"noreferrer noopener\">FB <\/a>!<\/p>\n\n\n\n<p><strong>Si tu viens de loin, tu peux te faire h\u00e9berger chez les altercyclistes qui habitent Paname<\/strong>, cherche une place parmi celles propos\u00e9es dans le tableau d\u2019inscription. <strong>Pour manger, chacun\u00b7e apporte sa contribution culinaire <\/strong>pour faire une auberge espagnole.<\/p>\n\n\n\n<p>L\u2019Assembl\u00e9e G\u00e9n\u00e9rale annuelle c\u2019est l\u2019occasion de plusieurs choses :<\/p>\n\n\n\n<ul class=\"wp-block-list\"><li>Pr\u00e9senter et soumettre \u00e0 l\u2019approbation des membres pr\u00e9sents <strong>le bilan moral et financier de l\u2019ann\u00e9e<\/strong><\/li><li>Renouveler le coll\u00e8ge solidaire (car notre association n\u2019a pas de pr\u00e9sident mais un<strong> Coll\u00e8ge Solidaire<\/strong> dont les membres g\u00e8rent collectivement l\u2019association).<\/li><\/ul>\n\n\n\n<p><strong>Bilan moral et financier k\u00e9sako&nbsp;?<\/strong><\/p>\n\n\n\n<p>Le bilan financier c\u2019est plut\u00f4t simple, c\u2019est <strong>v\u00e9rifier qu\u2019on est \u00e0 l\u2019\u00e9quilibre entre l\u2019argent qui entre <\/strong>(les inscriptions) <strong>et l\u2019argent qui sort<\/strong> (les salaires des permanent\u00b7es, la nourriture, les remboursements de frais de d\u00e9placement des b\u00e9n\u00e9voles, les prestations artistiques, les h\u00e9bergements, l\u2019assurance, les d\u00e9penses li\u00e9es aux v\u00e9hicules etc.).<\/p>\n\n\n\n<p>Le <strong>bilan moral c\u2019est rappeler l\u2019objet statutaire et les valeurs de l\u2019association et revenir sur les projets <\/strong>aboutis ou non, les r\u00e9ussites et les difficult\u00e9s rencontr\u00e9es et les projets pour le futur.<\/p>\n\n\n\n<p><strong>Envie de participer au Coll\u00e8ge Solidaire&nbsp;?<\/strong><\/p>\n\n\n\n<p>Les membres du coll\u00e8ge solidaire sont celles et ceux qui prennent les d\u00e9cisions relatives \u00e0 la vie de l&rsquo;asso. Il y a pour cela une ou deux r\u00e9unions t\u00e9l\u00e9phoniques entre chaque weekend d&rsquo;orga.<\/p>\n\n\n\n<p>Les sujets \u00e0 l&rsquo;ordre du jour sont tr\u00e8s vari\u00e9s !<\/p>\n\n\n\n<ul class=\"wp-block-list\"><li>il y a des points administratifs (type changement d&rsquo;adresse),<\/li><li>on parle aussi d&rsquo;argent en se mettant d&rsquo;accord pour des d\u00e9penses,<\/li><li>on cherche des solutions aux probl\u00e8mes tr\u00e8s pratico-pratiques : qui conduit les v\u00e9hicules jusqu&rsquo;au lieu de d\u00e9part du Tour ? ou se tient le prochain weekend d&rsquo;orga ?<\/li><li>on parle de sujets d&rsquo;orientation plus g\u00e9n\u00e9rale, ce qu&rsquo;on imagine pour le futur du tour, quels formats, organis\u00e9s comment ?<\/li><\/ul>\n\n\n\n<p><strong>Bref, tout ce qui a besoin d&rsquo;\u00eatre d\u00e9cid\u00e9 pour la bonne marche d&rsquo;Altercampagne se discute au CS !<\/strong><\/p>\n\n\n\n<div class=\"wp-block-image\"><figure class=\"aligncenter is-resized\"><img loading=\"lazy\" decoding=\"async\" src=\"https:\/\/zzz.zaclys.com\/download.php?z=2&amp;doc_id=7318141\" alt=\"\" width=\"341\" height=\"388\"\/><figcaption>Les gestes de communication non verbale, visuel par Manon.<\/figcaption><\/figure><\/div>\n\n\n\n<p>Lors de ce week-end, <strong>en dehors de la journ\u00e9e d\u00e9di\u00e9e \u00e0 l\u2019Assembl\u00e9e G\u00e9n\u00e9rale nous parlerons d\u2019autres th\u00e9matiques propres \u00e0 l\u2019organisation<\/strong> de l\u2019asso\u00a0:<\/p>\n\n\n\n<ul class=\"wp-block-list\"><li>D\u00e9cortiquer <strong>le retour des accueillant \u00b7es<\/strong>, quel est le bilan de celles et ceux que nous sommes all\u00e9s rencontrer au cours de l\u2019\u00e9t\u00e9\u00a0?<\/li><li><strong>Pr\u00e9senter les diff\u00e9rents p\u00f4les de travail n\u00e9cessaires<\/strong> \u00e0 la pr\u00e9paration des tours\u00a0: tr\u00e9sorerie, comptabilit\u00e9, informatique, gouvernance, communication, pr\u00e9pa d\u2019\u00e9tapes, inscriptions.<\/li><li><strong>Faire avancer les groupes de travail lanc\u00e9s en septembre<\/strong> (sur les familles \u00e0 l\u2019AlterTour, les v\u00e9hicules, comment prendre soin dans le groupe\u2026) avec des temps de pr\u00e9sentation au reste du groupe ou bien des temps de travail<\/li><li><strong>Faire le point du rep\u00e9rage <\/strong>des alternatives dans le Nord Est<\/li><\/ul>\n\n\n\n<p>Et puis aussi&nbsp;: des brise glace pour faire connaissance, des outils d\u2019intelligence collective pour d\u00e9battre ou prendre des d\u00e9cisions ensemble, des temps informels pour discuter avec les altercyclistes avec qui on avait sympathis\u00e9 cet \u00e9t\u00e9 ou d\u2019autres nouvelles t\u00eates\u2026<\/p>\n","protected":false},"excerpt":{"rendered":"<p>Vendredi 11, samedi 12 et dimanche 13 novembre&nbsp;\u00e0 Paris auront lieu l\u2019Assembl\u00e9e G\u00e9n\u00e9rale d\u2019Altercampagne et le prochain weekend de pr\u00e9paration, viens y participer avec nous ! L&rsquo;adresse o\u00f9 nous trouver 1 passage Jacqueline Giraud dans le douzi\u00e8me : c&rsquo;est la maison du Z\u00e9ro D\u00e9chet qui nous accueille. Alors ne tarde &#8230; <\/p>\n<div><a href=\"https:\/\/www.altercampagne.net\/?p=26999\" class=\"more-link\">Read More<\/a><\/div>\n","protected":false},"author":361,"featured_media":27001,"comment_status":"closed","ping_status":"closed","sticky":false,"template":"","format":"standard","meta":{"footnotes":""},"categories":[4357,3539],"tags":[3272],"class_list":["post-26999","post","type-post","status-publish","format-standard","has-post-thumbnail","hentry","category-edition-2022","category-we-de-preparation","tag-assemblee-generale"],"yoast_head":"<!-- This site is optimized with the Yoast SEO plugin v27.3 - https:\/\/yoast.com\/product\/yoast-seo-wordpress\/ -->\n<title>L&#039;Assembl\u00e9e G\u00e9n\u00e9rale aura lieu \u00e0 Paris le long weekend du 11 novembre - AlterTour<\/title>\n<meta name=\"robots\" content=\"index, follow, max-snippet:-1, max-image-preview:large, max-video-preview:-1\" \/>\n<link rel=\"canonical\" href=\"https:\/\/www.altercampagne.net\/?p=26999\" \/>\n<meta property=\"og:locale\" content=\"fr_FR\" \/>\n<meta property=\"og:type\" content=\"article\" \/>\n<meta property=\"og:title\" content=\"L&#039;Assembl\u00e9e G\u00e9n\u00e9rale aura lieu \u00e0 Paris le long weekend du 11 novembre - AlterTour\" \/>\n<meta property=\"og:description\" content=\"Vendredi 11, samedi 12 et dimanche 13 novembre&nbsp;\u00e0 Paris auront lieu l\u2019Assembl\u00e9e G\u00e9n\u00e9rale d\u2019Altercampagne et le prochain weekend de pr\u00e9paration, viens y participer avec nous ! L&rsquo;adresse o\u00f9 nous trouver 1 passage Jacqueline Giraud dans le douzi\u00e8me : c&rsquo;est la maison du Z\u00e9ro D\u00e9chet qui nous accueille. Alors ne tarde ... Read More\" \/>\n<meta property=\"og:url\" content=\"https:\/\/www.altercampagne.net\/?p=26999\" \/>\n<meta property=\"og:site_name\" content=\"AlterTour\" \/>\n<meta property=\"article:published_time\" content=\"2022-10-26T08:59:01+00:00\" \/>\n<meta property=\"article:modified_time\" content=\"2022-10-26T12:17:10+00:00\" \/>\n<meta property=\"og:image\" content=\"https:\/\/www.altercampagne.net\/wp-content\/uploads\/2022\/10\/AT23_220925_Pleniere_01_211.jpg\" \/>\n\t<meta property=\"og:image:width\" content=\"700\" \/>\n\t<meta property=\"og:image:height\" content=\"460\" \/>\n\t<meta property=\"og:image:type\" content=\"image\/jpeg\" \/>\n<meta name=\"author\" content=\"Pauline\" \/>\n<meta name=\"twitter:card\" content=\"summary_large_image\" \/>\n<meta name=\"twitter:label1\" content=\"\u00c9crit par\" \/>\n\t<meta name=\"twitter:data1\" content=\"Pauline\" \/>\n\t<meta name=\"twitter:label2\" content=\"Dur\u00e9e de lecture estim\u00e9e\" \/>\n\t<meta name=\"twitter:data2\" content=\"4 minutes\" \/>\n<script type=\"application\/ld+json\" class=\"yoast-schema-graph\">{\"@context\":\"https:\\\/\\\/schema.org\",\"@graph\":[{\"@type\":\"Article\",\"@id\":\"https:\\\/\\\/www.altercampagne.net\\\/?p=26999#article\",\"isPartOf\":{\"@id\":\"https:\\\/\\\/www.altercampagne.net\\\/?p=26999\"},\"author\":{\"name\":\"Pauline\",\"@id\":\"https:\\\/\\\/www.altercampagne.net\\\/#\\\/schema\\\/person\\\/caf30ed73e072285b8f761300370ddb5\"},\"headline\":\"L&rsquo;Assembl\u00e9e G\u00e9n\u00e9rale aura lieu \u00e0 Paris le long weekend du 11 novembre\",\"datePublished\":\"2022-10-26T08:59:01+00:00\",\"dateModified\":\"2022-10-26T12:17:10+00:00\",\"mainEntityOfPage\":{\"@id\":\"https:\\\/\\\/www.altercampagne.net\\\/?p=26999\"},\"wordCount\":697,\"image\":{\"@id\":\"https:\\\/\\\/www.altercampagne.net\\\/?p=26999#primaryimage\"},\"thumbnailUrl\":\"https:\\\/\\\/www.altercampagne.net\\\/wp-content\\\/uploads\\\/2022\\\/10\\\/AT23_220925_Pleniere_01_211.jpg\",\"keywords\":[\"Assembl\u00e9e G\u00e9n\u00e9rale\"],\"articleSection\":[\"Edition 2022\",\"WE de pr\u00e9paration\"],\"inLanguage\":\"fr-FR\"},{\"@type\":\"WebPage\",\"@id\":\"https:\\\/\\\/www.altercampagne.net\\\/?p=26999\",\"url\":\"https:\\\/\\\/www.altercampagne.net\\\/?p=26999\",\"name\":\"L'Assembl\u00e9e G\u00e9n\u00e9rale aura lieu \u00e0 Paris le long weekend du 11 novembre - AlterTour\",\"isPartOf\":{\"@id\":\"https:\\\/\\\/www.altercampagne.net\\\/#website\"},\"primaryImageOfPage\":{\"@id\":\"https:\\\/\\\/www.altercampagne.net\\\/?p=26999#primaryimage\"},\"image\":{\"@id\":\"https:\\\/\\\/www.altercampagne.net\\\/?p=26999#primaryimage\"},\"thumbnailUrl\":\"https:\\\/\\\/www.altercampagne.net\\\/wp-content\\\/uploads\\\/2022\\\/10\\\/AT23_220925_Pleniere_01_211.jpg\",\"datePublished\":\"2022-10-26T08:59:01+00:00\",\"dateModified\":\"2022-10-26T12:17:10+00:00\",\"author\":{\"@id\":\"https:\\\/\\\/www.altercampagne.net\\\/#\\\/schema\\\/person\\\/caf30ed73e072285b8f761300370ddb5\"},\"breadcrumb\":{\"@id\":\"https:\\\/\\\/www.altercampagne.net\\\/?p=26999#breadcrumb\"},\"inLanguage\":\"fr-FR\",\"potentialAction\":[{\"@type\":\"ReadAction\",\"target\":[\"https:\\\/\\\/www.altercampagne.net\\\/?p=26999\"]}]},{\"@type\":\"ImageObject\",\"inLanguage\":\"fr-FR\",\"@id\":\"https:\\\/\\\/www.altercampagne.net\\\/?p=26999#primaryimage\",\"url\":\"https:\\\/\\\/www.altercampagne.net\\\/wp-content\\\/uploads\\\/2022\\\/10\\\/AT23_220925_Pleniere_01_211.jpg\",\"contentUrl\":\"https:\\\/\\\/www.altercampagne.net\\\/wp-content\\\/uploads\\\/2022\\\/10\\\/AT23_220925_Pleniere_01_211.jpg\",\"width\":700,\"height\":460},{\"@type\":\"BreadcrumbList\",\"@id\":\"https:\\\/\\\/www.altercampagne.net\\\/?p=26999#breadcrumb\",\"itemListElement\":[{\"@type\":\"ListItem\",\"position\":1,\"name\":\"Accueil\",\"item\":\"https:\\\/\\\/www.altercampagne.net\\\/\"},{\"@type\":\"ListItem\",\"position\":2,\"name\":\"L&rsquo;Assembl\u00e9e G\u00e9n\u00e9rale aura lieu \u00e0 Paris le long weekend du 11 novembre\"}]},{\"@type\":\"WebSite\",\"@id\":\"https:\\\/\\\/www.altercampagne.net\\\/#website\",\"url\":\"https:\\\/\\\/www.altercampagne.net\\\/\",\"name\":\"AlterTour\",\"description\":\"Reliez les Alternatives \u00e0 v\u00e9lo\",\"potentialAction\":[{\"@type\":\"SearchAction\",\"target\":{\"@type\":\"EntryPoint\",\"urlTemplate\":\"https:\\\/\\\/www.altercampagne.net\\\/?s={search_term_string}\"},\"query-input\":{\"@type\":\"PropertyValueSpecification\",\"valueRequired\":true,\"valueName\":\"search_term_string\"}}],\"inLanguage\":\"fr-FR\"},{\"@type\":\"Person\",\"@id\":\"https:\\\/\\\/www.altercampagne.net\\\/#\\\/schema\\\/person\\\/caf30ed73e072285b8f761300370ddb5\",\"name\":\"Pauline\",\"image\":{\"@type\":\"ImageObject\",\"inLanguage\":\"fr-FR\",\"@id\":\"https:\\\/\\\/secure.gravatar.com\\\/avatar\\\/f84b78638c34b3d6ac7339a8ef00413d11da3b09ee578a762504104ff060cde7?s=96&d=mm&r=g\",\"url\":\"https:\\\/\\\/secure.gravatar.com\\\/avatar\\\/f84b78638c34b3d6ac7339a8ef00413d11da3b09ee578a762504104ff060cde7?s=96&d=mm&r=g\",\"contentUrl\":\"https:\\\/\\\/secure.gravatar.com\\\/avatar\\\/f84b78638c34b3d6ac7339a8ef00413d11da3b09ee578a762504104ff060cde7?s=96&d=mm&r=g\",\"caption\":\"Pauline\"},\"url\":\"https:\\\/\\\/www.altercampagne.net\\\/?author=361\"}]}<\/script>\n<!-- \/ Yoast SEO plugin. -->","yoast_head_json":{"title":"L'Assembl\u00e9e G\u00e9n\u00e9rale aura lieu \u00e0 Paris le long weekend du 11 novembre - AlterTour","robots":{"index":"index","follow":"follow","max-snippet":"max-snippet:-1","max-image-preview":"max-image-preview:large","max-video-preview":"max-video-preview:-1"},"canonical":"https:\/\/www.altercampagne.net\/?p=26999","og_locale":"fr_FR","og_type":"article","og_title":"L'Assembl\u00e9e G\u00e9n\u00e9rale aura lieu \u00e0 Paris le long weekend du 11 novembre - AlterTour","og_description":"Vendredi 11, samedi 12 et dimanche 13 novembre&nbsp;\u00e0 Paris auront lieu l\u2019Assembl\u00e9e G\u00e9n\u00e9rale d\u2019Altercampagne et le prochain weekend de pr\u00e9paration, viens y participer avec nous ! L&rsquo;adresse o\u00f9 nous trouver 1 passage Jacqueline Giraud dans le douzi\u00e8me : c&rsquo;est la maison du Z\u00e9ro D\u00e9chet qui nous accueille. Alors ne tarde ... Read More","og_url":"https:\/\/www.altercampagne.net\/?p=26999","og_site_name":"AlterTour","article_published_time":"2022-10-26T08:59:01+00:00","article_modified_time":"2022-10-26T12:17:10+00:00","og_image":[{"width":700,"height":460,"url":"https:\/\/www.altercampagne.net\/wp-content\/uploads\/2022\/10\/AT23_220925_Pleniere_01_211.jpg","type":"image\/jpeg"}],"author":"Pauline","twitter_card":"summary_large_image","twitter_misc":{"\u00c9crit par":"Pauline","Dur\u00e9e de lecture estim\u00e9e":"4 minutes"},"schema":{"@context":"https:\/\/schema.org","@graph":[{"@type":"Article","@id":"https:\/\/www.altercampagne.net\/?p=26999#article","isPartOf":{"@id":"https:\/\/www.altercampagne.net\/?p=26999"},"author":{"name":"Pauline","@id":"https:\/\/www.altercampagne.net\/#\/schema\/person\/caf30ed73e072285b8f761300370ddb5"},"headline":"L&rsquo;Assembl\u00e9e G\u00e9n\u00e9rale aura lieu \u00e0 Paris le long weekend du 11 novembre","datePublished":"2022-10-26T08:59:01+00:00","dateModified":"2022-10-26T12:17:10+00:00","mainEntityOfPage":{"@id":"https:\/\/www.altercampagne.net\/?p=26999"},"wordCount":697,"image":{"@id":"https:\/\/www.altercampagne.net\/?p=26999#primaryimage"},"thumbnailUrl":"https:\/\/www.altercampagne.net\/wp-content\/uploads\/2022\/10\/AT23_220925_Pleniere_01_211.jpg","keywords":["Assembl\u00e9e G\u00e9n\u00e9rale"],"articleSection":["Edition 2022","WE de pr\u00e9paration"],"inLanguage":"fr-FR"},{"@type":"WebPage","@id":"https:\/\/www.altercampagne.net\/?p=26999","url":"https:\/\/www.altercampagne.net\/?p=26999","name":"L'Assembl\u00e9e G\u00e9n\u00e9rale aura lieu \u00e0 Paris le long weekend du 11 novembre - AlterTour","isPartOf":{"@id":"https:\/\/www.altercampagne.net\/#website"},"primaryImageOfPage":{"@id":"https:\/\/www.altercampagne.net\/?p=26999#primaryimage"},"image":{"@id":"https:\/\/www.altercampagne.net\/?p=26999#primaryimage"},"thumbnailUrl":"https:\/\/www.altercampagne.net\/wp-content\/uploads\/2022\/10\/AT23_220925_Pleniere_01_211.jpg","datePublished":"2022-10-26T08:59:01+00:00","dateModified":"2022-10-26T12:17:10+00:00","author":{"@id":"https:\/\/www.altercampagne.net\/#\/schema\/person\/caf30ed73e072285b8f761300370ddb5"},"breadcrumb":{"@id":"https:\/\/www.altercampagne.net\/?p=26999#breadcrumb"},"inLanguage":"fr-FR","potentialAction":[{"@type":"ReadAction","target":["https:\/\/www.altercampagne.net\/?p=26999"]}]},{"@type":"ImageObject","inLanguage":"fr-FR","@id":"https:\/\/www.altercampagne.net\/?p=26999#primaryimage","url":"https:\/\/www.altercampagne.net\/wp-content\/uploads\/2022\/10\/AT23_220925_Pleniere_01_211.jpg","contentUrl":"https:\/\/www.altercampagne.net\/wp-content\/uploads\/2022\/10\/AT23_220925_Pleniere_01_211.jpg","width":700,"height":460},{"@type":"BreadcrumbList","@id":"https:\/\/www.altercampagne.net\/?p=26999#breadcrumb","itemListElement":[{"@type":"ListItem","position":1,"name":"Accueil","item":"https:\/\/www.altercampagne.net\/"},{"@type":"ListItem","position":2,"name":"L&rsquo;Assembl\u00e9e G\u00e9n\u00e9rale aura lieu \u00e0 Paris le long weekend du 11 novembre"}]},{"@type":"WebSite","@id":"https:\/\/www.altercampagne.net\/#website","url":"https:\/\/www.altercampagne.net\/","name":"AlterTour","description":"Reliez les Alternatives \u00e0 v\u00e9lo","potentialAction":[{"@type":"SearchAction","target":{"@type":"EntryPoint","urlTemplate":"https:\/\/www.altercampagne.net\/?s={search_term_string}"},"query-input":{"@type":"PropertyValueSpecification","valueRequired":true,"valueName":"search_term_string"}}],"inLanguage":"fr-FR"},{"@type":"Person","@id":"https:\/\/www.altercampagne.net\/#\/schema\/person\/caf30ed73e072285b8f761300370ddb5","name":"Pauline","image":{"@type":"ImageObject","inLanguage":"fr-FR","@id":"https:\/\/secure.gravatar.com\/avatar\/f84b78638c34b3d6ac7339a8ef00413d11da3b09ee578a762504104ff060cde7?s=96&d=mm&r=g","url":"https:\/\/secure.gravatar.com\/avatar\/f84b78638c34b3d6ac7339a8ef00413d11da3b09ee578a762504104ff060cde7?s=96&d=mm&r=g","contentUrl":"https:\/\/secure.gravatar.com\/avatar\/f84b78638c34b3d6ac7339a8ef00413d11da3b09ee578a762504104ff060cde7?s=96&d=mm&r=g","caption":"Pauline"},"url":"https:\/\/www.altercampagne.net\/?author=361"}]}},"_links":{"self":[{"href":"https:\/\/www.altercampagne.net\/index.php?rest_route=\/wp\/v2\/posts\/26999","targetHints":{"allow":["GET"]}}],"collection":[{"href":"https:\/\/www.altercampagne.net\/index.php?rest_route=\/wp\/v2\/posts"}],"about":[{"href":"https:\/\/www.altercampagne.net\/index.php?rest_route=\/wp\/v2\/types\/post"}],"author":[{"embeddable":true,"href":"https:\/\/www.altercampagne.net\/index.php?rest_route=\/wp\/v2\/users\/361"}],"replies":[{"embeddable":true,"href":"https:\/\/www.altercampagne.net\/index.php?rest_route=%2Fwp%2Fv2%2Fcomments&post=26999"}],"version-history":[{"count":7,"href":"https:\/\/www.altercampagne.net\/index.php?rest_route=\/wp\/v2\/posts\/26999\/revisions"}],"predecessor-version":[{"id":27088,"href":"https:\/\/www.altercampagne.net\/index.php?rest_route=\/wp\/v2\/posts\/26999\/revisions\/27088"}],"wp:featuredmedia":[{"embeddable":true,"href":"https:\/\/www.altercampagne.net\/index.php?rest_route=\/wp\/v2\/media\/27001"}],"wp:attachment":[{"href":"https:\/\/www.altercampagne.net\/index.php?rest_route=%2Fwp%2Fv2%2Fmedia&parent=26999"}],"wp:term":[{"taxonomy":"category","embeddable":true,"href":"https:\/\/www.altercampagne.net\/index.php?rest_route=%2Fwp%2Fv2%2Fcategories&post=26999"},{"taxonomy":"post_tag","embeddable":true,"href":"https:\/\/www.altercampagne.net\/index.php?rest_route=%2Fwp%2Fv2%2Ftags&post=26999"}],"curies":[{"name":"wp","href":"https:\/\/api.w.org\/{rel}","templated":true}]}}