{"id":27178,"date":"2022-11-17T18:08:10","date_gmt":"2022-11-17T17:08:10","guid":{"rendered":"https:\/\/www.altercampagne.net\/?p=27178"},"modified":"2024-02-09T18:23:25","modified_gmt":"2024-02-09T17:23:25","slug":"balle-au-centre-a-altercampagne","status":"publish","type":"post","link":"https:\/\/www.altercampagne.net\/?p=27178","title":{"rendered":"Balle au centre \u00e0 Altercampagne"},"content":{"rendered":"\n<p>Le long week-end de travail \u00e0 la pl\u00e9ni\u00e8re de novembre de l\u2019AlterTour s\u2019annon\u00e7ait riche et ensoleill\u00e9e, tout en sachant que la m\u00e9t\u00e9o peut \u00eatre impr\u00e9visible. D\u00e9but de journ\u00e9e lumineux, des rues parisiennes d\u00e9sertes en ce 11 novembre, un square en int\u00e9rieur d\u2019\u00eelot paisible, et une terrasse d\u2019o\u00f9 je suis h\u00e9l\u00e9 par les d\u00e9j\u00e0-arriv\u00e9s qui sirotaient leur premier caf\u00e9 de la journ\u00e9e.<\/p>\n\n\n\n<p>Je p\u00e9n\u00e8tre dans cette <a href=\"https:\/\/lamaisonduzerodechet.org\/\">maison du Z\u00e9ro D\u00e9chet<\/a>, am\u00e9nag\u00e9e avec pr\u00e8s de 90% de mat\u00e9riaux de r\u00e9emploi, spacieuse, cozy et fonctionnelle. Cet espace est organis\u00e9 par des b\u00e9n\u00e9voles qui proposent outre la grande salle polyvalente, un bar et une boutique. Celle-ci est pleine de tr\u00e9sors pour lutter contre la surconsommation et une librairie pour informer et sensibiliser toutes les g\u00e9n\u00e9rations.<\/p>\n\n\n\n<p>Nous profiterons largement des lieux tout au long de ces 3 journ\u00e9es, exploitant les moindres recoins pour les travaux en sous-groupes. Les papotes, les duos et trios informels, les recentrements et isolements ont \u00e9t\u00e9 parfois n\u00e9cessaires. Je ne comprenais pas encore \u00e0 ce moment-l\u00e0 que nous embarquions pour un p\u00e9riple \u00e0 bord de ce navire.<\/p>\n\n\n\n<figure class=\"wp-block-image size-large\"><a href=\"https:\/\/www.altercampagne.net\/wp-content\/uploads\/2022\/11\/DSC_7465.jpg\"><img loading=\"lazy\" decoding=\"async\" width=\"686\" height=\"500\" src=\"https:\/\/www.altercampagne.net\/wp-content\/uploads\/2022\/11\/DSC_7465.jpg\" alt=\"\" class=\"wp-image-27187\" srcset=\"https:\/\/www.altercampagne.net\/wp-content\/uploads\/2022\/11\/DSC_7465.jpg 686w, https:\/\/www.altercampagne.net\/wp-content\/uploads\/2022\/11\/DSC_7465-300x219.jpg 300w, https:\/\/www.altercampagne.net\/wp-content\/uploads\/2022\/11\/DSC_7465-610x445.jpg 610w, https:\/\/www.altercampagne.net\/wp-content\/uploads\/2022\/11\/DSC_7465-100x73.jpg 100w\" sizes=\"auto, (max-width: 686px) 100vw, 686px\" \/><\/a><figcaption class=\"wp-element-caption\">Cr\u00e9dit photo : Luca Bon<\/figcaption><\/figure>\n\n\n\n<h2 class=\"wp-block-heading\">Larguez les amarres<\/h2>\n\n\n\n<p>Une fois la glace bris\u00e9e, les animateurices du week-end larguent les amarres en facilitant les \u00e9changes d\u2019informations. Du r\u00e9cit de ce qui s\u2019est pass\u00e9 depuis la derni\u00e8re pl\u00e9ni\u00e8re, en passant par les fins de contrat non renouvel\u00e9s des permanents et la n\u00e9cessit\u00e9 de se recentrer sur des chantiers essentiels. Soulignant le travail important du Conseil Solidaire. Le bateau prend le large petit \u00e0 petit, malgr\u00e9 l\u2019annonce \u00e0 mots \u00e0 peine couverts que la m\u00e9t\u00e9o radieuse de la pl\u00e9ni\u00e8re de septembre avait vir\u00e9 \u00e0 une temp\u00eate entre-temps.<\/p>\n\n\n\n<p>La volont\u00e9 d\u2019un Conseil Solidaire et surtout des nombreux altercyclistes pr\u00e9sents de maintenir le cap fondamental de l\u2019<a href=\"https:\/\/www.altercampagne.net\/\">association Alter Campagne<\/a> a pourtant vite pris le dessus. <\/p>\n\n\n\n<p>Une pyramide des priorit\u00e9s -de la base indispensable \u00e0 un sommet qui \u00ab peut attendre \u00bb &#8211; s\u2019\u00e9labore, au fil du temps.<\/p>\n\n\n\n<p>Ne pas pr\u00e9cipiter les d\u00e9cisions, faire baisser la pression \u00e0 tous niveaux devient un leitmotiv.<\/p>\n\n\n\n<p>Des chantiers et Groupes de travail se dessinent : Gouvernance, Compta, Inscriptions, Communication, Ressources Humaines, V\u00e9hicules, etc.<\/p>\n\n\n\n<p>Les pr\u00e9parateurices de ce week-end s\u2019adaptent \u00e0 l\u2019\u00e9volution des besoins, modifiant l\u2019orientation ou la taille de la voilure en fonction des vents, de la houle, de la profondeur des vagues, de l\u2019intensit\u00e9 des pr\u00e9cipitations. On les sent ma\u00eetres du maintien du navire \u00ab Pl\u00e9ni\u00e8re \u00bb \u00e0 flot alors que les altercyclistes adaptent le cap sur AlterCampagne.<\/p>\n\n\n\n<figure class=\"wp-block-image size-large\"><a href=\"https:\/\/www.altercampagne.net\/wp-content\/uploads\/2022\/11\/DSC_7557.jpg\"><img loading=\"lazy\" decoding=\"async\" width=\"750\" height=\"500\" src=\"https:\/\/www.altercampagne.net\/wp-content\/uploads\/2022\/11\/DSC_7557.jpg\" alt=\"\" class=\"wp-image-27179\" srcset=\"https:\/\/www.altercampagne.net\/wp-content\/uploads\/2022\/11\/DSC_7557.jpg 750w, https:\/\/www.altercampagne.net\/wp-content\/uploads\/2022\/11\/DSC_7557-300x200.jpg 300w, https:\/\/www.altercampagne.net\/wp-content\/uploads\/2022\/11\/DSC_7557-610x407.jpg 610w, https:\/\/www.altercampagne.net\/wp-content\/uploads\/2022\/11\/DSC_7557-100x67.jpg 100w\" sizes=\"auto, (max-width: 750px) 100vw, 750px\" \/><\/a><figcaption class=\"wp-element-caption\">Cr\u00e9dit photo : Luca Bon<\/figcaption><\/figure>\n\n\n\n<h2 class=\"wp-block-heading\">D\u00e9bat \u00e9-mouvant avant AG<\/h2>\n\n\n\n<p>Des lignes du temps parall\u00e8les sillonant le sol de la salle permettront de visualiser les \u00e9tapes. De mani\u00e8re globale, de s\u2019accorder sur les priorit\u00e9s, de s\u2019approprier l\u2019ampleur des t\u00e2ches et de s\u2019identifier \u00e0 l\u2019une ou l\u2019autre. Surtout, l\u2019\u00e9laboration de ces time-lines a permis l\u2019expression de souffrances, d\u2019appels \u00e0 l\u2019aide, d\u2019inqui\u00e9tudes, d\u2019espoirs, d\u2019envies convergentes ou divergentes quant \u00e0 ce que l\u2019on imagine pour l\u2019\u00e9t\u00e9 2023 et l\u2019horizon 2024.<\/p>\n\n\n\n<p>L\u2019intensit\u00e9 des \u00e9motions \u00e9tait palpable comme \u00e0 l\u2019approche d\u2019un typhon. Mais il n\u2019\u00e9tait pas en vue.<\/p>\n\n\n\n<p>Les chantiers \u00e9tant mis \u00e0 plat, la cinquantaine d\u2019altercyclistes pouvait passer au programme TV de l\u2019apr\u00e8s-midi.<\/p>\n\n\n\n<p>Au programme ? Assembl\u00e9e g\u00e9n\u00e9rale.<\/p>\n\n\n\n<p>Nos 2 journalistes du jour ont relat\u00e9 les activit\u00e9s 2022-2023 de mani\u00e8re claire et limpide, mais surtout originale. Le bulletin m\u00e9t\u00e9o de l\u2019ann\u00e9e \u00e0 Montr\u00e9sor a globalement annonc\u00e9 du soleil malgr\u00e9 quelques influences cycloniques n\u00e9cessitant de la vigilance (co\u00fbt quotidien de participation aux activit\u00e9s sup\u00e9rieur aux frais d\u2019inscription, tendance g\u00e9n\u00e9rale \u00e0 grignoter petit \u00e0 petit notre bas de laine en sont deux exemples). Un d\u00e9fil\u00e9 de mode haut en couleurs nous a replong\u00e9 dans les folles aventures que sont les Echapp\u00e9es (belge, gardoise et f\u00e9ministe), le Bi\u00e8re Tour, l\u2019Alter Tour et l\u2019Alter D\u00e9tour. Les kilom\u00e8tres parcourus, les d\u00e9nivel\u00e9s, les alterprojets visit\u00e9s, les plaisirs et rires partag\u00e9s. Un duplex nous a mis en contact direct avec nos accueillant.es qui globalement se disent ravi.es de notre passage. Enfin une interview en plateau de pr\u00e9parateur.ices d\u2019\u00e9tapes n\u2019a pu qu\u2019inciter les spectateur.ices pr\u00e9sent.es \u00e0 se projeter dans de pareilles aventures futures.<\/p>\n\n\n\n<figure class=\"wp-block-image size-large\"><a href=\"https:\/\/www.altercampagne.net\/wp-content\/uploads\/2022\/11\/DSC_7747.jpg\"><img loading=\"lazy\" decoding=\"async\" width=\"686\" height=\"500\" src=\"https:\/\/www.altercampagne.net\/wp-content\/uploads\/2022\/11\/DSC_7747.jpg\" alt=\"\" class=\"wp-image-27182\" srcset=\"https:\/\/www.altercampagne.net\/wp-content\/uploads\/2022\/11\/DSC_7747.jpg 686w, https:\/\/www.altercampagne.net\/wp-content\/uploads\/2022\/11\/DSC_7747-300x219.jpg 300w, https:\/\/www.altercampagne.net\/wp-content\/uploads\/2022\/11\/DSC_7747-610x445.jpg 610w, https:\/\/www.altercampagne.net\/wp-content\/uploads\/2022\/11\/DSC_7747-100x73.jpg 100w\" sizes=\"auto, (max-width: 686px) 100vw, 686px\" \/><\/a><figcaption class=\"wp-element-caption\">Cr\u00e9dit photo : Luca Bon<\/figcaption><\/figure>\n\n\n\n<h2 class=\"wp-block-heading\">Approuv\u00e9 !<\/h2>\n\n\n\n<p><\/p>\n\n\n\n<p>De mani\u00e8re plus prosa\u00efque, les comptes et rapport moral ont \u00e9t\u00e9 approuv\u00e9s \u00e0 la quasi-unanimit\u00e9.<\/p>\n\n\n\n<p>Un Conseil Solidaire a \u00e9t\u00e9 pl\u00e9biscit\u00e9 apr\u00e8s l\u2019annonce de quelques d\u00e9parts et plusieurs nouveaux visages connus ou moins connus qui se lancent dans l\u2019aventure responsable de participation \u00e0 cet organe de notre association.<\/p>\n\n\n\n<p>Le tout nouveau Conseil n\u2019a d\u2019ailleurs pas attendu : il \u00e9tait important que le bateau navigue vers des eaux apais\u00e9es avant de mettre le cap sur la pl\u00e9ni\u00e8re de d\u00e9cembre. Les nombreux pr\u00e9pa d\u2019\u00e9tapes n\u2018attendirent pas non plus pour remonter les manches de leur maillot d\u00e9j\u00e0 bien mouill\u00e9 et se mobilis\u00e8rent \u00e9galement au sein d\u2019une r\u00e9union improvis\u00e9e.<\/p>\n\n\n\n<p>L\u2019amarrage \u00e0 un port pour passer la soir\u00e9e \u00e9tait maintenant possible : \u00ab <a href=\"https:\/\/les-amarres.org\/\">Les amarres<\/a> \u00bb tiers-lieu solidaire et festif en bord de Seine nous accueillit \u00e0 bras ouverts !<\/p>\n\n\n\n<h2 class=\"wp-block-heading\">40 un dimanche ! RDV en d\u00e9cembre<\/h2>\n\n\n\n<p><\/p>\n\n\n\n<p>Le retour \u00e0 bord le dimanche matin s\u2019annon\u00e7ait haut en couleur. Rapidement ce fut le vert des couleurs du consensus qui permit de lancer le chantier-groupe de travail \u00ab \u00c9v\u00e9nementS \u00e9t\u00e9 2023 \u00bb. Sans forc\u00e9ment pouvoir compter sur les structures habituelles que constituent les v\u00e9hicules, les permanents, l\u2019\u00e9quipe d\u2019inscription, le suivi compta, etc.<\/p>\n\n\n\n<p>Le bateau regagnait ainsi la mer sous un feu d\u2019artifice d\u2019id\u00e9es \u00e9manant de la quarantaine de matelots \u00e0 bord, ce dimanche matin.<\/p>\n\n\n\n<p>La mer tranquille permit \u00e0 toutes et tous de se positionner concr\u00e8tement dans les diff\u00e9rents chantiers \u00e0 mettre en \u0153uvre prioritairement. Et cela de mani\u00e8re autonome et responsable, avec s\u00e9r\u00e9nit\u00e9. En tenant compte des possibilit\u00e9s de rencontres en pr\u00e9sentiel et bien s\u00fbr avec les assentiments du CS pour ce qui est de la mise en \u0153uvre des d\u00e9cisions. Il est vraisemblable que l\u2019\u00e9t\u00e9 2023 verra des altercyclistes se retrouver, sans encore en conna\u00eetre le cadre. Et il est certain que les chantiers importants que sont la Gouvernance, la Compta, les Inscriptions, les V\u00e9hicules sont bel et bien entam\u00e9s sans pression, ni \u00e9ch\u00e9ance trop contraignante. D\u00e9finitivement, le leitmotiv de cette \u00e9pop\u00e9e d&rsquo;un week-end !<\/p>\n\n\n\n<p>Les matelots altercylistes s\u2019activent d\u2019ores et d\u00e9j\u00e0 pour ces quatre semaines de navigation qui nous m\u00e8neront \u00e0 la pl\u00e9ni\u00e8re des 17 &amp; 18 d\u00e9cembre, \u00e0 Lyon. La m\u00e9t\u00e9o s\u2019annonce sans temp\u00eate majeure mais avec une n\u00e9bulosit\u00e9 variable.<\/p>\n\n\n\n<figure class=\"wp-block-image size-large\"><a href=\"https:\/\/www.altercampagne.net\/wp-content\/uploads\/2022\/11\/DSC_7706.jpg\"><img loading=\"lazy\" decoding=\"async\" width=\"686\" height=\"500\" src=\"https:\/\/www.altercampagne.net\/wp-content\/uploads\/2022\/11\/DSC_7706.jpg\" alt=\"\" class=\"wp-image-27180\" srcset=\"https:\/\/www.altercampagne.net\/wp-content\/uploads\/2022\/11\/DSC_7706.jpg 686w, https:\/\/www.altercampagne.net\/wp-content\/uploads\/2022\/11\/DSC_7706-300x219.jpg 300w, https:\/\/www.altercampagne.net\/wp-content\/uploads\/2022\/11\/DSC_7706-610x445.jpg 610w, https:\/\/www.altercampagne.net\/wp-content\/uploads\/2022\/11\/DSC_7706-100x73.jpg 100w\" sizes=\"auto, (max-width: 686px) 100vw, 686px\" \/><\/a><figcaption class=\"wp-element-caption\">Cr\u00e9dit photo : Luca Bon<\/figcaption><\/figure>\n\n\n\n<p>Eric pour Altercampagne<\/p>\n","protected":false},"excerpt":{"rendered":"<p>Le long week-end de travail \u00e0 la pl\u00e9ni\u00e8re de novembre de l\u2019AlterTour s\u2019annon\u00e7ait riche et ensoleill\u00e9e, tout en sachant que la m\u00e9t\u00e9o peut \u00eatre impr\u00e9visible. D\u00e9but de journ\u00e9e lumineux, des rues parisiennes d\u00e9sertes en ce 11 novembre, un square en int\u00e9rieur d\u2019\u00eelot paisible, et une terrasse d\u2019o\u00f9 je suis h\u00e9l\u00e9 &#8230; <\/p>\n<div><a href=\"https:\/\/www.altercampagne.net\/?p=27178\" class=\"more-link\">Read More<\/a><\/div>\n","protected":false},"author":380,"featured_media":27181,"comment_status":"closed","ping_status":"closed","sticky":false,"template":"","format":"standard","meta":{"footnotes":""},"categories":[4313,4311,4447,3574,4357,3231,3539],"tags":[],"class_list":["post-27178","post","type-post","status-publish","format-standard","has-post-thumbnail","hentry","category-altertour","category-alter-d-tour","category-edition-2023","category-bieretour","category-edition-2022","category-echappee-belle","category-we-de-preparation"],"yoast_head":"<!-- This site is optimized with the Yoast SEO plugin v27.3 - https:\/\/yoast.com\/product\/yoast-seo-wordpress\/ -->\n<title>Balle au centre \u00e0 Altercampagne - AlterTour<\/title>\n<meta name=\"description\" content=\"R\u00e9sum\u00e9 de la pl\u00e9ni\u00e8re de novembre d&#039;altercampagne et de l\u2019assembl\u00e9 g\u00e9n\u00e9ral \u00e0 la maison du z\u00e9ro d\u00e9chet \u00e0 Paris.\" \/>\n<meta name=\"robots\" content=\"index, follow, max-snippet:-1, max-image-preview:large, max-video-preview:-1\" \/>\n<link rel=\"canonical\" href=\"https:\/\/www.altercampagne.net\/?p=27178\" \/>\n<meta property=\"og:locale\" content=\"fr_FR\" \/>\n<meta property=\"og:type\" content=\"article\" \/>\n<meta property=\"og:title\" content=\"Balle au centre \u00e0 Altercampagne - AlterTour\" \/>\n<meta property=\"og:description\" content=\"R\u00e9sum\u00e9 de la pl\u00e9ni\u00e8re de novembre d&#039;altercampagne et de l\u2019assembl\u00e9 g\u00e9n\u00e9ral \u00e0 la maison du z\u00e9ro d\u00e9chet \u00e0 Paris.\" \/>\n<meta property=\"og:url\" content=\"https:\/\/www.altercampagne.net\/?p=27178\" \/>\n<meta property=\"og:site_name\" content=\"AlterTour\" \/>\n<meta property=\"article:published_time\" content=\"2022-11-17T17:08:10+00:00\" \/>\n<meta property=\"article:modified_time\" content=\"2024-02-09T17:23:25+00:00\" \/>\n<meta property=\"og:image\" content=\"https:\/\/www.altercampagne.net\/wp-content\/uploads\/2022\/11\/DSC_7741.jpg\" \/>\n\t<meta property=\"og:image:width\" content=\"686\" \/>\n\t<meta property=\"og:image:height\" content=\"500\" \/>\n\t<meta property=\"og:image:type\" content=\"image\/jpeg\" \/>\n<meta name=\"author\" content=\"Eric Nicolas\" \/>\n<meta name=\"twitter:card\" content=\"summary_large_image\" \/>\n<meta name=\"twitter:label1\" content=\"\u00c9crit par\" \/>\n\t<meta name=\"twitter:data1\" content=\"Eric Nicolas\" \/>\n\t<meta name=\"twitter:label2\" content=\"Dur\u00e9e de lecture estim\u00e9e\" \/>\n\t<meta name=\"twitter:data2\" content=\"7 minutes\" \/>\n<script type=\"application\/ld+json\" class=\"yoast-schema-graph\">{\"@context\":\"https:\\\/\\\/schema.org\",\"@graph\":[{\"@type\":\"Article\",\"@id\":\"https:\\\/\\\/www.altercampagne.net\\\/?p=27178#article\",\"isPartOf\":{\"@id\":\"https:\\\/\\\/www.altercampagne.net\\\/?p=27178\"},\"author\":{\"name\":\"Eric Nicolas\",\"@id\":\"https:\\\/\\\/www.altercampagne.net\\\/#\\\/schema\\\/person\\\/997de7806c78957ee1087ed1d0d1c9b3\"},\"headline\":\"Balle au centre \u00e0 Altercampagne\",\"datePublished\":\"2022-11-17T17:08:10+00:00\",\"dateModified\":\"2024-02-09T17:23:25+00:00\",\"mainEntityOfPage\":{\"@id\":\"https:\\\/\\\/www.altercampagne.net\\\/?p=27178\"},\"wordCount\":1196,\"image\":{\"@id\":\"https:\\\/\\\/www.altercampagne.net\\\/?p=27178#primaryimage\"},\"thumbnailUrl\":\"https:\\\/\\\/www.altercampagne.net\\\/wp-content\\\/uploads\\\/2022\\\/11\\\/DSC_7741.jpg\",\"articleSection\":[\"AlterTour\",\"Alter-D-tour\",\"Edition 2023\",\"Bi\u00e8reTour\",\"Edition 2022\",\"Echapp\u00e9e Belle\",\"WE de pr\u00e9paration\"],\"inLanguage\":\"fr-FR\"},{\"@type\":\"WebPage\",\"@id\":\"https:\\\/\\\/www.altercampagne.net\\\/?p=27178\",\"url\":\"https:\\\/\\\/www.altercampagne.net\\\/?p=27178\",\"name\":\"Balle au centre \u00e0 Altercampagne - AlterTour\",\"isPartOf\":{\"@id\":\"https:\\\/\\\/www.altercampagne.net\\\/#website\"},\"primaryImageOfPage\":{\"@id\":\"https:\\\/\\\/www.altercampagne.net\\\/?p=27178#primaryimage\"},\"image\":{\"@id\":\"https:\\\/\\\/www.altercampagne.net\\\/?p=27178#primaryimage\"},\"thumbnailUrl\":\"https:\\\/\\\/www.altercampagne.net\\\/wp-content\\\/uploads\\\/2022\\\/11\\\/DSC_7741.jpg\",\"datePublished\":\"2022-11-17T17:08:10+00:00\",\"dateModified\":\"2024-02-09T17:23:25+00:00\",\"author\":{\"@id\":\"https:\\\/\\\/www.altercampagne.net\\\/#\\\/schema\\\/person\\\/997de7806c78957ee1087ed1d0d1c9b3\"},\"description\":\"R\u00e9sum\u00e9 de la pl\u00e9ni\u00e8re de novembre d'altercampagne et de l\u2019assembl\u00e9 g\u00e9n\u00e9ral \u00e0 la maison du z\u00e9ro d\u00e9chet \u00e0 Paris.\",\"breadcrumb\":{\"@id\":\"https:\\\/\\\/www.altercampagne.net\\\/?p=27178#breadcrumb\"},\"inLanguage\":\"fr-FR\",\"potentialAction\":[{\"@type\":\"ReadAction\",\"target\":[\"https:\\\/\\\/www.altercampagne.net\\\/?p=27178\"]}]},{\"@type\":\"ImageObject\",\"inLanguage\":\"fr-FR\",\"@id\":\"https:\\\/\\\/www.altercampagne.net\\\/?p=27178#primaryimage\",\"url\":\"https:\\\/\\\/www.altercampagne.net\\\/wp-content\\\/uploads\\\/2022\\\/11\\\/DSC_7741.jpg\",\"contentUrl\":\"https:\\\/\\\/www.altercampagne.net\\\/wp-content\\\/uploads\\\/2022\\\/11\\\/DSC_7741.jpg\",\"width\":686,\"height\":500,\"caption\":\"Assembl\u00e9 g\u00e9n\u00e9ral\"},{\"@type\":\"BreadcrumbList\",\"@id\":\"https:\\\/\\\/www.altercampagne.net\\\/?p=27178#breadcrumb\",\"itemListElement\":[{\"@type\":\"ListItem\",\"position\":1,\"name\":\"Accueil\",\"item\":\"https:\\\/\\\/www.altercampagne.net\\\/\"},{\"@type\":\"ListItem\",\"position\":2,\"name\":\"Balle au centre \u00e0 Altercampagne\"}]},{\"@type\":\"WebSite\",\"@id\":\"https:\\\/\\\/www.altercampagne.net\\\/#website\",\"url\":\"https:\\\/\\\/www.altercampagne.net\\\/\",\"name\":\"AlterTour\",\"description\":\"Reliez les Alternatives \u00e0 v\u00e9lo\",\"potentialAction\":[{\"@type\":\"SearchAction\",\"target\":{\"@type\":\"EntryPoint\",\"urlTemplate\":\"https:\\\/\\\/www.altercampagne.net\\\/?s={search_term_string}\"},\"query-input\":{\"@type\":\"PropertyValueSpecification\",\"valueRequired\":true,\"valueName\":\"search_term_string\"}}],\"inLanguage\":\"fr-FR\"},{\"@type\":\"Person\",\"@id\":\"https:\\\/\\\/www.altercampagne.net\\\/#\\\/schema\\\/person\\\/997de7806c78957ee1087ed1d0d1c9b3\",\"name\":\"Eric Nicolas\",\"image\":{\"@type\":\"ImageObject\",\"inLanguage\":\"fr-FR\",\"@id\":\"https:\\\/\\\/secure.gravatar.com\\\/avatar\\\/f462a5927f5de6d4cab6639f146cbe4e71218a8b24a88946aa15f6afb9f2c30b?s=96&d=mm&r=g\",\"url\":\"https:\\\/\\\/secure.gravatar.com\\\/avatar\\\/f462a5927f5de6d4cab6639f146cbe4e71218a8b24a88946aa15f6afb9f2c30b?s=96&d=mm&r=g\",\"contentUrl\":\"https:\\\/\\\/secure.gravatar.com\\\/avatar\\\/f462a5927f5de6d4cab6639f146cbe4e71218a8b24a88946aa15f6afb9f2c30b?s=96&d=mm&r=g\",\"caption\":\"Eric Nicolas\"},\"url\":\"https:\\\/\\\/www.altercampagne.net\\\/?author=380\"}]}<\/script>\n<!-- \/ Yoast SEO plugin. -->","yoast_head_json":{"title":"Balle au centre \u00e0 Altercampagne - AlterTour","description":"R\u00e9sum\u00e9 de la pl\u00e9ni\u00e8re de novembre d'altercampagne et de l\u2019assembl\u00e9 g\u00e9n\u00e9ral \u00e0 la maison du z\u00e9ro d\u00e9chet \u00e0 Paris.","robots":{"index":"index","follow":"follow","max-snippet":"max-snippet:-1","max-image-preview":"max-image-preview:large","max-video-preview":"max-video-preview:-1"},"canonical":"https:\/\/www.altercampagne.net\/?p=27178","og_locale":"fr_FR","og_type":"article","og_title":"Balle au centre \u00e0 Altercampagne - AlterTour","og_description":"R\u00e9sum\u00e9 de la pl\u00e9ni\u00e8re de novembre d'altercampagne et de l\u2019assembl\u00e9 g\u00e9n\u00e9ral \u00e0 la maison du z\u00e9ro d\u00e9chet \u00e0 Paris.","og_url":"https:\/\/www.altercampagne.net\/?p=27178","og_site_name":"AlterTour","article_published_time":"2022-11-17T17:08:10+00:00","article_modified_time":"2024-02-09T17:23:25+00:00","og_image":[{"width":686,"height":500,"url":"https:\/\/www.altercampagne.net\/wp-content\/uploads\/2022\/11\/DSC_7741.jpg","type":"image\/jpeg"}],"author":"Eric Nicolas","twitter_card":"summary_large_image","twitter_misc":{"\u00c9crit par":"Eric Nicolas","Dur\u00e9e de lecture estim\u00e9e":"7 minutes"},"schema":{"@context":"https:\/\/schema.org","@graph":[{"@type":"Article","@id":"https:\/\/www.altercampagne.net\/?p=27178#article","isPartOf":{"@id":"https:\/\/www.altercampagne.net\/?p=27178"},"author":{"name":"Eric Nicolas","@id":"https:\/\/www.altercampagne.net\/#\/schema\/person\/997de7806c78957ee1087ed1d0d1c9b3"},"headline":"Balle au centre \u00e0 Altercampagne","datePublished":"2022-11-17T17:08:10+00:00","dateModified":"2024-02-09T17:23:25+00:00","mainEntityOfPage":{"@id":"https:\/\/www.altercampagne.net\/?p=27178"},"wordCount":1196,"image":{"@id":"https:\/\/www.altercampagne.net\/?p=27178#primaryimage"},"thumbnailUrl":"https:\/\/www.altercampagne.net\/wp-content\/uploads\/2022\/11\/DSC_7741.jpg","articleSection":["AlterTour","Alter-D-tour","Edition 2023","Bi\u00e8reTour","Edition 2022","Echapp\u00e9e Belle","WE de pr\u00e9paration"],"inLanguage":"fr-FR"},{"@type":"WebPage","@id":"https:\/\/www.altercampagne.net\/?p=27178","url":"https:\/\/www.altercampagne.net\/?p=27178","name":"Balle au centre \u00e0 Altercampagne - AlterTour","isPartOf":{"@id":"https:\/\/www.altercampagne.net\/#website"},"primaryImageOfPage":{"@id":"https:\/\/www.altercampagne.net\/?p=27178#primaryimage"},"image":{"@id":"https:\/\/www.altercampagne.net\/?p=27178#primaryimage"},"thumbnailUrl":"https:\/\/www.altercampagne.net\/wp-content\/uploads\/2022\/11\/DSC_7741.jpg","datePublished":"2022-11-17T17:08:10+00:00","dateModified":"2024-02-09T17:23:25+00:00","author":{"@id":"https:\/\/www.altercampagne.net\/#\/schema\/person\/997de7806c78957ee1087ed1d0d1c9b3"},"description":"R\u00e9sum\u00e9 de la pl\u00e9ni\u00e8re de novembre d'altercampagne et de l\u2019assembl\u00e9 g\u00e9n\u00e9ral \u00e0 la maison du z\u00e9ro d\u00e9chet \u00e0 Paris.","breadcrumb":{"@id":"https:\/\/www.altercampagne.net\/?p=27178#breadcrumb"},"inLanguage":"fr-FR","potentialAction":[{"@type":"ReadAction","target":["https:\/\/www.altercampagne.net\/?p=27178"]}]},{"@type":"ImageObject","inLanguage":"fr-FR","@id":"https:\/\/www.altercampagne.net\/?p=27178#primaryimage","url":"https:\/\/www.altercampagne.net\/wp-content\/uploads\/2022\/11\/DSC_7741.jpg","contentUrl":"https:\/\/www.altercampagne.net\/wp-content\/uploads\/2022\/11\/DSC_7741.jpg","width":686,"height":500,"caption":"Assembl\u00e9 g\u00e9n\u00e9ral"},{"@type":"BreadcrumbList","@id":"https:\/\/www.altercampagne.net\/?p=27178#breadcrumb","itemListElement":[{"@type":"ListItem","position":1,"name":"Accueil","item":"https:\/\/www.altercampagne.net\/"},{"@type":"ListItem","position":2,"name":"Balle au centre \u00e0 Altercampagne"}]},{"@type":"WebSite","@id":"https:\/\/www.altercampagne.net\/#website","url":"https:\/\/www.altercampagne.net\/","name":"AlterTour","description":"Reliez les Alternatives \u00e0 v\u00e9lo","potentialAction":[{"@type":"SearchAction","target":{"@type":"EntryPoint","urlTemplate":"https:\/\/www.altercampagne.net\/?s={search_term_string}"},"query-input":{"@type":"PropertyValueSpecification","valueRequired":true,"valueName":"search_term_string"}}],"inLanguage":"fr-FR"},{"@type":"Person","@id":"https:\/\/www.altercampagne.net\/#\/schema\/person\/997de7806c78957ee1087ed1d0d1c9b3","name":"Eric Nicolas","image":{"@type":"ImageObject","inLanguage":"fr-FR","@id":"https:\/\/secure.gravatar.com\/avatar\/f462a5927f5de6d4cab6639f146cbe4e71218a8b24a88946aa15f6afb9f2c30b?s=96&d=mm&r=g","url":"https:\/\/secure.gravatar.com\/avatar\/f462a5927f5de6d4cab6639f146cbe4e71218a8b24a88946aa15f6afb9f2c30b?s=96&d=mm&r=g","contentUrl":"https:\/\/secure.gravatar.com\/avatar\/f462a5927f5de6d4cab6639f146cbe4e71218a8b24a88946aa15f6afb9f2c30b?s=96&d=mm&r=g","caption":"Eric Nicolas"},"url":"https:\/\/www.altercampagne.net\/?author=380"}]}},"_links":{"self":[{"href":"https:\/\/www.altercampagne.net\/index.php?rest_route=\/wp\/v2\/posts\/27178","targetHints":{"allow":["GET"]}}],"collection":[{"href":"https:\/\/www.altercampagne.net\/index.php?rest_route=\/wp\/v2\/posts"}],"about":[{"href":"https:\/\/www.altercampagne.net\/index.php?rest_route=\/wp\/v2\/types\/post"}],"author":[{"embeddable":true,"href":"https:\/\/www.altercampagne.net\/index.php?rest_route=\/wp\/v2\/users\/380"}],"replies":[{"embeddable":true,"href":"https:\/\/www.altercampagne.net\/index.php?rest_route=%2Fwp%2Fv2%2Fcomments&post=27178"}],"version-history":[{"count":8,"href":"https:\/\/www.altercampagne.net\/index.php?rest_route=\/wp\/v2\/posts\/27178\/revisions"}],"predecessor-version":[{"id":27198,"href":"https:\/\/www.altercampagne.net\/index.php?rest_route=\/wp\/v2\/posts\/27178\/revisions\/27198"}],"wp:featuredmedia":[{"embeddable":true,"href":"https:\/\/www.altercampagne.net\/index.php?rest_route=\/wp\/v2\/media\/27181"}],"wp:attachment":[{"href":"https:\/\/www.altercampagne.net\/index.php?rest_route=%2Fwp%2Fv2%2Fmedia&parent=27178"}],"wp:term":[{"taxonomy":"category","embeddable":true,"href":"https:\/\/www.altercampagne.net\/index.php?rest_route=%2Fwp%2Fv2%2Fcategories&post=27178"},{"taxonomy":"post_tag","embeddable":true,"href":"https:\/\/www.altercampagne.net\/index.php?rest_route=%2Fwp%2Fv2%2Ftags&post=27178"}],"curies":[{"name":"wp","href":"https:\/\/api.w.org\/{rel}","templated":true}]}}