{"id":2719,"date":"2014-01-20T09:09:09","date_gmt":"2014-01-20T08:09:09","guid":{"rendered":"http:\/\/www.altercampagne.net\/?p=2719"},"modified":"2024-10-22T14:48:09","modified_gmt":"2024-10-22T12:48:09","slug":"altertour-2014-appel-a-contribution","status":"publish","type":"post","link":"https:\/\/www.altercampagne.net\/?p=2719","title":{"rendered":"AlterTour 2014, appel \u00e0 contribution !"},"content":{"rendered":"<p class=\"Style271 Style138\" align=\"justify\">La 7\u00e8me \u00e9dition de l\u2019AlterTour, parcours cycliste solidaire et militant, aura lieu du 12 juillet au 17 ao\u00fbt*.<\/p>\n<p class=\"Style271 Style138\" align=\"justify\">Cette ann\u00e9e, nous traverserons l\u2019Auvergne, le Limousin et le Poitou-Charentes. Toutes les bonnes volont\u00e9s sont les bienvenues pour nous aider \u00e0 construire le parcours.<\/p>\n<p class=\"Style271 Style138\" align=\"justify\">Apr\u00e8s le Centre, la Bourgogne et la Franche-Comt\u00e9 en 2013, l\u2019AlterTour, parcours cycliste autog\u00e9r\u00e9 qui pr\u00e9f\u00e8re la coop\u00e9ration \u00e0 la comp\u00e9tition, revient cette ann\u00e9e vers l\u2019ouest. Direction l\u2019Auvergne, le Limousin et le Poitou-Charentes.<\/p>\n<p class=\"Style271 Style138\" align=\"justify\">L\u2019objectif, lui, reste le m\u00eame : partir \u00e0 la rencontre des alternatives de soci\u00e9t\u00e9 et des mouvements de r\u00e9sistance pacifiques qui fleurissent partout en France dans tous les domaines : agriculture bio, \u00e9conomie sociale et solidaire, \u00e9co-construction, \u00e9nergie, etc.<\/p>\n<div style=\"width: 410px\" class=\"wp-caption aligncenter\"><img loading=\"lazy\" decoding=\"async\" class=\"\" src=\"http:\/\/altercampagne.free.fr\/pages\/2008\/AlterTour\/pic\/AT2013-08-12_09.59.jpg\" alt=\"\" width=\"400\" height=\"269\" \/><p class=\"wp-caption-text\">AlterTour 2013, cr\u00e9dit photo G de Crop L&rsquo;AlterTour vise \u00e0 soutenir et \u00e0 rendre visibles des collectifs engag\u00e9s dans des activit\u00e9s ou projets de vie alternatifs. Fils rouge de l&rsquo;\u00e9dition 2014 : \u00ab\u00a0Travailler ? Pour Qui ? PourQuoi ?\u00a0\u00bb<\/p><\/div>\n<p class=\"Style271 Style138\" align=\"justify\">Si le parcours n\u2019est pas encore arr\u00eat\u00e9 \u00e0 ce jour, bon nombre d\u2019alternatives ont d\u00e9j\u00e0 \u00e9t\u00e9 contact\u00e9es.<\/p>\n<p class=\"Style271 Style138\" align=\"justify\">Parmi elles :<\/p>\n<p class=\"Style271 Style138\" align=\"justify\"><strong>En Auvergne<\/strong> : la Brasserie de l\u2019Alagnon et sa fili\u00e8re 100% locale labellis\u00e9e Nature et Progr\u00e8s, \u00e0 Blesle ; l&rsquo;association Talent rural, organisateur du festival N\u00e9gawatts Lagristock, \u00e0 Malvi\u00e8res ; la Scic. Le Centre d&rsquo;ailleurs (stages, \u00e9v\u00e9nements culturels, restauration), \u00e0 Saint-Jean-les-Olli\u00e8res ; l&rsquo;\u00e9cosite de la Palfichade (transmission des savoirs, agro\u00e9cologie et \u00e9co-construction), \u00e0 Chambon-sur-Lac ; le Centre d\u2019accueil de demandeurs d\u2019asile de Chambon-sur-Lignon ; l\u2019association SOS Loire Vivante, au Puy-en-Velay&#8230;<\/p>\n<p class=\"Style271 Style138\" align=\"justify\"><strong>Dans le Limousin<\/strong> : l\u2019\u00e9co-hameau du Moulin de Busseix ; Chemins enchant\u00e9s, chemins engag\u00e9s, festival de cin\u00e9ma et de contes en pleine nature, \u00e0 Sardent ; Le battement d&rsquo;ailes, espace agro\u00e9cologique et culturel, au Cornil ; la ressourcerie Le monde allant vers (collecte, tri, r\u00e9paration, \u00e9ducation \u00e0 l&rsquo;environnement) ; et divers collectifs install\u00e9s sur le plateau de Millevaches&#8230;<\/p>\n<p class=\"Style271 Style138\" align=\"justify\"><strong>En Poitou-Charentes<\/strong> : La Scop La Fr\u00eanaie (fabrication et location de yourtes, habitat \u00e9cologique et animations nature), \u00e0 Ar\u00e7ais ; La Gibbeuse, lieu de vie en permaculture, \u00e0 Poitiers ; Le Jardin de Verrines, \u00e0 Vasles, o\u00f9 un jeune paysan s&rsquo;installe en agro-\u00e9cologie ; la r\u00e9novation en \u00e9co-hameau d&rsquo;un village abandonn\u00e9, \u00e0 Chalus ; Le nombril du monde et son festival militant de th\u00e9\u00e2tre, arts de la rue et contes, \u00e0 Pougne-H\u00e9risson\u2026<\/p>\n<p class=\"Style271 Style138\" align=\"justify\">Pour mettre du liant dans ce parcours aux multiples ingr\u00e9dients, nous suivrons cet \u00e9t\u00e9 ce fil rouge : \u00ab Travailler ? Pour qui ? Pour quoi ? \u00bb<\/p>\n<p class=\"Style271 Style138\" align=\"justify\">*Dates \u00e0 confirmer<\/p>\n<p class=\"Style271 Style138\" align=\"justify\"><strong>Construisez le parcours avec nous !<\/strong><br \/>\nVous souhaitez participer \u00e0 la construction de l\u2019AlterTour ? Vous \u00eates impliqu\u00e9 dans des alternatives en Auvergne, Limousin ou Poitou-Charente ? N\u2019h\u00e9sitez pas \u00e0 nous contacter. Le parcours 2014 n\u2019\u00e9tant pas encore arr\u00eat\u00e9, nous sommes toujours \u00e0 la recherche de bonnes adresses et de bonnes volont\u00e9s pour nous aider \u00e0 construire les \u00e9tapes et itin\u00e9raires \u00e0 v\u00e9lo. Contact : altertour@gmail.com. Tel : 06.77.59.30.92 (Mathieu Fromont, coordinateur). www.altertour.net<\/p>\n<p class=\"Style271 Style138\" style=\"text-align: left;\" align=\"right\">Source : <a href=\"http:\/\/www.revuesilence.net\/\" target=\"_blank\" rel=\"noopener\">Revue Silence<\/a><\/p>\n","protected":false},"excerpt":{"rendered":"<p>La 7\u00e8me \u00e9dition de l\u2019AlterTour, parcours cycliste solidaire et militant, aura lieu du 12 juillet au 17 ao\u00fbt*. Cette ann\u00e9e, nous traverserons l\u2019Auvergne, le Limousin et le Poitou-Charentes. Toutes les bonnes volont\u00e9s sont les bienvenues pour nous aider \u00e0 construire le parcours. Apr\u00e8s le Centre, la Bourgogne et la Franche-Comt\u00e9 &#8230; <\/p>\n<div><a href=\"https:\/\/www.altercampagne.net\/?p=2719\" class=\"more-link\">Read More<\/a><\/div>\n","protected":false},"author":215,"featured_media":0,"comment_status":"closed","ping_status":"closed","sticky":false,"template":"","format":"standard","meta":{"footnotes":""},"categories":[239],"tags":[584,595,594,593,592,591,590,589,588,587,586,585,13,583,582,581,580,579,319,259,251,140,131],"class_list":["post-2719","post","type-post","status-publish","format-standard","hentry","category-revue-de-presse","tag-economie-sociale-et-solidaire","tag-travailler-pour-qui-pour-quoi","tag-le-nombril-du-monde","tag-le-jardin-de-verrines","tag-la-gibbeuse","tag-la-frenaie","tag-le-monde-allant-vers","tag-le-battement-dailes","tag-eco-hameau-du-moulin-de-busseix","tag-ecosite-de-la-palfichade","tag-festival-negawatts-lagristock","tag-talent-rural","tag-revue-silence","tag-agriculture-bio","tag-autogere","tag-poitou-charentes","tag-limousin","tag-auvergne","tag-altertour-2014","tag-energie","tag-eco-construction","tag-sos-loire-vivante","tag-centre-dailleurs","no-post-thumbnail"],"yoast_head":"<!-- This site is optimized with the Yoast SEO plugin v27.3 - https:\/\/yoast.com\/product\/yoast-seo-wordpress\/ -->\n<title>AlterTour 2014, appel \u00e0 contribution ! - AlterTour<\/title>\n<meta name=\"robots\" content=\"index, follow, max-snippet:-1, max-image-preview:large, max-video-preview:-1\" \/>\n<link rel=\"canonical\" href=\"https:\/\/www.altercampagne.net\/?p=2719\" \/>\n<meta property=\"og:locale\" content=\"fr_FR\" \/>\n<meta property=\"og:type\" content=\"article\" \/>\n<meta property=\"og:title\" content=\"AlterTour 2014, appel \u00e0 contribution ! - AlterTour\" \/>\n<meta property=\"og:description\" content=\"La 7\u00e8me \u00e9dition de l\u2019AlterTour, parcours cycliste solidaire et militant, aura lieu du 12 juillet au 17 ao\u00fbt*. Cette ann\u00e9e, nous traverserons l\u2019Auvergne, le Limousin et le Poitou-Charentes. Toutes les bonnes volont\u00e9s sont les bienvenues pour nous aider \u00e0 construire le parcours. Apr\u00e8s le Centre, la Bourgogne et la Franche-Comt\u00e9 ... Read More\" \/>\n<meta property=\"og:url\" content=\"https:\/\/www.altercampagne.net\/?p=2719\" \/>\n<meta property=\"og:site_name\" content=\"AlterTour\" \/>\n<meta property=\"article:published_time\" content=\"2014-01-20T08:09:09+00:00\" \/>\n<meta property=\"article:modified_time\" content=\"2024-10-22T12:48:09+00:00\" \/>\n<meta property=\"og:image\" content=\"http:\/\/altercampagne.free.fr\/pages\/2008\/AlterTour\/pic\/AT2013-08-12_09.59.jpg\" \/>\n<meta name=\"author\" content=\"AlterTour\" \/>\n<meta name=\"twitter:card\" content=\"summary_large_image\" \/>\n<meta name=\"twitter:label1\" content=\"\u00c9crit par\" \/>\n\t<meta name=\"twitter:data1\" content=\"AlterTour\" \/>\n\t<meta name=\"twitter:label2\" content=\"Dur\u00e9e de lecture estim\u00e9e\" \/>\n\t<meta name=\"twitter:data2\" content=\"3 minutes\" \/>\n<script type=\"application\/ld+json\" class=\"yoast-schema-graph\">{\"@context\":\"https:\\\/\\\/schema.org\",\"@graph\":[{\"@type\":\"Article\",\"@id\":\"https:\\\/\\\/www.altercampagne.net\\\/?p=2719#article\",\"isPartOf\":{\"@id\":\"https:\\\/\\\/www.altercampagne.net\\\/?p=2719\"},\"author\":{\"name\":\"AlterTour\",\"@id\":\"https:\\\/\\\/www.altercampagne.net\\\/#\\\/schema\\\/person\\\/e5b68c803196f649c2152249d262d94a\"},\"headline\":\"AlterTour 2014, appel \u00e0 contribution !\",\"datePublished\":\"2014-01-20T08:09:09+00:00\",\"dateModified\":\"2024-10-22T12:48:09+00:00\",\"mainEntityOfPage\":{\"@id\":\"https:\\\/\\\/www.altercampagne.net\\\/?p=2719\"},\"wordCount\":498,\"image\":{\"@id\":\"https:\\\/\\\/www.altercampagne.net\\\/?p=2719#primaryimage\"},\"thumbnailUrl\":\"http:\\\/\\\/altercampagne.free.fr\\\/pages\\\/2008\\\/AlterTour\\\/pic\\\/AT2013-08-12_09.59.jpg\",\"keywords\":[\"\u00e9conomie sociale et solidaire\",\"Travailler ? Pour qui ? Pour quoi ?\",\"le nombril du monde\",\"le Jardin de Verrines\",\"la Gibbeuse\",\"la Fr\u00eanaie\",\"le monde allant vers\",\"le battement d'ailes\",\"\u00e9co-hameau du Moulin de Busseix\",\"\u00e9cosite de la Palfichade\",\"festival N\u00e9gawatts Lagristock\",\"Talent rural\",\"revue Silence\",\"agriculture bio\",\"autog\u00e9r\u00e9\",\"Poitou-Charentes\",\"Limousin\",\"Auvergne\",\"altertour 2014\",\"\u00e9nergie\",\"\u00e9co-construction\",\"SOS Loire Vivante\",\"centre d'ailleurs\"],\"articleSection\":[\"Revue de presse\"],\"inLanguage\":\"fr-FR\"},{\"@type\":\"WebPage\",\"@id\":\"https:\\\/\\\/www.altercampagne.net\\\/?p=2719\",\"url\":\"https:\\\/\\\/www.altercampagne.net\\\/?p=2719\",\"name\":\"AlterTour 2014, appel \u00e0 contribution ! - AlterTour\",\"isPartOf\":{\"@id\":\"https:\\\/\\\/www.altercampagne.net\\\/#website\"},\"primaryImageOfPage\":{\"@id\":\"https:\\\/\\\/www.altercampagne.net\\\/?p=2719#primaryimage\"},\"image\":{\"@id\":\"https:\\\/\\\/www.altercampagne.net\\\/?p=2719#primaryimage\"},\"thumbnailUrl\":\"http:\\\/\\\/altercampagne.free.fr\\\/pages\\\/2008\\\/AlterTour\\\/pic\\\/AT2013-08-12_09.59.jpg\",\"datePublished\":\"2014-01-20T08:09:09+00:00\",\"dateModified\":\"2024-10-22T12:48:09+00:00\",\"author\":{\"@id\":\"https:\\\/\\\/www.altercampagne.net\\\/#\\\/schema\\\/person\\\/e5b68c803196f649c2152249d262d94a\"},\"breadcrumb\":{\"@id\":\"https:\\\/\\\/www.altercampagne.net\\\/?p=2719#breadcrumb\"},\"inLanguage\":\"fr-FR\",\"potentialAction\":[{\"@type\":\"ReadAction\",\"target\":[\"https:\\\/\\\/www.altercampagne.net\\\/?p=2719\"]}]},{\"@type\":\"ImageObject\",\"inLanguage\":\"fr-FR\",\"@id\":\"https:\\\/\\\/www.altercampagne.net\\\/?p=2719#primaryimage\",\"url\":\"http:\\\/\\\/altercampagne.free.fr\\\/pages\\\/2008\\\/AlterTour\\\/pic\\\/AT2013-08-12_09.59.jpg\",\"contentUrl\":\"http:\\\/\\\/altercampagne.free.fr\\\/pages\\\/2008\\\/AlterTour\\\/pic\\\/AT2013-08-12_09.59.jpg\"},{\"@type\":\"BreadcrumbList\",\"@id\":\"https:\\\/\\\/www.altercampagne.net\\\/?p=2719#breadcrumb\",\"itemListElement\":[{\"@type\":\"ListItem\",\"position\":1,\"name\":\"Accueil\",\"item\":\"https:\\\/\\\/www.altercampagne.net\\\/\"},{\"@type\":\"ListItem\",\"position\":2,\"name\":\"AlterTour 2014, appel \u00e0 contribution !\"}]},{\"@type\":\"WebSite\",\"@id\":\"https:\\\/\\\/www.altercampagne.net\\\/#website\",\"url\":\"https:\\\/\\\/www.altercampagne.net\\\/\",\"name\":\"AlterTour\",\"description\":\"Reliez les Alternatives \u00e0 v\u00e9lo\",\"potentialAction\":[{\"@type\":\"SearchAction\",\"target\":{\"@type\":\"EntryPoint\",\"urlTemplate\":\"https:\\\/\\\/www.altercampagne.net\\\/?s={search_term_string}\"},\"query-input\":{\"@type\":\"PropertyValueSpecification\",\"valueRequired\":true,\"valueName\":\"search_term_string\"}}],\"inLanguage\":\"fr-FR\"},{\"@type\":\"Person\",\"@id\":\"https:\\\/\\\/www.altercampagne.net\\\/#\\\/schema\\\/person\\\/e5b68c803196f649c2152249d262d94a\",\"name\":\"AlterTour\",\"image\":{\"@type\":\"ImageObject\",\"inLanguage\":\"fr-FR\",\"@id\":\"https:\\\/\\\/secure.gravatar.com\\\/avatar\\\/3f2ed77f8506b8ea264ad5938bb0114bfa10f35b64086a66dfbb6e9f58ad9693?s=96&d=mm&r=g\",\"url\":\"https:\\\/\\\/secure.gravatar.com\\\/avatar\\\/3f2ed77f8506b8ea264ad5938bb0114bfa10f35b64086a66dfbb6e9f58ad9693?s=96&d=mm&r=g\",\"contentUrl\":\"https:\\\/\\\/secure.gravatar.com\\\/avatar\\\/3f2ed77f8506b8ea264ad5938bb0114bfa10f35b64086a66dfbb6e9f58ad9693?s=96&d=mm&r=g\",\"caption\":\"AlterTour\"},\"url\":\"https:\\\/\\\/www.altercampagne.net\\\/?author=215\"}]}<\/script>\n<!-- \/ Yoast SEO plugin. -->","yoast_head_json":{"title":"AlterTour 2014, appel \u00e0 contribution ! - AlterTour","robots":{"index":"index","follow":"follow","max-snippet":"max-snippet:-1","max-image-preview":"max-image-preview:large","max-video-preview":"max-video-preview:-1"},"canonical":"https:\/\/www.altercampagne.net\/?p=2719","og_locale":"fr_FR","og_type":"article","og_title":"AlterTour 2014, appel \u00e0 contribution ! - AlterTour","og_description":"La 7\u00e8me \u00e9dition de l\u2019AlterTour, parcours cycliste solidaire et militant, aura lieu du 12 juillet au 17 ao\u00fbt*. Cette ann\u00e9e, nous traverserons l\u2019Auvergne, le Limousin et le Poitou-Charentes. Toutes les bonnes volont\u00e9s sont les bienvenues pour nous aider \u00e0 construire le parcours. Apr\u00e8s le Centre, la Bourgogne et la Franche-Comt\u00e9 ... Read More","og_url":"https:\/\/www.altercampagne.net\/?p=2719","og_site_name":"AlterTour","article_published_time":"2014-01-20T08:09:09+00:00","article_modified_time":"2024-10-22T12:48:09+00:00","og_image":[{"url":"http:\/\/altercampagne.free.fr\/pages\/2008\/AlterTour\/pic\/AT2013-08-12_09.59.jpg","type":"","width":"","height":""}],"author":"AlterTour","twitter_card":"summary_large_image","twitter_misc":{"\u00c9crit par":"AlterTour","Dur\u00e9e de lecture estim\u00e9e":"3 minutes"},"schema":{"@context":"https:\/\/schema.org","@graph":[{"@type":"Article","@id":"https:\/\/www.altercampagne.net\/?p=2719#article","isPartOf":{"@id":"https:\/\/www.altercampagne.net\/?p=2719"},"author":{"name":"AlterTour","@id":"https:\/\/www.altercampagne.net\/#\/schema\/person\/e5b68c803196f649c2152249d262d94a"},"headline":"AlterTour 2014, appel \u00e0 contribution !","datePublished":"2014-01-20T08:09:09+00:00","dateModified":"2024-10-22T12:48:09+00:00","mainEntityOfPage":{"@id":"https:\/\/www.altercampagne.net\/?p=2719"},"wordCount":498,"image":{"@id":"https:\/\/www.altercampagne.net\/?p=2719#primaryimage"},"thumbnailUrl":"http:\/\/altercampagne.free.fr\/pages\/2008\/AlterTour\/pic\/AT2013-08-12_09.59.jpg","keywords":["\u00e9conomie sociale et solidaire","Travailler ? Pour qui ? Pour quoi ?","le nombril du monde","le Jardin de Verrines","la Gibbeuse","la Fr\u00eanaie","le monde allant vers","le battement d'ailes","\u00e9co-hameau du Moulin de Busseix","\u00e9cosite de la Palfichade","festival N\u00e9gawatts Lagristock","Talent rural","revue Silence","agriculture bio","autog\u00e9r\u00e9","Poitou-Charentes","Limousin","Auvergne","altertour 2014","\u00e9nergie","\u00e9co-construction","SOS Loire Vivante","centre d'ailleurs"],"articleSection":["Revue de presse"],"inLanguage":"fr-FR"},{"@type":"WebPage","@id":"https:\/\/www.altercampagne.net\/?p=2719","url":"https:\/\/www.altercampagne.net\/?p=2719","name":"AlterTour 2014, appel \u00e0 contribution ! - AlterTour","isPartOf":{"@id":"https:\/\/www.altercampagne.net\/#website"},"primaryImageOfPage":{"@id":"https:\/\/www.altercampagne.net\/?p=2719#primaryimage"},"image":{"@id":"https:\/\/www.altercampagne.net\/?p=2719#primaryimage"},"thumbnailUrl":"http:\/\/altercampagne.free.fr\/pages\/2008\/AlterTour\/pic\/AT2013-08-12_09.59.jpg","datePublished":"2014-01-20T08:09:09+00:00","dateModified":"2024-10-22T12:48:09+00:00","author":{"@id":"https:\/\/www.altercampagne.net\/#\/schema\/person\/e5b68c803196f649c2152249d262d94a"},"breadcrumb":{"@id":"https:\/\/www.altercampagne.net\/?p=2719#breadcrumb"},"inLanguage":"fr-FR","potentialAction":[{"@type":"ReadAction","target":["https:\/\/www.altercampagne.net\/?p=2719"]}]},{"@type":"ImageObject","inLanguage":"fr-FR","@id":"https:\/\/www.altercampagne.net\/?p=2719#primaryimage","url":"http:\/\/altercampagne.free.fr\/pages\/2008\/AlterTour\/pic\/AT2013-08-12_09.59.jpg","contentUrl":"http:\/\/altercampagne.free.fr\/pages\/2008\/AlterTour\/pic\/AT2013-08-12_09.59.jpg"},{"@type":"BreadcrumbList","@id":"https:\/\/www.altercampagne.net\/?p=2719#breadcrumb","itemListElement":[{"@type":"ListItem","position":1,"name":"Accueil","item":"https:\/\/www.altercampagne.net\/"},{"@type":"ListItem","position":2,"name":"AlterTour 2014, appel \u00e0 contribution !"}]},{"@type":"WebSite","@id":"https:\/\/www.altercampagne.net\/#website","url":"https:\/\/www.altercampagne.net\/","name":"AlterTour","description":"Reliez les Alternatives \u00e0 v\u00e9lo","potentialAction":[{"@type":"SearchAction","target":{"@type":"EntryPoint","urlTemplate":"https:\/\/www.altercampagne.net\/?s={search_term_string}"},"query-input":{"@type":"PropertyValueSpecification","valueRequired":true,"valueName":"search_term_string"}}],"inLanguage":"fr-FR"},{"@type":"Person","@id":"https:\/\/www.altercampagne.net\/#\/schema\/person\/e5b68c803196f649c2152249d262d94a","name":"AlterTour","image":{"@type":"ImageObject","inLanguage":"fr-FR","@id":"https:\/\/secure.gravatar.com\/avatar\/3f2ed77f8506b8ea264ad5938bb0114bfa10f35b64086a66dfbb6e9f58ad9693?s=96&d=mm&r=g","url":"https:\/\/secure.gravatar.com\/avatar\/3f2ed77f8506b8ea264ad5938bb0114bfa10f35b64086a66dfbb6e9f58ad9693?s=96&d=mm&r=g","contentUrl":"https:\/\/secure.gravatar.com\/avatar\/3f2ed77f8506b8ea264ad5938bb0114bfa10f35b64086a66dfbb6e9f58ad9693?s=96&d=mm&r=g","caption":"AlterTour"},"url":"https:\/\/www.altercampagne.net\/?author=215"}]}},"_links":{"self":[{"href":"https:\/\/www.altercampagne.net\/index.php?rest_route=\/wp\/v2\/posts\/2719","targetHints":{"allow":["GET"]}}],"collection":[{"href":"https:\/\/www.altercampagne.net\/index.php?rest_route=\/wp\/v2\/posts"}],"about":[{"href":"https:\/\/www.altercampagne.net\/index.php?rest_route=\/wp\/v2\/types\/post"}],"author":[{"embeddable":true,"href":"https:\/\/www.altercampagne.net\/index.php?rest_route=\/wp\/v2\/users\/215"}],"replies":[{"embeddable":true,"href":"https:\/\/www.altercampagne.net\/index.php?rest_route=%2Fwp%2Fv2%2Fcomments&post=2719"}],"version-history":[{"count":1,"href":"https:\/\/www.altercampagne.net\/index.php?rest_route=\/wp\/v2\/posts\/2719\/revisions"}],"predecessor-version":[{"id":28788,"href":"https:\/\/www.altercampagne.net\/index.php?rest_route=\/wp\/v2\/posts\/2719\/revisions\/28788"}],"wp:attachment":[{"href":"https:\/\/www.altercampagne.net\/index.php?rest_route=%2Fwp%2Fv2%2Fmedia&parent=2719"}],"wp:term":[{"taxonomy":"category","embeddable":true,"href":"https:\/\/www.altercampagne.net\/index.php?rest_route=%2Fwp%2Fv2%2Fcategories&post=2719"},{"taxonomy":"post_tag","embeddable":true,"href":"https:\/\/www.altercampagne.net\/index.php?rest_route=%2Fwp%2Fv2%2Ftags&post=2719"}],"curies":[{"name":"wp","href":"https:\/\/api.w.org\/{rel}","templated":true}]}}