{"id":2721,"date":"2014-05-20T09:18:06","date_gmt":"2014-05-20T07:18:06","guid":{"rendered":"http:\/\/www.altercampagne.net\/?p=2721"},"modified":"2016-04-20T13:46:36","modified_gmt":"2016-04-20T11:46:36","slug":"balaiseaux-le-mini-altertour-fera-etape-a-la-ferme-sainte-marie","status":"publish","type":"post","link":"https:\/\/www.altercampagne.net\/?p=2721","title":{"rendered":"BALAISEAUX. Le Mini AlterTour fera \u00e9tape \u00e0 la ferme Sainte-Marie"},"content":{"rendered":"<p class=\"Style271 Style138\" align=\"justify\">Le mini AlterTour r\u00e9unit une cinquantaine d\u2019\u00e9l\u00e8ves de la MFR de Morre qui partiront du 12 au 16 mai sillonner les v\u00e9lo-routes du Doubs et du Jura, afin de rencontrer des alternatives biologiques et respectueuses de l\u2019environnement.<\/p>\n<p class=\"Style271 Style138\" align=\"justify\">Un parcours de 200 km<\/p>\n<p class=\"Style271 Style138\" align=\"justify\">Les 200 km pr\u00e9vus vont \u00eatre d\u00e9coup\u00e9s en cinq grandes \u00e9tapes regroupant, pour chacune d\u2019entre elles, une ou plusieurs rencontres par jour. Ces derni\u00e8res sont pour la majorit\u00e9 des fermes, des associations ou des individus exp\u00e9rimentant d\u2019autres modes de vie en relation directe avec la nature, la biodiversit\u00e9 ou l\u2019\u00e9nergie \u00e9conomique. Les deux premiers jours seront essentiellement fermiers avec les Jardins de Fra\u00eeche Comt\u00e9 \u00e0 Roset-Fluans et mardi, la ferme Sainte Marie \u00e0 Balaiseaux.<\/p>\n<p class=\"Style271 Style138\" align=\"justify\">Les \u00e9l\u00e8ves partiront ensuite le mercredi en direction de Cramans, puis \u00e0 Mesnay, ou ils seront log\u00e9s. Une installation en phyto-\u00e9puration \u00e0 la Chapelle-sur-Furieuse, une excursion \u00e0 la fromagerie du Val de Loue \u00e0 Grange-de-Vaivre et une discussion sur les OGM viendront clore le s\u00e9jour jeudi et vendredi.<\/p>\n<p class=\"Style271 Style138\" align=\"justify\">Source : <a href=\"http:\/\/www.leprogres.fr\/jura\/2014\/05\/10\/le-mini-alter-tour-fera-etape-a-la-ferme-sainte-marie\" target=\"_blank\">Le Progr\u00e8s<\/a><\/p>\n","protected":false},"excerpt":{"rendered":"<p>Le mini AlterTour r\u00e9unit une cinquantaine d\u2019\u00e9l\u00e8ves de la MFR de Morre qui partiront du 12 au 16 mai sillonner les v\u00e9lo-routes du Doubs et du Jura, afin de rencontrer des alternatives biologiques et respectueuses de l\u2019environnement. Un parcours de 200 km Les 200 km pr\u00e9vus vont \u00eatre d\u00e9coup\u00e9s en &#8230; <\/p>\n<div><a href=\"https:\/\/www.altercampagne.net\/?p=2721\" class=\"more-link\">Read More<\/a><\/div>\n","protected":false},"author":214,"featured_media":0,"comment_status":"closed","ping_status":"closed","sticky":false,"template":"","format":"standard","meta":{"footnotes":""},"categories":[239],"tags":[482,596,598,601,602,607],"class_list":["post-2721","post","type-post","status-publish","format-standard","hentry","category-revue-de-presse","tag-mini-altertour","tag-mfr-de-morre","tag-jura","tag-ferme-sainte-marie","tag-balaiseaux","tag-le-progres","no-post-thumbnail"],"yoast_head":"<!-- This site is optimized with the Yoast SEO plugin v27.3 - https:\/\/yoast.com\/product\/yoast-seo-wordpress\/ -->\n<title>BALAISEAUX. Le Mini AlterTour fera \u00e9tape \u00e0 la ferme Sainte-Marie - AlterTour<\/title>\n<meta name=\"robots\" content=\"index, follow, max-snippet:-1, max-image-preview:large, max-video-preview:-1\" \/>\n<link rel=\"canonical\" href=\"https:\/\/www.altercampagne.net\/?p=2721\" \/>\n<meta property=\"og:locale\" content=\"fr_FR\" \/>\n<meta property=\"og:type\" content=\"article\" \/>\n<meta property=\"og:title\" content=\"BALAISEAUX. Le Mini AlterTour fera \u00e9tape \u00e0 la ferme Sainte-Marie - AlterTour\" \/>\n<meta property=\"og:description\" content=\"Le mini AlterTour r\u00e9unit une cinquantaine d\u2019\u00e9l\u00e8ves de la MFR de Morre qui partiront du 12 au 16 mai sillonner les v\u00e9lo-routes du Doubs et du Jura, afin de rencontrer des alternatives biologiques et respectueuses de l\u2019environnement. Un parcours de 200 km Les 200 km pr\u00e9vus vont \u00eatre d\u00e9coup\u00e9s en ... Read More\" \/>\n<meta property=\"og:url\" content=\"https:\/\/www.altercampagne.net\/?p=2721\" \/>\n<meta property=\"og:site_name\" content=\"AlterTour\" \/>\n<meta property=\"article:published_time\" content=\"2014-05-20T07:18:06+00:00\" \/>\n<meta property=\"article:modified_time\" content=\"2016-04-20T11:46:36+00:00\" \/>\n<meta name=\"author\" content=\"Mathieu\" \/>\n<meta name=\"twitter:card\" content=\"summary_large_image\" \/>\n<meta name=\"twitter:label1\" content=\"\u00c9crit par\" \/>\n\t<meta name=\"twitter:data1\" content=\"Mathieu\" \/>\n\t<meta name=\"twitter:label2\" content=\"Dur\u00e9e de lecture estim\u00e9e\" \/>\n\t<meta name=\"twitter:data2\" content=\"1 minute\" \/>\n<script type=\"application\/ld+json\" class=\"yoast-schema-graph\">{\"@context\":\"https:\\\/\\\/schema.org\",\"@graph\":[{\"@type\":\"Article\",\"@id\":\"https:\\\/\\\/www.altercampagne.net\\\/?p=2721#article\",\"isPartOf\":{\"@id\":\"https:\\\/\\\/www.altercampagne.net\\\/?p=2721\"},\"author\":{\"name\":\"Mathieu\",\"@id\":\"https:\\\/\\\/www.altercampagne.net\\\/#\\\/schema\\\/person\\\/0f261460c09e430caa0f9bcffa319109\"},\"headline\":\"BALAISEAUX. Le Mini AlterTour fera \u00e9tape \u00e0 la ferme Sainte-Marie\",\"datePublished\":\"2014-05-20T07:18:06+00:00\",\"dateModified\":\"2016-04-20T11:46:36+00:00\",\"mainEntityOfPage\":{\"@id\":\"https:\\\/\\\/www.altercampagne.net\\\/?p=2721\"},\"wordCount\":185,\"keywords\":[\"Mini-AlterTour\",\"MFR de Morre\",\"jura\",\"ferme Sainte Marie\",\"Balaiseaux\",\"le progr\u00e8s\"],\"articleSection\":[\"Revue de presse\"],\"inLanguage\":\"fr-FR\"},{\"@type\":\"WebPage\",\"@id\":\"https:\\\/\\\/www.altercampagne.net\\\/?p=2721\",\"url\":\"https:\\\/\\\/www.altercampagne.net\\\/?p=2721\",\"name\":\"BALAISEAUX. Le Mini AlterTour fera \u00e9tape \u00e0 la ferme Sainte-Marie - AlterTour\",\"isPartOf\":{\"@id\":\"https:\\\/\\\/www.altercampagne.net\\\/#website\"},\"datePublished\":\"2014-05-20T07:18:06+00:00\",\"dateModified\":\"2016-04-20T11:46:36+00:00\",\"author\":{\"@id\":\"https:\\\/\\\/www.altercampagne.net\\\/#\\\/schema\\\/person\\\/0f261460c09e430caa0f9bcffa319109\"},\"breadcrumb\":{\"@id\":\"https:\\\/\\\/www.altercampagne.net\\\/?p=2721#breadcrumb\"},\"inLanguage\":\"fr-FR\",\"potentialAction\":[{\"@type\":\"ReadAction\",\"target\":[\"https:\\\/\\\/www.altercampagne.net\\\/?p=2721\"]}]},{\"@type\":\"BreadcrumbList\",\"@id\":\"https:\\\/\\\/www.altercampagne.net\\\/?p=2721#breadcrumb\",\"itemListElement\":[{\"@type\":\"ListItem\",\"position\":1,\"name\":\"Accueil\",\"item\":\"https:\\\/\\\/www.altercampagne.net\\\/\"},{\"@type\":\"ListItem\",\"position\":2,\"name\":\"BALAISEAUX. Le Mini AlterTour fera \u00e9tape \u00e0 la ferme Sainte-Marie\"}]},{\"@type\":\"WebSite\",\"@id\":\"https:\\\/\\\/www.altercampagne.net\\\/#website\",\"url\":\"https:\\\/\\\/www.altercampagne.net\\\/\",\"name\":\"AlterTour\",\"description\":\"Reliez les Alternatives \u00e0 v\u00e9lo\",\"potentialAction\":[{\"@type\":\"SearchAction\",\"target\":{\"@type\":\"EntryPoint\",\"urlTemplate\":\"https:\\\/\\\/www.altercampagne.net\\\/?s={search_term_string}\"},\"query-input\":{\"@type\":\"PropertyValueSpecification\",\"valueRequired\":true,\"valueName\":\"search_term_string\"}}],\"inLanguage\":\"fr-FR\"},{\"@type\":\"Person\",\"@id\":\"https:\\\/\\\/www.altercampagne.net\\\/#\\\/schema\\\/person\\\/0f261460c09e430caa0f9bcffa319109\",\"name\":\"Mathieu\",\"image\":{\"@type\":\"ImageObject\",\"inLanguage\":\"fr-FR\",\"@id\":\"https:\\\/\\\/secure.gravatar.com\\\/avatar\\\/aa9d3d24c83f2141e5e2709d0f63d09a99f6be6bb7a50abc4915838d9f54501a?s=96&d=mm&r=g\",\"url\":\"https:\\\/\\\/secure.gravatar.com\\\/avatar\\\/aa9d3d24c83f2141e5e2709d0f63d09a99f6be6bb7a50abc4915838d9f54501a?s=96&d=mm&r=g\",\"contentUrl\":\"https:\\\/\\\/secure.gravatar.com\\\/avatar\\\/aa9d3d24c83f2141e5e2709d0f63d09a99f6be6bb7a50abc4915838d9f54501a?s=96&d=mm&r=g\",\"caption\":\"Mathieu\"},\"url\":\"https:\\\/\\\/www.altercampagne.net\\\/?author=214\"}]}<\/script>\n<!-- \/ Yoast SEO plugin. -->","yoast_head_json":{"title":"BALAISEAUX. Le Mini AlterTour fera \u00e9tape \u00e0 la ferme Sainte-Marie - AlterTour","robots":{"index":"index","follow":"follow","max-snippet":"max-snippet:-1","max-image-preview":"max-image-preview:large","max-video-preview":"max-video-preview:-1"},"canonical":"https:\/\/www.altercampagne.net\/?p=2721","og_locale":"fr_FR","og_type":"article","og_title":"BALAISEAUX. Le Mini AlterTour fera \u00e9tape \u00e0 la ferme Sainte-Marie - AlterTour","og_description":"Le mini AlterTour r\u00e9unit une cinquantaine d\u2019\u00e9l\u00e8ves de la MFR de Morre qui partiront du 12 au 16 mai sillonner les v\u00e9lo-routes du Doubs et du Jura, afin de rencontrer des alternatives biologiques et respectueuses de l\u2019environnement. Un parcours de 200 km Les 200 km pr\u00e9vus vont \u00eatre d\u00e9coup\u00e9s en ... Read More","og_url":"https:\/\/www.altercampagne.net\/?p=2721","og_site_name":"AlterTour","article_published_time":"2014-05-20T07:18:06+00:00","article_modified_time":"2016-04-20T11:46:36+00:00","author":"Mathieu","twitter_card":"summary_large_image","twitter_misc":{"\u00c9crit par":"Mathieu","Dur\u00e9e de lecture estim\u00e9e":"1 minute"},"schema":{"@context":"https:\/\/schema.org","@graph":[{"@type":"Article","@id":"https:\/\/www.altercampagne.net\/?p=2721#article","isPartOf":{"@id":"https:\/\/www.altercampagne.net\/?p=2721"},"author":{"name":"Mathieu","@id":"https:\/\/www.altercampagne.net\/#\/schema\/person\/0f261460c09e430caa0f9bcffa319109"},"headline":"BALAISEAUX. Le Mini AlterTour fera \u00e9tape \u00e0 la ferme Sainte-Marie","datePublished":"2014-05-20T07:18:06+00:00","dateModified":"2016-04-20T11:46:36+00:00","mainEntityOfPage":{"@id":"https:\/\/www.altercampagne.net\/?p=2721"},"wordCount":185,"keywords":["Mini-AlterTour","MFR de Morre","jura","ferme Sainte Marie","Balaiseaux","le progr\u00e8s"],"articleSection":["Revue de presse"],"inLanguage":"fr-FR"},{"@type":"WebPage","@id":"https:\/\/www.altercampagne.net\/?p=2721","url":"https:\/\/www.altercampagne.net\/?p=2721","name":"BALAISEAUX. Le Mini AlterTour fera \u00e9tape \u00e0 la ferme Sainte-Marie - AlterTour","isPartOf":{"@id":"https:\/\/www.altercampagne.net\/#website"},"datePublished":"2014-05-20T07:18:06+00:00","dateModified":"2016-04-20T11:46:36+00:00","author":{"@id":"https:\/\/www.altercampagne.net\/#\/schema\/person\/0f261460c09e430caa0f9bcffa319109"},"breadcrumb":{"@id":"https:\/\/www.altercampagne.net\/?p=2721#breadcrumb"},"inLanguage":"fr-FR","potentialAction":[{"@type":"ReadAction","target":["https:\/\/www.altercampagne.net\/?p=2721"]}]},{"@type":"BreadcrumbList","@id":"https:\/\/www.altercampagne.net\/?p=2721#breadcrumb","itemListElement":[{"@type":"ListItem","position":1,"name":"Accueil","item":"https:\/\/www.altercampagne.net\/"},{"@type":"ListItem","position":2,"name":"BALAISEAUX. Le Mini AlterTour fera \u00e9tape \u00e0 la ferme Sainte-Marie"}]},{"@type":"WebSite","@id":"https:\/\/www.altercampagne.net\/#website","url":"https:\/\/www.altercampagne.net\/","name":"AlterTour","description":"Reliez les Alternatives \u00e0 v\u00e9lo","potentialAction":[{"@type":"SearchAction","target":{"@type":"EntryPoint","urlTemplate":"https:\/\/www.altercampagne.net\/?s={search_term_string}"},"query-input":{"@type":"PropertyValueSpecification","valueRequired":true,"valueName":"search_term_string"}}],"inLanguage":"fr-FR"},{"@type":"Person","@id":"https:\/\/www.altercampagne.net\/#\/schema\/person\/0f261460c09e430caa0f9bcffa319109","name":"Mathieu","image":{"@type":"ImageObject","inLanguage":"fr-FR","@id":"https:\/\/secure.gravatar.com\/avatar\/aa9d3d24c83f2141e5e2709d0f63d09a99f6be6bb7a50abc4915838d9f54501a?s=96&d=mm&r=g","url":"https:\/\/secure.gravatar.com\/avatar\/aa9d3d24c83f2141e5e2709d0f63d09a99f6be6bb7a50abc4915838d9f54501a?s=96&d=mm&r=g","contentUrl":"https:\/\/secure.gravatar.com\/avatar\/aa9d3d24c83f2141e5e2709d0f63d09a99f6be6bb7a50abc4915838d9f54501a?s=96&d=mm&r=g","caption":"Mathieu"},"url":"https:\/\/www.altercampagne.net\/?author=214"}]}},"_links":{"self":[{"href":"https:\/\/www.altercampagne.net\/index.php?rest_route=\/wp\/v2\/posts\/2721","targetHints":{"allow":["GET"]}}],"collection":[{"href":"https:\/\/www.altercampagne.net\/index.php?rest_route=\/wp\/v2\/posts"}],"about":[{"href":"https:\/\/www.altercampagne.net\/index.php?rest_route=\/wp\/v2\/types\/post"}],"author":[{"embeddable":true,"href":"https:\/\/www.altercampagne.net\/index.php?rest_route=\/wp\/v2\/users\/214"}],"replies":[{"embeddable":true,"href":"https:\/\/www.altercampagne.net\/index.php?rest_route=%2Fwp%2Fv2%2Fcomments&post=2721"}],"version-history":[{"count":0,"href":"https:\/\/www.altercampagne.net\/index.php?rest_route=\/wp\/v2\/posts\/2721\/revisions"}],"wp:attachment":[{"href":"https:\/\/www.altercampagne.net\/index.php?rest_route=%2Fwp%2Fv2%2Fmedia&parent=2721"}],"wp:term":[{"taxonomy":"category","embeddable":true,"href":"https:\/\/www.altercampagne.net\/index.php?rest_route=%2Fwp%2Fv2%2Fcategories&post=2721"},{"taxonomy":"post_tag","embeddable":true,"href":"https:\/\/www.altercampagne.net\/index.php?rest_route=%2Fwp%2Fv2%2Ftags&post=2721"}],"curies":[{"name":"wp","href":"https:\/\/api.w.org\/{rel}","templated":true}]}}