{"id":2727,"date":"2014-05-16T09:32:02","date_gmt":"2014-05-16T07:32:02","guid":{"rendered":"http:\/\/www.altercampagne.net\/?p=2727"},"modified":"2024-08-27T17:23:14","modified_gmt":"2024-08-27T15:23:14","slug":"un-parcours-sur-mesure","status":"publish","type":"post","link":"https:\/\/www.altercampagne.net\/?p=2727","title":{"rendered":"Mini-AlterTour : un  parcours sur mesure"},"content":{"rendered":"<p class=\"Style271 Style138\" align=\"justify\">L\u2019ALTERTOUR EST UNE MANIFESTATION CYCLISTE ORGANIS\u00c9E EN FRANCE DEPUIS 2008<\/p>\n<p class=\"Style271 Style138\" align=\"justify\">L\u2019AlterTour est une manifestation cycliste organis\u00e9e en France depuis 2008 par l\u2019association AlterCampagne. Cet AlterTour de France, est un relais cycliste familial et sans comp\u00e9tition qui parcourt les routes de France chaque \u00e9t\u00e9 \u00e0 la rencontre d\u2019initiatives alternatives : agricoles, sociales, \u00e9nerg\u00e9tiques, \u00e9conomiques, solidaires, etc. Les vacanciers le rejoignent pour une, deux, trois semaines\u2026 Cette ann\u00e9e, il traversera l\u2019Auvergne, le Limousin et la r\u00e9gion Poitou-Charentes.<\/p>\n<p class=\"Style271 Style138\" align=\"justify\">Mathieu Fromont, coordinateur et Lola Vuillaume, qui se charge de la communication, ont, pour la deuxi\u00e8me ann\u00e9e cons\u00e9cutive concoct\u00e9 un mini AlterTour sur mesure pour la MFR de Morre. Avec 200 km de v\u00e9lo d\u00e9coup\u00e9s en cinq \u00e9tapes, pour mettre en valeur la nature, la biodiversit\u00e9 ou l\u2019\u00e9conomie d\u2019\u00e9nergie. Apr\u00e8s Morre-Saint-Vit, les cinquante adolescents ont visit\u00e9 la Ferme Sainte-Marie \u00e0 Balaiseaux. A Cramans, ils visiteront l\u2019Esat des Glycines qui a une vocation agricole, et seront log\u00e9s \u00e0 la maison de vacances d\u2019ATD quart-monde \u00e0 Mesnay. Visite d\u2019une installation de phyto-\u00e9puration \u00e0 la Chapelle-sur-Furieuse, excursion \u00e0 la fromagerie du Val-de-Loue \u00e0 Grange de Vaivre et discussion sur les OGM \u00e0 la Morre pour terminer. \u00c0 ajouter \u00e0 ce menu copieux, le v\u00e9lo, la pr\u00e9paration, \u00e0 tour de r\u00f4le des repas, et les corv\u00e9es de vaisselle. Heureusement un bus suit avec les bagages.<\/p>\n<p class=\"Style271 Style138\" align=\"justify\">Et huit places y sont disponibles par roulement\u2026 Tout cela devrait faire, non seulement d\u2019excellents comptes rendus au retour, mais aussi des mollets costauds et pleins de souvenirs.<\/p>\n<p class=\"Style271 Style138\" align=\"justify\">Source : L&rsquo;<a href=\"http:\/\/www.estrepublicain.fr\/doubs\/2014\/05\/14\/l-alter-tour-est-une-manifestation-cycliste-organisee-en-france-depuis-2008\" target=\"_blank\" rel=\"noopener\">Est R\u00e9publicain<\/a><\/p>\n","protected":false},"excerpt":{"rendered":"<p>L\u2019ALTERTOUR EST UNE MANIFESTATION CYCLISTE ORGANIS\u00c9E EN FRANCE DEPUIS 2008 L\u2019AlterTour est une manifestation cycliste organis\u00e9e en France depuis 2008 par l\u2019association AlterCampagne. Cet AlterTour de France, est un relais cycliste familial et sans comp\u00e9tition qui parcourt les routes de France chaque \u00e9t\u00e9 \u00e0 la rencontre d\u2019initiatives alternatives : agricoles, &#8230; <\/p>\n<div><a href=\"https:\/\/www.altercampagne.net\/?p=2727\" class=\"more-link\">Read More<\/a><\/div>\n","protected":false},"author":214,"featured_media":0,"comment_status":"closed","ping_status":"closed","sticky":false,"template":"","format":"standard","meta":{"footnotes":""},"categories":[239],"tags":[482,573,596,601,602,603,604,605,606,609,610,611,612,613,614],"class_list":["post-2727","post","type-post","status-publish","format-standard","hentry","category-revue-de-presse","tag-mini-altertour","tag-biodiversite","tag-mfr-de-morre","tag-ferme-sainte-marie","tag-balaiseaux","tag-fromagerie-du-val-de-loue","tag-grange-de-vaivre","tag-la-bise","tag-mesnay","tag-est-republicain","tag-lola-vuillaume","tag-economie-denergie","tag-cramans","tag-esat-des-glycines","tag-atd-quart-monde","no-post-thumbnail"],"yoast_head":"<!-- This site is optimized with the Yoast SEO plugin v27.3 - https:\/\/yoast.com\/product\/yoast-seo-wordpress\/ -->\n<title>Mini-AlterTour : un parcours sur mesure - AlterTour<\/title>\n<meta name=\"robots\" content=\"index, follow, max-snippet:-1, max-image-preview:large, max-video-preview:-1\" \/>\n<link rel=\"canonical\" href=\"https:\/\/www.altercampagne.net\/?p=2727\" \/>\n<meta property=\"og:locale\" content=\"fr_FR\" \/>\n<meta property=\"og:type\" content=\"article\" \/>\n<meta property=\"og:title\" content=\"Mini-AlterTour : un parcours sur mesure - AlterTour\" \/>\n<meta property=\"og:description\" content=\"L\u2019ALTERTOUR EST UNE MANIFESTATION CYCLISTE ORGANIS\u00c9E EN FRANCE DEPUIS 2008 L\u2019AlterTour est une manifestation cycliste organis\u00e9e en France depuis 2008 par l\u2019association AlterCampagne. Cet AlterTour de France, est un relais cycliste familial et sans comp\u00e9tition qui parcourt les routes de France chaque \u00e9t\u00e9 \u00e0 la rencontre d\u2019initiatives alternatives : agricoles, ... Read More\" \/>\n<meta property=\"og:url\" content=\"https:\/\/www.altercampagne.net\/?p=2727\" \/>\n<meta property=\"og:site_name\" content=\"AlterTour\" \/>\n<meta property=\"article:published_time\" content=\"2014-05-16T07:32:02+00:00\" \/>\n<meta property=\"article:modified_time\" content=\"2024-08-27T15:23:14+00:00\" \/>\n<meta name=\"author\" content=\"Mathieu\" \/>\n<meta name=\"twitter:card\" content=\"summary_large_image\" \/>\n<meta name=\"twitter:label1\" content=\"\u00c9crit par\" \/>\n\t<meta name=\"twitter:data1\" content=\"Mathieu\" \/>\n\t<meta name=\"twitter:label2\" content=\"Dur\u00e9e de lecture estim\u00e9e\" \/>\n\t<meta name=\"twitter:data2\" content=\"2 minutes\" \/>\n<script type=\"application\/ld+json\" class=\"yoast-schema-graph\">{\"@context\":\"https:\\\/\\\/schema.org\",\"@graph\":[{\"@type\":\"Article\",\"@id\":\"https:\\\/\\\/www.altercampagne.net\\\/?p=2727#article\",\"isPartOf\":{\"@id\":\"https:\\\/\\\/www.altercampagne.net\\\/?p=2727\"},\"author\":{\"name\":\"Mathieu\",\"@id\":\"https:\\\/\\\/www.altercampagne.net\\\/#\\\/schema\\\/person\\\/0f261460c09e430caa0f9bcffa319109\"},\"headline\":\"Mini-AlterTour : un parcours sur mesure\",\"datePublished\":\"2014-05-16T07:32:02+00:00\",\"dateModified\":\"2024-08-27T15:23:14+00:00\",\"mainEntityOfPage\":{\"@id\":\"https:\\\/\\\/www.altercampagne.net\\\/?p=2727\"},\"wordCount\":269,\"keywords\":[\"Mini-AlterTour\",\"biodiversit\u00e9\",\"MFR de Morre\",\"ferme Sainte Marie\",\"Balaiseaux\",\"fromagerie du Val de Loue\",\"Grange-de-Vaivre\",\"La Bise\",\"Mesnay\",\"est republicain\",\"Lola Vuillaume\",\"\u00e9conomie d\u2019\u00e9nergie\",\"Cramans\",\"Esat des Glycines\",\"ATD quart-monde\"],\"articleSection\":[\"Revue de presse\"],\"inLanguage\":\"fr-FR\"},{\"@type\":\"WebPage\",\"@id\":\"https:\\\/\\\/www.altercampagne.net\\\/?p=2727\",\"url\":\"https:\\\/\\\/www.altercampagne.net\\\/?p=2727\",\"name\":\"Mini-AlterTour : un parcours sur mesure - AlterTour\",\"isPartOf\":{\"@id\":\"https:\\\/\\\/www.altercampagne.net\\\/#website\"},\"datePublished\":\"2014-05-16T07:32:02+00:00\",\"dateModified\":\"2024-08-27T15:23:14+00:00\",\"author\":{\"@id\":\"https:\\\/\\\/www.altercampagne.net\\\/#\\\/schema\\\/person\\\/0f261460c09e430caa0f9bcffa319109\"},\"breadcrumb\":{\"@id\":\"https:\\\/\\\/www.altercampagne.net\\\/?p=2727#breadcrumb\"},\"inLanguage\":\"fr-FR\",\"potentialAction\":[{\"@type\":\"ReadAction\",\"target\":[\"https:\\\/\\\/www.altercampagne.net\\\/?p=2727\"]}]},{\"@type\":\"BreadcrumbList\",\"@id\":\"https:\\\/\\\/www.altercampagne.net\\\/?p=2727#breadcrumb\",\"itemListElement\":[{\"@type\":\"ListItem\",\"position\":1,\"name\":\"Accueil\",\"item\":\"https:\\\/\\\/www.altercampagne.net\\\/\"},{\"@type\":\"ListItem\",\"position\":2,\"name\":\"Mini-AlterTour : un parcours sur mesure\"}]},{\"@type\":\"WebSite\",\"@id\":\"https:\\\/\\\/www.altercampagne.net\\\/#website\",\"url\":\"https:\\\/\\\/www.altercampagne.net\\\/\",\"name\":\"AlterTour\",\"description\":\"Reliez les Alternatives \u00e0 v\u00e9lo\",\"potentialAction\":[{\"@type\":\"SearchAction\",\"target\":{\"@type\":\"EntryPoint\",\"urlTemplate\":\"https:\\\/\\\/www.altercampagne.net\\\/?s={search_term_string}\"},\"query-input\":{\"@type\":\"PropertyValueSpecification\",\"valueRequired\":true,\"valueName\":\"search_term_string\"}}],\"inLanguage\":\"fr-FR\"},{\"@type\":\"Person\",\"@id\":\"https:\\\/\\\/www.altercampagne.net\\\/#\\\/schema\\\/person\\\/0f261460c09e430caa0f9bcffa319109\",\"name\":\"Mathieu\",\"image\":{\"@type\":\"ImageObject\",\"inLanguage\":\"fr-FR\",\"@id\":\"https:\\\/\\\/secure.gravatar.com\\\/avatar\\\/aa9d3d24c83f2141e5e2709d0f63d09a99f6be6bb7a50abc4915838d9f54501a?s=96&d=mm&r=g\",\"url\":\"https:\\\/\\\/secure.gravatar.com\\\/avatar\\\/aa9d3d24c83f2141e5e2709d0f63d09a99f6be6bb7a50abc4915838d9f54501a?s=96&d=mm&r=g\",\"contentUrl\":\"https:\\\/\\\/secure.gravatar.com\\\/avatar\\\/aa9d3d24c83f2141e5e2709d0f63d09a99f6be6bb7a50abc4915838d9f54501a?s=96&d=mm&r=g\",\"caption\":\"Mathieu\"},\"url\":\"https:\\\/\\\/www.altercampagne.net\\\/?author=214\"}]}<\/script>\n<!-- \/ Yoast SEO plugin. -->","yoast_head_json":{"title":"Mini-AlterTour : un parcours sur mesure - AlterTour","robots":{"index":"index","follow":"follow","max-snippet":"max-snippet:-1","max-image-preview":"max-image-preview:large","max-video-preview":"max-video-preview:-1"},"canonical":"https:\/\/www.altercampagne.net\/?p=2727","og_locale":"fr_FR","og_type":"article","og_title":"Mini-AlterTour : un parcours sur mesure - AlterTour","og_description":"L\u2019ALTERTOUR EST UNE MANIFESTATION CYCLISTE ORGANIS\u00c9E EN FRANCE DEPUIS 2008 L\u2019AlterTour est une manifestation cycliste organis\u00e9e en France depuis 2008 par l\u2019association AlterCampagne. Cet AlterTour de France, est un relais cycliste familial et sans comp\u00e9tition qui parcourt les routes de France chaque \u00e9t\u00e9 \u00e0 la rencontre d\u2019initiatives alternatives : agricoles, ... Read More","og_url":"https:\/\/www.altercampagne.net\/?p=2727","og_site_name":"AlterTour","article_published_time":"2014-05-16T07:32:02+00:00","article_modified_time":"2024-08-27T15:23:14+00:00","author":"Mathieu","twitter_card":"summary_large_image","twitter_misc":{"\u00c9crit par":"Mathieu","Dur\u00e9e de lecture estim\u00e9e":"2 minutes"},"schema":{"@context":"https:\/\/schema.org","@graph":[{"@type":"Article","@id":"https:\/\/www.altercampagne.net\/?p=2727#article","isPartOf":{"@id":"https:\/\/www.altercampagne.net\/?p=2727"},"author":{"name":"Mathieu","@id":"https:\/\/www.altercampagne.net\/#\/schema\/person\/0f261460c09e430caa0f9bcffa319109"},"headline":"Mini-AlterTour : un parcours sur mesure","datePublished":"2014-05-16T07:32:02+00:00","dateModified":"2024-08-27T15:23:14+00:00","mainEntityOfPage":{"@id":"https:\/\/www.altercampagne.net\/?p=2727"},"wordCount":269,"keywords":["Mini-AlterTour","biodiversit\u00e9","MFR de Morre","ferme Sainte Marie","Balaiseaux","fromagerie du Val de Loue","Grange-de-Vaivre","La Bise","Mesnay","est republicain","Lola Vuillaume","\u00e9conomie d\u2019\u00e9nergie","Cramans","Esat des Glycines","ATD quart-monde"],"articleSection":["Revue de presse"],"inLanguage":"fr-FR"},{"@type":"WebPage","@id":"https:\/\/www.altercampagne.net\/?p=2727","url":"https:\/\/www.altercampagne.net\/?p=2727","name":"Mini-AlterTour : un parcours sur mesure - AlterTour","isPartOf":{"@id":"https:\/\/www.altercampagne.net\/#website"},"datePublished":"2014-05-16T07:32:02+00:00","dateModified":"2024-08-27T15:23:14+00:00","author":{"@id":"https:\/\/www.altercampagne.net\/#\/schema\/person\/0f261460c09e430caa0f9bcffa319109"},"breadcrumb":{"@id":"https:\/\/www.altercampagne.net\/?p=2727#breadcrumb"},"inLanguage":"fr-FR","potentialAction":[{"@type":"ReadAction","target":["https:\/\/www.altercampagne.net\/?p=2727"]}]},{"@type":"BreadcrumbList","@id":"https:\/\/www.altercampagne.net\/?p=2727#breadcrumb","itemListElement":[{"@type":"ListItem","position":1,"name":"Accueil","item":"https:\/\/www.altercampagne.net\/"},{"@type":"ListItem","position":2,"name":"Mini-AlterTour : un parcours sur mesure"}]},{"@type":"WebSite","@id":"https:\/\/www.altercampagne.net\/#website","url":"https:\/\/www.altercampagne.net\/","name":"AlterTour","description":"Reliez les Alternatives \u00e0 v\u00e9lo","potentialAction":[{"@type":"SearchAction","target":{"@type":"EntryPoint","urlTemplate":"https:\/\/www.altercampagne.net\/?s={search_term_string}"},"query-input":{"@type":"PropertyValueSpecification","valueRequired":true,"valueName":"search_term_string"}}],"inLanguage":"fr-FR"},{"@type":"Person","@id":"https:\/\/www.altercampagne.net\/#\/schema\/person\/0f261460c09e430caa0f9bcffa319109","name":"Mathieu","image":{"@type":"ImageObject","inLanguage":"fr-FR","@id":"https:\/\/secure.gravatar.com\/avatar\/aa9d3d24c83f2141e5e2709d0f63d09a99f6be6bb7a50abc4915838d9f54501a?s=96&d=mm&r=g","url":"https:\/\/secure.gravatar.com\/avatar\/aa9d3d24c83f2141e5e2709d0f63d09a99f6be6bb7a50abc4915838d9f54501a?s=96&d=mm&r=g","contentUrl":"https:\/\/secure.gravatar.com\/avatar\/aa9d3d24c83f2141e5e2709d0f63d09a99f6be6bb7a50abc4915838d9f54501a?s=96&d=mm&r=g","caption":"Mathieu"},"url":"https:\/\/www.altercampagne.net\/?author=214"}]}},"_links":{"self":[{"href":"https:\/\/www.altercampagne.net\/index.php?rest_route=\/wp\/v2\/posts\/2727","targetHints":{"allow":["GET"]}}],"collection":[{"href":"https:\/\/www.altercampagne.net\/index.php?rest_route=\/wp\/v2\/posts"}],"about":[{"href":"https:\/\/www.altercampagne.net\/index.php?rest_route=\/wp\/v2\/types\/post"}],"author":[{"embeddable":true,"href":"https:\/\/www.altercampagne.net\/index.php?rest_route=\/wp\/v2\/users\/214"}],"replies":[{"embeddable":true,"href":"https:\/\/www.altercampagne.net\/index.php?rest_route=%2Fwp%2Fv2%2Fcomments&post=2727"}],"version-history":[{"count":1,"href":"https:\/\/www.altercampagne.net\/index.php?rest_route=\/wp\/v2\/posts\/2727\/revisions"}],"predecessor-version":[{"id":28656,"href":"https:\/\/www.altercampagne.net\/index.php?rest_route=\/wp\/v2\/posts\/2727\/revisions\/28656"}],"wp:attachment":[{"href":"https:\/\/www.altercampagne.net\/index.php?rest_route=%2Fwp%2Fv2%2Fmedia&parent=2727"}],"wp:term":[{"taxonomy":"category","embeddable":true,"href":"https:\/\/www.altercampagne.net\/index.php?rest_route=%2Fwp%2Fv2%2Fcategories&post=2727"},{"taxonomy":"post_tag","embeddable":true,"href":"https:\/\/www.altercampagne.net\/index.php?rest_route=%2Fwp%2Fv2%2Ftags&post=2727"}],"curies":[{"name":"wp","href":"https:\/\/api.w.org\/{rel}","templated":true}]}}