{"id":2731,"date":"2014-05-26T09:40:44","date_gmt":"2014-05-26T07:40:44","guid":{"rendered":"http:\/\/www.altercampagne.net\/?p=2731"},"modified":"2024-08-27T17:01:14","modified_gmt":"2024-08-27T15:01:14","slug":"le-recueil-des-alternatives-de-laltertour-2014-sortira-dans-la-revue-slence-de-juin","status":"publish","type":"post","link":"https:\/\/www.altercampagne.net\/?p=2731","title":{"rendered":"Le Recueil des Alternatives de l&rsquo;AlterTour 2014 sortira dans la Revue S!lence de juin"},"content":{"rendered":"<p class=\"Style271 Style138\" align=\"justify\">En pleine crise \u00e9conomique mondialis\u00e9e, le fil rouge de l\u2019AlterTour 2014 est \u00ab Le Travail \u00bb. Aujourd\u2019hui, nombreux sont celles qui courent apr\u00e8s, au nom de la croissance&#8230; pourtant destructrice !<\/p>\n<p class=\"Style271 Style138\" align=\"justify\">L\u2019\u00e9tymologie du mot \u00abTravail\u00bb est \u00ab ce qui signifie \u00ab contraindre \u00bb, voire \u00ab torture \u00bb !<\/p>\n<p class=\"Style271 Style138\" align=\"justify\">En plus d\u2019un texte de pr\u00e9sentation pour alternative, nous avons donc pos\u00e9 question \u00e0 tous leurs protagonistes :<\/p>\n<p class=\"Style271 Style138\" align=\"justify\">\u00abTravailler ? Pour qui ? PourQuoi ?\u00bb<\/p>\n<p class=\"Style271 Style138\" align=\"justify\">Histoire de mieux comprendre chacun vit sa relation au travail, ou pas, la dichotomie travail \/ activit\u00e9 corr\u00e9lation entre travail et identit\u00e9.<\/p>\n<p class=\"Style271 Style138\" align=\"justify\">Merci \u00e0 toutes les personnes qui ont contribu\u00e9 \u00e0 sa r\u00e9alisation.<\/p>\n<p class=\"Style271 Style138\" align=\"justify\"><img loading=\"lazy\" decoding=\"async\" class=\" aligncenter\" src=\"http:\/\/altercampagne.free.fr\/pages\/2008\/AlterTour\/pic\/AT2014-recueil.jpg\" alt=\"\" width=\"400\" height=\"566\" \/><\/p>\n<p class=\"Style271 Style138\" align=\"justify\">R\u00e9dacteurs :<\/p>\n<p class=\"Style271 Style138\" align=\"justify\">Samy ARCHIM\u00c8DE \u2022 Centre d\u2019ailleurs \u2022 Le battement d\u2019ailes \u2022 Le Monde Allant Vers&#8230;<br \/>\nClaire BASTIER \u2022 Ecosite de la Palfi chade \u2022 Mairie d\u2019Ayen<br \/>\nChristophe BONNEUIL \u2022 SOS Loire Vivante<br \/>\nMarianne BRETON \u2022 Talent rural \/ V\u00e9lovergne \/ Association 2 Bien F\u00eateur<br \/>\nGuillaume de CROP \u2022 SOS Loire Vivante \u2022 H\u00f4tel des Vil-e-s \u2022 Chom\u2019Actif<\/p>\n<p class=\"Style271 Style138\" align=\"justify\">Inf\u2019OGM \/ Moulin de Busseix \u2022 Le Nombril du Monde<br \/>\nAriane DELMAS \u2022 Ambiance bois \u2022 Terre de R\u00eaves \u2022 Initiative catering<br \/>\nMathieu FROMONT \u2022 En selle&#8230;<br \/>\nFabien GOBLET \u2022 CIMADE \/ PAS \u2022 Collectif anti-LGV \/ pro-POLT<br \/>\nOdile JERSYK \u2022 La Colporteuse \u2022 Le Nombril du Monde<br \/>\nRomain LEGOUIS \u2022 La Gibeuse \u2022 La Fr\u00eanaie<br \/>\nVincent KRAKOWSKI \u2022 La Scierie<\/p>\n<p class=\"Style271 Style138\" align=\"justify\">CorrecteurEs :<\/p>\n<p class=\"Style271 Style138\" align=\"justify\">Gilbert BELGRANO \u2022 Christian et Elisabeth de Crop \u2022 Toune FROMONT \u2022 Michel LEFORESTIER \u2022 Charlotte MEUNIER \u2022 Elisabeth THOMAS<\/p>\n<p class=\"Style271 Style138\" align=\"justify\">Coordinateur \u2022 Maquettiste :<\/p>\n<p class=\"Style271 Style138\" align=\"justify\">Guillaume de CROP<\/p>\n","protected":false},"excerpt":{"rendered":"<p>En pleine crise \u00e9conomique mondialis\u00e9e, le fil rouge de l\u2019AlterTour 2014 est \u00ab Le Travail \u00bb. Aujourd\u2019hui, nombreux sont celles qui courent apr\u00e8s, au nom de la croissance&#8230; pourtant destructrice ! L\u2019\u00e9tymologie du mot \u00abTravail\u00bb est \u00ab ce qui signifie \u00ab contraindre \u00bb, voire \u00ab torture \u00bb ! En plus &#8230; <\/p>\n<div><a href=\"https:\/\/www.altercampagne.net\/?p=2731\" class=\"more-link\">Read More<\/a><\/div>\n","protected":false},"author":214,"featured_media":0,"comment_status":"closed","ping_status":"closed","sticky":false,"template":"","format":"standard","meta":{"footnotes":""},"categories":[239,3248],"tags":[634,625,626,627,628,629,630,631,632,633,624,635,636,637,638,639,640,641,642,2724,594,104,116,131,140,319,585,589,590,591,13,615,617,618,619,620,621,622,623],"class_list":["post-2731","post","type-post","status-publish","format-standard","hentry","category-revue-de-presse","category-silence","tag-fabien-goblet","tag-association-2-bien-feteur","tag-hotel-des-vil-e-s","tag-chomactif","tag-infogm","tag-moulin-de-busseix","tag-ariane-delmas","tag-ambiance-bois","tag-terre-de-reves","tag-initiative-catering","tag-velovergne","tag-cimade","tag-pas","tag-collectif-anti-lgv","tag-odile-jersyk","tag-romain-legouis","tag-la-gibeuse","tag-vincent-krakowski","tag-recueil-des-alternatives","tag-silence","tag-le-nombril-du-monde","tag-la-colporteuse","tag-la-scierie","tag-centre-dailleurs","tag-sos-loire-vivante","tag-altertour-2014","tag-talent-rural","tag-le-battement-dailes","tag-le-monde-allant-vers","tag-la-frenaie","tag-revue-silence","tag-guillaume-de-crop","tag-travailler-pour-qui-pourquoi","tag-samy-archimede","tag-claire-bastier","tag-ecosite-de-la-palfi-chade","tag-mairie-dayen","tag-christophe-bonneuil","tag-marianne-breton","no-post-thumbnail"],"yoast_head":"<!-- This site is optimized with the Yoast SEO plugin v27.3 - https:\/\/yoast.com\/product\/yoast-seo-wordpress\/ -->\n<title>Le Recueil des Alternatives de l&#039;AlterTour 2014 sortira dans la Revue S!lence de juin - AlterTour<\/title>\n<meta name=\"robots\" content=\"index, follow, max-snippet:-1, max-image-preview:large, max-video-preview:-1\" \/>\n<link rel=\"canonical\" href=\"https:\/\/www.altercampagne.net\/?p=2731\" \/>\n<meta property=\"og:locale\" content=\"fr_FR\" \/>\n<meta property=\"og:type\" content=\"article\" \/>\n<meta property=\"og:title\" content=\"Le Recueil des Alternatives de l&#039;AlterTour 2014 sortira dans la Revue S!lence de juin - AlterTour\" \/>\n<meta property=\"og:description\" content=\"En pleine crise \u00e9conomique mondialis\u00e9e, le fil rouge de l\u2019AlterTour 2014 est \u00ab Le Travail \u00bb. Aujourd\u2019hui, nombreux sont celles qui courent apr\u00e8s, au nom de la croissance&#8230; pourtant destructrice ! L\u2019\u00e9tymologie du mot \u00abTravail\u00bb est \u00ab ce qui signifie \u00ab contraindre \u00bb, voire \u00ab torture \u00bb ! En plus ... Read More\" \/>\n<meta property=\"og:url\" content=\"https:\/\/www.altercampagne.net\/?p=2731\" \/>\n<meta property=\"og:site_name\" content=\"AlterTour\" \/>\n<meta property=\"article:published_time\" content=\"2014-05-26T07:40:44+00:00\" \/>\n<meta property=\"article:modified_time\" content=\"2024-08-27T15:01:14+00:00\" \/>\n<meta property=\"og:image\" content=\"http:\/\/altercampagne.free.fr\/pages\/2008\/AlterTour\/pic\/AT2014-recueil.jpg\" \/>\n<meta name=\"author\" content=\"Mathieu\" \/>\n<meta name=\"twitter:card\" content=\"summary_large_image\" \/>\n<meta name=\"twitter:label1\" content=\"\u00c9crit par\" \/>\n\t<meta name=\"twitter:data1\" content=\"Mathieu\" \/>\n\t<meta name=\"twitter:label2\" content=\"Dur\u00e9e de lecture estim\u00e9e\" \/>\n\t<meta name=\"twitter:data2\" content=\"2 minutes\" \/>\n<script type=\"application\/ld+json\" class=\"yoast-schema-graph\">{\"@context\":\"https:\\\/\\\/schema.org\",\"@graph\":[{\"@type\":\"Article\",\"@id\":\"https:\\\/\\\/www.altercampagne.net\\\/?p=2731#article\",\"isPartOf\":{\"@id\":\"https:\\\/\\\/www.altercampagne.net\\\/?p=2731\"},\"author\":{\"name\":\"Mathieu\",\"@id\":\"https:\\\/\\\/www.altercampagne.net\\\/#\\\/schema\\\/person\\\/0f261460c09e430caa0f9bcffa319109\"},\"headline\":\"Le Recueil des Alternatives de l&rsquo;AlterTour 2014 sortira dans la Revue S!lence de juin\",\"datePublished\":\"2014-05-26T07:40:44+00:00\",\"dateModified\":\"2024-08-27T15:01:14+00:00\",\"mainEntityOfPage\":{\"@id\":\"https:\\\/\\\/www.altercampagne.net\\\/?p=2731\"},\"wordCount\":235,\"image\":{\"@id\":\"https:\\\/\\\/www.altercampagne.net\\\/?p=2731#primaryimage\"},\"thumbnailUrl\":\"http:\\\/\\\/altercampagne.free.fr\\\/pages\\\/2008\\\/AlterTour\\\/pic\\\/AT2014-recueil.jpg\",\"keywords\":[\"Fabien GOBLET\",\"Association 2 Bien F\u00eateur\",\"H\u00f4tel des Vil-e-s\",\"Chom\u2019Actif\",\"Inf\u2019OGM\",\"Moulin de Busseix\",\"Ariane DELMAS\",\"Ambiance bois\",\"Terre de R\u00eaves\",\"Initiative catering\",\"V\u00e9lovergne\",\"CIMADE\",\"PAS\",\"Collectif anti-LGV\",\"Odile JERSYK\",\"Romain LEGOUIS\",\"La Gibeuse\",\"Vincent KRAKOWSKI\",\"recueil des Alternatives\",\"silence\",\"le nombril du monde\",\"la Colporteuse\",\"la scierie\",\"centre d'ailleurs\",\"SOS Loire Vivante\",\"altertour 2014\",\"Talent rural\",\"le battement d'ailes\",\"le monde allant vers\",\"la Fr\u00eanaie\",\"revue Silence\",\"Guillaume de Crop\",\"Travailler ? Pour qui ? PourQuoi ?\",\"Samy ARCHIM\u00c8DE\",\"Claire BASTIER\",\"Ecosite de la Palfi chade\",\"Mairie d\u2019Ayen\",\"Christophe BONNEUIL\",\"Marianne BRETON\"],\"articleSection\":[\"Revue de presse\",\"Silence\"],\"inLanguage\":\"fr-FR\"},{\"@type\":\"WebPage\",\"@id\":\"https:\\\/\\\/www.altercampagne.net\\\/?p=2731\",\"url\":\"https:\\\/\\\/www.altercampagne.net\\\/?p=2731\",\"name\":\"Le Recueil des Alternatives de l'AlterTour 2014 sortira dans la Revue S!lence de juin - AlterTour\",\"isPartOf\":{\"@id\":\"https:\\\/\\\/www.altercampagne.net\\\/#website\"},\"primaryImageOfPage\":{\"@id\":\"https:\\\/\\\/www.altercampagne.net\\\/?p=2731#primaryimage\"},\"image\":{\"@id\":\"https:\\\/\\\/www.altercampagne.net\\\/?p=2731#primaryimage\"},\"thumbnailUrl\":\"http:\\\/\\\/altercampagne.free.fr\\\/pages\\\/2008\\\/AlterTour\\\/pic\\\/AT2014-recueil.jpg\",\"datePublished\":\"2014-05-26T07:40:44+00:00\",\"dateModified\":\"2024-08-27T15:01:14+00:00\",\"author\":{\"@id\":\"https:\\\/\\\/www.altercampagne.net\\\/#\\\/schema\\\/person\\\/0f261460c09e430caa0f9bcffa319109\"},\"breadcrumb\":{\"@id\":\"https:\\\/\\\/www.altercampagne.net\\\/?p=2731#breadcrumb\"},\"inLanguage\":\"fr-FR\",\"potentialAction\":[{\"@type\":\"ReadAction\",\"target\":[\"https:\\\/\\\/www.altercampagne.net\\\/?p=2731\"]}]},{\"@type\":\"ImageObject\",\"inLanguage\":\"fr-FR\",\"@id\":\"https:\\\/\\\/www.altercampagne.net\\\/?p=2731#primaryimage\",\"url\":\"http:\\\/\\\/altercampagne.free.fr\\\/pages\\\/2008\\\/AlterTour\\\/pic\\\/AT2014-recueil.jpg\",\"contentUrl\":\"http:\\\/\\\/altercampagne.free.fr\\\/pages\\\/2008\\\/AlterTour\\\/pic\\\/AT2014-recueil.jpg\"},{\"@type\":\"BreadcrumbList\",\"@id\":\"https:\\\/\\\/www.altercampagne.net\\\/?p=2731#breadcrumb\",\"itemListElement\":[{\"@type\":\"ListItem\",\"position\":1,\"name\":\"Accueil\",\"item\":\"https:\\\/\\\/www.altercampagne.net\\\/\"},{\"@type\":\"ListItem\",\"position\":2,\"name\":\"Le Recueil des Alternatives de l&rsquo;AlterTour 2014 sortira dans la Revue S!lence de juin\"}]},{\"@type\":\"WebSite\",\"@id\":\"https:\\\/\\\/www.altercampagne.net\\\/#website\",\"url\":\"https:\\\/\\\/www.altercampagne.net\\\/\",\"name\":\"AlterTour\",\"description\":\"Reliez les Alternatives \u00e0 v\u00e9lo\",\"potentialAction\":[{\"@type\":\"SearchAction\",\"target\":{\"@type\":\"EntryPoint\",\"urlTemplate\":\"https:\\\/\\\/www.altercampagne.net\\\/?s={search_term_string}\"},\"query-input\":{\"@type\":\"PropertyValueSpecification\",\"valueRequired\":true,\"valueName\":\"search_term_string\"}}],\"inLanguage\":\"fr-FR\"},{\"@type\":\"Person\",\"@id\":\"https:\\\/\\\/www.altercampagne.net\\\/#\\\/schema\\\/person\\\/0f261460c09e430caa0f9bcffa319109\",\"name\":\"Mathieu\",\"image\":{\"@type\":\"ImageObject\",\"inLanguage\":\"fr-FR\",\"@id\":\"https:\\\/\\\/secure.gravatar.com\\\/avatar\\\/aa9d3d24c83f2141e5e2709d0f63d09a99f6be6bb7a50abc4915838d9f54501a?s=96&d=mm&r=g\",\"url\":\"https:\\\/\\\/secure.gravatar.com\\\/avatar\\\/aa9d3d24c83f2141e5e2709d0f63d09a99f6be6bb7a50abc4915838d9f54501a?s=96&d=mm&r=g\",\"contentUrl\":\"https:\\\/\\\/secure.gravatar.com\\\/avatar\\\/aa9d3d24c83f2141e5e2709d0f63d09a99f6be6bb7a50abc4915838d9f54501a?s=96&d=mm&r=g\",\"caption\":\"Mathieu\"},\"url\":\"https:\\\/\\\/www.altercampagne.net\\\/?author=214\"}]}<\/script>\n<!-- \/ Yoast SEO plugin. -->","yoast_head_json":{"title":"Le Recueil des Alternatives de l'AlterTour 2014 sortira dans la Revue S!lence de juin - AlterTour","robots":{"index":"index","follow":"follow","max-snippet":"max-snippet:-1","max-image-preview":"max-image-preview:large","max-video-preview":"max-video-preview:-1"},"canonical":"https:\/\/www.altercampagne.net\/?p=2731","og_locale":"fr_FR","og_type":"article","og_title":"Le Recueil des Alternatives de l'AlterTour 2014 sortira dans la Revue S!lence de juin - AlterTour","og_description":"En pleine crise \u00e9conomique mondialis\u00e9e, le fil rouge de l\u2019AlterTour 2014 est \u00ab Le Travail \u00bb. Aujourd\u2019hui, nombreux sont celles qui courent apr\u00e8s, au nom de la croissance&#8230; pourtant destructrice ! L\u2019\u00e9tymologie du mot \u00abTravail\u00bb est \u00ab ce qui signifie \u00ab contraindre \u00bb, voire \u00ab torture \u00bb ! En plus ... Read More","og_url":"https:\/\/www.altercampagne.net\/?p=2731","og_site_name":"AlterTour","article_published_time":"2014-05-26T07:40:44+00:00","article_modified_time":"2024-08-27T15:01:14+00:00","og_image":[{"url":"http:\/\/altercampagne.free.fr\/pages\/2008\/AlterTour\/pic\/AT2014-recueil.jpg","type":"","width":"","height":""}],"author":"Mathieu","twitter_card":"summary_large_image","twitter_misc":{"\u00c9crit par":"Mathieu","Dur\u00e9e de lecture estim\u00e9e":"2 minutes"},"schema":{"@context":"https:\/\/schema.org","@graph":[{"@type":"Article","@id":"https:\/\/www.altercampagne.net\/?p=2731#article","isPartOf":{"@id":"https:\/\/www.altercampagne.net\/?p=2731"},"author":{"name":"Mathieu","@id":"https:\/\/www.altercampagne.net\/#\/schema\/person\/0f261460c09e430caa0f9bcffa319109"},"headline":"Le Recueil des Alternatives de l&rsquo;AlterTour 2014 sortira dans la Revue S!lence de juin","datePublished":"2014-05-26T07:40:44+00:00","dateModified":"2024-08-27T15:01:14+00:00","mainEntityOfPage":{"@id":"https:\/\/www.altercampagne.net\/?p=2731"},"wordCount":235,"image":{"@id":"https:\/\/www.altercampagne.net\/?p=2731#primaryimage"},"thumbnailUrl":"http:\/\/altercampagne.free.fr\/pages\/2008\/AlterTour\/pic\/AT2014-recueil.jpg","keywords":["Fabien GOBLET","Association 2 Bien F\u00eateur","H\u00f4tel des Vil-e-s","Chom\u2019Actif","Inf\u2019OGM","Moulin de Busseix","Ariane DELMAS","Ambiance bois","Terre de R\u00eaves","Initiative catering","V\u00e9lovergne","CIMADE","PAS","Collectif anti-LGV","Odile JERSYK","Romain LEGOUIS","La Gibeuse","Vincent KRAKOWSKI","recueil des Alternatives","silence","le nombril du monde","la Colporteuse","la scierie","centre d'ailleurs","SOS Loire Vivante","altertour 2014","Talent rural","le battement d'ailes","le monde allant vers","la Fr\u00eanaie","revue Silence","Guillaume de Crop","Travailler ? Pour qui ? PourQuoi ?","Samy ARCHIM\u00c8DE","Claire BASTIER","Ecosite de la Palfi chade","Mairie d\u2019Ayen","Christophe BONNEUIL","Marianne BRETON"],"articleSection":["Revue de presse","Silence"],"inLanguage":"fr-FR"},{"@type":"WebPage","@id":"https:\/\/www.altercampagne.net\/?p=2731","url":"https:\/\/www.altercampagne.net\/?p=2731","name":"Le Recueil des Alternatives de l'AlterTour 2014 sortira dans la Revue S!lence de juin - AlterTour","isPartOf":{"@id":"https:\/\/www.altercampagne.net\/#website"},"primaryImageOfPage":{"@id":"https:\/\/www.altercampagne.net\/?p=2731#primaryimage"},"image":{"@id":"https:\/\/www.altercampagne.net\/?p=2731#primaryimage"},"thumbnailUrl":"http:\/\/altercampagne.free.fr\/pages\/2008\/AlterTour\/pic\/AT2014-recueil.jpg","datePublished":"2014-05-26T07:40:44+00:00","dateModified":"2024-08-27T15:01:14+00:00","author":{"@id":"https:\/\/www.altercampagne.net\/#\/schema\/person\/0f261460c09e430caa0f9bcffa319109"},"breadcrumb":{"@id":"https:\/\/www.altercampagne.net\/?p=2731#breadcrumb"},"inLanguage":"fr-FR","potentialAction":[{"@type":"ReadAction","target":["https:\/\/www.altercampagne.net\/?p=2731"]}]},{"@type":"ImageObject","inLanguage":"fr-FR","@id":"https:\/\/www.altercampagne.net\/?p=2731#primaryimage","url":"http:\/\/altercampagne.free.fr\/pages\/2008\/AlterTour\/pic\/AT2014-recueil.jpg","contentUrl":"http:\/\/altercampagne.free.fr\/pages\/2008\/AlterTour\/pic\/AT2014-recueil.jpg"},{"@type":"BreadcrumbList","@id":"https:\/\/www.altercampagne.net\/?p=2731#breadcrumb","itemListElement":[{"@type":"ListItem","position":1,"name":"Accueil","item":"https:\/\/www.altercampagne.net\/"},{"@type":"ListItem","position":2,"name":"Le Recueil des Alternatives de l&rsquo;AlterTour 2014 sortira dans la Revue S!lence de juin"}]},{"@type":"WebSite","@id":"https:\/\/www.altercampagne.net\/#website","url":"https:\/\/www.altercampagne.net\/","name":"AlterTour","description":"Reliez les Alternatives \u00e0 v\u00e9lo","potentialAction":[{"@type":"SearchAction","target":{"@type":"EntryPoint","urlTemplate":"https:\/\/www.altercampagne.net\/?s={search_term_string}"},"query-input":{"@type":"PropertyValueSpecification","valueRequired":true,"valueName":"search_term_string"}}],"inLanguage":"fr-FR"},{"@type":"Person","@id":"https:\/\/www.altercampagne.net\/#\/schema\/person\/0f261460c09e430caa0f9bcffa319109","name":"Mathieu","image":{"@type":"ImageObject","inLanguage":"fr-FR","@id":"https:\/\/secure.gravatar.com\/avatar\/aa9d3d24c83f2141e5e2709d0f63d09a99f6be6bb7a50abc4915838d9f54501a?s=96&d=mm&r=g","url":"https:\/\/secure.gravatar.com\/avatar\/aa9d3d24c83f2141e5e2709d0f63d09a99f6be6bb7a50abc4915838d9f54501a?s=96&d=mm&r=g","contentUrl":"https:\/\/secure.gravatar.com\/avatar\/aa9d3d24c83f2141e5e2709d0f63d09a99f6be6bb7a50abc4915838d9f54501a?s=96&d=mm&r=g","caption":"Mathieu"},"url":"https:\/\/www.altercampagne.net\/?author=214"}]}},"_links":{"self":[{"href":"https:\/\/www.altercampagne.net\/index.php?rest_route=\/wp\/v2\/posts\/2731","targetHints":{"allow":["GET"]}}],"collection":[{"href":"https:\/\/www.altercampagne.net\/index.php?rest_route=\/wp\/v2\/posts"}],"about":[{"href":"https:\/\/www.altercampagne.net\/index.php?rest_route=\/wp\/v2\/types\/post"}],"author":[{"embeddable":true,"href":"https:\/\/www.altercampagne.net\/index.php?rest_route=\/wp\/v2\/users\/214"}],"replies":[{"embeddable":true,"href":"https:\/\/www.altercampagne.net\/index.php?rest_route=%2Fwp%2Fv2%2Fcomments&post=2731"}],"version-history":[{"count":1,"href":"https:\/\/www.altercampagne.net\/index.php?rest_route=\/wp\/v2\/posts\/2731\/revisions"}],"predecessor-version":[{"id":28642,"href":"https:\/\/www.altercampagne.net\/index.php?rest_route=\/wp\/v2\/posts\/2731\/revisions\/28642"}],"wp:attachment":[{"href":"https:\/\/www.altercampagne.net\/index.php?rest_route=%2Fwp%2Fv2%2Fmedia&parent=2731"}],"wp:term":[{"taxonomy":"category","embeddable":true,"href":"https:\/\/www.altercampagne.net\/index.php?rest_route=%2Fwp%2Fv2%2Fcategories&post=2731"},{"taxonomy":"post_tag","embeddable":true,"href":"https:\/\/www.altercampagne.net\/index.php?rest_route=%2Fwp%2Fv2%2Ftags&post=2731"}],"curies":[{"name":"wp","href":"https:\/\/api.w.org\/{rel}","templated":true}]}}