{"id":2733,"date":"2014-06-01T09:48:36","date_gmt":"2014-06-01T07:48:36","guid":{"rendered":"http:\/\/www.altercampagne.net\/?p=2733"},"modified":"2024-08-27T17:00:38","modified_gmt":"2024-08-27T15:00:38","slug":"en-selle-pour-le-tour-des-alternatives","status":"publish","type":"post","link":"https:\/\/www.altercampagne.net\/?p=2733","title":{"rendered":"En selle pour le tour des alternatives"},"content":{"rendered":"<p class=\"Style271 Style138 Style152 Style142\" align=\"justify\">Travailler ? Pour qui ? Pourquoi ? Tel est le th\u00e8me de r\u00e9flexion que proposent cette ann\u00e9e les organisateurs de l\u2019AlterTour. Du 12 juillet au 17 ao\u00fbt 2014, cette balade \u00e0 v\u00e9lo entra\u00eene les participants \u00e0 la rencontre d\u2019alternatives autour du monde du travail : coop\u00e9ratives de production, ateliers et lieux d\u2019accueil autog\u00e9r\u00e9s, paysans r\u00e9unis en Gaec, etc.<\/p>\n<p class=\"Style271 Style138\" align=\"justify\">\u00ab Nous voulons questionner le rapport au travail dans un contexte de crise \u00e9conomique. Il n\u2019y a pas que le capitalisme dans la vie. On cherche \u00e0 comprendre comment on peut se partager les richesses de fa\u00e7on \u00e9galitaire et saine \u00bb, explique Mathieu Fromont, coordinateur de l\u2019\u00e9v\u00e9nement.<\/p>\n<p class=\"Style271 Style138\" align=\"justify\">Cette septi\u00e8me \u00e9dition de l\u2019AlterTour partira de Saint-Etienne pour arriver \u00e0 La Rochelle en passant par l\u2019Auvergne, le Limousin et la r\u00e9gion Poitou-Charentes. Parmi les lieux visit\u00e9s tout au long des 1 300 kilom\u00e8tres du parcours : le Centre d\u2019Ailleurs, coop\u00e9rative artistique en milieu rural \u00e0 Saint-Jean-des-Olli\u00e8res dans le Puy-de-D\u00f4me, le village d\u2019Ayen en Corr\u00e8ze qui s\u2019int\u00e9resse \u00e0 la citoyennet\u00e9 et \u00e0 la protection de l\u2019environnement, la ressourcerie le Monde-allant-vers \u00e0 Eymoutiers dans la Creuse ou encore le Ch\u00e2teau de Sanzay dans les Deux-S\u00e8vres o\u00f9 l\u2019association la Colporteuse organise des chantiers participatifs.<\/p>\n<p class=\"Style271 Style138\" align=\"justify\">Avec un minimum de condition physique pour p\u00e9daler sans souci, vous pouvez vous inscrire pour une \u00e9tape. Mais les organisateurs conseillent au moins une semaine pour se fondre dans le groupe et s\u2019impr\u00e9gner de la dynamique. En selle !<\/p>\n<p class=\"Style271 Style138\" align=\"justify\">Source : <a href=\"http:\/\/www.village.tm.fr\/index.php?Menu=Actu&amp;ids=mNGBuzJUjpNPTsjyTFxe&amp;Action=777&amp;idn3=3978\" target=\"_blank\" rel=\"noopener\">Village <\/a><\/p>\n","protected":false},"excerpt":{"rendered":"<p>Travailler ? Pour qui ? Pourquoi ? Tel est le th\u00e8me de r\u00e9flexion que proposent cette ann\u00e9e les organisateurs de l\u2019AlterTour. Du 12 juillet au 17 ao\u00fbt 2014, cette balade \u00e0 v\u00e9lo entra\u00eene les participants \u00e0 la rencontre d\u2019alternatives autour du monde du travail : coop\u00e9ratives de production, ateliers et &#8230; <\/p>\n<div><a href=\"https:\/\/www.altercampagne.net\/?p=2733\" class=\"more-link\">Read More<\/a><\/div>\n","protected":false},"author":214,"featured_media":0,"comment_status":"closed","ping_status":"closed","sticky":false,"template":"","format":"standard","meta":{"footnotes":""},"categories":[239],"tags":[104,131,319,590,617,643,644,645,646,647],"class_list":["post-2733","post","type-post","status-publish","format-standard","hentry","category-revue-de-presse","tag-la-colporteuse","tag-centre-dailleurs","tag-altertour-2014","tag-le-monde-allant-vers","tag-travailler-pour-qui-pourquoi","tag-village","tag-village-dayen","tag-eymoutiers","tag-chateau-de-sanzay","tag-saint-jean-des-ollieres","no-post-thumbnail"],"yoast_head":"<!-- This site is optimized with the Yoast SEO plugin v27.3 - https:\/\/yoast.com\/product\/yoast-seo-wordpress\/ -->\n<title>En selle pour le tour des alternatives - AlterTour<\/title>\n<meta name=\"robots\" content=\"index, follow, max-snippet:-1, max-image-preview:large, max-video-preview:-1\" \/>\n<link rel=\"canonical\" href=\"https:\/\/www.altercampagne.net\/?p=2733\" \/>\n<meta property=\"og:locale\" content=\"fr_FR\" \/>\n<meta property=\"og:type\" content=\"article\" \/>\n<meta property=\"og:title\" content=\"En selle pour le tour des alternatives - AlterTour\" \/>\n<meta property=\"og:description\" content=\"Travailler ? Pour qui ? Pourquoi ? Tel est le th\u00e8me de r\u00e9flexion que proposent cette ann\u00e9e les organisateurs de l\u2019AlterTour. Du 12 juillet au 17 ao\u00fbt 2014, cette balade \u00e0 v\u00e9lo entra\u00eene les participants \u00e0 la rencontre d\u2019alternatives autour du monde du travail : coop\u00e9ratives de production, ateliers et ... Read More\" \/>\n<meta property=\"og:url\" content=\"https:\/\/www.altercampagne.net\/?p=2733\" \/>\n<meta property=\"og:site_name\" content=\"AlterTour\" \/>\n<meta property=\"article:published_time\" content=\"2014-06-01T07:48:36+00:00\" \/>\n<meta property=\"article:modified_time\" content=\"2024-08-27T15:00:38+00:00\" \/>\n<meta name=\"author\" content=\"Mathieu\" \/>\n<meta name=\"twitter:card\" content=\"summary_large_image\" \/>\n<meta name=\"twitter:label1\" content=\"\u00c9crit par\" \/>\n\t<meta name=\"twitter:data1\" content=\"Mathieu\" \/>\n\t<meta name=\"twitter:label2\" content=\"Dur\u00e9e de lecture estim\u00e9e\" \/>\n\t<meta name=\"twitter:data2\" content=\"2 minutes\" \/>\n<script type=\"application\/ld+json\" class=\"yoast-schema-graph\">{\"@context\":\"https:\\\/\\\/schema.org\",\"@graph\":[{\"@type\":\"Article\",\"@id\":\"https:\\\/\\\/www.altercampagne.net\\\/?p=2733#article\",\"isPartOf\":{\"@id\":\"https:\\\/\\\/www.altercampagne.net\\\/?p=2733\"},\"author\":{\"name\":\"Mathieu\",\"@id\":\"https:\\\/\\\/www.altercampagne.net\\\/#\\\/schema\\\/person\\\/0f261460c09e430caa0f9bcffa319109\"},\"headline\":\"En selle pour le tour des alternatives\",\"datePublished\":\"2014-06-01T07:48:36+00:00\",\"dateModified\":\"2024-08-27T15:00:38+00:00\",\"mainEntityOfPage\":{\"@id\":\"https:\\\/\\\/www.altercampagne.net\\\/?p=2733\"},\"wordCount\":262,\"keywords\":[\"la Colporteuse\",\"centre d'ailleurs\",\"altertour 2014\",\"le monde allant vers\",\"Travailler ? Pour qui ? PourQuoi ?\",\"Village\",\"village d\u2019Ayen\",\"Eymoutiers\",\"Ch\u00e2teau de Sanzay\",\"Saint-Jean-des-Olli\u00e8res\"],\"articleSection\":[\"Revue de presse\"],\"inLanguage\":\"fr-FR\"},{\"@type\":\"WebPage\",\"@id\":\"https:\\\/\\\/www.altercampagne.net\\\/?p=2733\",\"url\":\"https:\\\/\\\/www.altercampagne.net\\\/?p=2733\",\"name\":\"En selle pour le tour des alternatives - AlterTour\",\"isPartOf\":{\"@id\":\"https:\\\/\\\/www.altercampagne.net\\\/#website\"},\"datePublished\":\"2014-06-01T07:48:36+00:00\",\"dateModified\":\"2024-08-27T15:00:38+00:00\",\"author\":{\"@id\":\"https:\\\/\\\/www.altercampagne.net\\\/#\\\/schema\\\/person\\\/0f261460c09e430caa0f9bcffa319109\"},\"breadcrumb\":{\"@id\":\"https:\\\/\\\/www.altercampagne.net\\\/?p=2733#breadcrumb\"},\"inLanguage\":\"fr-FR\",\"potentialAction\":[{\"@type\":\"ReadAction\",\"target\":[\"https:\\\/\\\/www.altercampagne.net\\\/?p=2733\"]}]},{\"@type\":\"BreadcrumbList\",\"@id\":\"https:\\\/\\\/www.altercampagne.net\\\/?p=2733#breadcrumb\",\"itemListElement\":[{\"@type\":\"ListItem\",\"position\":1,\"name\":\"Accueil\",\"item\":\"https:\\\/\\\/www.altercampagne.net\\\/\"},{\"@type\":\"ListItem\",\"position\":2,\"name\":\"En selle pour le tour des alternatives\"}]},{\"@type\":\"WebSite\",\"@id\":\"https:\\\/\\\/www.altercampagne.net\\\/#website\",\"url\":\"https:\\\/\\\/www.altercampagne.net\\\/\",\"name\":\"AlterTour\",\"description\":\"Reliez les Alternatives \u00e0 v\u00e9lo\",\"potentialAction\":[{\"@type\":\"SearchAction\",\"target\":{\"@type\":\"EntryPoint\",\"urlTemplate\":\"https:\\\/\\\/www.altercampagne.net\\\/?s={search_term_string}\"},\"query-input\":{\"@type\":\"PropertyValueSpecification\",\"valueRequired\":true,\"valueName\":\"search_term_string\"}}],\"inLanguage\":\"fr-FR\"},{\"@type\":\"Person\",\"@id\":\"https:\\\/\\\/www.altercampagne.net\\\/#\\\/schema\\\/person\\\/0f261460c09e430caa0f9bcffa319109\",\"name\":\"Mathieu\",\"image\":{\"@type\":\"ImageObject\",\"inLanguage\":\"fr-FR\",\"@id\":\"https:\\\/\\\/secure.gravatar.com\\\/avatar\\\/aa9d3d24c83f2141e5e2709d0f63d09a99f6be6bb7a50abc4915838d9f54501a?s=96&d=mm&r=g\",\"url\":\"https:\\\/\\\/secure.gravatar.com\\\/avatar\\\/aa9d3d24c83f2141e5e2709d0f63d09a99f6be6bb7a50abc4915838d9f54501a?s=96&d=mm&r=g\",\"contentUrl\":\"https:\\\/\\\/secure.gravatar.com\\\/avatar\\\/aa9d3d24c83f2141e5e2709d0f63d09a99f6be6bb7a50abc4915838d9f54501a?s=96&d=mm&r=g\",\"caption\":\"Mathieu\"},\"url\":\"https:\\\/\\\/www.altercampagne.net\\\/?author=214\"}]}<\/script>\n<!-- \/ Yoast SEO plugin. -->","yoast_head_json":{"title":"En selle pour le tour des alternatives - AlterTour","robots":{"index":"index","follow":"follow","max-snippet":"max-snippet:-1","max-image-preview":"max-image-preview:large","max-video-preview":"max-video-preview:-1"},"canonical":"https:\/\/www.altercampagne.net\/?p=2733","og_locale":"fr_FR","og_type":"article","og_title":"En selle pour le tour des alternatives - AlterTour","og_description":"Travailler ? Pour qui ? Pourquoi ? Tel est le th\u00e8me de r\u00e9flexion que proposent cette ann\u00e9e les organisateurs de l\u2019AlterTour. Du 12 juillet au 17 ao\u00fbt 2014, cette balade \u00e0 v\u00e9lo entra\u00eene les participants \u00e0 la rencontre d\u2019alternatives autour du monde du travail : coop\u00e9ratives de production, ateliers et ... Read More","og_url":"https:\/\/www.altercampagne.net\/?p=2733","og_site_name":"AlterTour","article_published_time":"2014-06-01T07:48:36+00:00","article_modified_time":"2024-08-27T15:00:38+00:00","author":"Mathieu","twitter_card":"summary_large_image","twitter_misc":{"\u00c9crit par":"Mathieu","Dur\u00e9e de lecture estim\u00e9e":"2 minutes"},"schema":{"@context":"https:\/\/schema.org","@graph":[{"@type":"Article","@id":"https:\/\/www.altercampagne.net\/?p=2733#article","isPartOf":{"@id":"https:\/\/www.altercampagne.net\/?p=2733"},"author":{"name":"Mathieu","@id":"https:\/\/www.altercampagne.net\/#\/schema\/person\/0f261460c09e430caa0f9bcffa319109"},"headline":"En selle pour le tour des alternatives","datePublished":"2014-06-01T07:48:36+00:00","dateModified":"2024-08-27T15:00:38+00:00","mainEntityOfPage":{"@id":"https:\/\/www.altercampagne.net\/?p=2733"},"wordCount":262,"keywords":["la Colporteuse","centre d'ailleurs","altertour 2014","le monde allant vers","Travailler ? Pour qui ? PourQuoi ?","Village","village d\u2019Ayen","Eymoutiers","Ch\u00e2teau de Sanzay","Saint-Jean-des-Olli\u00e8res"],"articleSection":["Revue de presse"],"inLanguage":"fr-FR"},{"@type":"WebPage","@id":"https:\/\/www.altercampagne.net\/?p=2733","url":"https:\/\/www.altercampagne.net\/?p=2733","name":"En selle pour le tour des alternatives - AlterTour","isPartOf":{"@id":"https:\/\/www.altercampagne.net\/#website"},"datePublished":"2014-06-01T07:48:36+00:00","dateModified":"2024-08-27T15:00:38+00:00","author":{"@id":"https:\/\/www.altercampagne.net\/#\/schema\/person\/0f261460c09e430caa0f9bcffa319109"},"breadcrumb":{"@id":"https:\/\/www.altercampagne.net\/?p=2733#breadcrumb"},"inLanguage":"fr-FR","potentialAction":[{"@type":"ReadAction","target":["https:\/\/www.altercampagne.net\/?p=2733"]}]},{"@type":"BreadcrumbList","@id":"https:\/\/www.altercampagne.net\/?p=2733#breadcrumb","itemListElement":[{"@type":"ListItem","position":1,"name":"Accueil","item":"https:\/\/www.altercampagne.net\/"},{"@type":"ListItem","position":2,"name":"En selle pour le tour des alternatives"}]},{"@type":"WebSite","@id":"https:\/\/www.altercampagne.net\/#website","url":"https:\/\/www.altercampagne.net\/","name":"AlterTour","description":"Reliez les Alternatives \u00e0 v\u00e9lo","potentialAction":[{"@type":"SearchAction","target":{"@type":"EntryPoint","urlTemplate":"https:\/\/www.altercampagne.net\/?s={search_term_string}"},"query-input":{"@type":"PropertyValueSpecification","valueRequired":true,"valueName":"search_term_string"}}],"inLanguage":"fr-FR"},{"@type":"Person","@id":"https:\/\/www.altercampagne.net\/#\/schema\/person\/0f261460c09e430caa0f9bcffa319109","name":"Mathieu","image":{"@type":"ImageObject","inLanguage":"fr-FR","@id":"https:\/\/secure.gravatar.com\/avatar\/aa9d3d24c83f2141e5e2709d0f63d09a99f6be6bb7a50abc4915838d9f54501a?s=96&d=mm&r=g","url":"https:\/\/secure.gravatar.com\/avatar\/aa9d3d24c83f2141e5e2709d0f63d09a99f6be6bb7a50abc4915838d9f54501a?s=96&d=mm&r=g","contentUrl":"https:\/\/secure.gravatar.com\/avatar\/aa9d3d24c83f2141e5e2709d0f63d09a99f6be6bb7a50abc4915838d9f54501a?s=96&d=mm&r=g","caption":"Mathieu"},"url":"https:\/\/www.altercampagne.net\/?author=214"}]}},"_links":{"self":[{"href":"https:\/\/www.altercampagne.net\/index.php?rest_route=\/wp\/v2\/posts\/2733","targetHints":{"allow":["GET"]}}],"collection":[{"href":"https:\/\/www.altercampagne.net\/index.php?rest_route=\/wp\/v2\/posts"}],"about":[{"href":"https:\/\/www.altercampagne.net\/index.php?rest_route=\/wp\/v2\/types\/post"}],"author":[{"embeddable":true,"href":"https:\/\/www.altercampagne.net\/index.php?rest_route=\/wp\/v2\/users\/214"}],"replies":[{"embeddable":true,"href":"https:\/\/www.altercampagne.net\/index.php?rest_route=%2Fwp%2Fv2%2Fcomments&post=2733"}],"version-history":[{"count":1,"href":"https:\/\/www.altercampagne.net\/index.php?rest_route=\/wp\/v2\/posts\/2733\/revisions"}],"predecessor-version":[{"id":28641,"href":"https:\/\/www.altercampagne.net\/index.php?rest_route=\/wp\/v2\/posts\/2733\/revisions\/28641"}],"wp:attachment":[{"href":"https:\/\/www.altercampagne.net\/index.php?rest_route=%2Fwp%2Fv2%2Fmedia&parent=2733"}],"wp:term":[{"taxonomy":"category","embeddable":true,"href":"https:\/\/www.altercampagne.net\/index.php?rest_route=%2Fwp%2Fv2%2Fcategories&post=2733"},{"taxonomy":"post_tag","embeddable":true,"href":"https:\/\/www.altercampagne.net\/index.php?rest_route=%2Fwp%2Fv2%2Ftags&post=2733"}],"curies":[{"name":"wp","href":"https:\/\/api.w.org\/{rel}","templated":true}]}}