{"id":27330,"date":"2023-02-09T09:11:14","date_gmt":"2023-02-09T08:11:14","guid":{"rendered":"https:\/\/www.altercampagne.net\/?p=27330"},"modified":"2023-02-09T09:11:15","modified_gmt":"2023-02-09T08:11:15","slug":"retour-vers-le-futur-altertour-2023","status":"publish","type":"post","link":"https:\/\/www.altercampagne.net\/?p=27330","title":{"rendered":"Retour vers le futur&#8230; AlterTour 2023"},"content":{"rendered":"\n<h4 class=\"wp-block-heading\">Avec beaucoup d&rsquo;huile de coude, on avance \u00e0 grands pas<\/h4>\n\n\n\n<p>Toute l\u2019\u00e9quipe se retrouve aux <a href=\"https:\/\/les-amarres.org\/\" target=\"_blank\" rel=\"noreferrer noopener\"><strong>Amarres<\/strong><\/a>, un lieu qui nous avait d\u00e9j\u00e0 accueilli plus t\u00f4t dans l\u2019ann\u00e9e pour un \u00ab\u00a0after\u00a0\u00bb du samedi soir. La salle est d\u00e9j\u00e0 bien remplie pour un samedi matin. Je ne le savais pas encore, mais beaucoup de choses allaient se jouer ce weekend. Traditionnellement, la pl\u00e9ni\u00e8re de f\u00e9vrier, c\u2019est la pl\u00e9ni\u00e8re de choix du th\u00e8me pour le recueil, rien ne se passe comme d&rsquo;habitude et ce fut celle de choix du parcours !<\/p>\n\n\n\n<figure class=\"wp-block-image size-full is-resized\"><a href=\"https:\/\/www.altercampagne.net\/wp-content\/uploads\/2023\/02\/Photo-groupe-Amarres.jpeg\"><img loading=\"lazy\" decoding=\"async\" src=\"https:\/\/www.altercampagne.net\/wp-content\/uploads\/2023\/02\/Photo-groupe-Amarres.jpeg\" alt=\"\" class=\"wp-image-27332\" width=\"839\" height=\"1118\" srcset=\"https:\/\/www.altercampagne.net\/wp-content\/uploads\/2023\/02\/Photo-groupe-Amarres.jpeg 768w, https:\/\/www.altercampagne.net\/wp-content\/uploads\/2023\/02\/Photo-groupe-Amarres-225x300.jpeg 225w, https:\/\/www.altercampagne.net\/wp-content\/uploads\/2023\/02\/Photo-groupe-Amarres-610x813.jpeg 610w, https:\/\/www.altercampagne.net\/wp-content\/uploads\/2023\/02\/Photo-groupe-Amarres-100x133.jpeg 100w\" sizes=\"auto, (max-width: 839px) 100vw, 839px\" \/><\/a><\/figure>\n\n\n\n<p>Vous l&rsquo;aurez compris, cette ann\u00e9e est tr\u00e8s particuli\u00e8re. Humble en termes d\u2019\u00e9v\u00e8nement pour cet \u00e9t\u00e9, afin de nous permettre de revoir compl\u00e8tement notre organisation\u00a0: <strong>sans salari\u00e9.e permanent.e<\/strong> cette ann\u00e9e, avec des \u00e9quipes b\u00e9n\u00e9voles de support qui travaillent \u00e0 la <strong>refonte de notre structure et de nos outils\u2026<\/strong> pas \u00e9vident pour toustes nos pr\u00e9parateurices d\u2019\u00e9tapes qui sont particuli\u00e8rement peu accompagn\u00e9.es&#8230; Le d\u00e9fi cette ann\u00e9e est impressionnant et g\u00e9n\u00e8re beaucoup d\u2019appr\u00e9hension parmi nos b\u00e9n\u00e9voles.<\/p>\n\n\n\n<p>Nous commen\u00e7ons par un point d\u2019\u00e9tape sur les avanc\u00e9es depuis la pl\u00e9ni\u00e8re de Lyon qui avait conclu l\u2019ann\u00e9e 2022. Le coll\u00e8ge solidaire a suivi les actions des diff\u00e9rents cercles (groupes de travail). Le cercle \u00ab\u00a0\u00e9t\u00e9 2023\u00a0\u00bb a d\u00e9fini sa zone\u00a0: les d\u00e9partements de l\u2019Allier, la Sa\u00f4ne-et-Loire, le Jura et le Doubs.<\/p>\n\n\n\n<p>Un <strong>cercle\u00a0\u00ab\u00a0gouvernance<\/strong>\u00a0\u00bb planche cette ann\u00e9e sur notre mani\u00e8re de nous structurer, communiquer entre nous et prendre des d\u00e9cisions. A plusieurs voix, ils nous pr\u00e9sentent leur proposition de mod\u00e9lisation sous <strong>forme de \u00ab\u00a0cercles\u00a0\u00bb<\/strong> donc, mod\u00e9lis\u00e9s dans l\u2019outil <a href=\"https:\/\/openmyorganization.org\/\" target=\"_blank\" rel=\"noreferrer noopener\"><strong>OpenMyOrganization<\/strong><\/a>. Cela captive l\u2019auditoire, chacun.e est curieux.se de pouvoir exp\u00e9rimenter ces nouveaux concepts, qui devraient nous permettre \u00e0 la fois de formaliser une organisation d\u00e9j\u00e0 existante mais peu document\u00e9e, et aussi de cadrer mieux les communications entre tous nos cercles\u00a0! Nous nous formons aussi sur les diff\u00e9rentes mani\u00e8res de d\u00e9cider, pour commencer \u00e0 nous questionner sur ce sujet.<\/p>\n\n\n\n<h4 class=\"wp-block-heading\">On n&rsquo;y croyais plus, mais on a enfin notre parcours 2023 !<\/h4>\n\n\n\n<p>Enfin, il est temps de travailler sur nos diff\u00e9rents sujets. Le <strong>cercle \u00ab\u00a0\u00e9t\u00e9 2023\u00a0\u00bb<\/strong> s&rsquo;isole dans une salle \u00e0 part&#8230; nous n&rsquo;en saurons pas plus jusqu&rsquo;\u00e0 la fin de journ\u00e9e&#8230;<\/p>\n\n\n\n<p>Et ils sont finalement 5 \u00e0 se partager la parole autour d&rsquo;un mur sur lequel sont dessin\u00e9s les 4 d\u00e9partements. Des petits papiers de couleur dessinent un chemin tortueux&#8230; on a enfin un parcours\u00a0! <strong>D\u00e9part de Montlu\u00e7on, de belles \u00e9tapes, plus de temps sur les alternatives \u00e0 la fa\u00e7on de l\u2019Alter-D-Tour, un passage dans le Morvan et de jolis d\u00e9nivel\u00e9s dans le Jura avant de conclure \u00e0 Besan\u00e7on \u00e0 la mi-ao\u00fbt&#8230;<\/strong><\/p>\n\n\n\n<figure class=\"wp-block-image size-large\"><a href=\"https:\/\/www.altercampagne.net\/wp-content\/uploads\/2023\/02\/pacours-2023.jpeg\"><img loading=\"lazy\" decoding=\"async\" width=\"1024\" height=\"769\" src=\"https:\/\/www.altercampagne.net\/wp-content\/uploads\/2023\/02\/pacours-2023-1024x769.jpeg\" alt=\"\" class=\"wp-image-27331\" srcset=\"https:\/\/www.altercampagne.net\/wp-content\/uploads\/2023\/02\/pacours-2023-1024x769.jpeg 1024w, https:\/\/www.altercampagne.net\/wp-content\/uploads\/2023\/02\/pacours-2023-300x225.jpeg 300w, https:\/\/www.altercampagne.net\/wp-content\/uploads\/2023\/02\/pacours-2023-768x576.jpeg 768w, https:\/\/www.altercampagne.net\/wp-content\/uploads\/2023\/02\/pacours-2023-610x458.jpeg 610w, https:\/\/www.altercampagne.net\/wp-content\/uploads\/2023\/02\/pacours-2023-100x75.jpeg 100w, https:\/\/www.altercampagne.net\/wp-content\/uploads\/2023\/02\/pacours-2023-862x647.jpeg 862w, https:\/\/www.altercampagne.net\/wp-content\/uploads\/2023\/02\/pacours-2023-1140x856.jpeg 1140w, https:\/\/www.altercampagne.net\/wp-content\/uploads\/2023\/02\/pacours-2023.jpeg 1175w\" sizes=\"auto, (max-width: 1024px) 100vw, 1024px\" \/><\/a><\/figure>\n\n\n\n<p>On a quasiment toutes nos \u00e9tapes, quelques myst\u00e8res sont encore \u00e0 lever, mais le <strong>parcours est l\u00e0<\/strong>. Les alternatives \u00e0 visiter font r\u00eaver l\u2019assembl\u00e9e&#8230; ils l\u2019ont fait, nous avons un parcours pour cet \u00e9t\u00e9\u00a0! Applaudissements et feu d&rsquo;artifice, c&rsquo;est une fiert\u00e9 pour tous les membres du cercle \u00e9t\u00e9 2023 qui voient aboutir le<strong> travail de longue haleine du d\u00e9frichage<\/strong>.<\/p>\n\n\n\n<p>Ap\u00e9ro et diner syrien dans la joie le soir, une table en forme de T rassemble petit \u00e0 petit chacun.e, une assiette perdue sur le comptoir se partage, des ancien.nes ou sympathisants nous rejoignent petit \u00e0 petit. Demain nous serons \u00e0 la <strong><a href=\"https:\/\/lamaisonduzerodechet.org\/\" target=\"_blank\" rel=\"noreferrer noopener\">Maison du Z\u00e9ro-D\u00e9chet<\/a><\/strong>, ouverture des portes \u00e0 8h30 pour une journ\u00e9e qui sera bien remplie&#8230; bonne nuit !<\/p>\n\n\n\n<h4 class=\"wp-block-heading\">Un dimanche bien productif<\/h4>\n\n\n\n<p>Dimanche matin, quoi de mieux apr\u00e8s une pluie de viennoiseries que de parler camion\u00a0!! Enfin, plus pr\u00e9cis\u00e9ment minibus, car le notre arrive au bout de sa vie, et il devient de plus en plus compliqu\u00e9, co\u00fbteux et risqu\u00e9 de le maintenir en \u00e9tat pour qu\u2019il nous accompagne sur le Tour\u2026 Apr\u00e8s une grande consultation, il apparait qu\u2019il nous est <strong>n\u00e9cessaire d\u2019avoir un minibus<\/strong> pour permettre \u00e0 chacun.e de participer \u00e0 nos \u00e9v\u00e8nements. Petit \u00e9tonnement \u00e0 d\u00e9couvrir que beaucoup des r\u00e9pondants ont d\u00e9j\u00e0 conduit notre c\u00e9l\u00e8bre Iveco ou le minibus\u2026 peut-\u00eatre certain.es en r\u00eave\u2026 on les comprend\u00a0!!<\/p>\n\n\n\n<p>Impossible de rester silencieux en entendant tous les crit\u00e8res de s\u00e9lection du cercle V\u00e9hicules qui a bien travaill\u00e9 ces derniers mois\u2026 certain.es pr\u00e9f\u00e8rent telle marque, d\u2019autres veulent plus ou moins grand, ou rappeler que le v\u00e9lo \u00e0 assistance \u00e9lectrique, c\u2019est fantastique\u2026 d\u00e8s que l\u2019on parle de roues, cela d\u00e9cha\u00eene les passions\u00a0!!<\/p>\n\n\n\n<p>On parle aussi Picsou, pour tendre vers une <strong>gestion plus anticip\u00e9e de notre comptabilit\u00e9<\/strong> et de notre tr\u00e9sorerie, et surtout nous permettre de pr\u00e9voir justement nos grands projets. Peut-on renouveler le mini-bus, comment prendre en compte l\u2019inflation du moment tout en restant accessibles, sous quel contrat pouvons-nous envisager de recruter un.e salari\u00e9.e, et \u00e0 partir de quand. Apr\u00e8s de nombreuses propositions d\u2019optimisation r\u00e9alis\u00e9es par la pl\u00e9ni\u00e8re la veille, le constat est fait\u00a0: <strong>Altercampagne est capable de vivre de beaux projets et de nous en donner les moyens, mais cela nous impose de faire des choix et de ne pas consommer plus qu\u2019il n\u2019en faut\u2026 sobri\u00e9t\u00e9 vous avez dit\u00a0?<\/strong><\/p>\n\n\n\n<p>Enfin, sur une proposition du matin, chaque cercle prend le temps de d\u00e9crire \u00e0 la pl\u00e9ni\u00e8re ses avanc\u00e9es et ses prochaines \u00e9tapes. Un cercle de parole confirme le ressenti g\u00e9n\u00e9ral\u00a0: fiers d\u2019avoir bien avanc\u00e9, \u00e9pat\u00e9.es et soulag\u00e9.es d\u2019avoir un parcours, et motiv\u00e9.es pour les prochaines \u00e9tapes\u00a0! Apr\u00e8s un bon m\u00e9nage des lieux, nous avons finalement du mal \u00e0 nous dire Au revoir\u2026 les d\u00e9parts se font un \u00e0 un au fil des contraintes\u2026<\/p>\n\n\n\n<p><strong>Prochain RDV les 11 et 12 mars \u00e0 Villeurbanne dans une \u00e9cole maternelle, apporte ta chaise\u00a0<\/strong>&#x1f604; <strong>Et surtout n&rsquo;oublie pas de prendre tes billets d\u00e8s \u00e0 pr\u00e9sent !<\/strong><\/p>\n","protected":false},"excerpt":{"rendered":"<p>Toute l\u2019\u00e9quipe se retrouve aux Amarres et la salle est d\u00e9j\u00e0 bien remplie pour un samedi matin. On ne le savais pas encore, mais beaucoup de choses allaient se jouer ce weekend. Traditionnellement, la pl\u00e9ni\u00e8re de f\u00e9vrier, c\u2019est la pl\u00e9ni\u00e8re de choix du th\u00e8me pour le recueil. Mais cette ann\u00e9e rien ne se passe comme d&rsquo;habitude et ce fut celle de choix du parcours !<\/p>\n","protected":false},"author":290,"featured_media":27332,"comment_status":"closed","ping_status":"closed","sticky":false,"template":"","format":"standard","meta":{"footnotes":""},"categories":[4313,4447,3539],"tags":[],"class_list":["post-27330","post","type-post","status-publish","format-standard","has-post-thumbnail","hentry","category-altertour","category-edition-2023","category-we-de-preparation"],"yoast_head":"<!-- This site is optimized with the Yoast SEO plugin v27.3 - https:\/\/yoast.com\/product\/yoast-seo-wordpress\/ -->\n<title>Retour vers le futur... AlterTour 2023 - AlterTour<\/title>\n<meta name=\"robots\" content=\"index, follow, max-snippet:-1, max-image-preview:large, max-video-preview:-1\" \/>\n<link rel=\"canonical\" href=\"https:\/\/www.altercampagne.net\/?p=27330\" \/>\n<meta property=\"og:locale\" content=\"fr_FR\" \/>\n<meta property=\"og:type\" content=\"article\" \/>\n<meta property=\"og:title\" content=\"Retour vers le futur... AlterTour 2023 - AlterTour\" \/>\n<meta property=\"og:description\" content=\"Toute l\u2019\u00e9quipe se retrouve aux Amarres et la salle est d\u00e9j\u00e0 bien remplie pour un samedi matin. On ne le savais pas encore, mais beaucoup de choses allaient se jouer ce weekend. Traditionnellement, la pl\u00e9ni\u00e8re de f\u00e9vrier, c\u2019est la pl\u00e9ni\u00e8re de choix du th\u00e8me pour le recueil. Mais cette ann\u00e9e rien ne se passe comme d&#039;habitude et ce fut celle de choix du parcours !\" \/>\n<meta property=\"og:url\" content=\"https:\/\/www.altercampagne.net\/?p=27330\" \/>\n<meta property=\"og:site_name\" content=\"AlterTour\" \/>\n<meta property=\"article:published_time\" content=\"2023-02-09T08:11:14+00:00\" \/>\n<meta property=\"article:modified_time\" content=\"2023-02-09T08:11:15+00:00\" \/>\n<meta property=\"og:image\" content=\"https:\/\/www.altercampagne.net\/wp-content\/uploads\/2023\/02\/Photo-groupe-Amarres.jpeg\" \/>\n\t<meta property=\"og:image:width\" content=\"768\" \/>\n\t<meta property=\"og:image:height\" content=\"1024\" \/>\n\t<meta property=\"og:image:type\" content=\"image\/jpeg\" \/>\n<meta name=\"author\" content=\"Brunelle\" \/>\n<meta name=\"twitter:card\" content=\"summary_large_image\" \/>\n<meta name=\"twitter:label1\" content=\"\u00c9crit par\" \/>\n\t<meta name=\"twitter:data1\" content=\"Brunelle\" \/>\n\t<meta name=\"twitter:label2\" content=\"Dur\u00e9e de lecture estim\u00e9e\" \/>\n\t<meta name=\"twitter:data2\" content=\"5 minutes\" \/>\n<script type=\"application\/ld+json\" class=\"yoast-schema-graph\">{\"@context\":\"https:\\\/\\\/schema.org\",\"@graph\":[{\"@type\":\"Article\",\"@id\":\"https:\\\/\\\/www.altercampagne.net\\\/?p=27330#article\",\"isPartOf\":{\"@id\":\"https:\\\/\\\/www.altercampagne.net\\\/?p=27330\"},\"author\":{\"name\":\"Brunelle\",\"@id\":\"https:\\\/\\\/www.altercampagne.net\\\/#\\\/schema\\\/person\\\/b7970639b8bbc1bba5a12da9417ad512\"},\"headline\":\"Retour vers le futur&#8230; AlterTour 2023\",\"datePublished\":\"2023-02-09T08:11:14+00:00\",\"dateModified\":\"2023-02-09T08:11:15+00:00\",\"mainEntityOfPage\":{\"@id\":\"https:\\\/\\\/www.altercampagne.net\\\/?p=27330\"},\"wordCount\":1030,\"image\":{\"@id\":\"https:\\\/\\\/www.altercampagne.net\\\/?p=27330#primaryimage\"},\"thumbnailUrl\":\"https:\\\/\\\/www.altercampagne.net\\\/wp-content\\\/uploads\\\/2023\\\/02\\\/Photo-groupe-Amarres.jpeg\",\"articleSection\":[\"AlterTour\",\"Edition 2023\",\"WE de pr\u00e9paration\"],\"inLanguage\":\"fr-FR\"},{\"@type\":\"WebPage\",\"@id\":\"https:\\\/\\\/www.altercampagne.net\\\/?p=27330\",\"url\":\"https:\\\/\\\/www.altercampagne.net\\\/?p=27330\",\"name\":\"Retour vers le futur... AlterTour 2023 - AlterTour\",\"isPartOf\":{\"@id\":\"https:\\\/\\\/www.altercampagne.net\\\/#website\"},\"primaryImageOfPage\":{\"@id\":\"https:\\\/\\\/www.altercampagne.net\\\/?p=27330#primaryimage\"},\"image\":{\"@id\":\"https:\\\/\\\/www.altercampagne.net\\\/?p=27330#primaryimage\"},\"thumbnailUrl\":\"https:\\\/\\\/www.altercampagne.net\\\/wp-content\\\/uploads\\\/2023\\\/02\\\/Photo-groupe-Amarres.jpeg\",\"datePublished\":\"2023-02-09T08:11:14+00:00\",\"dateModified\":\"2023-02-09T08:11:15+00:00\",\"author\":{\"@id\":\"https:\\\/\\\/www.altercampagne.net\\\/#\\\/schema\\\/person\\\/b7970639b8bbc1bba5a12da9417ad512\"},\"breadcrumb\":{\"@id\":\"https:\\\/\\\/www.altercampagne.net\\\/?p=27330#breadcrumb\"},\"inLanguage\":\"fr-FR\",\"potentialAction\":[{\"@type\":\"ReadAction\",\"target\":[\"https:\\\/\\\/www.altercampagne.net\\\/?p=27330\"]}]},{\"@type\":\"ImageObject\",\"inLanguage\":\"fr-FR\",\"@id\":\"https:\\\/\\\/www.altercampagne.net\\\/?p=27330#primaryimage\",\"url\":\"https:\\\/\\\/www.altercampagne.net\\\/wp-content\\\/uploads\\\/2023\\\/02\\\/Photo-groupe-Amarres.jpeg\",\"contentUrl\":\"https:\\\/\\\/www.altercampagne.net\\\/wp-content\\\/uploads\\\/2023\\\/02\\\/Photo-groupe-Amarres.jpeg\",\"width\":768,\"height\":1024},{\"@type\":\"BreadcrumbList\",\"@id\":\"https:\\\/\\\/www.altercampagne.net\\\/?p=27330#breadcrumb\",\"itemListElement\":[{\"@type\":\"ListItem\",\"position\":1,\"name\":\"Accueil\",\"item\":\"https:\\\/\\\/www.altercampagne.net\\\/\"},{\"@type\":\"ListItem\",\"position\":2,\"name\":\"Retour vers le futur&#8230; AlterTour 2023\"}]},{\"@type\":\"WebSite\",\"@id\":\"https:\\\/\\\/www.altercampagne.net\\\/#website\",\"url\":\"https:\\\/\\\/www.altercampagne.net\\\/\",\"name\":\"AlterTour\",\"description\":\"Reliez les Alternatives \u00e0 v\u00e9lo\",\"potentialAction\":[{\"@type\":\"SearchAction\",\"target\":{\"@type\":\"EntryPoint\",\"urlTemplate\":\"https:\\\/\\\/www.altercampagne.net\\\/?s={search_term_string}\"},\"query-input\":{\"@type\":\"PropertyValueSpecification\",\"valueRequired\":true,\"valueName\":\"search_term_string\"}}],\"inLanguage\":\"fr-FR\"},{\"@type\":\"Person\",\"@id\":\"https:\\\/\\\/www.altercampagne.net\\\/#\\\/schema\\\/person\\\/b7970639b8bbc1bba5a12da9417ad512\",\"name\":\"Brunelle\",\"image\":{\"@type\":\"ImageObject\",\"inLanguage\":\"fr-FR\",\"@id\":\"https:\\\/\\\/secure.gravatar.com\\\/avatar\\\/70edc45ba2cc6ad30cb81b453241ce7be3302cbdd5fab275bf4b9d2807d08de0?s=96&d=mm&r=g\",\"url\":\"https:\\\/\\\/secure.gravatar.com\\\/avatar\\\/70edc45ba2cc6ad30cb81b453241ce7be3302cbdd5fab275bf4b9d2807d08de0?s=96&d=mm&r=g\",\"contentUrl\":\"https:\\\/\\\/secure.gravatar.com\\\/avatar\\\/70edc45ba2cc6ad30cb81b453241ce7be3302cbdd5fab275bf4b9d2807d08de0?s=96&d=mm&r=g\",\"caption\":\"Brunelle\"},\"url\":\"https:\\\/\\\/www.altercampagne.net\\\/?author=290\"}]}<\/script>\n<!-- \/ Yoast SEO plugin. -->","yoast_head_json":{"title":"Retour vers le futur... AlterTour 2023 - AlterTour","robots":{"index":"index","follow":"follow","max-snippet":"max-snippet:-1","max-image-preview":"max-image-preview:large","max-video-preview":"max-video-preview:-1"},"canonical":"https:\/\/www.altercampagne.net\/?p=27330","og_locale":"fr_FR","og_type":"article","og_title":"Retour vers le futur... AlterTour 2023 - AlterTour","og_description":"Toute l\u2019\u00e9quipe se retrouve aux Amarres et la salle est d\u00e9j\u00e0 bien remplie pour un samedi matin. On ne le savais pas encore, mais beaucoup de choses allaient se jouer ce weekend. Traditionnellement, la pl\u00e9ni\u00e8re de f\u00e9vrier, c\u2019est la pl\u00e9ni\u00e8re de choix du th\u00e8me pour le recueil. Mais cette ann\u00e9e rien ne se passe comme d'habitude et ce fut celle de choix du parcours !","og_url":"https:\/\/www.altercampagne.net\/?p=27330","og_site_name":"AlterTour","article_published_time":"2023-02-09T08:11:14+00:00","article_modified_time":"2023-02-09T08:11:15+00:00","og_image":[{"width":768,"height":1024,"url":"https:\/\/www.altercampagne.net\/wp-content\/uploads\/2023\/02\/Photo-groupe-Amarres.jpeg","type":"image\/jpeg"}],"author":"Brunelle","twitter_card":"summary_large_image","twitter_misc":{"\u00c9crit par":"Brunelle","Dur\u00e9e de lecture estim\u00e9e":"5 minutes"},"schema":{"@context":"https:\/\/schema.org","@graph":[{"@type":"Article","@id":"https:\/\/www.altercampagne.net\/?p=27330#article","isPartOf":{"@id":"https:\/\/www.altercampagne.net\/?p=27330"},"author":{"name":"Brunelle","@id":"https:\/\/www.altercampagne.net\/#\/schema\/person\/b7970639b8bbc1bba5a12da9417ad512"},"headline":"Retour vers le futur&#8230; AlterTour 2023","datePublished":"2023-02-09T08:11:14+00:00","dateModified":"2023-02-09T08:11:15+00:00","mainEntityOfPage":{"@id":"https:\/\/www.altercampagne.net\/?p=27330"},"wordCount":1030,"image":{"@id":"https:\/\/www.altercampagne.net\/?p=27330#primaryimage"},"thumbnailUrl":"https:\/\/www.altercampagne.net\/wp-content\/uploads\/2023\/02\/Photo-groupe-Amarres.jpeg","articleSection":["AlterTour","Edition 2023","WE de pr\u00e9paration"],"inLanguage":"fr-FR"},{"@type":"WebPage","@id":"https:\/\/www.altercampagne.net\/?p=27330","url":"https:\/\/www.altercampagne.net\/?p=27330","name":"Retour vers le futur... AlterTour 2023 - AlterTour","isPartOf":{"@id":"https:\/\/www.altercampagne.net\/#website"},"primaryImageOfPage":{"@id":"https:\/\/www.altercampagne.net\/?p=27330#primaryimage"},"image":{"@id":"https:\/\/www.altercampagne.net\/?p=27330#primaryimage"},"thumbnailUrl":"https:\/\/www.altercampagne.net\/wp-content\/uploads\/2023\/02\/Photo-groupe-Amarres.jpeg","datePublished":"2023-02-09T08:11:14+00:00","dateModified":"2023-02-09T08:11:15+00:00","author":{"@id":"https:\/\/www.altercampagne.net\/#\/schema\/person\/b7970639b8bbc1bba5a12da9417ad512"},"breadcrumb":{"@id":"https:\/\/www.altercampagne.net\/?p=27330#breadcrumb"},"inLanguage":"fr-FR","potentialAction":[{"@type":"ReadAction","target":["https:\/\/www.altercampagne.net\/?p=27330"]}]},{"@type":"ImageObject","inLanguage":"fr-FR","@id":"https:\/\/www.altercampagne.net\/?p=27330#primaryimage","url":"https:\/\/www.altercampagne.net\/wp-content\/uploads\/2023\/02\/Photo-groupe-Amarres.jpeg","contentUrl":"https:\/\/www.altercampagne.net\/wp-content\/uploads\/2023\/02\/Photo-groupe-Amarres.jpeg","width":768,"height":1024},{"@type":"BreadcrumbList","@id":"https:\/\/www.altercampagne.net\/?p=27330#breadcrumb","itemListElement":[{"@type":"ListItem","position":1,"name":"Accueil","item":"https:\/\/www.altercampagne.net\/"},{"@type":"ListItem","position":2,"name":"Retour vers le futur&#8230; AlterTour 2023"}]},{"@type":"WebSite","@id":"https:\/\/www.altercampagne.net\/#website","url":"https:\/\/www.altercampagne.net\/","name":"AlterTour","description":"Reliez les Alternatives \u00e0 v\u00e9lo","potentialAction":[{"@type":"SearchAction","target":{"@type":"EntryPoint","urlTemplate":"https:\/\/www.altercampagne.net\/?s={search_term_string}"},"query-input":{"@type":"PropertyValueSpecification","valueRequired":true,"valueName":"search_term_string"}}],"inLanguage":"fr-FR"},{"@type":"Person","@id":"https:\/\/www.altercampagne.net\/#\/schema\/person\/b7970639b8bbc1bba5a12da9417ad512","name":"Brunelle","image":{"@type":"ImageObject","inLanguage":"fr-FR","@id":"https:\/\/secure.gravatar.com\/avatar\/70edc45ba2cc6ad30cb81b453241ce7be3302cbdd5fab275bf4b9d2807d08de0?s=96&d=mm&r=g","url":"https:\/\/secure.gravatar.com\/avatar\/70edc45ba2cc6ad30cb81b453241ce7be3302cbdd5fab275bf4b9d2807d08de0?s=96&d=mm&r=g","contentUrl":"https:\/\/secure.gravatar.com\/avatar\/70edc45ba2cc6ad30cb81b453241ce7be3302cbdd5fab275bf4b9d2807d08de0?s=96&d=mm&r=g","caption":"Brunelle"},"url":"https:\/\/www.altercampagne.net\/?author=290"}]}},"_links":{"self":[{"href":"https:\/\/www.altercampagne.net\/index.php?rest_route=\/wp\/v2\/posts\/27330","targetHints":{"allow":["GET"]}}],"collection":[{"href":"https:\/\/www.altercampagne.net\/index.php?rest_route=\/wp\/v2\/posts"}],"about":[{"href":"https:\/\/www.altercampagne.net\/index.php?rest_route=\/wp\/v2\/types\/post"}],"author":[{"embeddable":true,"href":"https:\/\/www.altercampagne.net\/index.php?rest_route=\/wp\/v2\/users\/290"}],"replies":[{"embeddable":true,"href":"https:\/\/www.altercampagne.net\/index.php?rest_route=%2Fwp%2Fv2%2Fcomments&post=27330"}],"version-history":[{"count":1,"href":"https:\/\/www.altercampagne.net\/index.php?rest_route=\/wp\/v2\/posts\/27330\/revisions"}],"predecessor-version":[{"id":27333,"href":"https:\/\/www.altercampagne.net\/index.php?rest_route=\/wp\/v2\/posts\/27330\/revisions\/27333"}],"wp:featuredmedia":[{"embeddable":true,"href":"https:\/\/www.altercampagne.net\/index.php?rest_route=\/wp\/v2\/media\/27332"}],"wp:attachment":[{"href":"https:\/\/www.altercampagne.net\/index.php?rest_route=%2Fwp%2Fv2%2Fmedia&parent=27330"}],"wp:term":[{"taxonomy":"category","embeddable":true,"href":"https:\/\/www.altercampagne.net\/index.php?rest_route=%2Fwp%2Fv2%2Fcategories&post=27330"},{"taxonomy":"post_tag","embeddable":true,"href":"https:\/\/www.altercampagne.net\/index.php?rest_route=%2Fwp%2Fv2%2Ftags&post=27330"}],"curies":[{"name":"wp","href":"https:\/\/api.w.org\/{rel}","templated":true}]}}