{"id":2735,"date":"2014-06-10T09:52:09","date_gmt":"2014-06-10T07:52:09","guid":{"rendered":"http:\/\/www.altercampagne.net\/?p=2735"},"modified":"2016-01-23T09:55:20","modified_gmt":"2016-01-23T08:55:20","slug":"altertour-cycliste-2014-12-juillet-au-17-aout","status":"publish","type":"post","link":"https:\/\/www.altercampagne.net\/?p=2735","title":{"rendered":"AlterTour cycliste 2014 : 12 juillet au 17 ao\u00fbt"},"content":{"rendered":"<p class=\"Style271 Style138 Style152 Style142\" align=\"justify\">Travailler ? Pour qui ? PourQuoi ?<\/p>\n<p class=\"Style271 Style138\" align=\"justify\">Durant 34 jours d\u2019\u00e9t\u00e9, les AlterCyclistes rencontreront des alternatives de soci\u00e9t\u00e9 et des mouvements de r\u00e9sistances pacifiques qui fleurissent partout en France dans tous les domaines. L\u2019AlterTour est un moment de partage, une alternative au Tour de France, au monde du dopage domin\u00e9 par l\u2019argent et le pouvoir. En autogestion, chacun participe \u00e0 l\u2019organisation quotidienne et roule les kilom\u00e8tres qu\u2019il peut. L\u2019\u00e9dition 2014 partira de Saint-\u00c9tienne, traversera l\u2019Auvergne, le Limousin, pour se terminer en Poitou-Charentes, \u00e0 La Rochelle.<\/p>\n<p class=\"Style271 Style138\" align=\"justify\">50 kilom\u00e8tres de v\u00e9lo par jour du 12 juillet au 17 ao\u00fbt, un peloton de 50 altercyclistes et autant de v\u00e9los graiss\u00e9s, huil\u00e9s, rustin\u00e9s, 40 tentes plant\u00e9es chaque soir, environ 60 alternatives recontr\u00e9es, une douzaine de soir\u00e9es festives avec musique et danse, 660 kg de l\u00e9gumes bio et locaux \u00e9pluch\u00e9s et partag\u00e9s, \u2026 telles sont les pr\u00e9visions pour l\u2019AlterTour 2014.<\/p>\n<p class=\"Style271 Style138\" align=\"justify\">Durant 34 jours d\u2019\u00e9t\u00e9, les AlterCyclistes rencontreront des alternatives de soci\u00e9t\u00e9 et des mouvements de r\u00e9sistances pacifiques qui fleurissent partout en France dans tous les domaines. De la SCIC (Soci\u00e9t\u00e9 Coop\u00e9rative d\u2019Int\u00e9r\u00eat Collectif) avec le Centre d\u2019Ailleurs, un espace culturel avec concerts, spectacles et stages, aux 25 ans d\u2019autogestion d\u2019Ambiance bois, une scierie constitu\u00e9e en SAPO (Soci\u00e9t\u00e9 Anonyme \u00e0 Participation Ouvri\u00e8re), en passant par le milieu associatif de la CIMADE (Comit\u00e9 Inter-Mouvements Aupr\u00e8s Des Evacu\u00e9s) qui accueille, oriente et d\u00e9fend les demandeurs d\u2019asile, les r\u00e9fugi\u00e9s et tous les migrants, sans oublier la commune d\u2019Ayen et son logo \u201cLe durable a son village\u201d, ce sera l\u2019occasion pour tous d\u2019\u00e9changer autour du th\u00e8me de cette ann\u00e9e : \u00ab Travailler ? Pour qui ? PourQuoi ? \u00bb.<\/p>\n<p class=\"Style271 Style138\" align=\"justify\">Rejoignez nous en vous inscrivant pour le nombre de jours que vous souhaitez sur le site Internet www.altertour.net, \u00e0 partir de mai. Vous \u00eates \u00e9galement les bienvenus le temps d\u2019une rencontre ou d\u2019une visite. Si l\u2019organisation concr\u00e8te vous int\u00e9resse, contacter l\u2019AlterTour pour rallier un collectif local.<\/p>\n<p class=\"Style271 Style138\" align=\"justify\">Source : <a href=\"http:\/\/www.passerelleco.info\/article.php?id_article=1918\" target=\"_blank\">Passerelle Eco <\/a><\/p>\n","protected":false},"excerpt":{"rendered":"<p>Travailler ? Pour qui ? PourQuoi ? Durant 34 jours d\u2019\u00e9t\u00e9, les AlterCyclistes rencontreront des alternatives de soci\u00e9t\u00e9 et des mouvements de r\u00e9sistances pacifiques qui fleurissent partout en France dans tous les domaines. L\u2019AlterTour est un moment de partage, une alternative au Tour de France, au monde du dopage domin\u00e9 &#8230; <\/p>\n<div><a href=\"https:\/\/www.altercampagne.net\/?p=2735\" class=\"more-link\">Read More<\/a><\/div>\n","protected":false},"author":214,"featured_media":0,"comment_status":"closed","ping_status":"closed","sticky":false,"template":"","format":"standard","meta":{"footnotes":""},"categories":[239],"tags":[35,80,131,319,418,579,581,617,631,635,644,648],"class_list":["post-2735","post","type-post","status-publish","format-standard","hentry","category-revue-de-presse","tag-autogestion","tag-reseau-repas","tag-centre-dailleurs","tag-altertour-2014","tag-passerelle-eco","tag-auvergne","tag-poitou-charentes","tag-travailler-pour-qui-pourquoi","tag-ambiance-bois","tag-cimade","tag-village-dayen","tag-le-limousin","no-post-thumbnail"],"yoast_head":"<!-- This site is optimized with the Yoast SEO plugin v27.3 - https:\/\/yoast.com\/product\/yoast-seo-wordpress\/ -->\n<title>AlterTour cycliste 2014 : 12 juillet au 17 ao\u00fbt - AlterTour<\/title>\n<meta name=\"robots\" content=\"index, follow, max-snippet:-1, max-image-preview:large, max-video-preview:-1\" \/>\n<link rel=\"canonical\" href=\"https:\/\/www.altercampagne.net\/?p=2735\" \/>\n<meta property=\"og:locale\" content=\"fr_FR\" \/>\n<meta property=\"og:type\" content=\"article\" \/>\n<meta property=\"og:title\" content=\"AlterTour cycliste 2014 : 12 juillet au 17 ao\u00fbt - AlterTour\" \/>\n<meta property=\"og:description\" content=\"Travailler ? Pour qui ? PourQuoi ? Durant 34 jours d\u2019\u00e9t\u00e9, les AlterCyclistes rencontreront des alternatives de soci\u00e9t\u00e9 et des mouvements de r\u00e9sistances pacifiques qui fleurissent partout en France dans tous les domaines. L\u2019AlterTour est un moment de partage, une alternative au Tour de France, au monde du dopage domin\u00e9 ... Read More\" \/>\n<meta property=\"og:url\" content=\"https:\/\/www.altercampagne.net\/?p=2735\" \/>\n<meta property=\"og:site_name\" content=\"AlterTour\" \/>\n<meta property=\"article:published_time\" content=\"2014-06-10T07:52:09+00:00\" \/>\n<meta property=\"article:modified_time\" content=\"2016-01-23T08:55:20+00:00\" \/>\n<meta name=\"author\" content=\"Mathieu\" \/>\n<meta name=\"twitter:card\" content=\"summary_large_image\" \/>\n<meta name=\"twitter:label1\" content=\"\u00c9crit par\" \/>\n\t<meta name=\"twitter:data1\" content=\"Mathieu\" \/>\n\t<meta name=\"twitter:label2\" content=\"Dur\u00e9e de lecture estim\u00e9e\" \/>\n\t<meta name=\"twitter:data2\" content=\"2 minutes\" \/>\n<script type=\"application\/ld+json\" class=\"yoast-schema-graph\">{\"@context\":\"https:\\\/\\\/schema.org\",\"@graph\":[{\"@type\":\"Article\",\"@id\":\"https:\\\/\\\/www.altercampagne.net\\\/?p=2735#article\",\"isPartOf\":{\"@id\":\"https:\\\/\\\/www.altercampagne.net\\\/?p=2735\"},\"author\":{\"name\":\"Mathieu\",\"@id\":\"https:\\\/\\\/www.altercampagne.net\\\/#\\\/schema\\\/person\\\/0f261460c09e430caa0f9bcffa319109\"},\"headline\":\"AlterTour cycliste 2014 : 12 juillet au 17 ao\u00fbt\",\"datePublished\":\"2014-06-10T07:52:09+00:00\",\"dateModified\":\"2016-01-23T08:55:20+00:00\",\"mainEntityOfPage\":{\"@id\":\"https:\\\/\\\/www.altercampagne.net\\\/?p=2735\"},\"wordCount\":357,\"keywords\":[\"autogestion\",\"R\u00e9seau Repas\",\"centre d'ailleurs\",\"altertour 2014\",\"passerelle eco\",\"Auvergne\",\"Poitou-Charentes\",\"Travailler ? Pour qui ? PourQuoi ?\",\"Ambiance bois\",\"CIMADE\",\"village d\u2019Ayen\",\"le Limousin\"],\"articleSection\":[\"Revue de presse\"],\"inLanguage\":\"fr-FR\"},{\"@type\":\"WebPage\",\"@id\":\"https:\\\/\\\/www.altercampagne.net\\\/?p=2735\",\"url\":\"https:\\\/\\\/www.altercampagne.net\\\/?p=2735\",\"name\":\"AlterTour cycliste 2014 : 12 juillet au 17 ao\u00fbt - AlterTour\",\"isPartOf\":{\"@id\":\"https:\\\/\\\/www.altercampagne.net\\\/#website\"},\"datePublished\":\"2014-06-10T07:52:09+00:00\",\"dateModified\":\"2016-01-23T08:55:20+00:00\",\"author\":{\"@id\":\"https:\\\/\\\/www.altercampagne.net\\\/#\\\/schema\\\/person\\\/0f261460c09e430caa0f9bcffa319109\"},\"breadcrumb\":{\"@id\":\"https:\\\/\\\/www.altercampagne.net\\\/?p=2735#breadcrumb\"},\"inLanguage\":\"fr-FR\",\"potentialAction\":[{\"@type\":\"ReadAction\",\"target\":[\"https:\\\/\\\/www.altercampagne.net\\\/?p=2735\"]}]},{\"@type\":\"BreadcrumbList\",\"@id\":\"https:\\\/\\\/www.altercampagne.net\\\/?p=2735#breadcrumb\",\"itemListElement\":[{\"@type\":\"ListItem\",\"position\":1,\"name\":\"Accueil\",\"item\":\"https:\\\/\\\/www.altercampagne.net\\\/\"},{\"@type\":\"ListItem\",\"position\":2,\"name\":\"AlterTour cycliste 2014 : 12 juillet au 17 ao\u00fbt\"}]},{\"@type\":\"WebSite\",\"@id\":\"https:\\\/\\\/www.altercampagne.net\\\/#website\",\"url\":\"https:\\\/\\\/www.altercampagne.net\\\/\",\"name\":\"AlterTour\",\"description\":\"Reliez les Alternatives \u00e0 v\u00e9lo\",\"potentialAction\":[{\"@type\":\"SearchAction\",\"target\":{\"@type\":\"EntryPoint\",\"urlTemplate\":\"https:\\\/\\\/www.altercampagne.net\\\/?s={search_term_string}\"},\"query-input\":{\"@type\":\"PropertyValueSpecification\",\"valueRequired\":true,\"valueName\":\"search_term_string\"}}],\"inLanguage\":\"fr-FR\"},{\"@type\":\"Person\",\"@id\":\"https:\\\/\\\/www.altercampagne.net\\\/#\\\/schema\\\/person\\\/0f261460c09e430caa0f9bcffa319109\",\"name\":\"Mathieu\",\"image\":{\"@type\":\"ImageObject\",\"inLanguage\":\"fr-FR\",\"@id\":\"https:\\\/\\\/secure.gravatar.com\\\/avatar\\\/aa9d3d24c83f2141e5e2709d0f63d09a99f6be6bb7a50abc4915838d9f54501a?s=96&d=mm&r=g\",\"url\":\"https:\\\/\\\/secure.gravatar.com\\\/avatar\\\/aa9d3d24c83f2141e5e2709d0f63d09a99f6be6bb7a50abc4915838d9f54501a?s=96&d=mm&r=g\",\"contentUrl\":\"https:\\\/\\\/secure.gravatar.com\\\/avatar\\\/aa9d3d24c83f2141e5e2709d0f63d09a99f6be6bb7a50abc4915838d9f54501a?s=96&d=mm&r=g\",\"caption\":\"Mathieu\"},\"url\":\"https:\\\/\\\/www.altercampagne.net\\\/?author=214\"}]}<\/script>\n<!-- \/ Yoast SEO plugin. -->","yoast_head_json":{"title":"AlterTour cycliste 2014 : 12 juillet au 17 ao\u00fbt - AlterTour","robots":{"index":"index","follow":"follow","max-snippet":"max-snippet:-1","max-image-preview":"max-image-preview:large","max-video-preview":"max-video-preview:-1"},"canonical":"https:\/\/www.altercampagne.net\/?p=2735","og_locale":"fr_FR","og_type":"article","og_title":"AlterTour cycliste 2014 : 12 juillet au 17 ao\u00fbt - AlterTour","og_description":"Travailler ? Pour qui ? PourQuoi ? Durant 34 jours d\u2019\u00e9t\u00e9, les AlterCyclistes rencontreront des alternatives de soci\u00e9t\u00e9 et des mouvements de r\u00e9sistances pacifiques qui fleurissent partout en France dans tous les domaines. L\u2019AlterTour est un moment de partage, une alternative au Tour de France, au monde du dopage domin\u00e9 ... Read More","og_url":"https:\/\/www.altercampagne.net\/?p=2735","og_site_name":"AlterTour","article_published_time":"2014-06-10T07:52:09+00:00","article_modified_time":"2016-01-23T08:55:20+00:00","author":"Mathieu","twitter_card":"summary_large_image","twitter_misc":{"\u00c9crit par":"Mathieu","Dur\u00e9e de lecture estim\u00e9e":"2 minutes"},"schema":{"@context":"https:\/\/schema.org","@graph":[{"@type":"Article","@id":"https:\/\/www.altercampagne.net\/?p=2735#article","isPartOf":{"@id":"https:\/\/www.altercampagne.net\/?p=2735"},"author":{"name":"Mathieu","@id":"https:\/\/www.altercampagne.net\/#\/schema\/person\/0f261460c09e430caa0f9bcffa319109"},"headline":"AlterTour cycliste 2014 : 12 juillet au 17 ao\u00fbt","datePublished":"2014-06-10T07:52:09+00:00","dateModified":"2016-01-23T08:55:20+00:00","mainEntityOfPage":{"@id":"https:\/\/www.altercampagne.net\/?p=2735"},"wordCount":357,"keywords":["autogestion","R\u00e9seau Repas","centre d'ailleurs","altertour 2014","passerelle eco","Auvergne","Poitou-Charentes","Travailler ? Pour qui ? PourQuoi ?","Ambiance bois","CIMADE","village d\u2019Ayen","le Limousin"],"articleSection":["Revue de presse"],"inLanguage":"fr-FR"},{"@type":"WebPage","@id":"https:\/\/www.altercampagne.net\/?p=2735","url":"https:\/\/www.altercampagne.net\/?p=2735","name":"AlterTour cycliste 2014 : 12 juillet au 17 ao\u00fbt - AlterTour","isPartOf":{"@id":"https:\/\/www.altercampagne.net\/#website"},"datePublished":"2014-06-10T07:52:09+00:00","dateModified":"2016-01-23T08:55:20+00:00","author":{"@id":"https:\/\/www.altercampagne.net\/#\/schema\/person\/0f261460c09e430caa0f9bcffa319109"},"breadcrumb":{"@id":"https:\/\/www.altercampagne.net\/?p=2735#breadcrumb"},"inLanguage":"fr-FR","potentialAction":[{"@type":"ReadAction","target":["https:\/\/www.altercampagne.net\/?p=2735"]}]},{"@type":"BreadcrumbList","@id":"https:\/\/www.altercampagne.net\/?p=2735#breadcrumb","itemListElement":[{"@type":"ListItem","position":1,"name":"Accueil","item":"https:\/\/www.altercampagne.net\/"},{"@type":"ListItem","position":2,"name":"AlterTour cycliste 2014 : 12 juillet au 17 ao\u00fbt"}]},{"@type":"WebSite","@id":"https:\/\/www.altercampagne.net\/#website","url":"https:\/\/www.altercampagne.net\/","name":"AlterTour","description":"Reliez les Alternatives \u00e0 v\u00e9lo","potentialAction":[{"@type":"SearchAction","target":{"@type":"EntryPoint","urlTemplate":"https:\/\/www.altercampagne.net\/?s={search_term_string}"},"query-input":{"@type":"PropertyValueSpecification","valueRequired":true,"valueName":"search_term_string"}}],"inLanguage":"fr-FR"},{"@type":"Person","@id":"https:\/\/www.altercampagne.net\/#\/schema\/person\/0f261460c09e430caa0f9bcffa319109","name":"Mathieu","image":{"@type":"ImageObject","inLanguage":"fr-FR","@id":"https:\/\/secure.gravatar.com\/avatar\/aa9d3d24c83f2141e5e2709d0f63d09a99f6be6bb7a50abc4915838d9f54501a?s=96&d=mm&r=g","url":"https:\/\/secure.gravatar.com\/avatar\/aa9d3d24c83f2141e5e2709d0f63d09a99f6be6bb7a50abc4915838d9f54501a?s=96&d=mm&r=g","contentUrl":"https:\/\/secure.gravatar.com\/avatar\/aa9d3d24c83f2141e5e2709d0f63d09a99f6be6bb7a50abc4915838d9f54501a?s=96&d=mm&r=g","caption":"Mathieu"},"url":"https:\/\/www.altercampagne.net\/?author=214"}]}},"_links":{"self":[{"href":"https:\/\/www.altercampagne.net\/index.php?rest_route=\/wp\/v2\/posts\/2735","targetHints":{"allow":["GET"]}}],"collection":[{"href":"https:\/\/www.altercampagne.net\/index.php?rest_route=\/wp\/v2\/posts"}],"about":[{"href":"https:\/\/www.altercampagne.net\/index.php?rest_route=\/wp\/v2\/types\/post"}],"author":[{"embeddable":true,"href":"https:\/\/www.altercampagne.net\/index.php?rest_route=\/wp\/v2\/users\/214"}],"replies":[{"embeddable":true,"href":"https:\/\/www.altercampagne.net\/index.php?rest_route=%2Fwp%2Fv2%2Fcomments&post=2735"}],"version-history":[{"count":0,"href":"https:\/\/www.altercampagne.net\/index.php?rest_route=\/wp\/v2\/posts\/2735\/revisions"}],"wp:attachment":[{"href":"https:\/\/www.altercampagne.net\/index.php?rest_route=%2Fwp%2Fv2%2Fmedia&parent=2735"}],"wp:term":[{"taxonomy":"category","embeddable":true,"href":"https:\/\/www.altercampagne.net\/index.php?rest_route=%2Fwp%2Fv2%2Fcategories&post=2735"},{"taxonomy":"post_tag","embeddable":true,"href":"https:\/\/www.altercampagne.net\/index.php?rest_route=%2Fwp%2Fv2%2Ftags&post=2735"}],"curies":[{"name":"wp","href":"https:\/\/api.w.org\/{rel}","templated":true}]}}