{"id":27392,"date":"2023-03-14T10:01:56","date_gmt":"2023-03-14T09:01:56","guid":{"rendered":"https:\/\/www.altercampagne.net\/?p=27392"},"modified":"2023-03-14T10:01:58","modified_gmt":"2023-03-14T09:01:58","slug":"une-pleniere-en-maternelle-check","status":"publish","type":"post","link":"https:\/\/www.altercampagne.net\/?p=27392","title":{"rendered":"Une pl\u00e9ni\u00e8re en maternelle : check !"},"content":{"rendered":"\n<p>5\u00e8me pl\u00e9ni\u00e8re de l\u2019ann\u00e9e ! Nous poursuivons sur la lanc\u00e9e des pl\u00e9ni\u00e8res qui ne ressemblent \u00e0 aucune<br>autre, \u00e0 commencer par un <strong>mix \u00ab distanciel-pr\u00e9sentiel \u00bb<\/strong>, car la gr\u00e8ve des transports aura eu raison de la volont\u00e9 f\u00e9roce de toustes nous retrouver. Une dizaine de nos cher.es altercyclistes est rest\u00e9e coinc\u00e9e dans sa contr\u00e9e. Une vingtaine de locaux et de chanceux.ses du covoiturage ont occup\u00e9 le temps d\u2019un week- end\u2026une \u00e9cole maternelle ! Immense, \u00e9quip\u00e9e autant en vid\u00e9o-projecteurs, ardoises et feutres qu\u2019en tricycles, tapis et cerceaux ; nos fesses sur des mini-bancs et des brises glace version parcours de psychomotricit\u00e9. Puzzles, plantes \u00e0 arroser et poissons \u00e0 nourrir&#8230; On aurait pu s\u2019en tenir \u00e0 une belle r\u00e9gression vers nos 3 ans !<\/p>\n\n\n\n<p>Mais non, les cerceaux sont redevenus nos cercles et les ardoises, nos \u00e9crans d\u2019ordinateur. Les cercles en action ce week-end : les ind\u00e9boulonnables<strong> informatique, inscription, \u00e9v\u00e8nement 2023 <\/strong>et<strong> compta<\/strong>, les revenants, <strong>plume <\/strong>et <strong>vivre ensemble<\/strong> et les plus discrets ce coup-ci, v\u00e9hicules et gouvernance. <\/p>\n\n\n\n<figure class=\"wp-block-image size-large\"><a href=\"https:\/\/www.altercampagne.net\/wp-content\/uploads\/2023\/03\/Photo_pleniere_mars_2023.jpg\"><img loading=\"lazy\" decoding=\"async\" width=\"1024\" height=\"768\" src=\"https:\/\/www.altercampagne.net\/wp-content\/uploads\/2023\/03\/Photo_pleniere_mars_2023-1024x768.jpg\" alt=\"\" class=\"wp-image-27400\" srcset=\"https:\/\/www.altercampagne.net\/wp-content\/uploads\/2023\/03\/Photo_pleniere_mars_2023-1024x768.jpg 1024w, https:\/\/www.altercampagne.net\/wp-content\/uploads\/2023\/03\/Photo_pleniere_mars_2023-300x225.jpg 300w, https:\/\/www.altercampagne.net\/wp-content\/uploads\/2023\/03\/Photo_pleniere_mars_2023-768x576.jpg 768w, https:\/\/www.altercampagne.net\/wp-content\/uploads\/2023\/03\/Photo_pleniere_mars_2023-1536x1152.jpg 1536w, https:\/\/www.altercampagne.net\/wp-content\/uploads\/2023\/03\/Photo_pleniere_mars_2023-610x458.jpg 610w, https:\/\/www.altercampagne.net\/wp-content\/uploads\/2023\/03\/Photo_pleniere_mars_2023-100x75.jpg 100w, https:\/\/www.altercampagne.net\/wp-content\/uploads\/2023\/03\/Photo_pleniere_mars_2023-862x647.jpg 862w, https:\/\/www.altercampagne.net\/wp-content\/uploads\/2023\/03\/Photo_pleniere_mars_2023-1140x855.jpg 1140w, https:\/\/www.altercampagne.net\/wp-content\/uploads\/2023\/03\/Photo_pleniere_mars_2023.jpg 1824w\" sizes=\"auto, (max-width: 1024px) 100vw, 1024px\" \/><\/a><\/figure>\n\n\n\n<p>Du changement cette ann\u00e9e, il va continuer \u00e0 y en avoir et cette fois ce sont toustes les altercyclistes qui vont le constater. Car oui, si les choses semblaient rouler pour le \u00ab grand public \u00bb d\u2019altercampagne, derri\u00e8re c\u2019\u00e9tait <strong>des b\u00e9n\u00e9voles qui sans rel\u00e2che assuraient dur dur<\/strong>, au prix de flirter avec le burn out pour certain.es ou du moins <strong>flirter avec une charge mentale qu\u2019on se refuse de vivre<\/strong>. Il y avait trop de signes d\u2019alerte pour les nier encore. Pour retrouver en 2024 des outils informatiques et comptables et un site internet \u00e0 la hauteur de la taille d\u2019Altercampagne, cette ann\u00e9e <strong>les modalit\u00e9s d\u2019inscription ne seront pas aussi souples que les ann\u00e9es pass\u00e9es<\/strong>, mais rassurez-vous, c\u2019est pour y revenir plus efficacement l\u2019ann\u00e9e prochaine !<br>C\u2019est du moins ce \u00e0 quoi s\u2019attelle nos diff\u00e9rents cercles. Quand les outils num\u00e9riques peuvent faire le job de nos cerveaux, on a beau pr\u00f4ner la sobri\u00e9t\u00e9, on a aussi le sens de la r\u00e9alit\u00e9 et tr\u00e8s envie de mettre notre <strong>\u00e9nergie ailleurs au service du collectif<\/strong>. En suivant notre site dans les semaines \u00e0 venir vous comprendrez ce qui est dit l\u00e0. Reste encore quelques d\u00e9cisions \u00e0 prendre, des formulaires \u00e0 cr\u00e9er, des \u00e9tapes \u00e0 ajuster, un mini-bus \u00e0 acheter, une charte \u00e0 r\u00e9diger (et j\u2019en oublie) pour ouvrir le <strong>7 mai, les inscriptions pour l\u2019\u00e9t\u00e9 2023 !<\/strong><\/p>\n\n\n\n<p>Si nous avons connu ce week-end la satisfaction de prendre des d\u00e9cisions concr\u00e8tes, le plaisir de la fluidit\u00e9 \u00e0 passer de cercle en cercle, l\u2019int\u00e9gration de nouvelleaux dans l\u2019orga, nous avons aussi connu des tensions relationnelles en interne qui pos\u00e9es en collectif viennent remuer mais \u00e9vitent qu\u2019on les mettent sous le tapis. On tente d\u2019en faire quelque chose m\u00eame si on aime pas, m\u00eame si c\u2019est douloureux. On vous dira au prochain \u00e9pisode nomm\u00e9 Werva ce qu\u2019on a r\u00e9ussi \u00e0 faire de tout \u00e7a !<\/p>\n\n\n\n<p>Confiance, force et courage !<\/p>\n","protected":false},"excerpt":{"rendered":"<p>5\u00e8me pl\u00e9ni\u00e8re de l\u2019ann\u00e9e ! Nous poursuivons sur la lanc\u00e9e des pl\u00e9ni\u00e8res qui ne ressemblent \u00e0 aucune autre, \u00e0 commencer par un mix \u00ab distanciel-pr\u00e9sentiel \u00bb, car la gr\u00e8ve des transports aura eu raison de la volont\u00e9 f\u00e9roce de toustes nous retrouver.<\/p>\n","protected":false},"author":363,"featured_media":27398,"comment_status":"closed","ping_status":"closed","sticky":false,"template":"","format":"standard","meta":{"footnotes":""},"categories":[4313,4447,3539,1],"tags":[],"class_list":["post-27392","post","type-post","status-publish","format-standard","has-post-thumbnail","hentry","category-altertour","category-edition-2023","category-we-de-preparation","category-non-classe"],"yoast_head":"<!-- This site is optimized with the Yoast SEO plugin v27.3 - https:\/\/yoast.com\/product\/yoast-seo-wordpress\/ -->\n<title>Une pl\u00e9ni\u00e8re en maternelle : check ! - AlterTour<\/title>\n<meta name=\"robots\" content=\"index, follow, max-snippet:-1, max-image-preview:large, max-video-preview:-1\" \/>\n<link rel=\"canonical\" href=\"https:\/\/www.altercampagne.net\/?p=27392\" \/>\n<meta property=\"og:locale\" content=\"fr_FR\" \/>\n<meta property=\"og:type\" content=\"article\" \/>\n<meta property=\"og:title\" content=\"Une pl\u00e9ni\u00e8re en maternelle : check ! - AlterTour\" \/>\n<meta property=\"og:description\" content=\"5\u00e8me pl\u00e9ni\u00e8re de l\u2019ann\u00e9e ! Nous poursuivons sur la lanc\u00e9e des pl\u00e9ni\u00e8res qui ne ressemblent \u00e0 aucune autre, \u00e0 commencer par un mix \u00ab distanciel-pr\u00e9sentiel \u00bb, car la gr\u00e8ve des transports aura eu raison de la volont\u00e9 f\u00e9roce de toustes nous retrouver.\" \/>\n<meta property=\"og:url\" content=\"https:\/\/www.altercampagne.net\/?p=27392\" \/>\n<meta property=\"og:site_name\" content=\"AlterTour\" \/>\n<meta property=\"article:published_time\" content=\"2023-03-14T09:01:56+00:00\" \/>\n<meta property=\"article:modified_time\" content=\"2023-03-14T09:01:58+00:00\" \/>\n<meta property=\"og:image\" content=\"https:\/\/www.altercampagne.net\/wp-content\/uploads\/2023\/03\/Pleniere_Lyon_mars_2023-scaled.jpg\" \/>\n\t<meta property=\"og:image:width\" content=\"2560\" \/>\n\t<meta property=\"og:image:height\" content=\"1920\" \/>\n\t<meta property=\"og:image:type\" content=\"image\/jpeg\" \/>\n<meta name=\"author\" content=\"Mathilde\" \/>\n<meta name=\"twitter:card\" content=\"summary_large_image\" \/>\n<meta name=\"twitter:label1\" content=\"\u00c9crit par\" \/>\n\t<meta name=\"twitter:data1\" content=\"Mathilde\" \/>\n\t<meta name=\"twitter:label2\" content=\"Dur\u00e9e de lecture estim\u00e9e\" \/>\n\t<meta name=\"twitter:data2\" content=\"3 minutes\" \/>\n<script type=\"application\/ld+json\" class=\"yoast-schema-graph\">{\"@context\":\"https:\\\/\\\/schema.org\",\"@graph\":[{\"@type\":\"Article\",\"@id\":\"https:\\\/\\\/www.altercampagne.net\\\/?p=27392#article\",\"isPartOf\":{\"@id\":\"https:\\\/\\\/www.altercampagne.net\\\/?p=27392\"},\"author\":{\"name\":\"Mathilde\",\"@id\":\"https:\\\/\\\/www.altercampagne.net\\\/#\\\/schema\\\/person\\\/c3683586fa441b1df1a78e297c432b7b\"},\"headline\":\"Une pl\u00e9ni\u00e8re en maternelle : check !\",\"datePublished\":\"2023-03-14T09:01:56+00:00\",\"dateModified\":\"2023-03-14T09:01:58+00:00\",\"mainEntityOfPage\":{\"@id\":\"https:\\\/\\\/www.altercampagne.net\\\/?p=27392\"},\"wordCount\":524,\"image\":{\"@id\":\"https:\\\/\\\/www.altercampagne.net\\\/?p=27392#primaryimage\"},\"thumbnailUrl\":\"https:\\\/\\\/www.altercampagne.net\\\/wp-content\\\/uploads\\\/2023\\\/03\\\/Pleniere_Lyon_mars_2023-scaled.jpg\",\"articleSection\":[\"AlterTour\",\"Edition 2023\",\"WE de pr\u00e9paration\"],\"inLanguage\":\"fr-FR\"},{\"@type\":\"WebPage\",\"@id\":\"https:\\\/\\\/www.altercampagne.net\\\/?p=27392\",\"url\":\"https:\\\/\\\/www.altercampagne.net\\\/?p=27392\",\"name\":\"Une pl\u00e9ni\u00e8re en maternelle : check ! - AlterTour\",\"isPartOf\":{\"@id\":\"https:\\\/\\\/www.altercampagne.net\\\/#website\"},\"primaryImageOfPage\":{\"@id\":\"https:\\\/\\\/www.altercampagne.net\\\/?p=27392#primaryimage\"},\"image\":{\"@id\":\"https:\\\/\\\/www.altercampagne.net\\\/?p=27392#primaryimage\"},\"thumbnailUrl\":\"https:\\\/\\\/www.altercampagne.net\\\/wp-content\\\/uploads\\\/2023\\\/03\\\/Pleniere_Lyon_mars_2023-scaled.jpg\",\"datePublished\":\"2023-03-14T09:01:56+00:00\",\"dateModified\":\"2023-03-14T09:01:58+00:00\",\"author\":{\"@id\":\"https:\\\/\\\/www.altercampagne.net\\\/#\\\/schema\\\/person\\\/c3683586fa441b1df1a78e297c432b7b\"},\"breadcrumb\":{\"@id\":\"https:\\\/\\\/www.altercampagne.net\\\/?p=27392#breadcrumb\"},\"inLanguage\":\"fr-FR\",\"potentialAction\":[{\"@type\":\"ReadAction\",\"target\":[\"https:\\\/\\\/www.altercampagne.net\\\/?p=27392\"]}]},{\"@type\":\"ImageObject\",\"inLanguage\":\"fr-FR\",\"@id\":\"https:\\\/\\\/www.altercampagne.net\\\/?p=27392#primaryimage\",\"url\":\"https:\\\/\\\/www.altercampagne.net\\\/wp-content\\\/uploads\\\/2023\\\/03\\\/Pleniere_Lyon_mars_2023-scaled.jpg\",\"contentUrl\":\"https:\\\/\\\/www.altercampagne.net\\\/wp-content\\\/uploads\\\/2023\\\/03\\\/Pleniere_Lyon_mars_2023-scaled.jpg\",\"width\":2560,\"height\":1920},{\"@type\":\"BreadcrumbList\",\"@id\":\"https:\\\/\\\/www.altercampagne.net\\\/?p=27392#breadcrumb\",\"itemListElement\":[{\"@type\":\"ListItem\",\"position\":1,\"name\":\"Accueil\",\"item\":\"https:\\\/\\\/www.altercampagne.net\\\/\"},{\"@type\":\"ListItem\",\"position\":2,\"name\":\"Une pl\u00e9ni\u00e8re en maternelle : check !\"}]},{\"@type\":\"WebSite\",\"@id\":\"https:\\\/\\\/www.altercampagne.net\\\/#website\",\"url\":\"https:\\\/\\\/www.altercampagne.net\\\/\",\"name\":\"AlterTour\",\"description\":\"Reliez les Alternatives \u00e0 v\u00e9lo\",\"potentialAction\":[{\"@type\":\"SearchAction\",\"target\":{\"@type\":\"EntryPoint\",\"urlTemplate\":\"https:\\\/\\\/www.altercampagne.net\\\/?s={search_term_string}\"},\"query-input\":{\"@type\":\"PropertyValueSpecification\",\"valueRequired\":true,\"valueName\":\"search_term_string\"}}],\"inLanguage\":\"fr-FR\"},{\"@type\":\"Person\",\"@id\":\"https:\\\/\\\/www.altercampagne.net\\\/#\\\/schema\\\/person\\\/c3683586fa441b1df1a78e297c432b7b\",\"name\":\"Mathilde\",\"image\":{\"@type\":\"ImageObject\",\"inLanguage\":\"fr-FR\",\"@id\":\"https:\\\/\\\/secure.gravatar.com\\\/avatar\\\/00a329eb3d6c80cac124a18336d969b2c016982139f825c6d5a2e66c56384bf7?s=96&d=mm&r=g\",\"url\":\"https:\\\/\\\/secure.gravatar.com\\\/avatar\\\/00a329eb3d6c80cac124a18336d969b2c016982139f825c6d5a2e66c56384bf7?s=96&d=mm&r=g\",\"contentUrl\":\"https:\\\/\\\/secure.gravatar.com\\\/avatar\\\/00a329eb3d6c80cac124a18336d969b2c016982139f825c6d5a2e66c56384bf7?s=96&d=mm&r=g\",\"caption\":\"Mathilde\"},\"url\":\"https:\\\/\\\/www.altercampagne.net\\\/?author=363\"}]}<\/script>\n<!-- \/ Yoast SEO plugin. -->","yoast_head_json":{"title":"Une pl\u00e9ni\u00e8re en maternelle : check ! - AlterTour","robots":{"index":"index","follow":"follow","max-snippet":"max-snippet:-1","max-image-preview":"max-image-preview:large","max-video-preview":"max-video-preview:-1"},"canonical":"https:\/\/www.altercampagne.net\/?p=27392","og_locale":"fr_FR","og_type":"article","og_title":"Une pl\u00e9ni\u00e8re en maternelle : check ! - AlterTour","og_description":"5\u00e8me pl\u00e9ni\u00e8re de l\u2019ann\u00e9e ! Nous poursuivons sur la lanc\u00e9e des pl\u00e9ni\u00e8res qui ne ressemblent \u00e0 aucune autre, \u00e0 commencer par un mix \u00ab distanciel-pr\u00e9sentiel \u00bb, car la gr\u00e8ve des transports aura eu raison de la volont\u00e9 f\u00e9roce de toustes nous retrouver.","og_url":"https:\/\/www.altercampagne.net\/?p=27392","og_site_name":"AlterTour","article_published_time":"2023-03-14T09:01:56+00:00","article_modified_time":"2023-03-14T09:01:58+00:00","og_image":[{"width":2560,"height":1920,"url":"https:\/\/www.altercampagne.net\/wp-content\/uploads\/2023\/03\/Pleniere_Lyon_mars_2023-scaled.jpg","type":"image\/jpeg"}],"author":"Mathilde","twitter_card":"summary_large_image","twitter_misc":{"\u00c9crit par":"Mathilde","Dur\u00e9e de lecture estim\u00e9e":"3 minutes"},"schema":{"@context":"https:\/\/schema.org","@graph":[{"@type":"Article","@id":"https:\/\/www.altercampagne.net\/?p=27392#article","isPartOf":{"@id":"https:\/\/www.altercampagne.net\/?p=27392"},"author":{"name":"Mathilde","@id":"https:\/\/www.altercampagne.net\/#\/schema\/person\/c3683586fa441b1df1a78e297c432b7b"},"headline":"Une pl\u00e9ni\u00e8re en maternelle : check !","datePublished":"2023-03-14T09:01:56+00:00","dateModified":"2023-03-14T09:01:58+00:00","mainEntityOfPage":{"@id":"https:\/\/www.altercampagne.net\/?p=27392"},"wordCount":524,"image":{"@id":"https:\/\/www.altercampagne.net\/?p=27392#primaryimage"},"thumbnailUrl":"https:\/\/www.altercampagne.net\/wp-content\/uploads\/2023\/03\/Pleniere_Lyon_mars_2023-scaled.jpg","articleSection":["AlterTour","Edition 2023","WE de pr\u00e9paration"],"inLanguage":"fr-FR"},{"@type":"WebPage","@id":"https:\/\/www.altercampagne.net\/?p=27392","url":"https:\/\/www.altercampagne.net\/?p=27392","name":"Une pl\u00e9ni\u00e8re en maternelle : check ! - AlterTour","isPartOf":{"@id":"https:\/\/www.altercampagne.net\/#website"},"primaryImageOfPage":{"@id":"https:\/\/www.altercampagne.net\/?p=27392#primaryimage"},"image":{"@id":"https:\/\/www.altercampagne.net\/?p=27392#primaryimage"},"thumbnailUrl":"https:\/\/www.altercampagne.net\/wp-content\/uploads\/2023\/03\/Pleniere_Lyon_mars_2023-scaled.jpg","datePublished":"2023-03-14T09:01:56+00:00","dateModified":"2023-03-14T09:01:58+00:00","author":{"@id":"https:\/\/www.altercampagne.net\/#\/schema\/person\/c3683586fa441b1df1a78e297c432b7b"},"breadcrumb":{"@id":"https:\/\/www.altercampagne.net\/?p=27392#breadcrumb"},"inLanguage":"fr-FR","potentialAction":[{"@type":"ReadAction","target":["https:\/\/www.altercampagne.net\/?p=27392"]}]},{"@type":"ImageObject","inLanguage":"fr-FR","@id":"https:\/\/www.altercampagne.net\/?p=27392#primaryimage","url":"https:\/\/www.altercampagne.net\/wp-content\/uploads\/2023\/03\/Pleniere_Lyon_mars_2023-scaled.jpg","contentUrl":"https:\/\/www.altercampagne.net\/wp-content\/uploads\/2023\/03\/Pleniere_Lyon_mars_2023-scaled.jpg","width":2560,"height":1920},{"@type":"BreadcrumbList","@id":"https:\/\/www.altercampagne.net\/?p=27392#breadcrumb","itemListElement":[{"@type":"ListItem","position":1,"name":"Accueil","item":"https:\/\/www.altercampagne.net\/"},{"@type":"ListItem","position":2,"name":"Une pl\u00e9ni\u00e8re en maternelle : check !"}]},{"@type":"WebSite","@id":"https:\/\/www.altercampagne.net\/#website","url":"https:\/\/www.altercampagne.net\/","name":"AlterTour","description":"Reliez les Alternatives \u00e0 v\u00e9lo","potentialAction":[{"@type":"SearchAction","target":{"@type":"EntryPoint","urlTemplate":"https:\/\/www.altercampagne.net\/?s={search_term_string}"},"query-input":{"@type":"PropertyValueSpecification","valueRequired":true,"valueName":"search_term_string"}}],"inLanguage":"fr-FR"},{"@type":"Person","@id":"https:\/\/www.altercampagne.net\/#\/schema\/person\/c3683586fa441b1df1a78e297c432b7b","name":"Mathilde","image":{"@type":"ImageObject","inLanguage":"fr-FR","@id":"https:\/\/secure.gravatar.com\/avatar\/00a329eb3d6c80cac124a18336d969b2c016982139f825c6d5a2e66c56384bf7?s=96&d=mm&r=g","url":"https:\/\/secure.gravatar.com\/avatar\/00a329eb3d6c80cac124a18336d969b2c016982139f825c6d5a2e66c56384bf7?s=96&d=mm&r=g","contentUrl":"https:\/\/secure.gravatar.com\/avatar\/00a329eb3d6c80cac124a18336d969b2c016982139f825c6d5a2e66c56384bf7?s=96&d=mm&r=g","caption":"Mathilde"},"url":"https:\/\/www.altercampagne.net\/?author=363"}]}},"_links":{"self":[{"href":"https:\/\/www.altercampagne.net\/index.php?rest_route=\/wp\/v2\/posts\/27392","targetHints":{"allow":["GET"]}}],"collection":[{"href":"https:\/\/www.altercampagne.net\/index.php?rest_route=\/wp\/v2\/posts"}],"about":[{"href":"https:\/\/www.altercampagne.net\/index.php?rest_route=\/wp\/v2\/types\/post"}],"author":[{"embeddable":true,"href":"https:\/\/www.altercampagne.net\/index.php?rest_route=\/wp\/v2\/users\/363"}],"replies":[{"embeddable":true,"href":"https:\/\/www.altercampagne.net\/index.php?rest_route=%2Fwp%2Fv2%2Fcomments&post=27392"}],"version-history":[{"count":4,"href":"https:\/\/www.altercampagne.net\/index.php?rest_route=\/wp\/v2\/posts\/27392\/revisions"}],"predecessor-version":[{"id":27401,"href":"https:\/\/www.altercampagne.net\/index.php?rest_route=\/wp\/v2\/posts\/27392\/revisions\/27401"}],"wp:featuredmedia":[{"embeddable":true,"href":"https:\/\/www.altercampagne.net\/index.php?rest_route=\/wp\/v2\/media\/27398"}],"wp:attachment":[{"href":"https:\/\/www.altercampagne.net\/index.php?rest_route=%2Fwp%2Fv2%2Fmedia&parent=27392"}],"wp:term":[{"taxonomy":"category","embeddable":true,"href":"https:\/\/www.altercampagne.net\/index.php?rest_route=%2Fwp%2Fv2%2Fcategories&post=27392"},{"taxonomy":"post_tag","embeddable":true,"href":"https:\/\/www.altercampagne.net\/index.php?rest_route=%2Fwp%2Fv2%2Ftags&post=27392"}],"curies":[{"name":"wp","href":"https:\/\/api.w.org\/{rel}","templated":true}]}}