{"id":27396,"date":"2023-03-14T11:02:46","date_gmt":"2023-03-14T10:02:46","guid":{"rendered":"https:\/\/www.altercampagne.net\/?p=27396"},"modified":"2024-04-09T11:13:46","modified_gmt":"2024-04-09T09:13:46","slug":"le-rendez-vous-militant-et-ecolo-de-lete-2023","status":"publish","type":"post","link":"https:\/\/www.altercampagne.net\/?p=27396","title":{"rendered":"Le rendez-vous festif, militant et \u00e9colo de l&rsquo;\u00e9t\u00e9 2023"},"content":{"rendered":"\n<p><strong>Pour la 16\u00e8me \u00e9dition plus de 300 cyclistes vont parcourir l&rsquo;Auvergne, la Bourgogne et la Franche-Comt\u00e9 \u00e0 la rencontre d\u2019alternatives.<\/strong><\/p>\n\n\n\n<h4 class=\"wp-block-heading\">L\u2019AlterTour roulera de Montlu\u00e7on \u00e0 Besan\u00e7on du 10 juillet au 20 ao\u00fbt 2023<\/h4>\n\n\n\n<p>En pleine urgence sociale et climatique, c\u2019est peut-\u00eatre le moment de prendre le temps de r\u00e9fl\u00e9chir, de se rencontrer, de questionner les syst\u00e8mes \u00e9conomiques, agricoles, politiques, soci\u00e9taux dans lesquels nous vivons. Alors rejoins-nous cet \u00e9t\u00e9 pour partir \u00e0 la rencontre de porteur.euses d&rsquo;initiatives qui questionnent ces syst\u00e8mes et tentent \u00e0 leur \u00e9chelle d&rsquo;en exp\u00e9rimenter de nouveaux plus r\u00e9silients, plus solidaires et plus \u00e9cologiques !<\/p>\n\n\n\n<h4 class=\"wp-block-heading\">Le v\u00e9lo mais pas seulement&nbsp;! <\/h4>\n\n\n\n<p>Chaque jour apr\u00e8s une demi-journ\u00e9e de v\u00e9los, les participants visitent des \u00e9co-lieux, des producteurices bio, des entreprises coop\u00e9ratives, des collectifs citoyens, des ateliers v\u00e9los, des habitats partag\u00e9s en \u00e9coconstruction\u2026L\u2019AlterTour passera notamment par Port de Terre &#8211; habitat regroup\u00e9 interg\u00e9n\u00e9rationnel &#8211; \u00e0 Lusigny ; chez Benoit Delorme &#8211; viticulteur bio &#8211; \u00e0 Moroges ; V\u00e9lo qui Rit &#8211; association des usagers de la bicyclette &#8211; \u00e0 Lons-le-Saunier ; <strong><a href=\"https:\/\/www.facebook.com\/BrasseriePlumeJurassienne\" target=\"_blank\" rel=\"noreferrer noopener\">Brasserie Plume Jurassienne<\/a><\/strong> &#8211; chez Mathieu, l&rsquo;ancien coordinateur de l&rsquo;AlterTour &#8211; \u00e0 Cramans et \u00c9co&rsquo;lette &#8211; caf\u00e9 \u00e9cocitoyen &#8211; \u00e0 Le Bizot !<\/p>\n\n\n\n<h4 class=\"wp-block-heading\">L\u2019AlterTour ouvert \u00e0 tous et \u00e0 toutes<\/h4>\n\n\n\n<p>La participation au tour ne n\u00e9cessite pas de condition physique sportive particuli\u00e8re&nbsp;; un mini-bus roule \u00e0 la fin du peloton et un camion logistique porte les bagages. L\u2019\u00e2ge des participants varient de 0 \u00e0 77 ans, il n\u2019y a pas de limite d\u2019\u00e2ge.&nbsp; La vie quotidienne est organis\u00e9e de fa\u00e7on autog\u00e9r\u00e9e et donc participative.<\/p>\n\n\n\n<h4 class=\"wp-block-heading\">Les inscriptions ouvrent le 7 Mai 2023 <\/h4>\n\n\n\n<p>La dur\u00e9e de participation est libre, les participant.es peuvent s\u2019inscrire pour 4 jours ou plus. Les inscriptions ouvrent le <strong>7 mai<\/strong> !<\/p>\n\n\n<div class=\"wp-block-image\">\n<figure class=\"aligncenter size-full\"><a href=\"https:\/\/www.altercampagne.net\/wp-content\/uploads\/2023\/02\/AT2023-Parcours-V03.jpg\"><img loading=\"lazy\" decoding=\"async\" width=\"600\" height=\"612\" src=\"https:\/\/www.altercampagne.net\/wp-content\/uploads\/2023\/02\/AT2023-Parcours-V03.jpg\" alt=\"\" class=\"wp-image-27376\" srcset=\"https:\/\/www.altercampagne.net\/wp-content\/uploads\/2023\/02\/AT2023-Parcours-V03.jpg 600w, https:\/\/www.altercampagne.net\/wp-content\/uploads\/2023\/02\/AT2023-Parcours-V03-294x300.jpg 294w, https:\/\/www.altercampagne.net\/wp-content\/uploads\/2023\/02\/AT2023-Parcours-V03-100x102.jpg 100w\" sizes=\"auto, (max-width: 600px) 100vw, 600px\" \/><\/a><\/figure>\n<\/div>","protected":false},"excerpt":{"rendered":"<p>Pour la 16\u00e8me \u00e9dition plus de 300 cyclistes vont parcourir l&rsquo;Auvergne, la Bourgogne et la Franche-Comt\u00e9 \u00e0 la rencontre d\u2019alternatives !<\/p>\n","protected":false},"author":290,"featured_media":16944,"comment_status":"closed","ping_status":"closed","sticky":false,"template":"","format":"standard","meta":{"footnotes":""},"categories":[3471,4313,3495,4447,1],"tags":[],"class_list":["post-27396","post","type-post","status-publish","format-standard","has-post-thumbnail","hentry","category-auvergne-rhone-alpes","category-altertour","category-bourgogne-franche-comte","category-edition-2023","category-non-classe"],"yoast_head":"<!-- This site is optimized with the Yoast SEO plugin v27.3 - https:\/\/yoast.com\/product\/yoast-seo-wordpress\/ -->\n<title>Le rendez-vous festif, militant et \u00e9colo de l&#039;\u00e9t\u00e9 2023 - AlterTour<\/title>\n<meta name=\"robots\" content=\"index, follow, max-snippet:-1, max-image-preview:large, max-video-preview:-1\" \/>\n<link rel=\"canonical\" href=\"https:\/\/www.altercampagne.net\/?p=27396\" \/>\n<meta property=\"og:locale\" content=\"fr_FR\" \/>\n<meta property=\"og:type\" content=\"article\" \/>\n<meta property=\"og:title\" content=\"Le rendez-vous festif, militant et \u00e9colo de l&#039;\u00e9t\u00e9 2023 - AlterTour\" \/>\n<meta property=\"og:description\" content=\"Pour la 16\u00e8me \u00e9dition plus de 300 cyclistes vont parcourir l&#039;Auvergne, la Bourgogne et la Franche-Comt\u00e9 \u00e0 la rencontre d\u2019alternatives !\" \/>\n<meta property=\"og:url\" content=\"https:\/\/www.altercampagne.net\/?p=27396\" \/>\n<meta property=\"og:site_name\" content=\"AlterTour\" \/>\n<meta property=\"article:published_time\" content=\"2023-03-14T10:02:46+00:00\" \/>\n<meta property=\"article:modified_time\" content=\"2024-04-09T09:13:46+00:00\" \/>\n<meta property=\"og:image\" content=\"https:\/\/www.altercampagne.net\/wp-content\/uploads\/2020\/01\/Guillaume-G-DSCF0981.jpg\" \/>\n\t<meta property=\"og:image:width\" content=\"900\" \/>\n\t<meta property=\"og:image:height\" content=\"470\" \/>\n\t<meta property=\"og:image:type\" content=\"image\/jpeg\" \/>\n<meta name=\"author\" content=\"Brunelle\" \/>\n<meta name=\"twitter:card\" content=\"summary_large_image\" \/>\n<meta name=\"twitter:label1\" content=\"\u00c9crit par\" \/>\n\t<meta name=\"twitter:data1\" content=\"Brunelle\" \/>\n\t<meta name=\"twitter:label2\" content=\"Dur\u00e9e de lecture estim\u00e9e\" \/>\n\t<meta name=\"twitter:data2\" content=\"2 minutes\" \/>\n<script type=\"application\/ld+json\" class=\"yoast-schema-graph\">{\"@context\":\"https:\\\/\\\/schema.org\",\"@graph\":[{\"@type\":\"Article\",\"@id\":\"https:\\\/\\\/www.altercampagne.net\\\/?p=27396#article\",\"isPartOf\":{\"@id\":\"https:\\\/\\\/www.altercampagne.net\\\/?p=27396\"},\"author\":{\"name\":\"Brunelle\",\"@id\":\"https:\\\/\\\/www.altercampagne.net\\\/#\\\/schema\\\/person\\\/b7970639b8bbc1bba5a12da9417ad512\"},\"headline\":\"Le rendez-vous festif, militant et \u00e9colo de l&rsquo;\u00e9t\u00e9 2023\",\"datePublished\":\"2023-03-14T10:02:46+00:00\",\"dateModified\":\"2024-04-09T09:13:46+00:00\",\"mainEntityOfPage\":{\"@id\":\"https:\\\/\\\/www.altercampagne.net\\\/?p=27396\"},\"wordCount\":311,\"image\":{\"@id\":\"https:\\\/\\\/www.altercampagne.net\\\/?p=27396#primaryimage\"},\"thumbnailUrl\":\"https:\\\/\\\/www.altercampagne.net\\\/wp-content\\\/uploads\\\/2020\\\/01\\\/Guillaume-G-DSCF0981.jpg\",\"articleSection\":[\"Auvergne-Rh\u00f4ne-Alpes\",\"AlterTour\",\"Bourgogne-Franche-Comt\u00e9\",\"Edition 2023\"],\"inLanguage\":\"fr-FR\"},{\"@type\":\"WebPage\",\"@id\":\"https:\\\/\\\/www.altercampagne.net\\\/?p=27396\",\"url\":\"https:\\\/\\\/www.altercampagne.net\\\/?p=27396\",\"name\":\"Le rendez-vous festif, militant et \u00e9colo de l'\u00e9t\u00e9 2023 - AlterTour\",\"isPartOf\":{\"@id\":\"https:\\\/\\\/www.altercampagne.net\\\/#website\"},\"primaryImageOfPage\":{\"@id\":\"https:\\\/\\\/www.altercampagne.net\\\/?p=27396#primaryimage\"},\"image\":{\"@id\":\"https:\\\/\\\/www.altercampagne.net\\\/?p=27396#primaryimage\"},\"thumbnailUrl\":\"https:\\\/\\\/www.altercampagne.net\\\/wp-content\\\/uploads\\\/2020\\\/01\\\/Guillaume-G-DSCF0981.jpg\",\"datePublished\":\"2023-03-14T10:02:46+00:00\",\"dateModified\":\"2024-04-09T09:13:46+00:00\",\"author\":{\"@id\":\"https:\\\/\\\/www.altercampagne.net\\\/#\\\/schema\\\/person\\\/b7970639b8bbc1bba5a12da9417ad512\"},\"breadcrumb\":{\"@id\":\"https:\\\/\\\/www.altercampagne.net\\\/?p=27396#breadcrumb\"},\"inLanguage\":\"fr-FR\",\"potentialAction\":[{\"@type\":\"ReadAction\",\"target\":[\"https:\\\/\\\/www.altercampagne.net\\\/?p=27396\"]}]},{\"@type\":\"ImageObject\",\"inLanguage\":\"fr-FR\",\"@id\":\"https:\\\/\\\/www.altercampagne.net\\\/?p=27396#primaryimage\",\"url\":\"https:\\\/\\\/www.altercampagne.net\\\/wp-content\\\/uploads\\\/2020\\\/01\\\/Guillaume-G-DSCF0981.jpg\",\"contentUrl\":\"https:\\\/\\\/www.altercampagne.net\\\/wp-content\\\/uploads\\\/2020\\\/01\\\/Guillaume-G-DSCF0981.jpg\",\"width\":900,\"height\":470},{\"@type\":\"BreadcrumbList\",\"@id\":\"https:\\\/\\\/www.altercampagne.net\\\/?p=27396#breadcrumb\",\"itemListElement\":[{\"@type\":\"ListItem\",\"position\":1,\"name\":\"Accueil\",\"item\":\"https:\\\/\\\/www.altercampagne.net\\\/\"},{\"@type\":\"ListItem\",\"position\":2,\"name\":\"Le rendez-vous festif, militant et \u00e9colo de l&rsquo;\u00e9t\u00e9 2023\"}]},{\"@type\":\"WebSite\",\"@id\":\"https:\\\/\\\/www.altercampagne.net\\\/#website\",\"url\":\"https:\\\/\\\/www.altercampagne.net\\\/\",\"name\":\"AlterTour\",\"description\":\"Reliez les Alternatives \u00e0 v\u00e9lo\",\"potentialAction\":[{\"@type\":\"SearchAction\",\"target\":{\"@type\":\"EntryPoint\",\"urlTemplate\":\"https:\\\/\\\/www.altercampagne.net\\\/?s={search_term_string}\"},\"query-input\":{\"@type\":\"PropertyValueSpecification\",\"valueRequired\":true,\"valueName\":\"search_term_string\"}}],\"inLanguage\":\"fr-FR\"},{\"@type\":\"Person\",\"@id\":\"https:\\\/\\\/www.altercampagne.net\\\/#\\\/schema\\\/person\\\/b7970639b8bbc1bba5a12da9417ad512\",\"name\":\"Brunelle\",\"image\":{\"@type\":\"ImageObject\",\"inLanguage\":\"fr-FR\",\"@id\":\"https:\\\/\\\/secure.gravatar.com\\\/avatar\\\/70edc45ba2cc6ad30cb81b453241ce7be3302cbdd5fab275bf4b9d2807d08de0?s=96&d=mm&r=g\",\"url\":\"https:\\\/\\\/secure.gravatar.com\\\/avatar\\\/70edc45ba2cc6ad30cb81b453241ce7be3302cbdd5fab275bf4b9d2807d08de0?s=96&d=mm&r=g\",\"contentUrl\":\"https:\\\/\\\/secure.gravatar.com\\\/avatar\\\/70edc45ba2cc6ad30cb81b453241ce7be3302cbdd5fab275bf4b9d2807d08de0?s=96&d=mm&r=g\",\"caption\":\"Brunelle\"},\"url\":\"https:\\\/\\\/www.altercampagne.net\\\/?author=290\"}]}<\/script>\n<!-- \/ Yoast SEO plugin. -->","yoast_head_json":{"title":"Le rendez-vous festif, militant et \u00e9colo de l'\u00e9t\u00e9 2023 - AlterTour","robots":{"index":"index","follow":"follow","max-snippet":"max-snippet:-1","max-image-preview":"max-image-preview:large","max-video-preview":"max-video-preview:-1"},"canonical":"https:\/\/www.altercampagne.net\/?p=27396","og_locale":"fr_FR","og_type":"article","og_title":"Le rendez-vous festif, militant et \u00e9colo de l'\u00e9t\u00e9 2023 - AlterTour","og_description":"Pour la 16\u00e8me \u00e9dition plus de 300 cyclistes vont parcourir l'Auvergne, la Bourgogne et la Franche-Comt\u00e9 \u00e0 la rencontre d\u2019alternatives !","og_url":"https:\/\/www.altercampagne.net\/?p=27396","og_site_name":"AlterTour","article_published_time":"2023-03-14T10:02:46+00:00","article_modified_time":"2024-04-09T09:13:46+00:00","og_image":[{"width":900,"height":470,"url":"https:\/\/www.altercampagne.net\/wp-content\/uploads\/2020\/01\/Guillaume-G-DSCF0981.jpg","type":"image\/jpeg"}],"author":"Brunelle","twitter_card":"summary_large_image","twitter_misc":{"\u00c9crit par":"Brunelle","Dur\u00e9e de lecture estim\u00e9e":"2 minutes"},"schema":{"@context":"https:\/\/schema.org","@graph":[{"@type":"Article","@id":"https:\/\/www.altercampagne.net\/?p=27396#article","isPartOf":{"@id":"https:\/\/www.altercampagne.net\/?p=27396"},"author":{"name":"Brunelle","@id":"https:\/\/www.altercampagne.net\/#\/schema\/person\/b7970639b8bbc1bba5a12da9417ad512"},"headline":"Le rendez-vous festif, militant et \u00e9colo de l&rsquo;\u00e9t\u00e9 2023","datePublished":"2023-03-14T10:02:46+00:00","dateModified":"2024-04-09T09:13:46+00:00","mainEntityOfPage":{"@id":"https:\/\/www.altercampagne.net\/?p=27396"},"wordCount":311,"image":{"@id":"https:\/\/www.altercampagne.net\/?p=27396#primaryimage"},"thumbnailUrl":"https:\/\/www.altercampagne.net\/wp-content\/uploads\/2020\/01\/Guillaume-G-DSCF0981.jpg","articleSection":["Auvergne-Rh\u00f4ne-Alpes","AlterTour","Bourgogne-Franche-Comt\u00e9","Edition 2023"],"inLanguage":"fr-FR"},{"@type":"WebPage","@id":"https:\/\/www.altercampagne.net\/?p=27396","url":"https:\/\/www.altercampagne.net\/?p=27396","name":"Le rendez-vous festif, militant et \u00e9colo de l'\u00e9t\u00e9 2023 - AlterTour","isPartOf":{"@id":"https:\/\/www.altercampagne.net\/#website"},"primaryImageOfPage":{"@id":"https:\/\/www.altercampagne.net\/?p=27396#primaryimage"},"image":{"@id":"https:\/\/www.altercampagne.net\/?p=27396#primaryimage"},"thumbnailUrl":"https:\/\/www.altercampagne.net\/wp-content\/uploads\/2020\/01\/Guillaume-G-DSCF0981.jpg","datePublished":"2023-03-14T10:02:46+00:00","dateModified":"2024-04-09T09:13:46+00:00","author":{"@id":"https:\/\/www.altercampagne.net\/#\/schema\/person\/b7970639b8bbc1bba5a12da9417ad512"},"breadcrumb":{"@id":"https:\/\/www.altercampagne.net\/?p=27396#breadcrumb"},"inLanguage":"fr-FR","potentialAction":[{"@type":"ReadAction","target":["https:\/\/www.altercampagne.net\/?p=27396"]}]},{"@type":"ImageObject","inLanguage":"fr-FR","@id":"https:\/\/www.altercampagne.net\/?p=27396#primaryimage","url":"https:\/\/www.altercampagne.net\/wp-content\/uploads\/2020\/01\/Guillaume-G-DSCF0981.jpg","contentUrl":"https:\/\/www.altercampagne.net\/wp-content\/uploads\/2020\/01\/Guillaume-G-DSCF0981.jpg","width":900,"height":470},{"@type":"BreadcrumbList","@id":"https:\/\/www.altercampagne.net\/?p=27396#breadcrumb","itemListElement":[{"@type":"ListItem","position":1,"name":"Accueil","item":"https:\/\/www.altercampagne.net\/"},{"@type":"ListItem","position":2,"name":"Le rendez-vous festif, militant et \u00e9colo de l&rsquo;\u00e9t\u00e9 2023"}]},{"@type":"WebSite","@id":"https:\/\/www.altercampagne.net\/#website","url":"https:\/\/www.altercampagne.net\/","name":"AlterTour","description":"Reliez les Alternatives \u00e0 v\u00e9lo","potentialAction":[{"@type":"SearchAction","target":{"@type":"EntryPoint","urlTemplate":"https:\/\/www.altercampagne.net\/?s={search_term_string}"},"query-input":{"@type":"PropertyValueSpecification","valueRequired":true,"valueName":"search_term_string"}}],"inLanguage":"fr-FR"},{"@type":"Person","@id":"https:\/\/www.altercampagne.net\/#\/schema\/person\/b7970639b8bbc1bba5a12da9417ad512","name":"Brunelle","image":{"@type":"ImageObject","inLanguage":"fr-FR","@id":"https:\/\/secure.gravatar.com\/avatar\/70edc45ba2cc6ad30cb81b453241ce7be3302cbdd5fab275bf4b9d2807d08de0?s=96&d=mm&r=g","url":"https:\/\/secure.gravatar.com\/avatar\/70edc45ba2cc6ad30cb81b453241ce7be3302cbdd5fab275bf4b9d2807d08de0?s=96&d=mm&r=g","contentUrl":"https:\/\/secure.gravatar.com\/avatar\/70edc45ba2cc6ad30cb81b453241ce7be3302cbdd5fab275bf4b9d2807d08de0?s=96&d=mm&r=g","caption":"Brunelle"},"url":"https:\/\/www.altercampagne.net\/?author=290"}]}},"_links":{"self":[{"href":"https:\/\/www.altercampagne.net\/index.php?rest_route=\/wp\/v2\/posts\/27396","targetHints":{"allow":["GET"]}}],"collection":[{"href":"https:\/\/www.altercampagne.net\/index.php?rest_route=\/wp\/v2\/posts"}],"about":[{"href":"https:\/\/www.altercampagne.net\/index.php?rest_route=\/wp\/v2\/types\/post"}],"author":[{"embeddable":true,"href":"https:\/\/www.altercampagne.net\/index.php?rest_route=\/wp\/v2\/users\/290"}],"replies":[{"embeddable":true,"href":"https:\/\/www.altercampagne.net\/index.php?rest_route=%2Fwp%2Fv2%2Fcomments&post=27396"}],"version-history":[{"count":7,"href":"https:\/\/www.altercampagne.net\/index.php?rest_route=\/wp\/v2\/posts\/27396\/revisions"}],"predecessor-version":[{"id":28225,"href":"https:\/\/www.altercampagne.net\/index.php?rest_route=\/wp\/v2\/posts\/27396\/revisions\/28225"}],"wp:featuredmedia":[{"embeddable":true,"href":"https:\/\/www.altercampagne.net\/index.php?rest_route=\/wp\/v2\/media\/16944"}],"wp:attachment":[{"href":"https:\/\/www.altercampagne.net\/index.php?rest_route=%2Fwp%2Fv2%2Fmedia&parent=27396"}],"wp:term":[{"taxonomy":"category","embeddable":true,"href":"https:\/\/www.altercampagne.net\/index.php?rest_route=%2Fwp%2Fv2%2Fcategories&post=27396"},{"taxonomy":"post_tag","embeddable":true,"href":"https:\/\/www.altercampagne.net\/index.php?rest_route=%2Fwp%2Fv2%2Ftags&post=27396"}],"curies":[{"name":"wp","href":"https:\/\/api.w.org\/{rel}","templated":true}]}}