{"id":2740,"date":"2014-07-09T09:58:03","date_gmt":"2014-07-09T07:58:03","guid":{"rendered":"http:\/\/www.altercampagne.net\/?p=2740"},"modified":"2016-01-23T10:00:05","modified_gmt":"2016-01-23T09:00:05","slug":"avant-le-tour-laltertour","status":"publish","type":"post","link":"https:\/\/www.altercampagne.net\/?p=2740","title":{"rendered":"Avant le Tour, l&rsquo;AlterTour"},"content":{"rendered":"<p class=\"Style271 Style138 Style152 Style142\" align=\"justify\">La 7e \u00e9dition de l\u2019AlterTour se d\u00e9roulera du 12 juillet au 17 ao\u00fbt 2014 au d\u00e9part de Saint-Etienne, \u00e0 quelques jours du passage de la Grand boucle dans la Loire.<\/p>\n<p class=\"Style271 Style138\" align=\"justify\">L&rsquo;AlterTour est une manifestation cycliste organis\u00e9e en France depuis 2008 par l&rsquo;association AlterCampagne. Cet Alter-Tour de France, \u00ab\u00a0pour une plan\u00e8te non dop\u00e9e\u00a0\u00bb, est un relais cycliste familial et sans comp\u00e9tition qui parcourt les routes de France chaque \u00e9t\u00e9 \u00e0 la rencontre d&rsquo;initiatives alternatives : agricoles, sociales, \u00e9nerg\u00e9tiques, \u00e9conomiques, solidaires, etc. En 2014, l&rsquo;AlterTour s&rsquo;\u00e9lancera de Saint-Etienne le 12 juillet pour se terminer \u00e0 La Rochelle le 17 ao\u00fbt. Il passera par la Haute-Loire, le Puy-de-D\u00f4me, le Cantal, la Corr\u00e8ze, la Haute Vienne, la Creuse, la Dordogne, la Charente, la Vienne, les Deux-S\u00e8vres et la Charente-Maritime.<\/p>\n<p class=\"Style271 Style138\" align=\"justify\">A Saint-Etienne, l&rsquo;accueil des participants sera assur\u00e9 par <a href=\"http:\/\/www.zoomdici.fr\/actualite\/Une-solution-pour-garer-son-velo-a-Saint-Etienne-id134597.html\" target=\"_blank\">Ociv\u00e9lo<\/a> et le <a href=\"http:\/\/www.loireamontvivante.fr\/\" target=\"_blank\">Collectif Loire amont vivante<\/a>. Les altercyclistes s&rsquo;installeront au parc mus\u00e9e Couriot pour y passer la nuit de samedi \u00e0 dimanche. Dimanche, ils prendront la direction du Pilat et de Saint-Genest-Malifaux.<\/p>\n","protected":false},"excerpt":{"rendered":"<p>La 7e \u00e9dition de l\u2019AlterTour se d\u00e9roulera du 12 juillet au 17 ao\u00fbt 2014 au d\u00e9part de Saint-Etienne, \u00e0 quelques jours du passage de la Grand boucle dans la Loire. L&rsquo;AlterTour est une manifestation cycliste organis\u00e9e en France depuis 2008 par l&rsquo;association AlterCampagne. Cet Alter-Tour de France, \u00ab\u00a0pour une plan\u00e8te &#8230; <\/p>\n<div><a href=\"https:\/\/www.altercampagne.net\/?p=2740\" class=\"more-link\">Read More<\/a><\/div>\n","protected":false},"author":214,"featured_media":0,"comment_status":"closed","ping_status":"closed","sticky":false,"template":"","format":"standard","meta":{"footnotes":""},"categories":[239],"tags":[150,151,159,186,319,650],"class_list":["post-2740","post","type-post","status-publish","format-standard","hentry","category-revue-de-presse","tag-saint-etienne","tag-saint-genest-malifaux","tag-ocivelo","tag-collectif-loire-amont-vivante","tag-altertour-2014","tag-zoom-dici","no-post-thumbnail"],"yoast_head":"<!-- This site is optimized with the Yoast SEO plugin v27.3 - https:\/\/yoast.com\/product\/yoast-seo-wordpress\/ -->\n<title>Avant le Tour, l&#039;AlterTour - AlterTour<\/title>\n<meta name=\"robots\" content=\"index, follow, max-snippet:-1, max-image-preview:large, max-video-preview:-1\" \/>\n<link rel=\"canonical\" href=\"https:\/\/www.altercampagne.net\/?p=2740\" \/>\n<meta property=\"og:locale\" content=\"fr_FR\" \/>\n<meta property=\"og:type\" content=\"article\" \/>\n<meta property=\"og:title\" content=\"Avant le Tour, l&#039;AlterTour - AlterTour\" \/>\n<meta property=\"og:description\" content=\"La 7e \u00e9dition de l\u2019AlterTour se d\u00e9roulera du 12 juillet au 17 ao\u00fbt 2014 au d\u00e9part de Saint-Etienne, \u00e0 quelques jours du passage de la Grand boucle dans la Loire. L&rsquo;AlterTour est une manifestation cycliste organis\u00e9e en France depuis 2008 par l&rsquo;association AlterCampagne. Cet Alter-Tour de France, \u00ab\u00a0pour une plan\u00e8te ... Read More\" \/>\n<meta property=\"og:url\" content=\"https:\/\/www.altercampagne.net\/?p=2740\" \/>\n<meta property=\"og:site_name\" content=\"AlterTour\" \/>\n<meta property=\"article:published_time\" content=\"2014-07-09T07:58:03+00:00\" \/>\n<meta property=\"article:modified_time\" content=\"2016-01-23T09:00:05+00:00\" \/>\n<meta name=\"author\" content=\"Mathieu\" \/>\n<meta name=\"twitter:card\" content=\"summary_large_image\" \/>\n<meta name=\"twitter:label1\" content=\"\u00c9crit par\" \/>\n\t<meta name=\"twitter:data1\" content=\"Mathieu\" \/>\n\t<meta name=\"twitter:label2\" content=\"Dur\u00e9e de lecture estim\u00e9e\" \/>\n\t<meta name=\"twitter:data2\" content=\"1 minute\" \/>\n<script type=\"application\/ld+json\" class=\"yoast-schema-graph\">{\"@context\":\"https:\\\/\\\/schema.org\",\"@graph\":[{\"@type\":\"Article\",\"@id\":\"https:\\\/\\\/www.altercampagne.net\\\/?p=2740#article\",\"isPartOf\":{\"@id\":\"https:\\\/\\\/www.altercampagne.net\\\/?p=2740\"},\"author\":{\"name\":\"Mathieu\",\"@id\":\"https:\\\/\\\/www.altercampagne.net\\\/#\\\/schema\\\/person\\\/0f261460c09e430caa0f9bcffa319109\"},\"headline\":\"Avant le Tour, l&rsquo;AlterTour\",\"datePublished\":\"2014-07-09T07:58:03+00:00\",\"dateModified\":\"2016-01-23T09:00:05+00:00\",\"mainEntityOfPage\":{\"@id\":\"https:\\\/\\\/www.altercampagne.net\\\/?p=2740\"},\"wordCount\":181,\"keywords\":[\"Saint Etienne\",\"Saint-Genest-Malifaux\",\"Ociv\u00e9lo\",\"Collectif loire amont vivante\",\"altertour 2014\",\"zoom d'ici\"],\"articleSection\":[\"Revue de presse\"],\"inLanguage\":\"fr-FR\"},{\"@type\":\"WebPage\",\"@id\":\"https:\\\/\\\/www.altercampagne.net\\\/?p=2740\",\"url\":\"https:\\\/\\\/www.altercampagne.net\\\/?p=2740\",\"name\":\"Avant le Tour, l'AlterTour - AlterTour\",\"isPartOf\":{\"@id\":\"https:\\\/\\\/www.altercampagne.net\\\/#website\"},\"datePublished\":\"2014-07-09T07:58:03+00:00\",\"dateModified\":\"2016-01-23T09:00:05+00:00\",\"author\":{\"@id\":\"https:\\\/\\\/www.altercampagne.net\\\/#\\\/schema\\\/person\\\/0f261460c09e430caa0f9bcffa319109\"},\"breadcrumb\":{\"@id\":\"https:\\\/\\\/www.altercampagne.net\\\/?p=2740#breadcrumb\"},\"inLanguage\":\"fr-FR\",\"potentialAction\":[{\"@type\":\"ReadAction\",\"target\":[\"https:\\\/\\\/www.altercampagne.net\\\/?p=2740\"]}]},{\"@type\":\"BreadcrumbList\",\"@id\":\"https:\\\/\\\/www.altercampagne.net\\\/?p=2740#breadcrumb\",\"itemListElement\":[{\"@type\":\"ListItem\",\"position\":1,\"name\":\"Accueil\",\"item\":\"https:\\\/\\\/www.altercampagne.net\\\/\"},{\"@type\":\"ListItem\",\"position\":2,\"name\":\"Avant le Tour, l&rsquo;AlterTour\"}]},{\"@type\":\"WebSite\",\"@id\":\"https:\\\/\\\/www.altercampagne.net\\\/#website\",\"url\":\"https:\\\/\\\/www.altercampagne.net\\\/\",\"name\":\"AlterTour\",\"description\":\"Reliez les Alternatives \u00e0 v\u00e9lo\",\"potentialAction\":[{\"@type\":\"SearchAction\",\"target\":{\"@type\":\"EntryPoint\",\"urlTemplate\":\"https:\\\/\\\/www.altercampagne.net\\\/?s={search_term_string}\"},\"query-input\":{\"@type\":\"PropertyValueSpecification\",\"valueRequired\":true,\"valueName\":\"search_term_string\"}}],\"inLanguage\":\"fr-FR\"},{\"@type\":\"Person\",\"@id\":\"https:\\\/\\\/www.altercampagne.net\\\/#\\\/schema\\\/person\\\/0f261460c09e430caa0f9bcffa319109\",\"name\":\"Mathieu\",\"image\":{\"@type\":\"ImageObject\",\"inLanguage\":\"fr-FR\",\"@id\":\"https:\\\/\\\/secure.gravatar.com\\\/avatar\\\/aa9d3d24c83f2141e5e2709d0f63d09a99f6be6bb7a50abc4915838d9f54501a?s=96&d=mm&r=g\",\"url\":\"https:\\\/\\\/secure.gravatar.com\\\/avatar\\\/aa9d3d24c83f2141e5e2709d0f63d09a99f6be6bb7a50abc4915838d9f54501a?s=96&d=mm&r=g\",\"contentUrl\":\"https:\\\/\\\/secure.gravatar.com\\\/avatar\\\/aa9d3d24c83f2141e5e2709d0f63d09a99f6be6bb7a50abc4915838d9f54501a?s=96&d=mm&r=g\",\"caption\":\"Mathieu\"},\"url\":\"https:\\\/\\\/www.altercampagne.net\\\/?author=214\"}]}<\/script>\n<!-- \/ Yoast SEO plugin. -->","yoast_head_json":{"title":"Avant le Tour, l'AlterTour - AlterTour","robots":{"index":"index","follow":"follow","max-snippet":"max-snippet:-1","max-image-preview":"max-image-preview:large","max-video-preview":"max-video-preview:-1"},"canonical":"https:\/\/www.altercampagne.net\/?p=2740","og_locale":"fr_FR","og_type":"article","og_title":"Avant le Tour, l'AlterTour - AlterTour","og_description":"La 7e \u00e9dition de l\u2019AlterTour se d\u00e9roulera du 12 juillet au 17 ao\u00fbt 2014 au d\u00e9part de Saint-Etienne, \u00e0 quelques jours du passage de la Grand boucle dans la Loire. L&rsquo;AlterTour est une manifestation cycliste organis\u00e9e en France depuis 2008 par l&rsquo;association AlterCampagne. Cet Alter-Tour de France, \u00ab\u00a0pour une plan\u00e8te ... Read More","og_url":"https:\/\/www.altercampagne.net\/?p=2740","og_site_name":"AlterTour","article_published_time":"2014-07-09T07:58:03+00:00","article_modified_time":"2016-01-23T09:00:05+00:00","author":"Mathieu","twitter_card":"summary_large_image","twitter_misc":{"\u00c9crit par":"Mathieu","Dur\u00e9e de lecture estim\u00e9e":"1 minute"},"schema":{"@context":"https:\/\/schema.org","@graph":[{"@type":"Article","@id":"https:\/\/www.altercampagne.net\/?p=2740#article","isPartOf":{"@id":"https:\/\/www.altercampagne.net\/?p=2740"},"author":{"name":"Mathieu","@id":"https:\/\/www.altercampagne.net\/#\/schema\/person\/0f261460c09e430caa0f9bcffa319109"},"headline":"Avant le Tour, l&rsquo;AlterTour","datePublished":"2014-07-09T07:58:03+00:00","dateModified":"2016-01-23T09:00:05+00:00","mainEntityOfPage":{"@id":"https:\/\/www.altercampagne.net\/?p=2740"},"wordCount":181,"keywords":["Saint Etienne","Saint-Genest-Malifaux","Ociv\u00e9lo","Collectif loire amont vivante","altertour 2014","zoom d'ici"],"articleSection":["Revue de presse"],"inLanguage":"fr-FR"},{"@type":"WebPage","@id":"https:\/\/www.altercampagne.net\/?p=2740","url":"https:\/\/www.altercampagne.net\/?p=2740","name":"Avant le Tour, l'AlterTour - AlterTour","isPartOf":{"@id":"https:\/\/www.altercampagne.net\/#website"},"datePublished":"2014-07-09T07:58:03+00:00","dateModified":"2016-01-23T09:00:05+00:00","author":{"@id":"https:\/\/www.altercampagne.net\/#\/schema\/person\/0f261460c09e430caa0f9bcffa319109"},"breadcrumb":{"@id":"https:\/\/www.altercampagne.net\/?p=2740#breadcrumb"},"inLanguage":"fr-FR","potentialAction":[{"@type":"ReadAction","target":["https:\/\/www.altercampagne.net\/?p=2740"]}]},{"@type":"BreadcrumbList","@id":"https:\/\/www.altercampagne.net\/?p=2740#breadcrumb","itemListElement":[{"@type":"ListItem","position":1,"name":"Accueil","item":"https:\/\/www.altercampagne.net\/"},{"@type":"ListItem","position":2,"name":"Avant le Tour, l&rsquo;AlterTour"}]},{"@type":"WebSite","@id":"https:\/\/www.altercampagne.net\/#website","url":"https:\/\/www.altercampagne.net\/","name":"AlterTour","description":"Reliez les Alternatives \u00e0 v\u00e9lo","potentialAction":[{"@type":"SearchAction","target":{"@type":"EntryPoint","urlTemplate":"https:\/\/www.altercampagne.net\/?s={search_term_string}"},"query-input":{"@type":"PropertyValueSpecification","valueRequired":true,"valueName":"search_term_string"}}],"inLanguage":"fr-FR"},{"@type":"Person","@id":"https:\/\/www.altercampagne.net\/#\/schema\/person\/0f261460c09e430caa0f9bcffa319109","name":"Mathieu","image":{"@type":"ImageObject","inLanguage":"fr-FR","@id":"https:\/\/secure.gravatar.com\/avatar\/aa9d3d24c83f2141e5e2709d0f63d09a99f6be6bb7a50abc4915838d9f54501a?s=96&d=mm&r=g","url":"https:\/\/secure.gravatar.com\/avatar\/aa9d3d24c83f2141e5e2709d0f63d09a99f6be6bb7a50abc4915838d9f54501a?s=96&d=mm&r=g","contentUrl":"https:\/\/secure.gravatar.com\/avatar\/aa9d3d24c83f2141e5e2709d0f63d09a99f6be6bb7a50abc4915838d9f54501a?s=96&d=mm&r=g","caption":"Mathieu"},"url":"https:\/\/www.altercampagne.net\/?author=214"}]}},"_links":{"self":[{"href":"https:\/\/www.altercampagne.net\/index.php?rest_route=\/wp\/v2\/posts\/2740","targetHints":{"allow":["GET"]}}],"collection":[{"href":"https:\/\/www.altercampagne.net\/index.php?rest_route=\/wp\/v2\/posts"}],"about":[{"href":"https:\/\/www.altercampagne.net\/index.php?rest_route=\/wp\/v2\/types\/post"}],"author":[{"embeddable":true,"href":"https:\/\/www.altercampagne.net\/index.php?rest_route=\/wp\/v2\/users\/214"}],"replies":[{"embeddable":true,"href":"https:\/\/www.altercampagne.net\/index.php?rest_route=%2Fwp%2Fv2%2Fcomments&post=2740"}],"version-history":[{"count":0,"href":"https:\/\/www.altercampagne.net\/index.php?rest_route=\/wp\/v2\/posts\/2740\/revisions"}],"wp:attachment":[{"href":"https:\/\/www.altercampagne.net\/index.php?rest_route=%2Fwp%2Fv2%2Fmedia&parent=2740"}],"wp:term":[{"taxonomy":"category","embeddable":true,"href":"https:\/\/www.altercampagne.net\/index.php?rest_route=%2Fwp%2Fv2%2Fcategories&post=2740"},{"taxonomy":"post_tag","embeddable":true,"href":"https:\/\/www.altercampagne.net\/index.php?rest_route=%2Fwp%2Fv2%2Ftags&post=2740"}],"curies":[{"name":"wp","href":"https:\/\/api.w.org\/{rel}","templated":true}]}}