{"id":2746,"date":"2014-07-12T10:08:35","date_gmt":"2014-07-12T08:08:35","guid":{"rendered":"http:\/\/www.altercampagne.net\/?p=2746"},"modified":"2016-01-23T10:11:42","modified_gmt":"2016-01-23T09:11:42","slug":"altertour-la-7e-edition-de-lanti-tour-de-france-selance-de-saint-etienne","status":"publish","type":"post","link":"https:\/\/www.altercampagne.net\/?p=2746","title":{"rendered":"AlterTour : la 7e \u00e9dition de l&rsquo;anti-Tour de France s&rsquo;\u00e9lance de Saint-\u00c9tienne"},"content":{"rendered":"<p>Cela fait sept ans que l&rsquo;AlterTour existe. Ce Tour de France des alternatives \u00e0 v\u00e9lo s&rsquo;\u00e9lance \u00e0 partir de ce dimanche de Saint-\u00c9tienne. Au programme, cinq semaines de rencontres \u00e0 v\u00e9lo lors d&rsquo;un parcours de 1250 km.<\/p>\n<div align=\"justify\">\n<p class=\"Style271 Style138\">Pour la premi\u00e8re fois de sa courte histoire, l&rsquo;AlterTour passera par Saint-\u00c9tienne. Mieux, pour sa 7e \u00e9dition, le Tour de France des alternatives commencera son parcours dans la capitale lig\u00e9rienne. L&rsquo;AlterTour, c&rsquo;est un peu l&rsquo;anti-Tour de France. \u00ab\u00a0<em>Un monde sans dopages<\/em>\u00ab\u00a0, pr\u00e9viennent les organisateurs.<\/p>\n<p class=\"Style271 Style138\">Au programme,<strong> les \u00ab\u00a0alter-cyclistes\u00a0\u00bb vont rencontrer des agriculteurs bio, des collectifs qui se battent pour la reconstruction d&rsquo;un barrage sur la Loire, d&rsquo;entreprises en autogestion<\/strong>. Chaque \u00e9dition de l&rsquo;AlterTour est structur\u00e9e autour d&rsquo;un th\u00e8me.<\/p>\n<p class=\"Style271 Style138\">Cette ann\u00e9e, il s&rsquo;agit de \u00ab\u00a0<em>Travailler pour qui, pourQuoi ?<\/em>\u00ab\u00a0.<\/p>\n<div style=\"width: 472px\" class=\"wp-caption aligncenter\"><img loading=\"lazy\" decoding=\"async\" class=\"\" src=\"http:\/\/altercampagne.free.fr\/pages\/2008\/AlterTour\/pic\/AT2014-francebleu.jpg\" alt=\"\" width=\"462\" height=\"347\" \/><p class=\"wp-caption-text\">Accueil des Altercyclistes \u00e0 la Gare de Chateaucreux Maxime Fayolle \u00a9 Radio France<\/p><\/div>\n<p class=\"Style271 Style138\" align=\"justify\">Apr\u00e8s l&rsquo;accueil des premiers participants \u00e0 Chateaucreux samedi, le d\u00e9part de l&rsquo;AlterTour se fera ce dimanche \u00e0 9h, direction Saint-Genest-Malifaux. Les participants, eux, sont souvent des habitu\u00e9s. 40 \u00e0 50% reviennent d&rsquo;une ann\u00e9e sur l&rsquo;autre. Ce qui compte pour eux, c&rsquo;est la rencontre, l&rsquo;aventure humaine en autogestion.<\/p>\n<p class=\"Style271 Style138\" align=\"justify\">Au terme des 37 jours de v\u00e9lo, les \u00ab\u00a0alter-cyclistes\u00a0\u00bb rejoindront La Rochelle, le 17 ao\u00fbt prochain. Il est possible de s&rsquo;inscrire en ligne pour participer \u00e0 une ou plusieurs \u00e9tapes. 300 personnes ont d\u00e9j\u00e0 r\u00e9serv\u00e9 leur place dans un des relais. Un chiffre qui gonfle d&rsquo;ann\u00e9e en ann\u00e9e.<\/p>\n<p class=\"Style271 Style138\" align=\"justify\">Source : <a href=\"http:\/\/www.francebleu.fr\/societe\/tour-de-france\/altertour-la-7eme-edition-de-l-anti-tour-de-france-s-elance-de-saint-etienne-1661095\" target=\"_blank\">France Bleu<\/a><\/p>\n<\/div>\n","protected":false},"excerpt":{"rendered":"<p>Cela fait sept ans que l&rsquo;AlterTour existe. Ce Tour de France des alternatives \u00e0 v\u00e9lo s&rsquo;\u00e9lance \u00e0 partir de ce dimanche de Saint-\u00c9tienne. Au programme, cinq semaines de rencontres \u00e0 v\u00e9lo lors d&rsquo;un parcours de 1250 km. Pour la premi\u00e8re fois de sa courte histoire, l&rsquo;AlterTour passera par Saint-\u00c9tienne. Mieux, &#8230; <\/p>\n<div><a href=\"https:\/\/www.altercampagne.net\/?p=2746\" class=\"more-link\">Read More<\/a><\/div>\n","protected":false},"author":214,"featured_media":0,"comment_status":"closed","ping_status":"closed","sticky":false,"template":"","format":"standard","meta":{"footnotes":""},"categories":[239],"tags":[35,150,151,319,654,655,656,657],"class_list":["post-2746","post","type-post","status-publish","format-standard","hentry","category-revue-de-presse","tag-autogestion","tag-saint-etienne","tag-saint-genest-malifaux","tag-altertour-2014","tag-travailler-pour-qui","tag-pourquoi","tag-la-rochelle","tag-france-bleu","no-post-thumbnail"],"yoast_head":"<!-- This site is optimized with the Yoast SEO plugin v27.3 - https:\/\/yoast.com\/product\/yoast-seo-wordpress\/ -->\n<title>AlterTour : la 7e \u00e9dition de l&#039;anti-Tour de France s&#039;\u00e9lance de Saint-\u00c9tienne - AlterTour<\/title>\n<meta name=\"robots\" content=\"index, follow, max-snippet:-1, max-image-preview:large, max-video-preview:-1\" \/>\n<link rel=\"canonical\" href=\"https:\/\/www.altercampagne.net\/?p=2746\" \/>\n<meta property=\"og:locale\" content=\"fr_FR\" \/>\n<meta property=\"og:type\" content=\"article\" \/>\n<meta property=\"og:title\" content=\"AlterTour : la 7e \u00e9dition de l&#039;anti-Tour de France s&#039;\u00e9lance de Saint-\u00c9tienne - AlterTour\" \/>\n<meta property=\"og:description\" content=\"Cela fait sept ans que l&rsquo;AlterTour existe. Ce Tour de France des alternatives \u00e0 v\u00e9lo s&rsquo;\u00e9lance \u00e0 partir de ce dimanche de Saint-\u00c9tienne. Au programme, cinq semaines de rencontres \u00e0 v\u00e9lo lors d&rsquo;un parcours de 1250 km. Pour la premi\u00e8re fois de sa courte histoire, l&rsquo;AlterTour passera par Saint-\u00c9tienne. Mieux, ... Read More\" \/>\n<meta property=\"og:url\" content=\"https:\/\/www.altercampagne.net\/?p=2746\" \/>\n<meta property=\"og:site_name\" content=\"AlterTour\" \/>\n<meta property=\"article:published_time\" content=\"2014-07-12T08:08:35+00:00\" \/>\n<meta property=\"article:modified_time\" content=\"2016-01-23T09:11:42+00:00\" \/>\n<meta property=\"og:image\" content=\"http:\/\/altercampagne.free.fr\/pages\/2008\/AlterTour\/pic\/AT2014-francebleu.jpg\" \/>\n<meta name=\"author\" content=\"Mathieu\" \/>\n<meta name=\"twitter:card\" content=\"summary_large_image\" \/>\n<meta name=\"twitter:label1\" content=\"\u00c9crit par\" \/>\n\t<meta name=\"twitter:data1\" content=\"Mathieu\" \/>\n\t<meta name=\"twitter:label2\" content=\"Dur\u00e9e de lecture estim\u00e9e\" \/>\n\t<meta name=\"twitter:data2\" content=\"1 minute\" \/>\n<script type=\"application\/ld+json\" class=\"yoast-schema-graph\">{\"@context\":\"https:\\\/\\\/schema.org\",\"@graph\":[{\"@type\":\"Article\",\"@id\":\"https:\\\/\\\/www.altercampagne.net\\\/?p=2746#article\",\"isPartOf\":{\"@id\":\"https:\\\/\\\/www.altercampagne.net\\\/?p=2746\"},\"author\":{\"name\":\"Mathieu\",\"@id\":\"https:\\\/\\\/www.altercampagne.net\\\/#\\\/schema\\\/person\\\/0f261460c09e430caa0f9bcffa319109\"},\"headline\":\"AlterTour : la 7e \u00e9dition de l&rsquo;anti-Tour de France s&rsquo;\u00e9lance de Saint-\u00c9tienne\",\"datePublished\":\"2014-07-12T08:08:35+00:00\",\"dateModified\":\"2016-01-23T09:11:42+00:00\",\"mainEntityOfPage\":{\"@id\":\"https:\\\/\\\/www.altercampagne.net\\\/?p=2746\"},\"wordCount\":280,\"image\":{\"@id\":\"https:\\\/\\\/www.altercampagne.net\\\/?p=2746#primaryimage\"},\"thumbnailUrl\":\"http:\\\/\\\/altercampagne.free.fr\\\/pages\\\/2008\\\/AlterTour\\\/pic\\\/AT2014-francebleu.jpg\",\"keywords\":[\"autogestion\",\"Saint Etienne\",\"Saint-Genest-Malifaux\",\"altertour 2014\",\"Travailler pour qui\",\"pourQuoi ?\",\"La Rochelle\",\"France Bleu\"],\"articleSection\":[\"Revue de presse\"],\"inLanguage\":\"fr-FR\"},{\"@type\":\"WebPage\",\"@id\":\"https:\\\/\\\/www.altercampagne.net\\\/?p=2746\",\"url\":\"https:\\\/\\\/www.altercampagne.net\\\/?p=2746\",\"name\":\"AlterTour : la 7e \u00e9dition de l'anti-Tour de France s'\u00e9lance de Saint-\u00c9tienne - AlterTour\",\"isPartOf\":{\"@id\":\"https:\\\/\\\/www.altercampagne.net\\\/#website\"},\"primaryImageOfPage\":{\"@id\":\"https:\\\/\\\/www.altercampagne.net\\\/?p=2746#primaryimage\"},\"image\":{\"@id\":\"https:\\\/\\\/www.altercampagne.net\\\/?p=2746#primaryimage\"},\"thumbnailUrl\":\"http:\\\/\\\/altercampagne.free.fr\\\/pages\\\/2008\\\/AlterTour\\\/pic\\\/AT2014-francebleu.jpg\",\"datePublished\":\"2014-07-12T08:08:35+00:00\",\"dateModified\":\"2016-01-23T09:11:42+00:00\",\"author\":{\"@id\":\"https:\\\/\\\/www.altercampagne.net\\\/#\\\/schema\\\/person\\\/0f261460c09e430caa0f9bcffa319109\"},\"breadcrumb\":{\"@id\":\"https:\\\/\\\/www.altercampagne.net\\\/?p=2746#breadcrumb\"},\"inLanguage\":\"fr-FR\",\"potentialAction\":[{\"@type\":\"ReadAction\",\"target\":[\"https:\\\/\\\/www.altercampagne.net\\\/?p=2746\"]}]},{\"@type\":\"ImageObject\",\"inLanguage\":\"fr-FR\",\"@id\":\"https:\\\/\\\/www.altercampagne.net\\\/?p=2746#primaryimage\",\"url\":\"http:\\\/\\\/altercampagne.free.fr\\\/pages\\\/2008\\\/AlterTour\\\/pic\\\/AT2014-francebleu.jpg\",\"contentUrl\":\"http:\\\/\\\/altercampagne.free.fr\\\/pages\\\/2008\\\/AlterTour\\\/pic\\\/AT2014-francebleu.jpg\"},{\"@type\":\"BreadcrumbList\",\"@id\":\"https:\\\/\\\/www.altercampagne.net\\\/?p=2746#breadcrumb\",\"itemListElement\":[{\"@type\":\"ListItem\",\"position\":1,\"name\":\"Accueil\",\"item\":\"https:\\\/\\\/www.altercampagne.net\\\/\"},{\"@type\":\"ListItem\",\"position\":2,\"name\":\"AlterTour : la 7e \u00e9dition de l&rsquo;anti-Tour de France s&rsquo;\u00e9lance de Saint-\u00c9tienne\"}]},{\"@type\":\"WebSite\",\"@id\":\"https:\\\/\\\/www.altercampagne.net\\\/#website\",\"url\":\"https:\\\/\\\/www.altercampagne.net\\\/\",\"name\":\"AlterTour\",\"description\":\"Reliez les Alternatives \u00e0 v\u00e9lo\",\"potentialAction\":[{\"@type\":\"SearchAction\",\"target\":{\"@type\":\"EntryPoint\",\"urlTemplate\":\"https:\\\/\\\/www.altercampagne.net\\\/?s={search_term_string}\"},\"query-input\":{\"@type\":\"PropertyValueSpecification\",\"valueRequired\":true,\"valueName\":\"search_term_string\"}}],\"inLanguage\":\"fr-FR\"},{\"@type\":\"Person\",\"@id\":\"https:\\\/\\\/www.altercampagne.net\\\/#\\\/schema\\\/person\\\/0f261460c09e430caa0f9bcffa319109\",\"name\":\"Mathieu\",\"image\":{\"@type\":\"ImageObject\",\"inLanguage\":\"fr-FR\",\"@id\":\"https:\\\/\\\/secure.gravatar.com\\\/avatar\\\/aa9d3d24c83f2141e5e2709d0f63d09a99f6be6bb7a50abc4915838d9f54501a?s=96&d=mm&r=g\",\"url\":\"https:\\\/\\\/secure.gravatar.com\\\/avatar\\\/aa9d3d24c83f2141e5e2709d0f63d09a99f6be6bb7a50abc4915838d9f54501a?s=96&d=mm&r=g\",\"contentUrl\":\"https:\\\/\\\/secure.gravatar.com\\\/avatar\\\/aa9d3d24c83f2141e5e2709d0f63d09a99f6be6bb7a50abc4915838d9f54501a?s=96&d=mm&r=g\",\"caption\":\"Mathieu\"},\"url\":\"https:\\\/\\\/www.altercampagne.net\\\/?author=214\"}]}<\/script>\n<!-- \/ Yoast SEO plugin. -->","yoast_head_json":{"title":"AlterTour : la 7e \u00e9dition de l'anti-Tour de France s'\u00e9lance de Saint-\u00c9tienne - AlterTour","robots":{"index":"index","follow":"follow","max-snippet":"max-snippet:-1","max-image-preview":"max-image-preview:large","max-video-preview":"max-video-preview:-1"},"canonical":"https:\/\/www.altercampagne.net\/?p=2746","og_locale":"fr_FR","og_type":"article","og_title":"AlterTour : la 7e \u00e9dition de l'anti-Tour de France s'\u00e9lance de Saint-\u00c9tienne - AlterTour","og_description":"Cela fait sept ans que l&rsquo;AlterTour existe. Ce Tour de France des alternatives \u00e0 v\u00e9lo s&rsquo;\u00e9lance \u00e0 partir de ce dimanche de Saint-\u00c9tienne. Au programme, cinq semaines de rencontres \u00e0 v\u00e9lo lors d&rsquo;un parcours de 1250 km. Pour la premi\u00e8re fois de sa courte histoire, l&rsquo;AlterTour passera par Saint-\u00c9tienne. Mieux, ... Read More","og_url":"https:\/\/www.altercampagne.net\/?p=2746","og_site_name":"AlterTour","article_published_time":"2014-07-12T08:08:35+00:00","article_modified_time":"2016-01-23T09:11:42+00:00","og_image":[{"url":"http:\/\/altercampagne.free.fr\/pages\/2008\/AlterTour\/pic\/AT2014-francebleu.jpg","type":"","width":"","height":""}],"author":"Mathieu","twitter_card":"summary_large_image","twitter_misc":{"\u00c9crit par":"Mathieu","Dur\u00e9e de lecture estim\u00e9e":"1 minute"},"schema":{"@context":"https:\/\/schema.org","@graph":[{"@type":"Article","@id":"https:\/\/www.altercampagne.net\/?p=2746#article","isPartOf":{"@id":"https:\/\/www.altercampagne.net\/?p=2746"},"author":{"name":"Mathieu","@id":"https:\/\/www.altercampagne.net\/#\/schema\/person\/0f261460c09e430caa0f9bcffa319109"},"headline":"AlterTour : la 7e \u00e9dition de l&rsquo;anti-Tour de France s&rsquo;\u00e9lance de Saint-\u00c9tienne","datePublished":"2014-07-12T08:08:35+00:00","dateModified":"2016-01-23T09:11:42+00:00","mainEntityOfPage":{"@id":"https:\/\/www.altercampagne.net\/?p=2746"},"wordCount":280,"image":{"@id":"https:\/\/www.altercampagne.net\/?p=2746#primaryimage"},"thumbnailUrl":"http:\/\/altercampagne.free.fr\/pages\/2008\/AlterTour\/pic\/AT2014-francebleu.jpg","keywords":["autogestion","Saint Etienne","Saint-Genest-Malifaux","altertour 2014","Travailler pour qui","pourQuoi ?","La Rochelle","France Bleu"],"articleSection":["Revue de presse"],"inLanguage":"fr-FR"},{"@type":"WebPage","@id":"https:\/\/www.altercampagne.net\/?p=2746","url":"https:\/\/www.altercampagne.net\/?p=2746","name":"AlterTour : la 7e \u00e9dition de l'anti-Tour de France s'\u00e9lance de Saint-\u00c9tienne - AlterTour","isPartOf":{"@id":"https:\/\/www.altercampagne.net\/#website"},"primaryImageOfPage":{"@id":"https:\/\/www.altercampagne.net\/?p=2746#primaryimage"},"image":{"@id":"https:\/\/www.altercampagne.net\/?p=2746#primaryimage"},"thumbnailUrl":"http:\/\/altercampagne.free.fr\/pages\/2008\/AlterTour\/pic\/AT2014-francebleu.jpg","datePublished":"2014-07-12T08:08:35+00:00","dateModified":"2016-01-23T09:11:42+00:00","author":{"@id":"https:\/\/www.altercampagne.net\/#\/schema\/person\/0f261460c09e430caa0f9bcffa319109"},"breadcrumb":{"@id":"https:\/\/www.altercampagne.net\/?p=2746#breadcrumb"},"inLanguage":"fr-FR","potentialAction":[{"@type":"ReadAction","target":["https:\/\/www.altercampagne.net\/?p=2746"]}]},{"@type":"ImageObject","inLanguage":"fr-FR","@id":"https:\/\/www.altercampagne.net\/?p=2746#primaryimage","url":"http:\/\/altercampagne.free.fr\/pages\/2008\/AlterTour\/pic\/AT2014-francebleu.jpg","contentUrl":"http:\/\/altercampagne.free.fr\/pages\/2008\/AlterTour\/pic\/AT2014-francebleu.jpg"},{"@type":"BreadcrumbList","@id":"https:\/\/www.altercampagne.net\/?p=2746#breadcrumb","itemListElement":[{"@type":"ListItem","position":1,"name":"Accueil","item":"https:\/\/www.altercampagne.net\/"},{"@type":"ListItem","position":2,"name":"AlterTour : la 7e \u00e9dition de l&rsquo;anti-Tour de France s&rsquo;\u00e9lance de Saint-\u00c9tienne"}]},{"@type":"WebSite","@id":"https:\/\/www.altercampagne.net\/#website","url":"https:\/\/www.altercampagne.net\/","name":"AlterTour","description":"Reliez les Alternatives \u00e0 v\u00e9lo","potentialAction":[{"@type":"SearchAction","target":{"@type":"EntryPoint","urlTemplate":"https:\/\/www.altercampagne.net\/?s={search_term_string}"},"query-input":{"@type":"PropertyValueSpecification","valueRequired":true,"valueName":"search_term_string"}}],"inLanguage":"fr-FR"},{"@type":"Person","@id":"https:\/\/www.altercampagne.net\/#\/schema\/person\/0f261460c09e430caa0f9bcffa319109","name":"Mathieu","image":{"@type":"ImageObject","inLanguage":"fr-FR","@id":"https:\/\/secure.gravatar.com\/avatar\/aa9d3d24c83f2141e5e2709d0f63d09a99f6be6bb7a50abc4915838d9f54501a?s=96&d=mm&r=g","url":"https:\/\/secure.gravatar.com\/avatar\/aa9d3d24c83f2141e5e2709d0f63d09a99f6be6bb7a50abc4915838d9f54501a?s=96&d=mm&r=g","contentUrl":"https:\/\/secure.gravatar.com\/avatar\/aa9d3d24c83f2141e5e2709d0f63d09a99f6be6bb7a50abc4915838d9f54501a?s=96&d=mm&r=g","caption":"Mathieu"},"url":"https:\/\/www.altercampagne.net\/?author=214"}]}},"_links":{"self":[{"href":"https:\/\/www.altercampagne.net\/index.php?rest_route=\/wp\/v2\/posts\/2746","targetHints":{"allow":["GET"]}}],"collection":[{"href":"https:\/\/www.altercampagne.net\/index.php?rest_route=\/wp\/v2\/posts"}],"about":[{"href":"https:\/\/www.altercampagne.net\/index.php?rest_route=\/wp\/v2\/types\/post"}],"author":[{"embeddable":true,"href":"https:\/\/www.altercampagne.net\/index.php?rest_route=\/wp\/v2\/users\/214"}],"replies":[{"embeddable":true,"href":"https:\/\/www.altercampagne.net\/index.php?rest_route=%2Fwp%2Fv2%2Fcomments&post=2746"}],"version-history":[{"count":0,"href":"https:\/\/www.altercampagne.net\/index.php?rest_route=\/wp\/v2\/posts\/2746\/revisions"}],"wp:attachment":[{"href":"https:\/\/www.altercampagne.net\/index.php?rest_route=%2Fwp%2Fv2%2Fmedia&parent=2746"}],"wp:term":[{"taxonomy":"category","embeddable":true,"href":"https:\/\/www.altercampagne.net\/index.php?rest_route=%2Fwp%2Fv2%2Fcategories&post=2746"},{"taxonomy":"post_tag","embeddable":true,"href":"https:\/\/www.altercampagne.net\/index.php?rest_route=%2Fwp%2Fv2%2Ftags&post=2746"}],"curies":[{"name":"wp","href":"https:\/\/api.w.org\/{rel}","templated":true}]}}