{"id":2748,"date":"2014-07-15T10:12:25","date_gmt":"2014-07-15T08:12:25","guid":{"rendered":"http:\/\/www.altercampagne.net\/?p=2748"},"modified":"2016-01-23T10:14:05","modified_gmt":"2016-01-23T09:14:05","slug":"laltertour-simplique-dans-les-evenements-locaux","status":"publish","type":"post","link":"https:\/\/www.altercampagne.net\/?p=2748","title":{"rendered":"L\u2019AlterTour s\u2019implique dans les \u00e9v\u00e9nements locaux"},"content":{"rendered":"<p class=\"Style271 Style138\" align=\"justify\">Cyclistes mais aussi citoyens impliqu\u00e9s dans d\u2019autres alternatives \u00e9nerg\u00e9tiques, agricoles ou des transports. Les participants recherchent sur les territoires des rencontres, initiatives ou exp\u00e9riences originales. Le groupe contacte des associations, artisans ou agriculteurs locaux. Ils tiennent \u00e0 s\u2019approvisionner sur place, en produits locaux, et bio de pr\u00e9f\u00e9rence.<\/p>\n<p class=\"Style271 Style138\" align=\"justify\">Annie explique : \u00ab Le voyage se pr\u00e9pare depuis septembre. On fait un parcours et cherchons les initiatives locales originales et alternatives \u00e0 d\u00e9couvrir. On passe dans une r\u00e9gion pour vraiment mieux la conna\u00eetre. On peut faire 8 ou 10 jours de v\u00e9lo, ou tout le parcours \u00bb. L\u2019AlterTour est organis\u00e9 depuis 7 ans.<\/p>\n<p class=\"Style271 Style138\" align=\"justify\">Claire, venue de la banlieue sud de Paris confie : \u00ab Sur le parcours on rencontre des gens tr\u00e8s diff\u00e9rents. Ici, c\u2019est la reconstruction du barrage que nous sommes venus voir. Nous nous interrogeons bien s\u00fbr et avons rencontr\u00e9 sur le site l\u2019association Loire amont vivante. En Haute-Loire, nous avons rendez-vous avec un Centre d\u2019accueil. Ensuite, nous allons \u00e0 un festival musical o\u00f9 l\u2019\u00e9lectricit\u00e9 est d\u2019origine solaire. Ce sera ainsi jusqu\u2019\u00e0 La Rochelle, au fil des rencontres multiples et des projets alternatifs \u00bb.<\/p>\n<p class=\"Style271 Style138\" align=\"justify\">Source : <a href=\"http:\/\/www.leprogres.fr\/loire\/2014\/07\/15\/l-altertour-s-implique-dans-les-evenements-locaux\" target=\"_blank\">Le Progr\u00e8s<\/a><\/p>\n","protected":false},"excerpt":{"rendered":"<p>Cyclistes mais aussi citoyens impliqu\u00e9s dans d\u2019autres alternatives \u00e9nerg\u00e9tiques, agricoles ou des transports. Les participants recherchent sur les territoires des rencontres, initiatives ou exp\u00e9riences originales. Le groupe contacte des associations, artisans ou agriculteurs locaux. Ils tiennent \u00e0 s\u2019approvisionner sur place, en produits locaux, et bio de pr\u00e9f\u00e9rence. Annie explique : &#8230; <\/p>\n<div><a href=\"https:\/\/www.altercampagne.net\/?p=2748\" class=\"more-link\">Read More<\/a><\/div>\n","protected":false},"author":214,"featured_media":0,"comment_status":"closed","ping_status":"closed","sticky":false,"template":"","format":"standard","meta":{"footnotes":""},"categories":[239],"tags":[319,607],"class_list":["post-2748","post","type-post","status-publish","format-standard","hentry","category-revue-de-presse","tag-altertour-2014","tag-le-progres","no-post-thumbnail"],"yoast_head":"<!-- This site is optimized with the Yoast SEO plugin v27.3 - https:\/\/yoast.com\/product\/yoast-seo-wordpress\/ -->\n<title>L\u2019AlterTour s\u2019implique dans les \u00e9v\u00e9nements locaux - AlterTour<\/title>\n<meta name=\"robots\" content=\"index, follow, max-snippet:-1, max-image-preview:large, max-video-preview:-1\" \/>\n<link rel=\"canonical\" href=\"https:\/\/www.altercampagne.net\/?p=2748\" \/>\n<meta property=\"og:locale\" content=\"fr_FR\" \/>\n<meta property=\"og:type\" content=\"article\" \/>\n<meta property=\"og:title\" content=\"L\u2019AlterTour s\u2019implique dans les \u00e9v\u00e9nements locaux - AlterTour\" \/>\n<meta property=\"og:description\" content=\"Cyclistes mais aussi citoyens impliqu\u00e9s dans d\u2019autres alternatives \u00e9nerg\u00e9tiques, agricoles ou des transports. Les participants recherchent sur les territoires des rencontres, initiatives ou exp\u00e9riences originales. Le groupe contacte des associations, artisans ou agriculteurs locaux. Ils tiennent \u00e0 s\u2019approvisionner sur place, en produits locaux, et bio de pr\u00e9f\u00e9rence. Annie explique : ... Read More\" \/>\n<meta property=\"og:url\" content=\"https:\/\/www.altercampagne.net\/?p=2748\" \/>\n<meta property=\"og:site_name\" content=\"AlterTour\" \/>\n<meta property=\"article:published_time\" content=\"2014-07-15T08:12:25+00:00\" \/>\n<meta property=\"article:modified_time\" content=\"2016-01-23T09:14:05+00:00\" \/>\n<meta name=\"author\" content=\"Mathieu\" \/>\n<meta name=\"twitter:card\" content=\"summary_large_image\" \/>\n<meta name=\"twitter:label1\" content=\"\u00c9crit par\" \/>\n\t<meta name=\"twitter:data1\" content=\"Mathieu\" \/>\n\t<meta name=\"twitter:label2\" content=\"Dur\u00e9e de lecture estim\u00e9e\" \/>\n\t<meta name=\"twitter:data2\" content=\"1 minute\" \/>\n<script type=\"application\/ld+json\" class=\"yoast-schema-graph\">{\"@context\":\"https:\\\/\\\/schema.org\",\"@graph\":[{\"@type\":\"Article\",\"@id\":\"https:\\\/\\\/www.altercampagne.net\\\/?p=2748#article\",\"isPartOf\":{\"@id\":\"https:\\\/\\\/www.altercampagne.net\\\/?p=2748\"},\"author\":{\"name\":\"Mathieu\",\"@id\":\"https:\\\/\\\/www.altercampagne.net\\\/#\\\/schema\\\/person\\\/0f261460c09e430caa0f9bcffa319109\"},\"headline\":\"L\u2019AlterTour s\u2019implique dans les \u00e9v\u00e9nements locaux\",\"datePublished\":\"2014-07-15T08:12:25+00:00\",\"dateModified\":\"2016-01-23T09:14:05+00:00\",\"mainEntityOfPage\":{\"@id\":\"https:\\\/\\\/www.altercampagne.net\\\/?p=2748\"},\"wordCount\":206,\"keywords\":[\"altertour 2014\",\"le progr\u00e8s\"],\"articleSection\":[\"Revue de presse\"],\"inLanguage\":\"fr-FR\"},{\"@type\":\"WebPage\",\"@id\":\"https:\\\/\\\/www.altercampagne.net\\\/?p=2748\",\"url\":\"https:\\\/\\\/www.altercampagne.net\\\/?p=2748\",\"name\":\"L\u2019AlterTour s\u2019implique dans les \u00e9v\u00e9nements locaux - AlterTour\",\"isPartOf\":{\"@id\":\"https:\\\/\\\/www.altercampagne.net\\\/#website\"},\"datePublished\":\"2014-07-15T08:12:25+00:00\",\"dateModified\":\"2016-01-23T09:14:05+00:00\",\"author\":{\"@id\":\"https:\\\/\\\/www.altercampagne.net\\\/#\\\/schema\\\/person\\\/0f261460c09e430caa0f9bcffa319109\"},\"breadcrumb\":{\"@id\":\"https:\\\/\\\/www.altercampagne.net\\\/?p=2748#breadcrumb\"},\"inLanguage\":\"fr-FR\",\"potentialAction\":[{\"@type\":\"ReadAction\",\"target\":[\"https:\\\/\\\/www.altercampagne.net\\\/?p=2748\"]}]},{\"@type\":\"BreadcrumbList\",\"@id\":\"https:\\\/\\\/www.altercampagne.net\\\/?p=2748#breadcrumb\",\"itemListElement\":[{\"@type\":\"ListItem\",\"position\":1,\"name\":\"Accueil\",\"item\":\"https:\\\/\\\/www.altercampagne.net\\\/\"},{\"@type\":\"ListItem\",\"position\":2,\"name\":\"L\u2019AlterTour s\u2019implique dans les \u00e9v\u00e9nements locaux\"}]},{\"@type\":\"WebSite\",\"@id\":\"https:\\\/\\\/www.altercampagne.net\\\/#website\",\"url\":\"https:\\\/\\\/www.altercampagne.net\\\/\",\"name\":\"AlterTour\",\"description\":\"Reliez les Alternatives \u00e0 v\u00e9lo\",\"potentialAction\":[{\"@type\":\"SearchAction\",\"target\":{\"@type\":\"EntryPoint\",\"urlTemplate\":\"https:\\\/\\\/www.altercampagne.net\\\/?s={search_term_string}\"},\"query-input\":{\"@type\":\"PropertyValueSpecification\",\"valueRequired\":true,\"valueName\":\"search_term_string\"}}],\"inLanguage\":\"fr-FR\"},{\"@type\":\"Person\",\"@id\":\"https:\\\/\\\/www.altercampagne.net\\\/#\\\/schema\\\/person\\\/0f261460c09e430caa0f9bcffa319109\",\"name\":\"Mathieu\",\"image\":{\"@type\":\"ImageObject\",\"inLanguage\":\"fr-FR\",\"@id\":\"https:\\\/\\\/secure.gravatar.com\\\/avatar\\\/aa9d3d24c83f2141e5e2709d0f63d09a99f6be6bb7a50abc4915838d9f54501a?s=96&d=mm&r=g\",\"url\":\"https:\\\/\\\/secure.gravatar.com\\\/avatar\\\/aa9d3d24c83f2141e5e2709d0f63d09a99f6be6bb7a50abc4915838d9f54501a?s=96&d=mm&r=g\",\"contentUrl\":\"https:\\\/\\\/secure.gravatar.com\\\/avatar\\\/aa9d3d24c83f2141e5e2709d0f63d09a99f6be6bb7a50abc4915838d9f54501a?s=96&d=mm&r=g\",\"caption\":\"Mathieu\"},\"url\":\"https:\\\/\\\/www.altercampagne.net\\\/?author=214\"}]}<\/script>\n<!-- \/ Yoast SEO plugin. -->","yoast_head_json":{"title":"L\u2019AlterTour s\u2019implique dans les \u00e9v\u00e9nements locaux - AlterTour","robots":{"index":"index","follow":"follow","max-snippet":"max-snippet:-1","max-image-preview":"max-image-preview:large","max-video-preview":"max-video-preview:-1"},"canonical":"https:\/\/www.altercampagne.net\/?p=2748","og_locale":"fr_FR","og_type":"article","og_title":"L\u2019AlterTour s\u2019implique dans les \u00e9v\u00e9nements locaux - AlterTour","og_description":"Cyclistes mais aussi citoyens impliqu\u00e9s dans d\u2019autres alternatives \u00e9nerg\u00e9tiques, agricoles ou des transports. Les participants recherchent sur les territoires des rencontres, initiatives ou exp\u00e9riences originales. Le groupe contacte des associations, artisans ou agriculteurs locaux. Ils tiennent \u00e0 s\u2019approvisionner sur place, en produits locaux, et bio de pr\u00e9f\u00e9rence. Annie explique : ... Read More","og_url":"https:\/\/www.altercampagne.net\/?p=2748","og_site_name":"AlterTour","article_published_time":"2014-07-15T08:12:25+00:00","article_modified_time":"2016-01-23T09:14:05+00:00","author":"Mathieu","twitter_card":"summary_large_image","twitter_misc":{"\u00c9crit par":"Mathieu","Dur\u00e9e de lecture estim\u00e9e":"1 minute"},"schema":{"@context":"https:\/\/schema.org","@graph":[{"@type":"Article","@id":"https:\/\/www.altercampagne.net\/?p=2748#article","isPartOf":{"@id":"https:\/\/www.altercampagne.net\/?p=2748"},"author":{"name":"Mathieu","@id":"https:\/\/www.altercampagne.net\/#\/schema\/person\/0f261460c09e430caa0f9bcffa319109"},"headline":"L\u2019AlterTour s\u2019implique dans les \u00e9v\u00e9nements locaux","datePublished":"2014-07-15T08:12:25+00:00","dateModified":"2016-01-23T09:14:05+00:00","mainEntityOfPage":{"@id":"https:\/\/www.altercampagne.net\/?p=2748"},"wordCount":206,"keywords":["altertour 2014","le progr\u00e8s"],"articleSection":["Revue de presse"],"inLanguage":"fr-FR"},{"@type":"WebPage","@id":"https:\/\/www.altercampagne.net\/?p=2748","url":"https:\/\/www.altercampagne.net\/?p=2748","name":"L\u2019AlterTour s\u2019implique dans les \u00e9v\u00e9nements locaux - AlterTour","isPartOf":{"@id":"https:\/\/www.altercampagne.net\/#website"},"datePublished":"2014-07-15T08:12:25+00:00","dateModified":"2016-01-23T09:14:05+00:00","author":{"@id":"https:\/\/www.altercampagne.net\/#\/schema\/person\/0f261460c09e430caa0f9bcffa319109"},"breadcrumb":{"@id":"https:\/\/www.altercampagne.net\/?p=2748#breadcrumb"},"inLanguage":"fr-FR","potentialAction":[{"@type":"ReadAction","target":["https:\/\/www.altercampagne.net\/?p=2748"]}]},{"@type":"BreadcrumbList","@id":"https:\/\/www.altercampagne.net\/?p=2748#breadcrumb","itemListElement":[{"@type":"ListItem","position":1,"name":"Accueil","item":"https:\/\/www.altercampagne.net\/"},{"@type":"ListItem","position":2,"name":"L\u2019AlterTour s\u2019implique dans les \u00e9v\u00e9nements locaux"}]},{"@type":"WebSite","@id":"https:\/\/www.altercampagne.net\/#website","url":"https:\/\/www.altercampagne.net\/","name":"AlterTour","description":"Reliez les Alternatives \u00e0 v\u00e9lo","potentialAction":[{"@type":"SearchAction","target":{"@type":"EntryPoint","urlTemplate":"https:\/\/www.altercampagne.net\/?s={search_term_string}"},"query-input":{"@type":"PropertyValueSpecification","valueRequired":true,"valueName":"search_term_string"}}],"inLanguage":"fr-FR"},{"@type":"Person","@id":"https:\/\/www.altercampagne.net\/#\/schema\/person\/0f261460c09e430caa0f9bcffa319109","name":"Mathieu","image":{"@type":"ImageObject","inLanguage":"fr-FR","@id":"https:\/\/secure.gravatar.com\/avatar\/aa9d3d24c83f2141e5e2709d0f63d09a99f6be6bb7a50abc4915838d9f54501a?s=96&d=mm&r=g","url":"https:\/\/secure.gravatar.com\/avatar\/aa9d3d24c83f2141e5e2709d0f63d09a99f6be6bb7a50abc4915838d9f54501a?s=96&d=mm&r=g","contentUrl":"https:\/\/secure.gravatar.com\/avatar\/aa9d3d24c83f2141e5e2709d0f63d09a99f6be6bb7a50abc4915838d9f54501a?s=96&d=mm&r=g","caption":"Mathieu"},"url":"https:\/\/www.altercampagne.net\/?author=214"}]}},"_links":{"self":[{"href":"https:\/\/www.altercampagne.net\/index.php?rest_route=\/wp\/v2\/posts\/2748","targetHints":{"allow":["GET"]}}],"collection":[{"href":"https:\/\/www.altercampagne.net\/index.php?rest_route=\/wp\/v2\/posts"}],"about":[{"href":"https:\/\/www.altercampagne.net\/index.php?rest_route=\/wp\/v2\/types\/post"}],"author":[{"embeddable":true,"href":"https:\/\/www.altercampagne.net\/index.php?rest_route=\/wp\/v2\/users\/214"}],"replies":[{"embeddable":true,"href":"https:\/\/www.altercampagne.net\/index.php?rest_route=%2Fwp%2Fv2%2Fcomments&post=2748"}],"version-history":[{"count":0,"href":"https:\/\/www.altercampagne.net\/index.php?rest_route=\/wp\/v2\/posts\/2748\/revisions"}],"wp:attachment":[{"href":"https:\/\/www.altercampagne.net\/index.php?rest_route=%2Fwp%2Fv2%2Fmedia&parent=2748"}],"wp:term":[{"taxonomy":"category","embeddable":true,"href":"https:\/\/www.altercampagne.net\/index.php?rest_route=%2Fwp%2Fv2%2Fcategories&post=2748"},{"taxonomy":"post_tag","embeddable":true,"href":"https:\/\/www.altercampagne.net\/index.php?rest_route=%2Fwp%2Fv2%2Ftags&post=2748"}],"curies":[{"name":"wp","href":"https:\/\/api.w.org\/{rel}","templated":true}]}}