{"id":2752,"date":"2014-07-15T10:17:58","date_gmt":"2014-07-15T08:17:58","guid":{"rendered":"http:\/\/www.altercampagne.net\/?p=2752"},"modified":"2024-10-01T05:57:36","modified_gmt":"2024-10-01T03:57:36","slug":"une-autre-grande-boucle-mathieu-fromont-cycliste-alternatif","status":"publish","type":"post","link":"https:\/\/www.altercampagne.net\/?p=2752","title":{"rendered":"Une autre grande boucle &#8211; Mathieu Fromont, cycliste alternatif"},"content":{"rendered":"<p class=\"Style271 Style138\">Mathieu Fromont, Franc-Comtois, fait du v\u00e9lo dans un esprit \u00ab anti-comp\u00e9titif \u00bb. Chaque \u00e9t\u00e9 depuis 2008, il parcourt entre 1.000 et 2.000 kilom\u00e8tres sur les routes fran\u00e7aises. Les 20 \u00e0 70 kilom\u00e8tres parcourus chaque jour lui permettent de rallier des producteurs locaux \u00e0 des associations et de dormir chez l\u2019habitant.<\/p>\n<p class=\"Style271 Style138\">Cette sorte d\u2019anti-Tour de France porte bien son nom : l\u2019AlterTour. C\u2019est l\u2019int\u00e9r\u00eat de Mathieu Fromont pour un mode de vie alternatif qui l\u2019a mis en selle : \u00ab Au d\u00e9but, \u00e7a me paraissait insurmontable. Maintenant, le v\u00e9lo est mon moyen de transport privil\u00e9gi\u00e9 \u00bb.<\/p>\n<div style=\"width: 410px\" class=\"wp-caption aligncenter\"><img loading=\"lazy\" decoding=\"async\" class=\"\" src=\"http:\/\/altercampagne.free.fr\/pages\/2008\/AlterTour\/pic\/AT2013-08-08_09.13.jpg\" alt=\"\" width=\"400\" height=\"595\"><p class=\"wp-caption-text\">Mathieu Fromont lors de l&rsquo;AlterTour 2013. Photo Guillaume de Crop<\/p><\/div>\n<p class=\"Style271 Style138\">\u00ab <strong>Le but c\u2019est de se promener<\/strong> \u00bb<\/p>\n<p class=\"Style271 Style138\">Le peloton de soixante randonneurs n\u2019a rien de comp\u00e9titif lui non plus : \u00ab On prend des petites routes. On ne roule pas en ligne droite car sinon on ne voit pas la richesse des paysages. On va \u00e0 notre rythme en prenant le temps de discuter : le but, c\u2019est de se promener. \u00bb La balade dure cinq semaines.<\/p>\n<p class=\"Style271 Style138\">Mathieu Fromont, qui a v\u00e9cu 12 ans \u00e0 Besan\u00e7on, est momentan\u00e9ment exil\u00e9 \u00e0 Clermont-Ferrand mais il esp\u00e8re rejoindre bient\u00f4t sa r\u00e9gion d\u2019origine. \u00ab La Franche-Comt\u00e9, c\u2019est tr\u00e8s adapt\u00e9 au v\u00e9lo. C\u2019est vallonn\u00e9, on ne s\u2019ennuie pas. Je ne prends pas forc\u00e9ment les v\u00e9loroutes, mais il y a plein de petites routes sympas. \u00bb<\/p>\n<p class=\"Style271 Style138\">Il n\u2019a pas encore pouss\u00e9 jusqu\u2019\u00e0 Budapest (la v\u00e9loroute qui passe par Besan\u00e7on y aboutit) mais cela pourrait \u00eatre pour bient\u00f4t.<\/p>\n<p class=\"Style271 Style138\" align=\"justify\"><strong>Direction La Rochelle<\/strong><\/p>\n<p class=\"Style271 Style138\" align=\"justify\">L\u2019AlterTour a pris le d\u00e9part dimanche de Saint-Etienne, alors que le \u00ab vrai \u00bb Tour, lui, p\u00e9dalait entre G\u00e9rardmer et Mulhouse. De toute fa\u00e7on, Mathieu Fromont ne le regarde \u00ab jamais. \u00bb Vendredi, le trentenaire \u00e9tait serein : \u00ab Nous avons fait l\u2019entretien g\u00e9n\u00e9ral des v\u00e9los il y a quelques semaines \u00bb.<\/p>\n<p class=\"Style271 Style138\" align=\"justify\">Pour toute caravane, deux v\u00e9hicules, l\u2019un pour les bagages, l\u2019autre pour se reposer. Il restait seulement quelques coups de fil \u00e0 des h\u00f4tes \u00e0 passer. Avant le d\u00e9part, Mathieu Fromont nous a d\u00e9ball\u00e9 le contenu de ses sacoches : \u00ab Des habits de pluie, \u00e7a c\u2019est tr\u00e8s important ! Et quelques habits de rechange, comme trois ou quatre tee-shirts, un jean\u2026 et ma gourde, bien s\u00fbr. \u00bb L\u2019arriv\u00e9e aura lieu \u00e0 La Rochelle le 17 ao\u00fbt, apr\u00e8s avoir fait des dizaines de rencontres et avoir emprunt\u00e9 plein de petites routes.<\/p>\n<p class=\"Style271 Style138\" align=\"right\">Laure DELACLOCHE<\/p>\n<p class=\"Style271 Style138\" align=\"justify\">Source : <a href=\"http:\/\/www.estrepublicain.fr\/doubs\/2014\/07\/15\/mathieu-fromont-cycliste-alternatif\" target=\"_blank\" rel=\"noopener noreferrer\">l&rsquo;Est R\u00e9publicain<\/a><\/p>\n","protected":false},"excerpt":{"rendered":"<p>Mathieu Fromont, Franc-Comtois, fait du v\u00e9lo dans un esprit \u00ab anti-comp\u00e9titif \u00bb. Chaque \u00e9t\u00e9 depuis 2008, il parcourt entre 1.000 et 2.000 kilom\u00e8tres sur les routes fran\u00e7aises. Les 20 \u00e0 70 kilom\u00e8tres parcourus chaque jour lui permettent de rallier des producteurs locaux \u00e0 des associations et de dormir chez l\u2019habitant. &#8230; <\/p>\n<div><a href=\"https:\/\/www.altercampagne.net\/?p=2752\" class=\"more-link\">Read More<\/a><\/div>\n","protected":false},"author":214,"featured_media":15700,"comment_status":"closed","ping_status":"closed","sticky":false,"template":"","format":"standard","meta":{"footnotes":""},"categories":[239,3461],"tags":[50,319,552,597,609,615,658,659,1018,4491],"class_list":["post-2752","post","type-post","status-publish","format-standard","has-post-thumbnail","hentry","category-revue-de-presse","category-edition-2014","tag-50","tag-altertour-2014","tag-mathieu-fromont","tag-doubs","tag-est-republicain","tag-guillaume-de-crop","tag-besancon","tag-anti-tour-de-france","tag-franche-comte","tag-4491"],"yoast_head":"<!-- This site is optimized with the Yoast SEO plugin v27.3 - https:\/\/yoast.com\/product\/yoast-seo-wordpress\/ -->\n<title>Une autre grande boucle - Mathieu Fromont, cycliste alternatif - AlterTour<\/title>\n<meta name=\"robots\" content=\"index, follow, max-snippet:-1, max-image-preview:large, max-video-preview:-1\" \/>\n<link rel=\"canonical\" href=\"https:\/\/www.altercampagne.net\/?p=2752\" \/>\n<meta property=\"og:locale\" content=\"fr_FR\" \/>\n<meta property=\"og:type\" content=\"article\" \/>\n<meta property=\"og:title\" content=\"Une autre grande boucle - Mathieu Fromont, cycliste alternatif - AlterTour\" \/>\n<meta property=\"og:description\" content=\"Mathieu Fromont, Franc-Comtois, fait du v\u00e9lo dans un esprit \u00ab anti-comp\u00e9titif \u00bb. Chaque \u00e9t\u00e9 depuis 2008, il parcourt entre 1.000 et 2.000 kilom\u00e8tres sur les routes fran\u00e7aises. Les 20 \u00e0 70 kilom\u00e8tres parcourus chaque jour lui permettent de rallier des producteurs locaux \u00e0 des associations et de dormir chez l\u2019habitant. ... Read More\" \/>\n<meta property=\"og:url\" content=\"https:\/\/www.altercampagne.net\/?p=2752\" \/>\n<meta property=\"og:site_name\" content=\"AlterTour\" \/>\n<meta property=\"article:published_time\" content=\"2014-07-15T08:17:58+00:00\" \/>\n<meta property=\"article:modified_time\" content=\"2024-10-01T03:57:36+00:00\" \/>\n<meta property=\"og:image\" content=\"https:\/\/www.altercampagne.net\/wp-content\/uploads\/2014\/07\/2013-08-08_09.13.jpg\" \/>\n\t<meta property=\"og:image:width\" content=\"907\" \/>\n\t<meta property=\"og:image:height\" content=\"474\" \/>\n\t<meta property=\"og:image:type\" content=\"image\/jpeg\" \/>\n<meta name=\"author\" content=\"Mathieu\" \/>\n<meta name=\"twitter:card\" content=\"summary_large_image\" \/>\n<meta name=\"twitter:label1\" content=\"\u00c9crit par\" \/>\n\t<meta name=\"twitter:data1\" content=\"Mathieu\" \/>\n\t<meta name=\"twitter:label2\" content=\"Dur\u00e9e de lecture estim\u00e9e\" \/>\n\t<meta name=\"twitter:data2\" content=\"3 minutes\" \/>\n<script type=\"application\/ld+json\" class=\"yoast-schema-graph\">{\"@context\":\"https:\\\/\\\/schema.org\",\"@graph\":[{\"@type\":\"Article\",\"@id\":\"https:\\\/\\\/www.altercampagne.net\\\/?p=2752#article\",\"isPartOf\":{\"@id\":\"https:\\\/\\\/www.altercampagne.net\\\/?p=2752\"},\"author\":{\"name\":\"Mathieu\",\"@id\":\"https:\\\/\\\/www.altercampagne.net\\\/#\\\/schema\\\/person\\\/0f261460c09e430caa0f9bcffa319109\"},\"headline\":\"Une autre grande boucle &#8211; Mathieu Fromont, cycliste alternatif\",\"datePublished\":\"2014-07-15T08:17:58+00:00\",\"dateModified\":\"2024-10-01T03:57:36+00:00\",\"mainEntityOfPage\":{\"@id\":\"https:\\\/\\\/www.altercampagne.net\\\/?p=2752\"},\"wordCount\":434,\"image\":{\"@id\":\"https:\\\/\\\/www.altercampagne.net\\\/?p=2752#primaryimage\"},\"thumbnailUrl\":\"https:\\\/\\\/www.altercampagne.net\\\/wp-content\\\/uploads\\\/2014\\\/07\\\/2013-08-08_09.13.jpg\",\"keywords\":[\"2014\",\"altertour 2014\",\"Mathieu Fromont\",\"Doubs\",\"est republicain\",\"Guillaume de Crop\",\"Besan\u00e7on\",\"anti-Tour de France\",\"Franche-Comt\u00e9\",\"39\"],\"articleSection\":[\"Revue de presse\",\"\u00c9dition 2014\"],\"inLanguage\":\"fr-FR\"},{\"@type\":\"WebPage\",\"@id\":\"https:\\\/\\\/www.altercampagne.net\\\/?p=2752\",\"url\":\"https:\\\/\\\/www.altercampagne.net\\\/?p=2752\",\"name\":\"Une autre grande boucle - Mathieu Fromont, cycliste alternatif - AlterTour\",\"isPartOf\":{\"@id\":\"https:\\\/\\\/www.altercampagne.net\\\/#website\"},\"primaryImageOfPage\":{\"@id\":\"https:\\\/\\\/www.altercampagne.net\\\/?p=2752#primaryimage\"},\"image\":{\"@id\":\"https:\\\/\\\/www.altercampagne.net\\\/?p=2752#primaryimage\"},\"thumbnailUrl\":\"https:\\\/\\\/www.altercampagne.net\\\/wp-content\\\/uploads\\\/2014\\\/07\\\/2013-08-08_09.13.jpg\",\"datePublished\":\"2014-07-15T08:17:58+00:00\",\"dateModified\":\"2024-10-01T03:57:36+00:00\",\"author\":{\"@id\":\"https:\\\/\\\/www.altercampagne.net\\\/#\\\/schema\\\/person\\\/0f261460c09e430caa0f9bcffa319109\"},\"breadcrumb\":{\"@id\":\"https:\\\/\\\/www.altercampagne.net\\\/?p=2752#breadcrumb\"},\"inLanguage\":\"fr-FR\",\"potentialAction\":[{\"@type\":\"ReadAction\",\"target\":[\"https:\\\/\\\/www.altercampagne.net\\\/?p=2752\"]}]},{\"@type\":\"ImageObject\",\"inLanguage\":\"fr-FR\",\"@id\":\"https:\\\/\\\/www.altercampagne.net\\\/?p=2752#primaryimage\",\"url\":\"https:\\\/\\\/www.altercampagne.net\\\/wp-content\\\/uploads\\\/2014\\\/07\\\/2013-08-08_09.13.jpg\",\"contentUrl\":\"https:\\\/\\\/www.altercampagne.net\\\/wp-content\\\/uploads\\\/2014\\\/07\\\/2013-08-08_09.13.jpg\",\"width\":907,\"height\":474},{\"@type\":\"BreadcrumbList\",\"@id\":\"https:\\\/\\\/www.altercampagne.net\\\/?p=2752#breadcrumb\",\"itemListElement\":[{\"@type\":\"ListItem\",\"position\":1,\"name\":\"Accueil\",\"item\":\"https:\\\/\\\/www.altercampagne.net\\\/\"},{\"@type\":\"ListItem\",\"position\":2,\"name\":\"Une autre grande boucle &#8211; Mathieu Fromont, cycliste alternatif\"}]},{\"@type\":\"WebSite\",\"@id\":\"https:\\\/\\\/www.altercampagne.net\\\/#website\",\"url\":\"https:\\\/\\\/www.altercampagne.net\\\/\",\"name\":\"AlterTour\",\"description\":\"Reliez les Alternatives \u00e0 v\u00e9lo\",\"potentialAction\":[{\"@type\":\"SearchAction\",\"target\":{\"@type\":\"EntryPoint\",\"urlTemplate\":\"https:\\\/\\\/www.altercampagne.net\\\/?s={search_term_string}\"},\"query-input\":{\"@type\":\"PropertyValueSpecification\",\"valueRequired\":true,\"valueName\":\"search_term_string\"}}],\"inLanguage\":\"fr-FR\"},{\"@type\":\"Person\",\"@id\":\"https:\\\/\\\/www.altercampagne.net\\\/#\\\/schema\\\/person\\\/0f261460c09e430caa0f9bcffa319109\",\"name\":\"Mathieu\",\"image\":{\"@type\":\"ImageObject\",\"inLanguage\":\"fr-FR\",\"@id\":\"https:\\\/\\\/secure.gravatar.com\\\/avatar\\\/aa9d3d24c83f2141e5e2709d0f63d09a99f6be6bb7a50abc4915838d9f54501a?s=96&d=mm&r=g\",\"url\":\"https:\\\/\\\/secure.gravatar.com\\\/avatar\\\/aa9d3d24c83f2141e5e2709d0f63d09a99f6be6bb7a50abc4915838d9f54501a?s=96&d=mm&r=g\",\"contentUrl\":\"https:\\\/\\\/secure.gravatar.com\\\/avatar\\\/aa9d3d24c83f2141e5e2709d0f63d09a99f6be6bb7a50abc4915838d9f54501a?s=96&d=mm&r=g\",\"caption\":\"Mathieu\"},\"url\":\"https:\\\/\\\/www.altercampagne.net\\\/?author=214\"}]}<\/script>\n<!-- \/ Yoast SEO plugin. -->","yoast_head_json":{"title":"Une autre grande boucle - Mathieu Fromont, cycliste alternatif - AlterTour","robots":{"index":"index","follow":"follow","max-snippet":"max-snippet:-1","max-image-preview":"max-image-preview:large","max-video-preview":"max-video-preview:-1"},"canonical":"https:\/\/www.altercampagne.net\/?p=2752","og_locale":"fr_FR","og_type":"article","og_title":"Une autre grande boucle - Mathieu Fromont, cycliste alternatif - AlterTour","og_description":"Mathieu Fromont, Franc-Comtois, fait du v\u00e9lo dans un esprit \u00ab anti-comp\u00e9titif \u00bb. Chaque \u00e9t\u00e9 depuis 2008, il parcourt entre 1.000 et 2.000 kilom\u00e8tres sur les routes fran\u00e7aises. Les 20 \u00e0 70 kilom\u00e8tres parcourus chaque jour lui permettent de rallier des producteurs locaux \u00e0 des associations et de dormir chez l\u2019habitant. ... Read More","og_url":"https:\/\/www.altercampagne.net\/?p=2752","og_site_name":"AlterTour","article_published_time":"2014-07-15T08:17:58+00:00","article_modified_time":"2024-10-01T03:57:36+00:00","og_image":[{"width":907,"height":474,"url":"https:\/\/www.altercampagne.net\/wp-content\/uploads\/2014\/07\/2013-08-08_09.13.jpg","type":"image\/jpeg"}],"author":"Mathieu","twitter_card":"summary_large_image","twitter_misc":{"\u00c9crit par":"Mathieu","Dur\u00e9e de lecture estim\u00e9e":"3 minutes"},"schema":{"@context":"https:\/\/schema.org","@graph":[{"@type":"Article","@id":"https:\/\/www.altercampagne.net\/?p=2752#article","isPartOf":{"@id":"https:\/\/www.altercampagne.net\/?p=2752"},"author":{"name":"Mathieu","@id":"https:\/\/www.altercampagne.net\/#\/schema\/person\/0f261460c09e430caa0f9bcffa319109"},"headline":"Une autre grande boucle &#8211; Mathieu Fromont, cycliste alternatif","datePublished":"2014-07-15T08:17:58+00:00","dateModified":"2024-10-01T03:57:36+00:00","mainEntityOfPage":{"@id":"https:\/\/www.altercampagne.net\/?p=2752"},"wordCount":434,"image":{"@id":"https:\/\/www.altercampagne.net\/?p=2752#primaryimage"},"thumbnailUrl":"https:\/\/www.altercampagne.net\/wp-content\/uploads\/2014\/07\/2013-08-08_09.13.jpg","keywords":["2014","altertour 2014","Mathieu Fromont","Doubs","est republicain","Guillaume de Crop","Besan\u00e7on","anti-Tour de France","Franche-Comt\u00e9","39"],"articleSection":["Revue de presse","\u00c9dition 2014"],"inLanguage":"fr-FR"},{"@type":"WebPage","@id":"https:\/\/www.altercampagne.net\/?p=2752","url":"https:\/\/www.altercampagne.net\/?p=2752","name":"Une autre grande boucle - Mathieu Fromont, cycliste alternatif - AlterTour","isPartOf":{"@id":"https:\/\/www.altercampagne.net\/#website"},"primaryImageOfPage":{"@id":"https:\/\/www.altercampagne.net\/?p=2752#primaryimage"},"image":{"@id":"https:\/\/www.altercampagne.net\/?p=2752#primaryimage"},"thumbnailUrl":"https:\/\/www.altercampagne.net\/wp-content\/uploads\/2014\/07\/2013-08-08_09.13.jpg","datePublished":"2014-07-15T08:17:58+00:00","dateModified":"2024-10-01T03:57:36+00:00","author":{"@id":"https:\/\/www.altercampagne.net\/#\/schema\/person\/0f261460c09e430caa0f9bcffa319109"},"breadcrumb":{"@id":"https:\/\/www.altercampagne.net\/?p=2752#breadcrumb"},"inLanguage":"fr-FR","potentialAction":[{"@type":"ReadAction","target":["https:\/\/www.altercampagne.net\/?p=2752"]}]},{"@type":"ImageObject","inLanguage":"fr-FR","@id":"https:\/\/www.altercampagne.net\/?p=2752#primaryimage","url":"https:\/\/www.altercampagne.net\/wp-content\/uploads\/2014\/07\/2013-08-08_09.13.jpg","contentUrl":"https:\/\/www.altercampagne.net\/wp-content\/uploads\/2014\/07\/2013-08-08_09.13.jpg","width":907,"height":474},{"@type":"BreadcrumbList","@id":"https:\/\/www.altercampagne.net\/?p=2752#breadcrumb","itemListElement":[{"@type":"ListItem","position":1,"name":"Accueil","item":"https:\/\/www.altercampagne.net\/"},{"@type":"ListItem","position":2,"name":"Une autre grande boucle &#8211; Mathieu Fromont, cycliste alternatif"}]},{"@type":"WebSite","@id":"https:\/\/www.altercampagne.net\/#website","url":"https:\/\/www.altercampagne.net\/","name":"AlterTour","description":"Reliez les Alternatives \u00e0 v\u00e9lo","potentialAction":[{"@type":"SearchAction","target":{"@type":"EntryPoint","urlTemplate":"https:\/\/www.altercampagne.net\/?s={search_term_string}"},"query-input":{"@type":"PropertyValueSpecification","valueRequired":true,"valueName":"search_term_string"}}],"inLanguage":"fr-FR"},{"@type":"Person","@id":"https:\/\/www.altercampagne.net\/#\/schema\/person\/0f261460c09e430caa0f9bcffa319109","name":"Mathieu","image":{"@type":"ImageObject","inLanguage":"fr-FR","@id":"https:\/\/secure.gravatar.com\/avatar\/aa9d3d24c83f2141e5e2709d0f63d09a99f6be6bb7a50abc4915838d9f54501a?s=96&d=mm&r=g","url":"https:\/\/secure.gravatar.com\/avatar\/aa9d3d24c83f2141e5e2709d0f63d09a99f6be6bb7a50abc4915838d9f54501a?s=96&d=mm&r=g","contentUrl":"https:\/\/secure.gravatar.com\/avatar\/aa9d3d24c83f2141e5e2709d0f63d09a99f6be6bb7a50abc4915838d9f54501a?s=96&d=mm&r=g","caption":"Mathieu"},"url":"https:\/\/www.altercampagne.net\/?author=214"}]}},"_links":{"self":[{"href":"https:\/\/www.altercampagne.net\/index.php?rest_route=\/wp\/v2\/posts\/2752","targetHints":{"allow":["GET"]}}],"collection":[{"href":"https:\/\/www.altercampagne.net\/index.php?rest_route=\/wp\/v2\/posts"}],"about":[{"href":"https:\/\/www.altercampagne.net\/index.php?rest_route=\/wp\/v2\/types\/post"}],"author":[{"embeddable":true,"href":"https:\/\/www.altercampagne.net\/index.php?rest_route=\/wp\/v2\/users\/214"}],"replies":[{"embeddable":true,"href":"https:\/\/www.altercampagne.net\/index.php?rest_route=%2Fwp%2Fv2%2Fcomments&post=2752"}],"version-history":[{"count":1,"href":"https:\/\/www.altercampagne.net\/index.php?rest_route=\/wp\/v2\/posts\/2752\/revisions"}],"predecessor-version":[{"id":28739,"href":"https:\/\/www.altercampagne.net\/index.php?rest_route=\/wp\/v2\/posts\/2752\/revisions\/28739"}],"wp:featuredmedia":[{"embeddable":true,"href":"https:\/\/www.altercampagne.net\/index.php?rest_route=\/wp\/v2\/media\/15700"}],"wp:attachment":[{"href":"https:\/\/www.altercampagne.net\/index.php?rest_route=%2Fwp%2Fv2%2Fmedia&parent=2752"}],"wp:term":[{"taxonomy":"category","embeddable":true,"href":"https:\/\/www.altercampagne.net\/index.php?rest_route=%2Fwp%2Fv2%2Fcategories&post=2752"},{"taxonomy":"post_tag","embeddable":true,"href":"https:\/\/www.altercampagne.net\/index.php?rest_route=%2Fwp%2Fv2%2Ftags&post=2752"}],"curies":[{"name":"wp","href":"https:\/\/api.w.org\/{rel}","templated":true}]}}