{"id":2754,"date":"2014-07-16T10:23:44","date_gmt":"2014-07-16T08:23:44","guid":{"rendered":"http:\/\/www.altercampagne.net\/?p=2754"},"modified":"2019-09-16T12:45:00","modified_gmt":"2019-09-16T10:45:00","slug":"altertour-2014-un-tour-cycliste-des-alternatives-pour-un-monde-sans-dopage","status":"publish","type":"post","link":"https:\/\/www.altercampagne.net\/?p=2754","title":{"rendered":"AlterTour 2014 : un tour cycliste des alternatives pour un monde sans dopage"},"content":{"rendered":"<p>La 7\u00e8me \u00e9dition de l\u2019AlterTour se d\u00e9roulera du 12 juillet au 17 ao\u00fbt au d\u00e9part de Saint-\u00c9tienne et ralliera la Charente-Maritime. L\u2019AlterTour est ouvert aux personnes qui aiment le v\u00e9lo, sans exigence de performance. En relais solidaire, les altercyclistes voyagent ensemble \u00e0 la rencontre d\u2019alternatives. Un tour \u00ab \u00e0 la carte \u00bb en autogestion pour celles et ceux qui souhaitent partager une belle tranche de vie collective dans la simplicit\u00e9 volontaire. En toile de fond, le souhait d\u2019 \u00ab un monde sans dopages, plus \u00e9quitable et plus juste \u00bb. Basta ! relaie le programme.<\/p>\n<p class=\"Style271 Style138\" align=\"justify\">Du 12 juillet au 17 ao\u00fbt, 260 \u00ab Altercyclistes \u00bb se relaieront de Saint-\u00c9tienne \u00e0 La Rochelle pour sillonner les routes d\u2019Auvergne, du Limousin et du Poitou-Charentes afin de rencontrer des alternatives \u00e9cologiques, sociales et solidaires.<\/p>\n<p class=\"Style271 Style138\" align=\"justify\">Les 1200 kms pr\u00e9vus vont \u00eatre d\u00e9coup\u00e9s en 34 \u00e9tapes regroupant, pour chacune d\u2019entre elles, une ou plusieurs rencontres par jour. Les participants auront l\u2019occasion de visiter des fermes, des lieux alternatifs, des associations ou des individus exp\u00e9rimentant d\u2019autres modes de vie en relation directe avec la nature, la biodiversit\u00e9 ou l\u2019\u00e9conomie d\u2019\u00e9nergie.<\/p>\n<p class=\"Style271 Style138 Style152 Style142\" align=\"justify\">Travailler ? Pour qui ? PourQuoi ?<\/p>\n<p class=\"Style271 Style138\" align=\"justify\">Durant leur voyage \u00e0 v\u00e9lo les participants rencontreront des alternatives de soci\u00e9t\u00e9 et des mouvements de r\u00e9sistances pacifiques qui fleurissent partout en France dans tous les domaines.<\/p>\n<p class=\"Style271 Style138\" align=\"justify\">De la SCIC (Soci\u00e9t\u00e9 Coop\u00e9rative d\u2019Int\u00e9r\u00eat Collectif) avec le Centre d\u2019Ailleurs, un espace culturel avec concerts, spectacles et stages, aux 25 ans d\u2019autogestion d\u2019Ambiance bois, une scierie constitu\u00e9e en SAPO (Soci\u00e9t\u00e9 Anonyme \u00e0 Participation Ouvri\u00e8re), en passant par le milieu associatif de la CIMADE (Comit\u00e9 Inter-Mouvements Aupr\u00e8s Des \u00c9vacu\u00e9s) qui accueille, oriente et d\u00e9fend les demandeurs d\u2019asile, les r\u00e9fugi\u00e9s et tous les migrants, sans oublier la commune d\u2019Ayen et son logo \u00ab Le durable a son village \u00bb, ce sera l\u2019occasion pour tous d\u2019\u00e9changer autour du th\u00e8me de cette ann\u00e9e : \u00ab Travailler ? Pour qui ? PourQuoi ? \u00bb.<\/p>\n<p class=\"Style271 Style138\" align=\"justify\">Le programme d\u00e9taill\u00e9, \u00e9tape par \u00e9tape, est disponible sur le site Internet de l\u2019AlterTour : www.altertour.net<\/p>\n<p class=\"Style271 Style138\" align=\"justify\">Source : <a href=\"http:\/\/www.bastamag.net\/AlterTour-2014-un-tour-cycliste\" target=\"_blank\" rel=\"noopener noreferrer\">Bastamag<\/a><\/p>\n","protected":false},"excerpt":{"rendered":"<p>La 7\u00e8me \u00e9dition de l\u2019AlterTour se d\u00e9roulera du 12 juillet au 17 ao\u00fbt au d\u00e9part de Saint-\u00c9tienne et ralliera la Charente-Maritime. L\u2019AlterTour est ouvert aux personnes qui aiment le v\u00e9lo, sans exigence de performance. En relais solidaire, les altercyclistes voyagent ensemble \u00e0 la rencontre d\u2019alternatives. Un tour \u00ab \u00e0 la &#8230; <\/p>\n<div><a href=\"https:\/\/www.altercampagne.net\/?p=2754\" class=\"more-link\">Read More<\/a><\/div>\n","protected":false},"author":214,"featured_media":15695,"comment_status":"closed","ping_status":"closed","sticky":false,"template":"","format":"standard","meta":{"footnotes":""},"categories":[239],"tags":[14,131,150,319,617,631,635,644,656],"class_list":["post-2754","post","type-post","status-publish","format-standard","has-post-thumbnail","hentry","category-revue-de-presse","tag-bastamag","tag-centre-dailleurs","tag-saint-etienne","tag-altertour-2014","tag-travailler-pour-qui-pourquoi","tag-ambiance-bois","tag-cimade","tag-village-dayen","tag-la-rochelle"],"yoast_head":"<!-- This site is optimized with the Yoast SEO plugin v27.3 - https:\/\/yoast.com\/product\/yoast-seo-wordpress\/ -->\n<title>AlterTour 2014 : un tour cycliste des alternatives pour un monde sans dopage - AlterTour<\/title>\n<meta name=\"robots\" content=\"index, follow, max-snippet:-1, max-image-preview:large, max-video-preview:-1\" \/>\n<link rel=\"canonical\" href=\"https:\/\/www.altercampagne.net\/?p=2754\" \/>\n<meta property=\"og:locale\" content=\"fr_FR\" \/>\n<meta property=\"og:type\" content=\"article\" \/>\n<meta property=\"og:title\" content=\"AlterTour 2014 : un tour cycliste des alternatives pour un monde sans dopage - AlterTour\" \/>\n<meta property=\"og:description\" content=\"La 7\u00e8me \u00e9dition de l\u2019AlterTour se d\u00e9roulera du 12 juillet au 17 ao\u00fbt au d\u00e9part de Saint-\u00c9tienne et ralliera la Charente-Maritime. L\u2019AlterTour est ouvert aux personnes qui aiment le v\u00e9lo, sans exigence de performance. En relais solidaire, les altercyclistes voyagent ensemble \u00e0 la rencontre d\u2019alternatives. Un tour \u00ab \u00e0 la ... Read More\" \/>\n<meta property=\"og:url\" content=\"https:\/\/www.altercampagne.net\/?p=2754\" \/>\n<meta property=\"og:site_name\" content=\"AlterTour\" \/>\n<meta property=\"article:published_time\" content=\"2014-07-16T08:23:44+00:00\" \/>\n<meta property=\"article:modified_time\" content=\"2019-09-16T10:45:00+00:00\" \/>\n<meta property=\"og:image\" content=\"https:\/\/www.altercampagne.net\/wp-content\/uploads\/2014\/07\/AT2013-basta1.jpg\" \/>\n\t<meta property=\"og:image:width\" content=\"540\" \/>\n\t<meta property=\"og:image:height\" content=\"362\" \/>\n\t<meta property=\"og:image:type\" content=\"image\/jpeg\" \/>\n<meta name=\"author\" content=\"Mathieu\" \/>\n<meta name=\"twitter:card\" content=\"summary_large_image\" \/>\n<meta name=\"twitter:label1\" content=\"\u00c9crit par\" \/>\n\t<meta name=\"twitter:data1\" content=\"Mathieu\" \/>\n\t<meta name=\"twitter:label2\" content=\"Dur\u00e9e de lecture estim\u00e9e\" \/>\n\t<meta name=\"twitter:data2\" content=\"2 minutes\" \/>\n<script type=\"application\/ld+json\" class=\"yoast-schema-graph\">{\"@context\":\"https:\\\/\\\/schema.org\",\"@graph\":[{\"@type\":\"Article\",\"@id\":\"https:\\\/\\\/www.altercampagne.net\\\/?p=2754#article\",\"isPartOf\":{\"@id\":\"https:\\\/\\\/www.altercampagne.net\\\/?p=2754\"},\"author\":{\"name\":\"Mathieu\",\"@id\":\"https:\\\/\\\/www.altercampagne.net\\\/#\\\/schema\\\/person\\\/0f261460c09e430caa0f9bcffa319109\"},\"headline\":\"AlterTour 2014 : un tour cycliste des alternatives pour un monde sans dopage\",\"datePublished\":\"2014-07-16T08:23:44+00:00\",\"dateModified\":\"2019-09-16T10:45:00+00:00\",\"mainEntityOfPage\":{\"@id\":\"https:\\\/\\\/www.altercampagne.net\\\/?p=2754\"},\"wordCount\":363,\"image\":{\"@id\":\"https:\\\/\\\/www.altercampagne.net\\\/?p=2754#primaryimage\"},\"thumbnailUrl\":\"https:\\\/\\\/www.altercampagne.net\\\/wp-content\\\/uploads\\\/2014\\\/07\\\/AT2013-basta1.jpg\",\"keywords\":[\"bastamag\",\"centre d'ailleurs\",\"Saint Etienne\",\"altertour 2014\",\"Travailler ? Pour qui ? PourQuoi ?\",\"Ambiance bois\",\"CIMADE\",\"village d\u2019Ayen\",\"La Rochelle\"],\"articleSection\":[\"Revue de presse\"],\"inLanguage\":\"fr-FR\"},{\"@type\":\"WebPage\",\"@id\":\"https:\\\/\\\/www.altercampagne.net\\\/?p=2754\",\"url\":\"https:\\\/\\\/www.altercampagne.net\\\/?p=2754\",\"name\":\"AlterTour 2014 : un tour cycliste des alternatives pour un monde sans dopage - AlterTour\",\"isPartOf\":{\"@id\":\"https:\\\/\\\/www.altercampagne.net\\\/#website\"},\"primaryImageOfPage\":{\"@id\":\"https:\\\/\\\/www.altercampagne.net\\\/?p=2754#primaryimage\"},\"image\":{\"@id\":\"https:\\\/\\\/www.altercampagne.net\\\/?p=2754#primaryimage\"},\"thumbnailUrl\":\"https:\\\/\\\/www.altercampagne.net\\\/wp-content\\\/uploads\\\/2014\\\/07\\\/AT2013-basta1.jpg\",\"datePublished\":\"2014-07-16T08:23:44+00:00\",\"dateModified\":\"2019-09-16T10:45:00+00:00\",\"author\":{\"@id\":\"https:\\\/\\\/www.altercampagne.net\\\/#\\\/schema\\\/person\\\/0f261460c09e430caa0f9bcffa319109\"},\"breadcrumb\":{\"@id\":\"https:\\\/\\\/www.altercampagne.net\\\/?p=2754#breadcrumb\"},\"inLanguage\":\"fr-FR\",\"potentialAction\":[{\"@type\":\"ReadAction\",\"target\":[\"https:\\\/\\\/www.altercampagne.net\\\/?p=2754\"]}]},{\"@type\":\"ImageObject\",\"inLanguage\":\"fr-FR\",\"@id\":\"https:\\\/\\\/www.altercampagne.net\\\/?p=2754#primaryimage\",\"url\":\"https:\\\/\\\/www.altercampagne.net\\\/wp-content\\\/uploads\\\/2014\\\/07\\\/AT2013-basta1.jpg\",\"contentUrl\":\"https:\\\/\\\/www.altercampagne.net\\\/wp-content\\\/uploads\\\/2014\\\/07\\\/AT2013-basta1.jpg\",\"width\":540,\"height\":362},{\"@type\":\"BreadcrumbList\",\"@id\":\"https:\\\/\\\/www.altercampagne.net\\\/?p=2754#breadcrumb\",\"itemListElement\":[{\"@type\":\"ListItem\",\"position\":1,\"name\":\"Accueil\",\"item\":\"https:\\\/\\\/www.altercampagne.net\\\/\"},{\"@type\":\"ListItem\",\"position\":2,\"name\":\"AlterTour 2014 : un tour cycliste des alternatives pour un monde sans dopage\"}]},{\"@type\":\"WebSite\",\"@id\":\"https:\\\/\\\/www.altercampagne.net\\\/#website\",\"url\":\"https:\\\/\\\/www.altercampagne.net\\\/\",\"name\":\"AlterTour\",\"description\":\"Reliez les Alternatives \u00e0 v\u00e9lo\",\"potentialAction\":[{\"@type\":\"SearchAction\",\"target\":{\"@type\":\"EntryPoint\",\"urlTemplate\":\"https:\\\/\\\/www.altercampagne.net\\\/?s={search_term_string}\"},\"query-input\":{\"@type\":\"PropertyValueSpecification\",\"valueRequired\":true,\"valueName\":\"search_term_string\"}}],\"inLanguage\":\"fr-FR\"},{\"@type\":\"Person\",\"@id\":\"https:\\\/\\\/www.altercampagne.net\\\/#\\\/schema\\\/person\\\/0f261460c09e430caa0f9bcffa319109\",\"name\":\"Mathieu\",\"image\":{\"@type\":\"ImageObject\",\"inLanguage\":\"fr-FR\",\"@id\":\"https:\\\/\\\/secure.gravatar.com\\\/avatar\\\/aa9d3d24c83f2141e5e2709d0f63d09a99f6be6bb7a50abc4915838d9f54501a?s=96&d=mm&r=g\",\"url\":\"https:\\\/\\\/secure.gravatar.com\\\/avatar\\\/aa9d3d24c83f2141e5e2709d0f63d09a99f6be6bb7a50abc4915838d9f54501a?s=96&d=mm&r=g\",\"contentUrl\":\"https:\\\/\\\/secure.gravatar.com\\\/avatar\\\/aa9d3d24c83f2141e5e2709d0f63d09a99f6be6bb7a50abc4915838d9f54501a?s=96&d=mm&r=g\",\"caption\":\"Mathieu\"},\"url\":\"https:\\\/\\\/www.altercampagne.net\\\/?author=214\"}]}<\/script>\n<!-- \/ Yoast SEO plugin. -->","yoast_head_json":{"title":"AlterTour 2014 : un tour cycliste des alternatives pour un monde sans dopage - AlterTour","robots":{"index":"index","follow":"follow","max-snippet":"max-snippet:-1","max-image-preview":"max-image-preview:large","max-video-preview":"max-video-preview:-1"},"canonical":"https:\/\/www.altercampagne.net\/?p=2754","og_locale":"fr_FR","og_type":"article","og_title":"AlterTour 2014 : un tour cycliste des alternatives pour un monde sans dopage - AlterTour","og_description":"La 7\u00e8me \u00e9dition de l\u2019AlterTour se d\u00e9roulera du 12 juillet au 17 ao\u00fbt au d\u00e9part de Saint-\u00c9tienne et ralliera la Charente-Maritime. L\u2019AlterTour est ouvert aux personnes qui aiment le v\u00e9lo, sans exigence de performance. En relais solidaire, les altercyclistes voyagent ensemble \u00e0 la rencontre d\u2019alternatives. Un tour \u00ab \u00e0 la ... Read More","og_url":"https:\/\/www.altercampagne.net\/?p=2754","og_site_name":"AlterTour","article_published_time":"2014-07-16T08:23:44+00:00","article_modified_time":"2019-09-16T10:45:00+00:00","og_image":[{"width":540,"height":362,"url":"https:\/\/www.altercampagne.net\/wp-content\/uploads\/2014\/07\/AT2013-basta1.jpg","type":"image\/jpeg"}],"author":"Mathieu","twitter_card":"summary_large_image","twitter_misc":{"\u00c9crit par":"Mathieu","Dur\u00e9e de lecture estim\u00e9e":"2 minutes"},"schema":{"@context":"https:\/\/schema.org","@graph":[{"@type":"Article","@id":"https:\/\/www.altercampagne.net\/?p=2754#article","isPartOf":{"@id":"https:\/\/www.altercampagne.net\/?p=2754"},"author":{"name":"Mathieu","@id":"https:\/\/www.altercampagne.net\/#\/schema\/person\/0f261460c09e430caa0f9bcffa319109"},"headline":"AlterTour 2014 : un tour cycliste des alternatives pour un monde sans dopage","datePublished":"2014-07-16T08:23:44+00:00","dateModified":"2019-09-16T10:45:00+00:00","mainEntityOfPage":{"@id":"https:\/\/www.altercampagne.net\/?p=2754"},"wordCount":363,"image":{"@id":"https:\/\/www.altercampagne.net\/?p=2754#primaryimage"},"thumbnailUrl":"https:\/\/www.altercampagne.net\/wp-content\/uploads\/2014\/07\/AT2013-basta1.jpg","keywords":["bastamag","centre d'ailleurs","Saint Etienne","altertour 2014","Travailler ? Pour qui ? PourQuoi ?","Ambiance bois","CIMADE","village d\u2019Ayen","La Rochelle"],"articleSection":["Revue de presse"],"inLanguage":"fr-FR"},{"@type":"WebPage","@id":"https:\/\/www.altercampagne.net\/?p=2754","url":"https:\/\/www.altercampagne.net\/?p=2754","name":"AlterTour 2014 : un tour cycliste des alternatives pour un monde sans dopage - AlterTour","isPartOf":{"@id":"https:\/\/www.altercampagne.net\/#website"},"primaryImageOfPage":{"@id":"https:\/\/www.altercampagne.net\/?p=2754#primaryimage"},"image":{"@id":"https:\/\/www.altercampagne.net\/?p=2754#primaryimage"},"thumbnailUrl":"https:\/\/www.altercampagne.net\/wp-content\/uploads\/2014\/07\/AT2013-basta1.jpg","datePublished":"2014-07-16T08:23:44+00:00","dateModified":"2019-09-16T10:45:00+00:00","author":{"@id":"https:\/\/www.altercampagne.net\/#\/schema\/person\/0f261460c09e430caa0f9bcffa319109"},"breadcrumb":{"@id":"https:\/\/www.altercampagne.net\/?p=2754#breadcrumb"},"inLanguage":"fr-FR","potentialAction":[{"@type":"ReadAction","target":["https:\/\/www.altercampagne.net\/?p=2754"]}]},{"@type":"ImageObject","inLanguage":"fr-FR","@id":"https:\/\/www.altercampagne.net\/?p=2754#primaryimage","url":"https:\/\/www.altercampagne.net\/wp-content\/uploads\/2014\/07\/AT2013-basta1.jpg","contentUrl":"https:\/\/www.altercampagne.net\/wp-content\/uploads\/2014\/07\/AT2013-basta1.jpg","width":540,"height":362},{"@type":"BreadcrumbList","@id":"https:\/\/www.altercampagne.net\/?p=2754#breadcrumb","itemListElement":[{"@type":"ListItem","position":1,"name":"Accueil","item":"https:\/\/www.altercampagne.net\/"},{"@type":"ListItem","position":2,"name":"AlterTour 2014 : un tour cycliste des alternatives pour un monde sans dopage"}]},{"@type":"WebSite","@id":"https:\/\/www.altercampagne.net\/#website","url":"https:\/\/www.altercampagne.net\/","name":"AlterTour","description":"Reliez les Alternatives \u00e0 v\u00e9lo","potentialAction":[{"@type":"SearchAction","target":{"@type":"EntryPoint","urlTemplate":"https:\/\/www.altercampagne.net\/?s={search_term_string}"},"query-input":{"@type":"PropertyValueSpecification","valueRequired":true,"valueName":"search_term_string"}}],"inLanguage":"fr-FR"},{"@type":"Person","@id":"https:\/\/www.altercampagne.net\/#\/schema\/person\/0f261460c09e430caa0f9bcffa319109","name":"Mathieu","image":{"@type":"ImageObject","inLanguage":"fr-FR","@id":"https:\/\/secure.gravatar.com\/avatar\/aa9d3d24c83f2141e5e2709d0f63d09a99f6be6bb7a50abc4915838d9f54501a?s=96&d=mm&r=g","url":"https:\/\/secure.gravatar.com\/avatar\/aa9d3d24c83f2141e5e2709d0f63d09a99f6be6bb7a50abc4915838d9f54501a?s=96&d=mm&r=g","contentUrl":"https:\/\/secure.gravatar.com\/avatar\/aa9d3d24c83f2141e5e2709d0f63d09a99f6be6bb7a50abc4915838d9f54501a?s=96&d=mm&r=g","caption":"Mathieu"},"url":"https:\/\/www.altercampagne.net\/?author=214"}]}},"_links":{"self":[{"href":"https:\/\/www.altercampagne.net\/index.php?rest_route=\/wp\/v2\/posts\/2754","targetHints":{"allow":["GET"]}}],"collection":[{"href":"https:\/\/www.altercampagne.net\/index.php?rest_route=\/wp\/v2\/posts"}],"about":[{"href":"https:\/\/www.altercampagne.net\/index.php?rest_route=\/wp\/v2\/types\/post"}],"author":[{"embeddable":true,"href":"https:\/\/www.altercampagne.net\/index.php?rest_route=\/wp\/v2\/users\/214"}],"replies":[{"embeddable":true,"href":"https:\/\/www.altercampagne.net\/index.php?rest_route=%2Fwp%2Fv2%2Fcomments&post=2754"}],"version-history":[{"count":0,"href":"https:\/\/www.altercampagne.net\/index.php?rest_route=\/wp\/v2\/posts\/2754\/revisions"}],"wp:featuredmedia":[{"embeddable":true,"href":"https:\/\/www.altercampagne.net\/index.php?rest_route=\/wp\/v2\/media\/15695"}],"wp:attachment":[{"href":"https:\/\/www.altercampagne.net\/index.php?rest_route=%2Fwp%2Fv2%2Fmedia&parent=2754"}],"wp:term":[{"taxonomy":"category","embeddable":true,"href":"https:\/\/www.altercampagne.net\/index.php?rest_route=%2Fwp%2Fv2%2Fcategories&post=2754"},{"taxonomy":"post_tag","embeddable":true,"href":"https:\/\/www.altercampagne.net\/index.php?rest_route=%2Fwp%2Fv2%2Ftags&post=2754"}],"curies":[{"name":"wp","href":"https:\/\/api.w.org\/{rel}","templated":true}]}}