{"id":2756,"date":"2014-07-18T10:27:36","date_gmt":"2014-07-18T08:27:36","guid":{"rendered":"http:\/\/www.altercampagne.net\/?p=2756"},"modified":"2017-02-21T10:45:04","modified_gmt":"2017-02-21T09:45:04","slug":"le-chambon-sur-lignon-altertour-a-fait-etape-sur-le-plateau","status":"publish","type":"post","link":"https:\/\/www.altercampagne.net\/?p=2756","title":{"rendered":"LE CHAMBON-SUR-LIGNON. AlterTour a fait \u00e9tape sur le Plateau"},"content":{"rendered":"<div align=\"justify\">\n<p class=\"Style271 Style138\">Les 14 et 15 juillet, le Plateau a accueilli le groupe AlterTour, compos\u00e9 d\u2019une trentaine de personnes de 2 \u00e0 75 ans. L\u2019AlterTour, c\u2019est un autre \u00ab Tour de France \u00bb, sans dopage ni comp\u00e9tition mais dans l\u2019entraide et la bonne humeur.<\/p>\n<p class=\"Style271 Style138\">L\u2019AlterTour d\u00e9fend une consommation responsable, bio et locale. Cette ann\u00e9e les \u00ab altercyclistes \u00bb ont choisi un p\u00e9riple qui va de l\u2019Auvergne au Poitou-Charentes.<\/p>\n<p class=\"Style271 Style138\">Partis le 12 juillet de Saint-\u00c9tienne, ils sont arriv\u00e9s le 14 juillet en fin d\u2019apr\u00e8s-midi. Pour la 7e \u00e9dition, dont la th\u00e9matique \u00e9tait \u00ab Travailler ? Pour qui ? Pourquoi ? \u00bb, le groupe avait d\u00e9cid\u00e9 de faire une halte au Chambon-sur-Lignon afin de rencontrer les associations du PAS (Plateau asile solidarit\u00e9) et de la Cimade (Comit\u00e9 inter-mouvements aupr\u00e8s des evacu\u00e9s).<\/p>\n<div style=\"width: 410px\" class=\"wp-caption aligncenter\"><img loading=\"lazy\" decoding=\"async\" class=\"\" src=\"http:\/\/altercampagne.free.fr\/pages\/2008\/AlterTour\/pic\/AT2014-chambon-sur-Lignon.jpg\" alt=\"\" width=\"400\" height=\"300\" \/><p class=\"wp-caption-text\">Le groupe est arriv\u00e9 de Saint-\u00c9tienne par Saint-Bonnet-le-Froid. Photo Jocelyn Vernet<\/p><\/div>\n<p class=\"Style271 Style138\">\u00a0Elles les ont accueillis avec un programme tr\u00e8s charg\u00e9 : pot d\u2019accueil sur la place de la Fontaine, offert par la mairie, suivie de l\u2019installation au camp Joubert, leur lieu de campement, puis repas partag\u00e9 avec les accueillants.<\/p>\n<p class=\"Style271 Style138\">Apr\u00e8s une nuit fra\u00eeche, tous visitaient le lieu de m\u00e9moire afin de mieux conna\u00eetre l\u2019histoire de la r\u00e9gion, avant une promenade culturelle et historique.<\/p>\n<p class=\"Style271 Style138\" align=\"justify\">Source : <a href=\"http:\/\/www.leprogres.fr\/haute-loire\/2014\/07\/18\/alter-tour-a-fait-etape-sur-le-plateau\" target=\"_blank\">Le Progr\u00e8s<\/a><\/p>\n<\/div>\n","protected":false},"excerpt":{"rendered":"<p>Les 14 et 15 juillet, le Plateau a accueilli le groupe AlterTour, compos\u00e9 d\u2019une trentaine de personnes de 2 \u00e0 75 ans. L\u2019AlterTour, c\u2019est un autre \u00ab Tour de France \u00bb, sans dopage ni comp\u00e9tition mais dans l\u2019entraide et la bonne humeur. L\u2019AlterTour d\u00e9fend une consommation responsable, bio et locale. &#8230; <\/p>\n<div><a href=\"https:\/\/www.altercampagne.net\/?p=2756\" class=\"more-link\">Read More<\/a><\/div>\n","protected":false},"author":214,"featured_media":0,"comment_status":"closed","ping_status":"closed","sticky":false,"template":"","format":"standard","meta":{"footnotes":""},"categories":[239],"tags":[139,145,147,319,579,607,617,635],"class_list":["post-2756","post","type-post","status-publish","format-standard","hentry","category-revue-de-presse","tag-haute-loire","tag-plateau-asile-solidarite","tag-chambon-sur-lignon","tag-altertour-2014","tag-auvergne","tag-le-progres","tag-travailler-pour-qui-pourquoi","tag-cimade","no-post-thumbnail"],"yoast_head":"<!-- This site is optimized with the Yoast SEO plugin v27.3 - https:\/\/yoast.com\/product\/yoast-seo-wordpress\/ -->\n<title>LE CHAMBON-SUR-LIGNON. AlterTour a fait \u00e9tape sur le Plateau - AlterTour<\/title>\n<meta name=\"robots\" content=\"index, follow, max-snippet:-1, max-image-preview:large, max-video-preview:-1\" \/>\n<link rel=\"canonical\" href=\"https:\/\/www.altercampagne.net\/?p=2756\" \/>\n<meta property=\"og:locale\" content=\"fr_FR\" \/>\n<meta property=\"og:type\" content=\"article\" \/>\n<meta property=\"og:title\" content=\"LE CHAMBON-SUR-LIGNON. AlterTour a fait \u00e9tape sur le Plateau - AlterTour\" \/>\n<meta property=\"og:description\" content=\"Les 14 et 15 juillet, le Plateau a accueilli le groupe AlterTour, compos\u00e9 d\u2019une trentaine de personnes de 2 \u00e0 75 ans. L\u2019AlterTour, c\u2019est un autre \u00ab Tour de France \u00bb, sans dopage ni comp\u00e9tition mais dans l\u2019entraide et la bonne humeur. L\u2019AlterTour d\u00e9fend une consommation responsable, bio et locale. ... Read More\" \/>\n<meta property=\"og:url\" content=\"https:\/\/www.altercampagne.net\/?p=2756\" \/>\n<meta property=\"og:site_name\" content=\"AlterTour\" \/>\n<meta property=\"article:published_time\" content=\"2014-07-18T08:27:36+00:00\" \/>\n<meta property=\"article:modified_time\" content=\"2017-02-21T09:45:04+00:00\" \/>\n<meta property=\"og:image\" content=\"http:\/\/altercampagne.free.fr\/pages\/2008\/AlterTour\/pic\/AT2014-chambon-sur-Lignon.jpg\" \/>\n<meta name=\"author\" content=\"Mathieu\" \/>\n<meta name=\"twitter:card\" content=\"summary_large_image\" \/>\n<meta name=\"twitter:label1\" content=\"\u00c9crit par\" \/>\n\t<meta name=\"twitter:data1\" content=\"Mathieu\" \/>\n\t<meta name=\"twitter:label2\" content=\"Dur\u00e9e de lecture estim\u00e9e\" \/>\n\t<meta name=\"twitter:data2\" content=\"1 minute\" \/>\n<script type=\"application\/ld+json\" class=\"yoast-schema-graph\">{\"@context\":\"https:\\\/\\\/schema.org\",\"@graph\":[{\"@type\":\"Article\",\"@id\":\"https:\\\/\\\/www.altercampagne.net\\\/?p=2756#article\",\"isPartOf\":{\"@id\":\"https:\\\/\\\/www.altercampagne.net\\\/?p=2756\"},\"author\":{\"name\":\"Mathieu\",\"@id\":\"https:\\\/\\\/www.altercampagne.net\\\/#\\\/schema\\\/person\\\/0f261460c09e430caa0f9bcffa319109\"},\"headline\":\"LE CHAMBON-SUR-LIGNON. AlterTour a fait \u00e9tape sur le Plateau\",\"datePublished\":\"2014-07-18T08:27:36+00:00\",\"dateModified\":\"2017-02-21T09:45:04+00:00\",\"mainEntityOfPage\":{\"@id\":\"https:\\\/\\\/www.altercampagne.net\\\/?p=2756\"},\"wordCount\":230,\"image\":{\"@id\":\"https:\\\/\\\/www.altercampagne.net\\\/?p=2756#primaryimage\"},\"thumbnailUrl\":\"http:\\\/\\\/altercampagne.free.fr\\\/pages\\\/2008\\\/AlterTour\\\/pic\\\/AT2014-chambon-sur-Lignon.jpg\",\"keywords\":[\"Haute-Loire\",\"Plateau Asile Solidarit\u00e9\",\"Chambon sur Lignon\",\"altertour 2014\",\"Auvergne\",\"le progr\u00e8s\",\"Travailler ? Pour qui ? PourQuoi ?\",\"CIMADE\"],\"articleSection\":[\"Revue de presse\"],\"inLanguage\":\"fr-FR\"},{\"@type\":\"WebPage\",\"@id\":\"https:\\\/\\\/www.altercampagne.net\\\/?p=2756\",\"url\":\"https:\\\/\\\/www.altercampagne.net\\\/?p=2756\",\"name\":\"LE CHAMBON-SUR-LIGNON. AlterTour a fait \u00e9tape sur le Plateau - AlterTour\",\"isPartOf\":{\"@id\":\"https:\\\/\\\/www.altercampagne.net\\\/#website\"},\"primaryImageOfPage\":{\"@id\":\"https:\\\/\\\/www.altercampagne.net\\\/?p=2756#primaryimage\"},\"image\":{\"@id\":\"https:\\\/\\\/www.altercampagne.net\\\/?p=2756#primaryimage\"},\"thumbnailUrl\":\"http:\\\/\\\/altercampagne.free.fr\\\/pages\\\/2008\\\/AlterTour\\\/pic\\\/AT2014-chambon-sur-Lignon.jpg\",\"datePublished\":\"2014-07-18T08:27:36+00:00\",\"dateModified\":\"2017-02-21T09:45:04+00:00\",\"author\":{\"@id\":\"https:\\\/\\\/www.altercampagne.net\\\/#\\\/schema\\\/person\\\/0f261460c09e430caa0f9bcffa319109\"},\"breadcrumb\":{\"@id\":\"https:\\\/\\\/www.altercampagne.net\\\/?p=2756#breadcrumb\"},\"inLanguage\":\"fr-FR\",\"potentialAction\":[{\"@type\":\"ReadAction\",\"target\":[\"https:\\\/\\\/www.altercampagne.net\\\/?p=2756\"]}]},{\"@type\":\"ImageObject\",\"inLanguage\":\"fr-FR\",\"@id\":\"https:\\\/\\\/www.altercampagne.net\\\/?p=2756#primaryimage\",\"url\":\"http:\\\/\\\/altercampagne.free.fr\\\/pages\\\/2008\\\/AlterTour\\\/pic\\\/AT2014-chambon-sur-Lignon.jpg\",\"contentUrl\":\"http:\\\/\\\/altercampagne.free.fr\\\/pages\\\/2008\\\/AlterTour\\\/pic\\\/AT2014-chambon-sur-Lignon.jpg\"},{\"@type\":\"BreadcrumbList\",\"@id\":\"https:\\\/\\\/www.altercampagne.net\\\/?p=2756#breadcrumb\",\"itemListElement\":[{\"@type\":\"ListItem\",\"position\":1,\"name\":\"Accueil\",\"item\":\"https:\\\/\\\/www.altercampagne.net\\\/\"},{\"@type\":\"ListItem\",\"position\":2,\"name\":\"LE CHAMBON-SUR-LIGNON. AlterTour a fait \u00e9tape sur le Plateau\"}]},{\"@type\":\"WebSite\",\"@id\":\"https:\\\/\\\/www.altercampagne.net\\\/#website\",\"url\":\"https:\\\/\\\/www.altercampagne.net\\\/\",\"name\":\"AlterTour\",\"description\":\"Reliez les Alternatives \u00e0 v\u00e9lo\",\"potentialAction\":[{\"@type\":\"SearchAction\",\"target\":{\"@type\":\"EntryPoint\",\"urlTemplate\":\"https:\\\/\\\/www.altercampagne.net\\\/?s={search_term_string}\"},\"query-input\":{\"@type\":\"PropertyValueSpecification\",\"valueRequired\":true,\"valueName\":\"search_term_string\"}}],\"inLanguage\":\"fr-FR\"},{\"@type\":\"Person\",\"@id\":\"https:\\\/\\\/www.altercampagne.net\\\/#\\\/schema\\\/person\\\/0f261460c09e430caa0f9bcffa319109\",\"name\":\"Mathieu\",\"image\":{\"@type\":\"ImageObject\",\"inLanguage\":\"fr-FR\",\"@id\":\"https:\\\/\\\/secure.gravatar.com\\\/avatar\\\/aa9d3d24c83f2141e5e2709d0f63d09a99f6be6bb7a50abc4915838d9f54501a?s=96&d=mm&r=g\",\"url\":\"https:\\\/\\\/secure.gravatar.com\\\/avatar\\\/aa9d3d24c83f2141e5e2709d0f63d09a99f6be6bb7a50abc4915838d9f54501a?s=96&d=mm&r=g\",\"contentUrl\":\"https:\\\/\\\/secure.gravatar.com\\\/avatar\\\/aa9d3d24c83f2141e5e2709d0f63d09a99f6be6bb7a50abc4915838d9f54501a?s=96&d=mm&r=g\",\"caption\":\"Mathieu\"},\"url\":\"https:\\\/\\\/www.altercampagne.net\\\/?author=214\"}]}<\/script>\n<!-- \/ Yoast SEO plugin. -->","yoast_head_json":{"title":"LE CHAMBON-SUR-LIGNON. AlterTour a fait \u00e9tape sur le Plateau - AlterTour","robots":{"index":"index","follow":"follow","max-snippet":"max-snippet:-1","max-image-preview":"max-image-preview:large","max-video-preview":"max-video-preview:-1"},"canonical":"https:\/\/www.altercampagne.net\/?p=2756","og_locale":"fr_FR","og_type":"article","og_title":"LE CHAMBON-SUR-LIGNON. AlterTour a fait \u00e9tape sur le Plateau - AlterTour","og_description":"Les 14 et 15 juillet, le Plateau a accueilli le groupe AlterTour, compos\u00e9 d\u2019une trentaine de personnes de 2 \u00e0 75 ans. L\u2019AlterTour, c\u2019est un autre \u00ab Tour de France \u00bb, sans dopage ni comp\u00e9tition mais dans l\u2019entraide et la bonne humeur. L\u2019AlterTour d\u00e9fend une consommation responsable, bio et locale. ... Read More","og_url":"https:\/\/www.altercampagne.net\/?p=2756","og_site_name":"AlterTour","article_published_time":"2014-07-18T08:27:36+00:00","article_modified_time":"2017-02-21T09:45:04+00:00","og_image":[{"url":"http:\/\/altercampagne.free.fr\/pages\/2008\/AlterTour\/pic\/AT2014-chambon-sur-Lignon.jpg","type":"","width":"","height":""}],"author":"Mathieu","twitter_card":"summary_large_image","twitter_misc":{"\u00c9crit par":"Mathieu","Dur\u00e9e de lecture estim\u00e9e":"1 minute"},"schema":{"@context":"https:\/\/schema.org","@graph":[{"@type":"Article","@id":"https:\/\/www.altercampagne.net\/?p=2756#article","isPartOf":{"@id":"https:\/\/www.altercampagne.net\/?p=2756"},"author":{"name":"Mathieu","@id":"https:\/\/www.altercampagne.net\/#\/schema\/person\/0f261460c09e430caa0f9bcffa319109"},"headline":"LE CHAMBON-SUR-LIGNON. AlterTour a fait \u00e9tape sur le Plateau","datePublished":"2014-07-18T08:27:36+00:00","dateModified":"2017-02-21T09:45:04+00:00","mainEntityOfPage":{"@id":"https:\/\/www.altercampagne.net\/?p=2756"},"wordCount":230,"image":{"@id":"https:\/\/www.altercampagne.net\/?p=2756#primaryimage"},"thumbnailUrl":"http:\/\/altercampagne.free.fr\/pages\/2008\/AlterTour\/pic\/AT2014-chambon-sur-Lignon.jpg","keywords":["Haute-Loire","Plateau Asile Solidarit\u00e9","Chambon sur Lignon","altertour 2014","Auvergne","le progr\u00e8s","Travailler ? Pour qui ? PourQuoi ?","CIMADE"],"articleSection":["Revue de presse"],"inLanguage":"fr-FR"},{"@type":"WebPage","@id":"https:\/\/www.altercampagne.net\/?p=2756","url":"https:\/\/www.altercampagne.net\/?p=2756","name":"LE CHAMBON-SUR-LIGNON. AlterTour a fait \u00e9tape sur le Plateau - AlterTour","isPartOf":{"@id":"https:\/\/www.altercampagne.net\/#website"},"primaryImageOfPage":{"@id":"https:\/\/www.altercampagne.net\/?p=2756#primaryimage"},"image":{"@id":"https:\/\/www.altercampagne.net\/?p=2756#primaryimage"},"thumbnailUrl":"http:\/\/altercampagne.free.fr\/pages\/2008\/AlterTour\/pic\/AT2014-chambon-sur-Lignon.jpg","datePublished":"2014-07-18T08:27:36+00:00","dateModified":"2017-02-21T09:45:04+00:00","author":{"@id":"https:\/\/www.altercampagne.net\/#\/schema\/person\/0f261460c09e430caa0f9bcffa319109"},"breadcrumb":{"@id":"https:\/\/www.altercampagne.net\/?p=2756#breadcrumb"},"inLanguage":"fr-FR","potentialAction":[{"@type":"ReadAction","target":["https:\/\/www.altercampagne.net\/?p=2756"]}]},{"@type":"ImageObject","inLanguage":"fr-FR","@id":"https:\/\/www.altercampagne.net\/?p=2756#primaryimage","url":"http:\/\/altercampagne.free.fr\/pages\/2008\/AlterTour\/pic\/AT2014-chambon-sur-Lignon.jpg","contentUrl":"http:\/\/altercampagne.free.fr\/pages\/2008\/AlterTour\/pic\/AT2014-chambon-sur-Lignon.jpg"},{"@type":"BreadcrumbList","@id":"https:\/\/www.altercampagne.net\/?p=2756#breadcrumb","itemListElement":[{"@type":"ListItem","position":1,"name":"Accueil","item":"https:\/\/www.altercampagne.net\/"},{"@type":"ListItem","position":2,"name":"LE CHAMBON-SUR-LIGNON. AlterTour a fait \u00e9tape sur le Plateau"}]},{"@type":"WebSite","@id":"https:\/\/www.altercampagne.net\/#website","url":"https:\/\/www.altercampagne.net\/","name":"AlterTour","description":"Reliez les Alternatives \u00e0 v\u00e9lo","potentialAction":[{"@type":"SearchAction","target":{"@type":"EntryPoint","urlTemplate":"https:\/\/www.altercampagne.net\/?s={search_term_string}"},"query-input":{"@type":"PropertyValueSpecification","valueRequired":true,"valueName":"search_term_string"}}],"inLanguage":"fr-FR"},{"@type":"Person","@id":"https:\/\/www.altercampagne.net\/#\/schema\/person\/0f261460c09e430caa0f9bcffa319109","name":"Mathieu","image":{"@type":"ImageObject","inLanguage":"fr-FR","@id":"https:\/\/secure.gravatar.com\/avatar\/aa9d3d24c83f2141e5e2709d0f63d09a99f6be6bb7a50abc4915838d9f54501a?s=96&d=mm&r=g","url":"https:\/\/secure.gravatar.com\/avatar\/aa9d3d24c83f2141e5e2709d0f63d09a99f6be6bb7a50abc4915838d9f54501a?s=96&d=mm&r=g","contentUrl":"https:\/\/secure.gravatar.com\/avatar\/aa9d3d24c83f2141e5e2709d0f63d09a99f6be6bb7a50abc4915838d9f54501a?s=96&d=mm&r=g","caption":"Mathieu"},"url":"https:\/\/www.altercampagne.net\/?author=214"}]}},"_links":{"self":[{"href":"https:\/\/www.altercampagne.net\/index.php?rest_route=\/wp\/v2\/posts\/2756","targetHints":{"allow":["GET"]}}],"collection":[{"href":"https:\/\/www.altercampagne.net\/index.php?rest_route=\/wp\/v2\/posts"}],"about":[{"href":"https:\/\/www.altercampagne.net\/index.php?rest_route=\/wp\/v2\/types\/post"}],"author":[{"embeddable":true,"href":"https:\/\/www.altercampagne.net\/index.php?rest_route=\/wp\/v2\/users\/214"}],"replies":[{"embeddable":true,"href":"https:\/\/www.altercampagne.net\/index.php?rest_route=%2Fwp%2Fv2%2Fcomments&post=2756"}],"version-history":[{"count":0,"href":"https:\/\/www.altercampagne.net\/index.php?rest_route=\/wp\/v2\/posts\/2756\/revisions"}],"wp:attachment":[{"href":"https:\/\/www.altercampagne.net\/index.php?rest_route=%2Fwp%2Fv2%2Fmedia&parent=2756"}],"wp:term":[{"taxonomy":"category","embeddable":true,"href":"https:\/\/www.altercampagne.net\/index.php?rest_route=%2Fwp%2Fv2%2Fcategories&post=2756"},{"taxonomy":"post_tag","embeddable":true,"href":"https:\/\/www.altercampagne.net\/index.php?rest_route=%2Fwp%2Fv2%2Ftags&post=2756"}],"curies":[{"name":"wp","href":"https:\/\/api.w.org\/{rel}","templated":true}]}}