{"id":2758,"date":"2014-07-19T10:30:22","date_gmt":"2014-07-19T08:30:22","guid":{"rendered":"http:\/\/www.altercampagne.net\/?p=2758"},"modified":"2016-04-09T18:37:23","modified_gmt":"2016-04-09T16:37:23","slug":"aydat-laltertour-fait-etape-sur-la-commune","status":"publish","type":"post","link":"https:\/\/www.altercampagne.net\/?p=2758","title":{"rendered":"Aydat &#8211; L&rsquo;AlterTour fait \u00e9tape sur la commune"},"content":{"rendered":"<p class=\"Style271 Style138\" align=\"justify\">L&rsquo;AlterTour (*) traverse l&rsquo;Auvergne pour sa 7e \u00e9dition et fera \u00e9tape \u00e0 Aydat le lundi 21 juillet. Les 50 cyclistes qui se retrouvent pour cet \u00e9v\u00e9nement convivial ont \u00e0 c\u0153ur de pratiquer un sport sans dopage ni comp\u00e9tition, dans un esprit d&rsquo;entraide, de rencontre et de partage avec leurs concitoyens.<\/p>\n<p class=\"Style271 Style138\" align=\"justify\">L&rsquo;\u00e9tape se prolongera en soir\u00e9e sur la plage du lac \u00e0 partir de 18 h 30 pour un d\u00e9bat auquel participera l&rsquo;association Tralalarts sur le th\u00e8me \u00ab Travailler pour qui ? Pourquoi ? \u00bb. Un repli au foyer rural est pr\u00e9vu en cas de m\u00e9t\u00e9o d\u00e9favorable. Il sera ensuite partag\u00e9 un repas espagnol o\u00f9 toutes les propositions sont les bienvenues.<\/p>\n<p class=\"Style271 Style138\" align=\"justify\">Il est possible de se joindre aux alter cyclistes pour les accompagner \u00e0 v\u00e9lo sur une portion d&rsquo;\u00e9tape \u00e0 14 heures depuis la place de Fontfreyde, ou de le faire le mardi 22 juillet en d\u00e9but d&rsquo;apr\u00e8s-midi \u00e0 Phialeix, d&rsquo;o\u00f9 sera donn\u00e9 le d\u00e9part vers Besse.<\/p>\n<p class=\"Style271 Style138\" align=\"justify\">(*) L&rsquo;AlterTour se d\u00e9roule cette ann\u00e9e du 12 juillet au 17 ao\u00fbt, de Saint-\u00c9tienne \u00e0 la Charente-Maritime. En relais solidaire et sans exigence de performance ni de dur\u00e9e, les alter cyclistes voyagent ensemble en toute simplicit\u00e9 et cherchent \u00e0 d\u00e9montrer que des modes alternatifs de vie et de relations sociales sont possibles.<\/p>\n<p class=\"Style271 Style138\" align=\"justify\">Source : <a href=\"http:\/\/www.lamontagne.fr\/auvergne\/actualite\/departement\/puy-de-dome\/puy-de-dome-local\/2014\/07\/19\/l-altertour-fait-etape-sur-la-commune_11086320.html\" target=\"_blank\">La Montagne<\/a><\/p>\n","protected":false},"excerpt":{"rendered":"<p>L&rsquo;AlterTour (*) traverse l&rsquo;Auvergne pour sa 7e \u00e9dition et fera \u00e9tape \u00e0 Aydat le lundi 21 juillet. Les 50 cyclistes qui se retrouvent pour cet \u00e9v\u00e9nement convivial ont \u00e0 c\u0153ur de pratiquer un sport sans dopage ni comp\u00e9tition, dans un esprit d&rsquo;entraide, de rencontre et de partage avec leurs concitoyens. &#8230; <\/p>\n<div><a href=\"https:\/\/www.altercampagne.net\/?p=2758\" class=\"more-link\">Read More<\/a><\/div>\n","protected":false},"author":214,"featured_media":0,"comment_status":"closed","ping_status":"closed","sticky":false,"template":"","format":"standard","meta":{"footnotes":""},"categories":[239],"tags":[126,319,579,617,661,662,1125,1649],"class_list":["post-2758","post","type-post","status-publish","format-standard","hentry","category-revue-de-presse","tag-travail","tag-altertour-2014","tag-auvergne","tag-travailler-pour-qui-pourquoi","tag-la-montagne","tag-tralalarts","tag-puy-de-dome","tag-aydat","no-post-thumbnail"],"yoast_head":"<!-- This site is optimized with the Yoast SEO plugin v27.3 - https:\/\/yoast.com\/product\/yoast-seo-wordpress\/ -->\n<title>Aydat - L&#039;AlterTour fait \u00e9tape sur la commune - AlterTour<\/title>\n<meta name=\"robots\" content=\"index, follow, max-snippet:-1, max-image-preview:large, max-video-preview:-1\" \/>\n<link rel=\"canonical\" href=\"https:\/\/www.altercampagne.net\/?p=2758\" \/>\n<meta property=\"og:locale\" content=\"fr_FR\" \/>\n<meta property=\"og:type\" content=\"article\" \/>\n<meta property=\"og:title\" content=\"Aydat - L&#039;AlterTour fait \u00e9tape sur la commune - AlterTour\" \/>\n<meta property=\"og:description\" content=\"L&rsquo;AlterTour (*) traverse l&rsquo;Auvergne pour sa 7e \u00e9dition et fera \u00e9tape \u00e0 Aydat le lundi 21 juillet. Les 50 cyclistes qui se retrouvent pour cet \u00e9v\u00e9nement convivial ont \u00e0 c\u0153ur de pratiquer un sport sans dopage ni comp\u00e9tition, dans un esprit d&rsquo;entraide, de rencontre et de partage avec leurs concitoyens. ... Read More\" \/>\n<meta property=\"og:url\" content=\"https:\/\/www.altercampagne.net\/?p=2758\" \/>\n<meta property=\"og:site_name\" content=\"AlterTour\" \/>\n<meta property=\"article:published_time\" content=\"2014-07-19T08:30:22+00:00\" \/>\n<meta property=\"article:modified_time\" content=\"2016-04-09T16:37:23+00:00\" \/>\n<meta name=\"author\" content=\"Mathieu\" \/>\n<meta name=\"twitter:card\" content=\"summary_large_image\" \/>\n<meta name=\"twitter:label1\" content=\"\u00c9crit par\" \/>\n\t<meta name=\"twitter:data1\" content=\"Mathieu\" \/>\n\t<meta name=\"twitter:label2\" content=\"Dur\u00e9e de lecture estim\u00e9e\" \/>\n\t<meta name=\"twitter:data2\" content=\"1 minute\" \/>\n<script type=\"application\/ld+json\" class=\"yoast-schema-graph\">{\"@context\":\"https:\\\/\\\/schema.org\",\"@graph\":[{\"@type\":\"Article\",\"@id\":\"https:\\\/\\\/www.altercampagne.net\\\/?p=2758#article\",\"isPartOf\":{\"@id\":\"https:\\\/\\\/www.altercampagne.net\\\/?p=2758\"},\"author\":{\"name\":\"Mathieu\",\"@id\":\"https:\\\/\\\/www.altercampagne.net\\\/#\\\/schema\\\/person\\\/0f261460c09e430caa0f9bcffa319109\"},\"headline\":\"Aydat &#8211; L&rsquo;AlterTour fait \u00e9tape sur la commune\",\"datePublished\":\"2014-07-19T08:30:22+00:00\",\"dateModified\":\"2016-04-09T16:37:23+00:00\",\"mainEntityOfPage\":{\"@id\":\"https:\\\/\\\/www.altercampagne.net\\\/?p=2758\"},\"wordCount\":227,\"keywords\":[\"travail\",\"altertour 2014\",\"Auvergne\",\"Travailler ? Pour qui ? PourQuoi ?\",\"la montagne\",\"Tralalarts\",\"Puy de D\u00f4me\",\"Aydat\"],\"articleSection\":[\"Revue de presse\"],\"inLanguage\":\"fr-FR\"},{\"@type\":\"WebPage\",\"@id\":\"https:\\\/\\\/www.altercampagne.net\\\/?p=2758\",\"url\":\"https:\\\/\\\/www.altercampagne.net\\\/?p=2758\",\"name\":\"Aydat - L'AlterTour fait \u00e9tape sur la commune - AlterTour\",\"isPartOf\":{\"@id\":\"https:\\\/\\\/www.altercampagne.net\\\/#website\"},\"datePublished\":\"2014-07-19T08:30:22+00:00\",\"dateModified\":\"2016-04-09T16:37:23+00:00\",\"author\":{\"@id\":\"https:\\\/\\\/www.altercampagne.net\\\/#\\\/schema\\\/person\\\/0f261460c09e430caa0f9bcffa319109\"},\"breadcrumb\":{\"@id\":\"https:\\\/\\\/www.altercampagne.net\\\/?p=2758#breadcrumb\"},\"inLanguage\":\"fr-FR\",\"potentialAction\":[{\"@type\":\"ReadAction\",\"target\":[\"https:\\\/\\\/www.altercampagne.net\\\/?p=2758\"]}]},{\"@type\":\"BreadcrumbList\",\"@id\":\"https:\\\/\\\/www.altercampagne.net\\\/?p=2758#breadcrumb\",\"itemListElement\":[{\"@type\":\"ListItem\",\"position\":1,\"name\":\"Accueil\",\"item\":\"https:\\\/\\\/www.altercampagne.net\\\/\"},{\"@type\":\"ListItem\",\"position\":2,\"name\":\"Aydat &#8211; L&rsquo;AlterTour fait \u00e9tape sur la commune\"}]},{\"@type\":\"WebSite\",\"@id\":\"https:\\\/\\\/www.altercampagne.net\\\/#website\",\"url\":\"https:\\\/\\\/www.altercampagne.net\\\/\",\"name\":\"AlterTour\",\"description\":\"Reliez les Alternatives \u00e0 v\u00e9lo\",\"potentialAction\":[{\"@type\":\"SearchAction\",\"target\":{\"@type\":\"EntryPoint\",\"urlTemplate\":\"https:\\\/\\\/www.altercampagne.net\\\/?s={search_term_string}\"},\"query-input\":{\"@type\":\"PropertyValueSpecification\",\"valueRequired\":true,\"valueName\":\"search_term_string\"}}],\"inLanguage\":\"fr-FR\"},{\"@type\":\"Person\",\"@id\":\"https:\\\/\\\/www.altercampagne.net\\\/#\\\/schema\\\/person\\\/0f261460c09e430caa0f9bcffa319109\",\"name\":\"Mathieu\",\"image\":{\"@type\":\"ImageObject\",\"inLanguage\":\"fr-FR\",\"@id\":\"https:\\\/\\\/secure.gravatar.com\\\/avatar\\\/aa9d3d24c83f2141e5e2709d0f63d09a99f6be6bb7a50abc4915838d9f54501a?s=96&d=mm&r=g\",\"url\":\"https:\\\/\\\/secure.gravatar.com\\\/avatar\\\/aa9d3d24c83f2141e5e2709d0f63d09a99f6be6bb7a50abc4915838d9f54501a?s=96&d=mm&r=g\",\"contentUrl\":\"https:\\\/\\\/secure.gravatar.com\\\/avatar\\\/aa9d3d24c83f2141e5e2709d0f63d09a99f6be6bb7a50abc4915838d9f54501a?s=96&d=mm&r=g\",\"caption\":\"Mathieu\"},\"url\":\"https:\\\/\\\/www.altercampagne.net\\\/?author=214\"}]}<\/script>\n<!-- \/ Yoast SEO plugin. -->","yoast_head_json":{"title":"Aydat - L'AlterTour fait \u00e9tape sur la commune - AlterTour","robots":{"index":"index","follow":"follow","max-snippet":"max-snippet:-1","max-image-preview":"max-image-preview:large","max-video-preview":"max-video-preview:-1"},"canonical":"https:\/\/www.altercampagne.net\/?p=2758","og_locale":"fr_FR","og_type":"article","og_title":"Aydat - L'AlterTour fait \u00e9tape sur la commune - AlterTour","og_description":"L&rsquo;AlterTour (*) traverse l&rsquo;Auvergne pour sa 7e \u00e9dition et fera \u00e9tape \u00e0 Aydat le lundi 21 juillet. Les 50 cyclistes qui se retrouvent pour cet \u00e9v\u00e9nement convivial ont \u00e0 c\u0153ur de pratiquer un sport sans dopage ni comp\u00e9tition, dans un esprit d&rsquo;entraide, de rencontre et de partage avec leurs concitoyens. ... Read More","og_url":"https:\/\/www.altercampagne.net\/?p=2758","og_site_name":"AlterTour","article_published_time":"2014-07-19T08:30:22+00:00","article_modified_time":"2016-04-09T16:37:23+00:00","author":"Mathieu","twitter_card":"summary_large_image","twitter_misc":{"\u00c9crit par":"Mathieu","Dur\u00e9e de lecture estim\u00e9e":"1 minute"},"schema":{"@context":"https:\/\/schema.org","@graph":[{"@type":"Article","@id":"https:\/\/www.altercampagne.net\/?p=2758#article","isPartOf":{"@id":"https:\/\/www.altercampagne.net\/?p=2758"},"author":{"name":"Mathieu","@id":"https:\/\/www.altercampagne.net\/#\/schema\/person\/0f261460c09e430caa0f9bcffa319109"},"headline":"Aydat &#8211; L&rsquo;AlterTour fait \u00e9tape sur la commune","datePublished":"2014-07-19T08:30:22+00:00","dateModified":"2016-04-09T16:37:23+00:00","mainEntityOfPage":{"@id":"https:\/\/www.altercampagne.net\/?p=2758"},"wordCount":227,"keywords":["travail","altertour 2014","Auvergne","Travailler ? Pour qui ? PourQuoi ?","la montagne","Tralalarts","Puy de D\u00f4me","Aydat"],"articleSection":["Revue de presse"],"inLanguage":"fr-FR"},{"@type":"WebPage","@id":"https:\/\/www.altercampagne.net\/?p=2758","url":"https:\/\/www.altercampagne.net\/?p=2758","name":"Aydat - L'AlterTour fait \u00e9tape sur la commune - AlterTour","isPartOf":{"@id":"https:\/\/www.altercampagne.net\/#website"},"datePublished":"2014-07-19T08:30:22+00:00","dateModified":"2016-04-09T16:37:23+00:00","author":{"@id":"https:\/\/www.altercampagne.net\/#\/schema\/person\/0f261460c09e430caa0f9bcffa319109"},"breadcrumb":{"@id":"https:\/\/www.altercampagne.net\/?p=2758#breadcrumb"},"inLanguage":"fr-FR","potentialAction":[{"@type":"ReadAction","target":["https:\/\/www.altercampagne.net\/?p=2758"]}]},{"@type":"BreadcrumbList","@id":"https:\/\/www.altercampagne.net\/?p=2758#breadcrumb","itemListElement":[{"@type":"ListItem","position":1,"name":"Accueil","item":"https:\/\/www.altercampagne.net\/"},{"@type":"ListItem","position":2,"name":"Aydat &#8211; L&rsquo;AlterTour fait \u00e9tape sur la commune"}]},{"@type":"WebSite","@id":"https:\/\/www.altercampagne.net\/#website","url":"https:\/\/www.altercampagne.net\/","name":"AlterTour","description":"Reliez les Alternatives \u00e0 v\u00e9lo","potentialAction":[{"@type":"SearchAction","target":{"@type":"EntryPoint","urlTemplate":"https:\/\/www.altercampagne.net\/?s={search_term_string}"},"query-input":{"@type":"PropertyValueSpecification","valueRequired":true,"valueName":"search_term_string"}}],"inLanguage":"fr-FR"},{"@type":"Person","@id":"https:\/\/www.altercampagne.net\/#\/schema\/person\/0f261460c09e430caa0f9bcffa319109","name":"Mathieu","image":{"@type":"ImageObject","inLanguage":"fr-FR","@id":"https:\/\/secure.gravatar.com\/avatar\/aa9d3d24c83f2141e5e2709d0f63d09a99f6be6bb7a50abc4915838d9f54501a?s=96&d=mm&r=g","url":"https:\/\/secure.gravatar.com\/avatar\/aa9d3d24c83f2141e5e2709d0f63d09a99f6be6bb7a50abc4915838d9f54501a?s=96&d=mm&r=g","contentUrl":"https:\/\/secure.gravatar.com\/avatar\/aa9d3d24c83f2141e5e2709d0f63d09a99f6be6bb7a50abc4915838d9f54501a?s=96&d=mm&r=g","caption":"Mathieu"},"url":"https:\/\/www.altercampagne.net\/?author=214"}]}},"_links":{"self":[{"href":"https:\/\/www.altercampagne.net\/index.php?rest_route=\/wp\/v2\/posts\/2758","targetHints":{"allow":["GET"]}}],"collection":[{"href":"https:\/\/www.altercampagne.net\/index.php?rest_route=\/wp\/v2\/posts"}],"about":[{"href":"https:\/\/www.altercampagne.net\/index.php?rest_route=\/wp\/v2\/types\/post"}],"author":[{"embeddable":true,"href":"https:\/\/www.altercampagne.net\/index.php?rest_route=\/wp\/v2\/users\/214"}],"replies":[{"embeddable":true,"href":"https:\/\/www.altercampagne.net\/index.php?rest_route=%2Fwp%2Fv2%2Fcomments&post=2758"}],"version-history":[{"count":0,"href":"https:\/\/www.altercampagne.net\/index.php?rest_route=\/wp\/v2\/posts\/2758\/revisions"}],"wp:attachment":[{"href":"https:\/\/www.altercampagne.net\/index.php?rest_route=%2Fwp%2Fv2%2Fmedia&parent=2758"}],"wp:term":[{"taxonomy":"category","embeddable":true,"href":"https:\/\/www.altercampagne.net\/index.php?rest_route=%2Fwp%2Fv2%2Fcategories&post=2758"},{"taxonomy":"post_tag","embeddable":true,"href":"https:\/\/www.altercampagne.net\/index.php?rest_route=%2Fwp%2Fv2%2Ftags&post=2758"}],"curies":[{"name":"wp","href":"https:\/\/api.w.org\/{rel}","templated":true}]}}