{"id":2760,"date":"2014-07-23T10:32:33","date_gmt":"2014-07-23T08:32:33","guid":{"rendered":"http:\/\/www.altercampagne.net\/?p=2760"},"modified":"2019-09-16T11:46:10","modified_gmt":"2019-09-16T09:46:10","slug":"laltertour-fera-etape-demain-jeudi","status":"publish","type":"post","link":"https:\/\/www.altercampagne.net\/?p=2760","title":{"rendered":"L\u2019AlterTour fera \u00e9tape demain jeudi"},"content":{"rendered":"<p class=\"Style271 Style138\" align=\"justify\">Alter comme alternative et tour comme tour de France, l&rsquo;AlterTour est un parcours cycliste en relais qui va, chaque \u00e9t\u00e9 depuis 2008, \u00e0 la rencontre des alternatives mises en place ici ou l\u00e0.<\/p>\n<p class=\"Style271 Style138\" align=\"justify\">L&rsquo;\u00e9dition 2014 est partie de Saint-Etienne samedi 12 juillet, et fera \u00e9tape demain jeudi \u00e0 Menet. Un march\u00e9 de terroir mettant \u00e0 l&rsquo;honneur les producteurs locaux, sera organis\u00e9 d\u00e8s 10 heures, place du monument.<\/p>\n<p class=\"Style271 Style138\" align=\"justify\">Attendus \u00e0 13 heures, le peloton r\u00e9cup\u00e9rera de ses efforts au bord du lac. Ils partageront le d\u00eener et une soir\u00e9e festive dans la rue. Ils reprendront la route le lendemain pour une nouvelle \u00e9tape qui les am\u00e8nera \u00e0 Cornil entre Tulle et Brive.<\/p>\n<p class=\"Style271 Style138\" align=\"justify\">Source : <a href=\"http:\/\/www.lamontagne.fr\/auvergne\/actualite\/departement\/cantal\/cantal-local\/2014\/07\/23\/laltertour-fera-etape-demain-jeudi_11089445.html\" target=\"_blank\" rel=\"noopener noreferrer\">La Montagne<\/a><\/p>\n","protected":false},"excerpt":{"rendered":"<p>Alter comme alternative et tour comme tour de France, l&rsquo;AlterTour est un parcours cycliste en relais qui va, chaque \u00e9t\u00e9 depuis 2008, \u00e0 la rencontre des alternatives mises en place ici ou l\u00e0. L&rsquo;\u00e9dition 2014 est partie de Saint-Etienne samedi 12 juillet, et fera \u00e9tape demain jeudi \u00e0 Menet. Un &#8230; <\/p>\n<div><a href=\"https:\/\/www.altercampagne.net\/?p=2760\" class=\"more-link\">Read More<\/a><\/div>\n","protected":false},"author":214,"featured_media":15685,"comment_status":"closed","ping_status":"closed","sticky":false,"template":"","format":"standard","meta":{"footnotes":""},"categories":[239,3479,3461],"tags":[319,579,661,1647,1648],"class_list":["post-2760","post","type-post","status-publish","format-standard","has-post-thumbnail","hentry","category-revue-de-presse","category-nouvelle-aquitaine","category-edition-2014","tag-altertour-2014","tag-auvergne","tag-la-montagne","tag-menet","tag-cantal"],"yoast_head":"<!-- This site is optimized with the Yoast SEO plugin v27.3 - https:\/\/yoast.com\/product\/yoast-seo-wordpress\/ -->\n<title>L\u2019AlterTour fera \u00e9tape demain jeudi - AlterTour<\/title>\n<meta name=\"robots\" content=\"index, follow, max-snippet:-1, max-image-preview:large, max-video-preview:-1\" \/>\n<link rel=\"canonical\" href=\"https:\/\/www.altercampagne.net\/?p=2760\" \/>\n<meta property=\"og:locale\" content=\"fr_FR\" \/>\n<meta property=\"og:type\" content=\"article\" \/>\n<meta property=\"og:title\" content=\"L\u2019AlterTour fera \u00e9tape demain jeudi - AlterTour\" \/>\n<meta property=\"og:description\" content=\"Alter comme alternative et tour comme tour de France, l&rsquo;AlterTour est un parcours cycliste en relais qui va, chaque \u00e9t\u00e9 depuis 2008, \u00e0 la rencontre des alternatives mises en place ici ou l\u00e0. L&rsquo;\u00e9dition 2014 est partie de Saint-Etienne samedi 12 juillet, et fera \u00e9tape demain jeudi \u00e0 Menet. Un ... Read More\" \/>\n<meta property=\"og:url\" content=\"https:\/\/www.altercampagne.net\/?p=2760\" \/>\n<meta property=\"og:site_name\" content=\"AlterTour\" \/>\n<meta property=\"article:published_time\" content=\"2014-07-23T08:32:33+00:00\" \/>\n<meta property=\"article:modified_time\" content=\"2019-09-16T09:46:10+00:00\" \/>\n<meta property=\"og:image\" content=\"https:\/\/www.altercampagne.net\/wp-content\/uploads\/2014\/07\/AT2014-peloton1.jpg\" \/>\n\t<meta property=\"og:image:width\" content=\"640\" \/>\n\t<meta property=\"og:image:height\" content=\"360\" \/>\n\t<meta property=\"og:image:type\" content=\"image\/jpeg\" \/>\n<meta name=\"author\" content=\"Mathieu\" \/>\n<meta name=\"twitter:card\" content=\"summary_large_image\" \/>\n<meta name=\"twitter:label1\" content=\"\u00c9crit par\" \/>\n\t<meta name=\"twitter:data1\" content=\"Mathieu\" \/>\n\t<meta name=\"twitter:label2\" content=\"Dur\u00e9e de lecture estim\u00e9e\" \/>\n\t<meta name=\"twitter:data2\" content=\"1 minute\" \/>\n<script type=\"application\/ld+json\" class=\"yoast-schema-graph\">{\"@context\":\"https:\\\/\\\/schema.org\",\"@graph\":[{\"@type\":\"Article\",\"@id\":\"https:\\\/\\\/www.altercampagne.net\\\/?p=2760#article\",\"isPartOf\":{\"@id\":\"https:\\\/\\\/www.altercampagne.net\\\/?p=2760\"},\"author\":{\"name\":\"Mathieu\",\"@id\":\"https:\\\/\\\/www.altercampagne.net\\\/#\\\/schema\\\/person\\\/0f261460c09e430caa0f9bcffa319109\"},\"headline\":\"L\u2019AlterTour fera \u00e9tape demain jeudi\",\"datePublished\":\"2014-07-23T08:32:33+00:00\",\"dateModified\":\"2019-09-16T09:46:10+00:00\",\"mainEntityOfPage\":{\"@id\":\"https:\\\/\\\/www.altercampagne.net\\\/?p=2760\"},\"wordCount\":119,\"image\":{\"@id\":\"https:\\\/\\\/www.altercampagne.net\\\/?p=2760#primaryimage\"},\"thumbnailUrl\":\"https:\\\/\\\/www.altercampagne.net\\\/wp-content\\\/uploads\\\/2014\\\/07\\\/AT2014-peloton1.jpg\",\"keywords\":[\"altertour 2014\",\"Auvergne\",\"la montagne\",\"Menet\",\"Cantal\"],\"articleSection\":[\"Revue de presse\",\"Nouvelle-Aquitaine\",\"\u00c9dition 2014\"],\"inLanguage\":\"fr-FR\"},{\"@type\":\"WebPage\",\"@id\":\"https:\\\/\\\/www.altercampagne.net\\\/?p=2760\",\"url\":\"https:\\\/\\\/www.altercampagne.net\\\/?p=2760\",\"name\":\"L\u2019AlterTour fera \u00e9tape demain jeudi - AlterTour\",\"isPartOf\":{\"@id\":\"https:\\\/\\\/www.altercampagne.net\\\/#website\"},\"primaryImageOfPage\":{\"@id\":\"https:\\\/\\\/www.altercampagne.net\\\/?p=2760#primaryimage\"},\"image\":{\"@id\":\"https:\\\/\\\/www.altercampagne.net\\\/?p=2760#primaryimage\"},\"thumbnailUrl\":\"https:\\\/\\\/www.altercampagne.net\\\/wp-content\\\/uploads\\\/2014\\\/07\\\/AT2014-peloton1.jpg\",\"datePublished\":\"2014-07-23T08:32:33+00:00\",\"dateModified\":\"2019-09-16T09:46:10+00:00\",\"author\":{\"@id\":\"https:\\\/\\\/www.altercampagne.net\\\/#\\\/schema\\\/person\\\/0f261460c09e430caa0f9bcffa319109\"},\"breadcrumb\":{\"@id\":\"https:\\\/\\\/www.altercampagne.net\\\/?p=2760#breadcrumb\"},\"inLanguage\":\"fr-FR\",\"potentialAction\":[{\"@type\":\"ReadAction\",\"target\":[\"https:\\\/\\\/www.altercampagne.net\\\/?p=2760\"]}]},{\"@type\":\"ImageObject\",\"inLanguage\":\"fr-FR\",\"@id\":\"https:\\\/\\\/www.altercampagne.net\\\/?p=2760#primaryimage\",\"url\":\"https:\\\/\\\/www.altercampagne.net\\\/wp-content\\\/uploads\\\/2014\\\/07\\\/AT2014-peloton1.jpg\",\"contentUrl\":\"https:\\\/\\\/www.altercampagne.net\\\/wp-content\\\/uploads\\\/2014\\\/07\\\/AT2014-peloton1.jpg\",\"width\":640,\"height\":360},{\"@type\":\"BreadcrumbList\",\"@id\":\"https:\\\/\\\/www.altercampagne.net\\\/?p=2760#breadcrumb\",\"itemListElement\":[{\"@type\":\"ListItem\",\"position\":1,\"name\":\"Accueil\",\"item\":\"https:\\\/\\\/www.altercampagne.net\\\/\"},{\"@type\":\"ListItem\",\"position\":2,\"name\":\"L\u2019AlterTour fera \u00e9tape demain jeudi\"}]},{\"@type\":\"WebSite\",\"@id\":\"https:\\\/\\\/www.altercampagne.net\\\/#website\",\"url\":\"https:\\\/\\\/www.altercampagne.net\\\/\",\"name\":\"AlterTour\",\"description\":\"Reliez les Alternatives \u00e0 v\u00e9lo\",\"potentialAction\":[{\"@type\":\"SearchAction\",\"target\":{\"@type\":\"EntryPoint\",\"urlTemplate\":\"https:\\\/\\\/www.altercampagne.net\\\/?s={search_term_string}\"},\"query-input\":{\"@type\":\"PropertyValueSpecification\",\"valueRequired\":true,\"valueName\":\"search_term_string\"}}],\"inLanguage\":\"fr-FR\"},{\"@type\":\"Person\",\"@id\":\"https:\\\/\\\/www.altercampagne.net\\\/#\\\/schema\\\/person\\\/0f261460c09e430caa0f9bcffa319109\",\"name\":\"Mathieu\",\"image\":{\"@type\":\"ImageObject\",\"inLanguage\":\"fr-FR\",\"@id\":\"https:\\\/\\\/secure.gravatar.com\\\/avatar\\\/aa9d3d24c83f2141e5e2709d0f63d09a99f6be6bb7a50abc4915838d9f54501a?s=96&d=mm&r=g\",\"url\":\"https:\\\/\\\/secure.gravatar.com\\\/avatar\\\/aa9d3d24c83f2141e5e2709d0f63d09a99f6be6bb7a50abc4915838d9f54501a?s=96&d=mm&r=g\",\"contentUrl\":\"https:\\\/\\\/secure.gravatar.com\\\/avatar\\\/aa9d3d24c83f2141e5e2709d0f63d09a99f6be6bb7a50abc4915838d9f54501a?s=96&d=mm&r=g\",\"caption\":\"Mathieu\"},\"url\":\"https:\\\/\\\/www.altercampagne.net\\\/?author=214\"}]}<\/script>\n<!-- \/ Yoast SEO plugin. -->","yoast_head_json":{"title":"L\u2019AlterTour fera \u00e9tape demain jeudi - AlterTour","robots":{"index":"index","follow":"follow","max-snippet":"max-snippet:-1","max-image-preview":"max-image-preview:large","max-video-preview":"max-video-preview:-1"},"canonical":"https:\/\/www.altercampagne.net\/?p=2760","og_locale":"fr_FR","og_type":"article","og_title":"L\u2019AlterTour fera \u00e9tape demain jeudi - AlterTour","og_description":"Alter comme alternative et tour comme tour de France, l&rsquo;AlterTour est un parcours cycliste en relais qui va, chaque \u00e9t\u00e9 depuis 2008, \u00e0 la rencontre des alternatives mises en place ici ou l\u00e0. L&rsquo;\u00e9dition 2014 est partie de Saint-Etienne samedi 12 juillet, et fera \u00e9tape demain jeudi \u00e0 Menet. Un ... Read More","og_url":"https:\/\/www.altercampagne.net\/?p=2760","og_site_name":"AlterTour","article_published_time":"2014-07-23T08:32:33+00:00","article_modified_time":"2019-09-16T09:46:10+00:00","og_image":[{"width":640,"height":360,"url":"https:\/\/www.altercampagne.net\/wp-content\/uploads\/2014\/07\/AT2014-peloton1.jpg","type":"image\/jpeg"}],"author":"Mathieu","twitter_card":"summary_large_image","twitter_misc":{"\u00c9crit par":"Mathieu","Dur\u00e9e de lecture estim\u00e9e":"1 minute"},"schema":{"@context":"https:\/\/schema.org","@graph":[{"@type":"Article","@id":"https:\/\/www.altercampagne.net\/?p=2760#article","isPartOf":{"@id":"https:\/\/www.altercampagne.net\/?p=2760"},"author":{"name":"Mathieu","@id":"https:\/\/www.altercampagne.net\/#\/schema\/person\/0f261460c09e430caa0f9bcffa319109"},"headline":"L\u2019AlterTour fera \u00e9tape demain jeudi","datePublished":"2014-07-23T08:32:33+00:00","dateModified":"2019-09-16T09:46:10+00:00","mainEntityOfPage":{"@id":"https:\/\/www.altercampagne.net\/?p=2760"},"wordCount":119,"image":{"@id":"https:\/\/www.altercampagne.net\/?p=2760#primaryimage"},"thumbnailUrl":"https:\/\/www.altercampagne.net\/wp-content\/uploads\/2014\/07\/AT2014-peloton1.jpg","keywords":["altertour 2014","Auvergne","la montagne","Menet","Cantal"],"articleSection":["Revue de presse","Nouvelle-Aquitaine","\u00c9dition 2014"],"inLanguage":"fr-FR"},{"@type":"WebPage","@id":"https:\/\/www.altercampagne.net\/?p=2760","url":"https:\/\/www.altercampagne.net\/?p=2760","name":"L\u2019AlterTour fera \u00e9tape demain jeudi - AlterTour","isPartOf":{"@id":"https:\/\/www.altercampagne.net\/#website"},"primaryImageOfPage":{"@id":"https:\/\/www.altercampagne.net\/?p=2760#primaryimage"},"image":{"@id":"https:\/\/www.altercampagne.net\/?p=2760#primaryimage"},"thumbnailUrl":"https:\/\/www.altercampagne.net\/wp-content\/uploads\/2014\/07\/AT2014-peloton1.jpg","datePublished":"2014-07-23T08:32:33+00:00","dateModified":"2019-09-16T09:46:10+00:00","author":{"@id":"https:\/\/www.altercampagne.net\/#\/schema\/person\/0f261460c09e430caa0f9bcffa319109"},"breadcrumb":{"@id":"https:\/\/www.altercampagne.net\/?p=2760#breadcrumb"},"inLanguage":"fr-FR","potentialAction":[{"@type":"ReadAction","target":["https:\/\/www.altercampagne.net\/?p=2760"]}]},{"@type":"ImageObject","inLanguage":"fr-FR","@id":"https:\/\/www.altercampagne.net\/?p=2760#primaryimage","url":"https:\/\/www.altercampagne.net\/wp-content\/uploads\/2014\/07\/AT2014-peloton1.jpg","contentUrl":"https:\/\/www.altercampagne.net\/wp-content\/uploads\/2014\/07\/AT2014-peloton1.jpg","width":640,"height":360},{"@type":"BreadcrumbList","@id":"https:\/\/www.altercampagne.net\/?p=2760#breadcrumb","itemListElement":[{"@type":"ListItem","position":1,"name":"Accueil","item":"https:\/\/www.altercampagne.net\/"},{"@type":"ListItem","position":2,"name":"L\u2019AlterTour fera \u00e9tape demain jeudi"}]},{"@type":"WebSite","@id":"https:\/\/www.altercampagne.net\/#website","url":"https:\/\/www.altercampagne.net\/","name":"AlterTour","description":"Reliez les Alternatives \u00e0 v\u00e9lo","potentialAction":[{"@type":"SearchAction","target":{"@type":"EntryPoint","urlTemplate":"https:\/\/www.altercampagne.net\/?s={search_term_string}"},"query-input":{"@type":"PropertyValueSpecification","valueRequired":true,"valueName":"search_term_string"}}],"inLanguage":"fr-FR"},{"@type":"Person","@id":"https:\/\/www.altercampagne.net\/#\/schema\/person\/0f261460c09e430caa0f9bcffa319109","name":"Mathieu","image":{"@type":"ImageObject","inLanguage":"fr-FR","@id":"https:\/\/secure.gravatar.com\/avatar\/aa9d3d24c83f2141e5e2709d0f63d09a99f6be6bb7a50abc4915838d9f54501a?s=96&d=mm&r=g","url":"https:\/\/secure.gravatar.com\/avatar\/aa9d3d24c83f2141e5e2709d0f63d09a99f6be6bb7a50abc4915838d9f54501a?s=96&d=mm&r=g","contentUrl":"https:\/\/secure.gravatar.com\/avatar\/aa9d3d24c83f2141e5e2709d0f63d09a99f6be6bb7a50abc4915838d9f54501a?s=96&d=mm&r=g","caption":"Mathieu"},"url":"https:\/\/www.altercampagne.net\/?author=214"}]}},"_links":{"self":[{"href":"https:\/\/www.altercampagne.net\/index.php?rest_route=\/wp\/v2\/posts\/2760","targetHints":{"allow":["GET"]}}],"collection":[{"href":"https:\/\/www.altercampagne.net\/index.php?rest_route=\/wp\/v2\/posts"}],"about":[{"href":"https:\/\/www.altercampagne.net\/index.php?rest_route=\/wp\/v2\/types\/post"}],"author":[{"embeddable":true,"href":"https:\/\/www.altercampagne.net\/index.php?rest_route=\/wp\/v2\/users\/214"}],"replies":[{"embeddable":true,"href":"https:\/\/www.altercampagne.net\/index.php?rest_route=%2Fwp%2Fv2%2Fcomments&post=2760"}],"version-history":[{"count":0,"href":"https:\/\/www.altercampagne.net\/index.php?rest_route=\/wp\/v2\/posts\/2760\/revisions"}],"wp:featuredmedia":[{"embeddable":true,"href":"https:\/\/www.altercampagne.net\/index.php?rest_route=\/wp\/v2\/media\/15685"}],"wp:attachment":[{"href":"https:\/\/www.altercampagne.net\/index.php?rest_route=%2Fwp%2Fv2%2Fmedia&parent=2760"}],"wp:term":[{"taxonomy":"category","embeddable":true,"href":"https:\/\/www.altercampagne.net\/index.php?rest_route=%2Fwp%2Fv2%2Fcategories&post=2760"},{"taxonomy":"post_tag","embeddable":true,"href":"https:\/\/www.altercampagne.net\/index.php?rest_route=%2Fwp%2Fv2%2Ftags&post=2760"}],"curies":[{"name":"wp","href":"https:\/\/api.w.org\/{rel}","templated":true}]}}